{"id":48037,"date":"2021-10-27T09:17:47","date_gmt":"2021-10-27T07:17:47","guid":{"rendered":"https:\/\/vosgesinfo.fr\/remiremontinfo\/2021\/10\/remiremont-salon-de-lhabitat-revient-5-6-7-novembre-centre-congres\/"},"modified":"2021-10-27T09:17:47","modified_gmt":"2021-10-27T07:17:47","slug":"remiremont-salon-de-lhabitat-revient-5-6-7-novembre-centre-congres","status":"publish","type":"post","link":"https:\/\/vosgesinfo.fr\/remiremontinfo\/2021\/10\/remiremont-salon-de-lhabitat-revient-5-6-7-novembre-centre-congres\/","title":{"rendered":"Remiremont\u00a0: le Salon de l\u2019Habitat revient les 5, 6 et 7 novembre au Centre des Congr\u00e8s"},"content":{"rendered":"\n<h2><span style=\"font-size: 12pt;\"><strong>Remiremont accueillera le week-end des 5, 6 et 7 novembre prochains l\u2019\u00e9dition 2021 du Salon de l\u2019Habitat organis\u00e9e par Vosg\u2019Event. Quelque 40 exposants seront pr\u00e9sents au Centre des congr\u00e8s pour pr\u00e9senter leur savoir-faire. L\u2019entr\u00e9e gratuite. Un \u00ab\u00a0Pass sanitaire\u00a0\u00bb sera demand\u00e9.\u00a0<\/strong><\/span><\/h2>\n<p>Les exposants sont pour la plupart vosgiens, reconnus comme professionnels comp\u00e9tents dans leur domaine d\u2019activit\u00e9. Les organisateur du salon misent sur la proximit\u00e9.<em> \u00ab\u00a0C\u2019est un salon local, et \u00e7a, on y tient\u00a0!\u00a0\u00bb<\/em>, affirme Alain Berguer, organisateur de l\u2019\u00e9v\u00e9nement avec Jean-Philippe Foucat, de Vosg\u2019Event. <em>\u00ab\u00a0Avec des exposants \u00e0 90\u00a0% vosgiens\u00a0\u00bb<\/em>. Le bassin de vie de Remiremont est bien repr\u00e9sent\u00e9, avec notamment Saint-Nabord, Dommartin, etc. <em>\u00ab\u00a0On a un savoir faire chez nous qui est extraordinaire (\u2026) On a ce qu\u2019il faut, donc il ne faut pas aller chercher ailleurs\u00a0\u00bb<\/em>, explique Alain Berguer, lui m\u00eame artisan isocombliste. <em>\u00ab\u00a0Quand vous faites travailler une personnes, c\u2019est un foyer que vous nourrissez\u00a0\u00bb.<\/em><\/p>\n<p>De l\u2019artisan qui exerce seul \u00e0 la grande PME du d\u00e9partement. Tous les secteurs du m\u00e9tier sont repr\u00e9sent\u00e9s : b\u00e2timent, d\u00e9coration, ameublement, am\u00e9nagement du jardin. Pour construire, agrandir, r\u00e9nover, embellir, s\u00e9curiser, isoler. Pour l\u2019ext\u00e9rieur comme pour l\u2019int\u00e9rieur. <em>\u00ab\u00a0On va retrouver tous les corps de m\u00e9tier\u00a0\u00bb<\/em>. Une personne qui souhaite construire ou r\u00e9nover une habitation trouvera tout le n\u00e9cessaire. Habituellement, quelque 1 500 visiteurs sont accueillis \u00e0 l\u2019occasion du salon. Il sont originaires des vall\u00e9es vosgiennes, du reste du d\u00e9partement, ou encore de Haute-Sa\u00f4ne. L\u2019\u00e9v\u00e9nement est tr\u00e8s attendu par les exposants comme par les potentiels clients.<\/p>\n<p>La Salon de l\u2019Habitat avait \u00e9t\u00e9 annul\u00e9 l\u2019ann\u00e9e derni\u00e8re en raison de l\u2019actualit\u00e9 que chacun conna\u00eet. Les organisateurs pr\u00e9parent activement cette nouvelle \u00e9dition. Par ailleurs, une collaboration sera mise en place cette ann\u00e9e avec des \u00e9tudiants en BTS Commerce du lyc\u00e9e Malraux, qui accueilleront les visiteurs, contr\u00f4leront les \u00ab\u00a0Pass sanitaires\u00a0\u00bb. Ce genre de collaboration, qui permet des rencontres et des \u00e9changes, a par le pass\u00e9 parfois permis jusqu\u2019\u00e0 l\u2019obtention d\u2019un emploi. Rendez-vous est donn\u00e9 de 13h \u00e0 18h le vendredi et de 10h \u00e0 18h le samedi et le dimanche au Palais des Congr\u00e8s de Remiremont.<\/p>\n","protected":false},"excerpt":{"rendered":"<p>Remiremont accueillera le week-end des 5, 6 et 7 novembre prochains l\u2019\u00e9dition 2021 du Salon de l\u2019Habitat organis\u00e9e par Vosg\u2019Event. [&hellip;]<\/p>\n","protected":false},"author":407,"featured_media":48038,"comment_status":"open","ping_status":"open","sticky":false,"template":"","format":"standard","meta":{"footnotes":""},"categories":[26,120,1556,35],"tags":[664,44,2874],"class_list":["post-48037","post","type-post","status-publish","format-standard","has-post-thumbnail","hentry","category-a-la-une","category-commerce","category-remiremont-remiremont-son-canton-2","category-remiremont-son-canton","tag-palais-des-congres","tag-remiremont","tag-salon-de-lhabitat"],"acf":[],"yoast_head":"<!-- This site is optimized with the Yoast SEO plugin v22.5 - https:\/\/yoast.com\/wordpress\/plugins\/seo\/ -->\n<title>Remiremont\u00a0: le Salon de l\u2019Habitat revient les 5, 6 et 7 novembre au Centre des Congr\u00e8s - Remiremont Info<\/title>\n<meta name=\"robots\" content=\"index, follow, max-snippet:-1, max-image-preview:large, max-video-preview:-1\" \/>\n<link rel=\"canonical\" href=\"https:\/\/vosgesinfo.fr\/remiremontinfo\/2021\/10\/remiremont-salon-de-lhabitat-revient-5-6-7-novembre-centre-congres\/\" \/>\n<meta name=\"twitter:card\" content=\"summary_large_image\" \/>\n<meta name=\"twitter:title\" content=\"Remiremont\u00a0: le Salon de l\u2019Habitat revient les 5, 6 et 7 novembre au Centre des Congr\u00e8s - Remiremont Info\" \/>\n<meta name=\"twitter:description\" content=\"Remiremont accueillera le week-end des 5, 6 et 7 novembre prochains l\u2019\u00e9dition 2021 du Salon de l\u2019Habitat organis\u00e9e par Vosg\u2019Event. [&hellip;]\" \/>\n<meta name=\"twitter:image\" content=\"https:\/\/vosgesinfo.fr\/app\/uploads\/sites\/5\/2024\/09\/202110dsc-06401.jpg\" \/>\n<meta name=\"twitter:creator\" content=\"@VosgesInfo88\" \/>\n<meta name=\"twitter:site\" content=\"@VosgesInfo88\" \/>\n<meta name=\"twitter:label1\" content=\"\u00c9crit par\" \/>\n\t<meta name=\"twitter:data1\" content=\"C D\" \/>\n\t<meta name=\"twitter:label2\" content=\"Dur\u00e9e de lecture estim\u00e9e\" \/>\n\t<meta name=\"twitter:data2\" content=\"2 minutes\" \/>\n<script type=\"application\/ld+json\" class=\"yoast-schema-graph\">{\"@context\":\"https:\/\/schema.org\",\"@graph\":[{\"@type\":\"Article\",\"@id\":\"https:\/\/vosgesinfo.fr\/remiremontinfo\/2021\/10\/remiremont-salon-de-lhabitat-revient-5-6-7-novembre-centre-congres\/#article\",\"isPartOf\":{\"@id\":\"https:\/\/vosgesinfo.fr\/remiremontinfo\/2021\/10\/remiremont-salon-de-lhabitat-revient-5-6-7-novembre-centre-congres\/\"},\"author\":{\"name\":\"C D\",\"@id\":\"https:\/\/vosgesinfo.fr\/remiremontinfo\/#\/schema\/person\/3bfd164d5218a185b1db68655a265316\"},\"headline\":\"Remiremont\u00a0: le Salon de l\u2019Habitat revient les 5, 6 et 7 novembre au Centre des Congr\u00e8s\",\"datePublished\":\"2021-10-27T07:17:47+00:00\",\"dateModified\":\"2021-10-27T07:17:47+00:00\",\"mainEntityOfPage\":{\"@id\":\"https:\/\/vosgesinfo.fr\/remiremontinfo\/2021\/10\/remiremont-salon-de-lhabitat-revient-5-6-7-novembre-centre-congres\/\"},\"wordCount\":401,\"commentCount\":0,\"publisher\":{\"@id\":\"https:\/\/vosgesinfo.fr\/remiremontinfo\/#organization\"},\"image\":{\"@id\":\"https:\/\/vosgesinfo.fr\/remiremontinfo\/2021\/10\/remiremont-salon-de-lhabitat-revient-5-6-7-novembre-centre-congres\/#primaryimage\"},\"thumbnailUrl\":\"https:\/\/vosgesinfo.fr\/app\/uploads\/sites\/5\/2024\/09\/202110dsc-06401.jpg\",\"keywords\":[\"Palais des Congr\u00e8s\",\"remiremont\",\"salon de l'habitat\"],\"articleSection\":[\"A la Une\",\"Commerce\",\"Remiremont\",\"Remiremont &amp; son canton\"],\"inLanguage\":\"fr-FR\",\"potentialAction\":[{\"@type\":\"CommentAction\",\"name\":\"Comment\",\"target\":[\"https:\/\/vosgesinfo.fr\/remiremontinfo\/2021\/10\/remiremont-salon-de-lhabitat-revient-5-6-7-novembre-centre-congres\/#respond\"]}]},{\"@type\":\"WebPage\",\"@id\":\"https:\/\/vosgesinfo.fr\/remiremontinfo\/2021\/10\/remiremont-salon-de-lhabitat-revient-5-6-7-novembre-centre-congres\/\",\"url\":\"https:\/\/vosgesinfo.fr\/remiremontinfo\/2021\/10\/remiremont-salon-de-lhabitat-revient-5-6-7-novembre-centre-congres\/\",\"name\":\"Remiremont\u00a0: le Salon de l\u2019Habitat revient les 5, 6 et 7 novembre au Centre des Congr\u00e8s - Remiremont Info\",\"isPartOf\":{\"@id\":\"https:\/\/vosgesinfo.fr\/remiremontinfo\/#website\"},\"primaryImageOfPage\":{\"@id\":\"https:\/\/vosgesinfo.fr\/remiremontinfo\/2021\/10\/remiremont-salon-de-lhabitat-revient-5-6-7-novembre-centre-congres\/#primaryimage\"},\"image\":{\"@id\":\"https:\/\/vosgesinfo.fr\/remiremontinfo\/2021\/10\/remiremont-salon-de-lhabitat-revient-5-6-7-novembre-centre-congres\/#primaryimage\"},\"thumbnailUrl\":\"https:\/\/vosgesinfo.fr\/app\/uploads\/sites\/5\/2024\/09\/202110dsc-06401.jpg\",\"datePublished\":\"2021-10-27T07:17:47+00:00\",\"dateModified\":\"2021-10-27T07:17:47+00:00\",\"breadcrumb\":{\"@id\":\"https:\/\/vosgesinfo.fr\/remiremontinfo\/2021\/10\/remiremont-salon-de-lhabitat-revient-5-6-7-novembre-centre-congres\/#breadcrumb\"},\"inLanguage\":\"fr-FR\",\"potentialAction\":[{\"@type\":\"ReadAction\",\"target\":[\"https:\/\/vosgesinfo.fr\/remiremontinfo\/2021\/10\/remiremont-salon-de-lhabitat-revient-5-6-7-novembre-centre-congres\/\"]}]},{\"@type\":\"ImageObject\",\"inLanguage\":\"fr-FR\",\"@id\":\"https:\/\/vosgesinfo.fr\/remiremontinfo\/2021\/10\/remiremont-salon-de-lhabitat-revient-5-6-7-novembre-centre-congres\/#primaryimage\",\"url\":\"https:\/\/vosgesinfo.fr\/app\/uploads\/sites\/5\/2024\/09\/202110dsc-06401.jpg\",\"contentUrl\":\"https:\/\/vosgesinfo.fr\/app\/uploads\/sites\/5\/2024\/09\/202110dsc-06401.jpg\",\"width\":800,\"height\":558},{\"@type\":\"BreadcrumbList\",\"@id\":\"https:\/\/vosgesinfo.fr\/remiremontinfo\/2021\/10\/remiremont-salon-de-lhabitat-revient-5-6-7-novembre-centre-congres\/#breadcrumb\",\"itemListElement\":[{\"@type\":\"ListItem\",\"position\":1,\"name\":\"Home\",\"item\":\"https:\/\/vosgesinfo.fr\/remiremontinfo\/\"},{\"@type\":\"ListItem\",\"position\":2,\"name\":\"Remiremont\u00a0: le Salon de l\u2019Habitat revient les 5, 6 et 7 novembre au Centre des Congr\u00e8s\"}]},{\"@type\":\"WebSite\",\"@id\":\"https:\/\/vosgesinfo.fr\/remiremontinfo\/#website\",\"url\":\"https:\/\/vosgesinfo.fr\/remiremontinfo\/\",\"name\":\"Remiremont Info\",\"description\":\"Toute l&#039;actualit\u00e9 de Remiremont\",\"publisher\":{\"@id\":\"https:\/\/vosgesinfo.fr\/remiremontinfo\/#organization\"},\"alternateName\":\"Toute l'actualit\u00e9 de Remiremont\",\"potentialAction\":[{\"@type\":\"SearchAction\",\"target\":{\"@type\":\"EntryPoint\",\"urlTemplate\":\"https:\/\/vosgesinfo.fr\/remiremontinfo\/?s={search_term_string}\"},\"query-input\":\"required name=search_term_string\"}],\"inLanguage\":\"fr-FR\"},{\"@type\":\"Organization\",\"@id\":\"https:\/\/vosgesinfo.fr\/remiremontinfo\/#organization\",\"name\":\"Remiremont Info\",\"url\":\"https:\/\/vosgesinfo.fr\/remiremontinfo\/\",\"logo\":{\"@type\":\"ImageObject\",\"inLanguage\":\"fr-FR\",\"@id\":\"https:\/\/vosgesinfo.fr\/remiremontinfo\/#\/schema\/logo\/image\/\",\"url\":\"https:\/\/vosgesinfo.fr\/app\/uploads\/sites\/5\/2023\/08\/favicon-remiremontinfo.png\",\"contentUrl\":\"https:\/\/vosgesinfo.fr\/app\/uploads\/sites\/5\/2023\/08\/favicon-remiremontinfo.png\",\"width\":512,\"height\":512,\"caption\":\"Remiremont Info\"},\"image\":{\"@id\":\"https:\/\/vosgesinfo.fr\/remiremontinfo\/#\/schema\/logo\/image\/\"},\"sameAs\":[\"https:\/\/www.facebook.com\/remiremontinfo\",\"https:\/\/x.com\/VosgesInfo88\",\"https:\/\/www.youtube.com\/@vosgesinfo\"]},{\"@type\":\"Person\",\"@id\":\"https:\/\/vosgesinfo.fr\/remiremontinfo\/#\/schema\/person\/3bfd164d5218a185b1db68655a265316\",\"name\":\"C D\",\"image\":{\"@type\":\"ImageObject\",\"inLanguage\":\"fr-FR\",\"@id\":\"https:\/\/vosgesinfo.fr\/remiremontinfo\/#\/schema\/person\/image\/\",\"url\":\"https:\/\/secure.gravatar.com\/avatar\/1f9a70007336511a47468b8f1c66f922b8b7cf617b02a31149ada43893a5d48f?s=96&d=mm&r=g\",\"contentUrl\":\"https:\/\/secure.gravatar.com\/avatar\/1f9a70007336511a47468b8f1c66f922b8b7cf617b02a31149ada43893a5d48f?s=96&d=mm&r=g\",\"caption\":\"C D\"},\"url\":\"https:\/\/vosgesinfo.fr\/remiremontinfo\/author\/cedric-drevet\/\"}]}<\/script>\n<!-- \/ Yoast SEO plugin. -->","yoast_head_json":{"title":"Remiremont\u00a0: le Salon de l\u2019Habitat revient les 5, 6 et 7 novembre au Centre des Congr\u00e8s - Remiremont Info","robots":{"index":"index","follow":"follow","max-snippet":"max-snippet:-1","max-image-preview":"max-image-preview:large","max-video-preview":"max-video-preview:-1"},"canonical":"https:\/\/vosgesinfo.fr\/remiremontinfo\/2021\/10\/remiremont-salon-de-lhabitat-revient-5-6-7-novembre-centre-congres\/","twitter_card":"summary_large_image","twitter_title":"Remiremont\u00a0: le Salon de l\u2019Habitat revient les 5, 6 et 7 novembre au Centre des Congr\u00e8s - Remiremont Info","twitter_description":"Remiremont accueillera le week-end des 5, 6 et 7 novembre prochains l\u2019\u00e9dition 2021 du Salon de l\u2019Habitat organis\u00e9e par Vosg\u2019Event. [&hellip;]","twitter_image":"https:\/\/vosgesinfo.fr\/app\/uploads\/sites\/5\/2024\/09\/202110dsc-06401.jpg","twitter_creator":"@VosgesInfo88","twitter_site":"@VosgesInfo88","twitter_misc":{"\u00c9crit par":"C D","Dur\u00e9e de lecture estim\u00e9e":"2 minutes"},"schema":{"@context":"https:\/\/schema.org","@graph":[{"@type":"Article","@id":"https:\/\/vosgesinfo.fr\/remiremontinfo\/2021\/10\/remiremont-salon-de-lhabitat-revient-5-6-7-novembre-centre-congres\/#article","isPartOf":{"@id":"https:\/\/vosgesinfo.fr\/remiremontinfo\/2021\/10\/remiremont-salon-de-lhabitat-revient-5-6-7-novembre-centre-congres\/"},"author":{"name":"C D","@id":"https:\/\/vosgesinfo.fr\/remiremontinfo\/#\/schema\/person\/3bfd164d5218a185b1db68655a265316"},"headline":"Remiremont\u00a0: le Salon de l\u2019Habitat revient les 5, 6 et 7 novembre au Centre des Congr\u00e8s","datePublished":"2021-10-27T07:17:47+00:00","dateModified":"2021-10-27T07:17:47+00:00","mainEntityOfPage":{"@id":"https:\/\/vosgesinfo.fr\/remiremontinfo\/2021\/10\/remiremont-salon-de-lhabitat-revient-5-6-7-novembre-centre-congres\/"},"wordCount":401,"commentCount":0,"publisher":{"@id":"https:\/\/vosgesinfo.fr\/remiremontinfo\/#organization"},"image":{"@id":"https:\/\/vosgesinfo.fr\/remiremontinfo\/2021\/10\/remiremont-salon-de-lhabitat-revient-5-6-7-novembre-centre-congres\/#primaryimage"},"thumbnailUrl":"https:\/\/vosgesinfo.fr\/app\/uploads\/sites\/5\/2024\/09\/202110dsc-06401.jpg","keywords":["Palais des Congr\u00e8s","remiremont","salon de l'habitat"],"articleSection":["A la Une","Commerce","Remiremont","Remiremont &amp; son canton"],"inLanguage":"fr-FR","potentialAction":[{"@type":"CommentAction","name":"Comment","target":["https:\/\/vosgesinfo.fr\/remiremontinfo\/2021\/10\/remiremont-salon-de-lhabitat-revient-5-6-7-novembre-centre-congres\/#respond"]}]},{"@type":"WebPage","@id":"https:\/\/vosgesinfo.fr\/remiremontinfo\/2021\/10\/remiremont-salon-de-lhabitat-revient-5-6-7-novembre-centre-congres\/","url":"https:\/\/vosgesinfo.fr\/remiremontinfo\/2021\/10\/remiremont-salon-de-lhabitat-revient-5-6-7-novembre-centre-congres\/","name":"Remiremont\u00a0: le Salon de l\u2019Habitat revient les 5, 6 et 7 novembre au Centre des Congr\u00e8s - Remiremont Info","isPartOf":{"@id":"https:\/\/vosgesinfo.fr\/remiremontinfo\/#website"},"primaryImageOfPage":{"@id":"https:\/\/vosgesinfo.fr\/remiremontinfo\/2021\/10\/remiremont-salon-de-lhabitat-revient-5-6-7-novembre-centre-congres\/#primaryimage"},"image":{"@id":"https:\/\/vosgesinfo.fr\/remiremontinfo\/2021\/10\/remiremont-salon-de-lhabitat-revient-5-6-7-novembre-centre-congres\/#primaryimage"},"thumbnailUrl":"https:\/\/vosgesinfo.fr\/app\/uploads\/sites\/5\/2024\/09\/202110dsc-06401.jpg","datePublished":"2021-10-27T07:17:47+00:00","dateModified":"2021-10-27T07:17:47+00:00","breadcrumb":{"@id":"https:\/\/vosgesinfo.fr\/remiremontinfo\/2021\/10\/remiremont-salon-de-lhabitat-revient-5-6-7-novembre-centre-congres\/#breadcrumb"},"inLanguage":"fr-FR","potentialAction":[{"@type":"ReadAction","target":["https:\/\/vosgesinfo.fr\/remiremontinfo\/2021\/10\/remiremont-salon-de-lhabitat-revient-5-6-7-novembre-centre-congres\/"]}]},{"@type":"ImageObject","inLanguage":"fr-FR","@id":"https:\/\/vosgesinfo.fr\/remiremontinfo\/2021\/10\/remiremont-salon-de-lhabitat-revient-5-6-7-novembre-centre-congres\/#primaryimage","url":"https:\/\/vosgesinfo.fr\/app\/uploads\/sites\/5\/2024\/09\/202110dsc-06401.jpg","contentUrl":"https:\/\/vosgesinfo.fr\/app\/uploads\/sites\/5\/2024\/09\/202110dsc-06401.jpg","width":800,"height":558},{"@type":"BreadcrumbList","@id":"https:\/\/vosgesinfo.fr\/remiremontinfo\/2021\/10\/remiremont-salon-de-lhabitat-revient-5-6-7-novembre-centre-congres\/#breadcrumb","itemListElement":[{"@type":"ListItem","position":1,"name":"Home","item":"https:\/\/vosgesinfo.fr\/remiremontinfo\/"},{"@type":"ListItem","position":2,"name":"Remiremont\u00a0: le Salon de l\u2019Habitat revient les 5, 6 et 7 novembre au Centre des Congr\u00e8s"}]},{"@type":"WebSite","@id":"https:\/\/vosgesinfo.fr\/remiremontinfo\/#website","url":"https:\/\/vosgesinfo.fr\/remiremontinfo\/","name":"Remiremont Info","description":"Toute l&#039;actualit\u00e9 de Remiremont","publisher":{"@id":"https:\/\/vosgesinfo.fr\/remiremontinfo\/#organization"},"alternateName":"Toute l'actualit\u00e9 de Remiremont","potentialAction":[{"@type":"SearchAction","target":{"@type":"EntryPoint","urlTemplate":"https:\/\/vosgesinfo.fr\/remiremontinfo\/?s={search_term_string}"},"query-input":"required name=search_term_string"}],"inLanguage":"fr-FR"},{"@type":"Organization","@id":"https:\/\/vosgesinfo.fr\/remiremontinfo\/#organization","name":"Remiremont Info","url":"https:\/\/vosgesinfo.fr\/remiremontinfo\/","logo":{"@type":"ImageObject","inLanguage":"fr-FR","@id":"https:\/\/vosgesinfo.fr\/remiremontinfo\/#\/schema\/logo\/image\/","url":"https:\/\/vosgesinfo.fr\/app\/uploads\/sites\/5\/2023\/08\/favicon-remiremontinfo.png","contentUrl":"https:\/\/vosgesinfo.fr\/app\/uploads\/sites\/5\/2023\/08\/favicon-remiremontinfo.png","width":512,"height":512,"caption":"Remiremont Info"},"image":{"@id":"https:\/\/vosgesinfo.fr\/remiremontinfo\/#\/schema\/logo\/image\/"},"sameAs":["https:\/\/www.facebook.com\/remiremontinfo","https:\/\/x.com\/VosgesInfo88","https:\/\/www.youtube.com\/@vosgesinfo"]},{"@type":"Person","@id":"https:\/\/vosgesinfo.fr\/remiremontinfo\/#\/schema\/person\/3bfd164d5218a185b1db68655a265316","name":"C D","image":{"@type":"ImageObject","inLanguage":"fr-FR","@id":"https:\/\/vosgesinfo.fr\/remiremontinfo\/#\/schema\/person\/image\/","url":"https:\/\/secure.gravatar.com\/avatar\/1f9a70007336511a47468b8f1c66f922b8b7cf617b02a31149ada43893a5d48f?s=96&d=mm&r=g","contentUrl":"https:\/\/secure.gravatar.com\/avatar\/1f9a70007336511a47468b8f1c66f922b8b7cf617b02a31149ada43893a5d48f?s=96&d=mm&r=g","caption":"C D"},"url":"https:\/\/vosgesinfo.fr\/remiremontinfo\/author\/cedric-drevet\/"}]}},"_links":{"self":[{"href":"https:\/\/vosgesinfo.fr\/remiremontinfo\/wp-json\/wp\/v2\/posts\/48037","targetHints":{"allow":["GET"]}}],"collection":[{"href":"https:\/\/vosgesinfo.fr\/remiremontinfo\/wp-json\/wp\/v2\/posts"}],"about":[{"href":"https:\/\/vosgesinfo.fr\/remiremontinfo\/wp-json\/wp\/v2\/types\/post"}],"author":[{"embeddable":true,"href":"https:\/\/vosgesinfo.fr\/remiremontinfo\/wp-json\/wp\/v2\/users\/407"}],"replies":[{"embeddable":true,"href":"https:\/\/vosgesinfo.fr\/remiremontinfo\/wp-json\/wp\/v2\/comments?post=48037"}],"version-history":[{"count":0,"href":"https:\/\/vosgesinfo.fr\/remiremontinfo\/wp-json\/wp\/v2\/posts\/48037\/revisions"}],"wp:featuredmedia":[{"embeddable":true,"href":"https:\/\/vosgesinfo.fr\/remiremontinfo\/wp-json\/wp\/v2\/media\/48038"}],"wp:attachment":[{"href":"https:\/\/vosgesinfo.fr\/remiremontinfo\/wp-json\/wp\/v2\/media?parent=48037"}],"wp:term":[{"taxonomy":"category","embeddable":true,"href":"https:\/\/vosgesinfo.fr\/remiremontinfo\/wp-json\/wp\/v2\/categories?post=48037"},{"taxonomy":"post_tag","embeddable":true,"href":"https:\/\/vosgesinfo.fr\/remiremontinfo\/wp-json\/wp\/v2\/tags?post=48037"}],"curies":[{"name":"wp","href":"https:\/\/api.w.org\/{rel}","templated":true}]}}