{"id":48051,"date":"2021-10-27T13:58:47","date_gmt":"2021-10-27T11:58:47","guid":{"rendered":"https:\/\/vosgesinfo.fr\/remiremontinfo\/2021\/10\/saint-ame-sylvie-mathieu-presidente-de-ladavie-decoree-de-legion-dhonneur\/"},"modified":"2021-10-27T13:58:47","modified_gmt":"2021-10-27T11:58:47","slug":"saint-ame-sylvie-mathieu-presidente-de-ladavie-decoree-de-legion-dhonneur","status":"publish","type":"post","link":"https:\/\/vosgesinfo.fr\/remiremontinfo\/2021\/10\/saint-ame-sylvie-mathieu-presidente-de-ladavie-decoree-de-legion-dhonneur\/","title":{"rendered":"Saint-Am\u00e9 : Sylvie Mathieu, pr\u00e9sidente de l\u2019Adavie, d\u00e9cor\u00e9e de la L\u00e9gion d\u2019Honneur"},"content":{"rendered":"\n<h2><span style=\"font-size: 12pt;\"><strong>Pour son sens de l\u2019engagement, son parcours professionnel et personnel remarquable, Sylvie Mathieu, pr\u00e9sidente de l\u2019Adavie des Vosges, a \u00e9t\u00e9 d\u00e9cor\u00e9e Chevalier de la L\u00e9gion d\u2019Honneur, ce mardi 26 octobre, par le pr\u00e9sident du Conseil D\u00e9partemental Fran\u00e7ois Vannson.<\/strong><\/span><\/h2>\n<p><span style=\"font-size: 12pt;\">La c\u00e9r\u00e9monie de remise de cette prestigieuse distinction s\u2019est d\u00e9roul\u00e9e en pr\u00e9sence du maire de Saint-Am\u00e9 Arnaud Jeannot, de Eric Boeuf, pr\u00e9sident de la Soci\u00e9t\u00e9 des Membres de la L\u00e9gion d\u2019Honneur, ainsi que de la famille, les amis et les coll\u00e8gues de la r\u00e9cipiendaire.<\/span><\/p>\n<p><span style=\"font-size: 12pt;\"><em>\u00ab\u00a0C\u2019est pour moi un immense plaisir que de vous remettre cette d\u00e9coration et d\u2019\u00eatre pour la circonstance votre parrain. J\u2019ai toujours appr\u00e9ci\u00e9 votre personnalit\u00e9, votre passion pour les Vosges et votre sens de l\u2019engagement envers celles et ceux qui au cours de leur vie pr\u00e9sentent une fragilit\u00e9 et n\u00e9cessitent d\u2019\u00eatre \u00e9paul\u00e9s. C\u2019est aussi ma conception de la solidarit\u00e9 (\u2026). Distinguer, c\u2019est croire en la vertu de l\u2019exemple, c\u2019est admettre la force entra\u00eenante de la mise \u00e0 l\u2019honneur, c\u2019est dire publiquement que la remise d\u2019une d\u00e9coration, surtout la plus prestigieuse de tous nos ordres nationaux, n\u2019est jamais un acte anodin\u00a0\u00bb<\/em>\u00a0a d\u00e9clar\u00e9 Fran\u00e7ois Vannson, en s\u2019adressant \u00e0 Sylvie Mathieu.<\/span><\/p>\n<p><span style=\"font-size: 12pt;\">Cr\u00e9\u00e9e en 1802 par Napol\u00e9on Bonaparte, la L\u00e9gion d\u2019Honneur est la plus haute distinction honorifique fran\u00e7aise, ouverte \u00e0 toutes et \u00e0 tous sans exclusive ni exclusion.<\/span><\/p>\n<p><span style=\"font-size: 12pt;\">J.J.<\/span><\/p>\n","protected":false},"excerpt":{"rendered":"<p>Pour son sens de l\u2019engagement, son parcours professionnel et personnel remarquable, Sylvie Mathieu, pr\u00e9sidente de l\u2019Adavie des Vosges, a \u00e9t\u00e9 [&hellip;]<\/p>\n","protected":false},"author":407,"featured_media":48052,"comment_status":"open","ping_status":"open","sticky":false,"template":"","format":"standard","meta":{"footnotes":""},"categories":[26,35,223],"tags":[],"class_list":["post-48051","post","type-post","status-publish","format-standard","has-post-thumbnail","hentry","category-a-la-une","category-remiremont-son-canton","category-saint-ame"],"acf":[],"yoast_head":"<!-- This site is optimized with the Yoast SEO plugin v22.5 - https:\/\/yoast.com\/wordpress\/plugins\/seo\/ -->\n<title>Saint-Am\u00e9 : Sylvie Mathieu, pr\u00e9sidente de l\u2019Adavie, d\u00e9cor\u00e9e de la L\u00e9gion d\u2019Honneur - Remiremont Info<\/title>\n<meta name=\"robots\" content=\"index, follow, max-snippet:-1, max-image-preview:large, max-video-preview:-1\" \/>\n<link rel=\"canonical\" href=\"https:\/\/vosgesinfo.fr\/remiremontinfo\/2021\/10\/saint-ame-sylvie-mathieu-presidente-de-ladavie-decoree-de-legion-dhonneur\/\" \/>\n<meta name=\"twitter:card\" content=\"summary_large_image\" \/>\n<meta name=\"twitter:title\" content=\"Saint-Am\u00e9 : Sylvie Mathieu, pr\u00e9sidente de l\u2019Adavie, d\u00e9cor\u00e9e de la L\u00e9gion d\u2019Honneur - Remiremont Info\" \/>\n<meta name=\"twitter:description\" content=\"Pour son sens de l\u2019engagement, son parcours professionnel et personnel remarquable, Sylvie Mathieu, pr\u00e9sidente de l\u2019Adavie des Vosges, a \u00e9t\u00e9 [&hellip;]\" \/>\n<meta name=\"twitter:image\" content=\"https:\/\/vosgesinfo.fr\/app\/uploads\/sites\/5\/2024\/09\/202110legion-dhonneur-sylvie-mathieu-31.jpg\" \/>\n<meta name=\"twitter:creator\" content=\"@VosgesInfo88\" \/>\n<meta name=\"twitter:site\" content=\"@VosgesInfo88\" \/>\n<meta name=\"twitter:label1\" content=\"\u00c9crit par\" \/>\n\t<meta name=\"twitter:data1\" content=\"C D\" \/>\n\t<meta name=\"twitter:label2\" content=\"Dur\u00e9e de lecture estim\u00e9e\" \/>\n\t<meta name=\"twitter:data2\" content=\"1 minute\" \/>\n<script type=\"application\/ld+json\" class=\"yoast-schema-graph\">{\"@context\":\"https:\/\/schema.org\",\"@graph\":[{\"@type\":\"Article\",\"@id\":\"https:\/\/vosgesinfo.fr\/remiremontinfo\/2021\/10\/saint-ame-sylvie-mathieu-presidente-de-ladavie-decoree-de-legion-dhonneur\/#article\",\"isPartOf\":{\"@id\":\"https:\/\/vosgesinfo.fr\/remiremontinfo\/2021\/10\/saint-ame-sylvie-mathieu-presidente-de-ladavie-decoree-de-legion-dhonneur\/\"},\"author\":{\"name\":\"C D\",\"@id\":\"https:\/\/vosgesinfo.fr\/remiremontinfo\/#\/schema\/person\/3bfd164d5218a185b1db68655a265316\"},\"headline\":\"Saint-Am\u00e9 : Sylvie Mathieu, pr\u00e9sidente de l\u2019Adavie, d\u00e9cor\u00e9e de la L\u00e9gion d\u2019Honneur\",\"datePublished\":\"2021-10-27T11:58:47+00:00\",\"dateModified\":\"2021-10-27T11:58:47+00:00\",\"mainEntityOfPage\":{\"@id\":\"https:\/\/vosgesinfo.fr\/remiremontinfo\/2021\/10\/saint-ame-sylvie-mathieu-presidente-de-ladavie-decoree-de-legion-dhonneur\/\"},\"wordCount\":286,\"commentCount\":0,\"publisher\":{\"@id\":\"https:\/\/vosgesinfo.fr\/remiremontinfo\/#organization\"},\"image\":{\"@id\":\"https:\/\/vosgesinfo.fr\/remiremontinfo\/2021\/10\/saint-ame-sylvie-mathieu-presidente-de-ladavie-decoree-de-legion-dhonneur\/#primaryimage\"},\"thumbnailUrl\":\"https:\/\/vosgesinfo.fr\/app\/uploads\/sites\/5\/2024\/09\/202110legion-dhonneur-sylvie-mathieu-31.jpg\",\"articleSection\":[\"A la Une\",\"Remiremont &amp; son canton\",\"Saint-Am\u00e9\"],\"inLanguage\":\"fr-FR\",\"potentialAction\":[{\"@type\":\"CommentAction\",\"name\":\"Comment\",\"target\":[\"https:\/\/vosgesinfo.fr\/remiremontinfo\/2021\/10\/saint-ame-sylvie-mathieu-presidente-de-ladavie-decoree-de-legion-dhonneur\/#respond\"]}]},{\"@type\":\"WebPage\",\"@id\":\"https:\/\/vosgesinfo.fr\/remiremontinfo\/2021\/10\/saint-ame-sylvie-mathieu-presidente-de-ladavie-decoree-de-legion-dhonneur\/\",\"url\":\"https:\/\/vosgesinfo.fr\/remiremontinfo\/2021\/10\/saint-ame-sylvie-mathieu-presidente-de-ladavie-decoree-de-legion-dhonneur\/\",\"name\":\"Saint-Am\u00e9 : Sylvie Mathieu, pr\u00e9sidente de l\u2019Adavie, d\u00e9cor\u00e9e de la L\u00e9gion d\u2019Honneur - Remiremont Info\",\"isPartOf\":{\"@id\":\"https:\/\/vosgesinfo.fr\/remiremontinfo\/#website\"},\"primaryImageOfPage\":{\"@id\":\"https:\/\/vosgesinfo.fr\/remiremontinfo\/2021\/10\/saint-ame-sylvie-mathieu-presidente-de-ladavie-decoree-de-legion-dhonneur\/#primaryimage\"},\"image\":{\"@id\":\"https:\/\/vosgesinfo.fr\/remiremontinfo\/2021\/10\/saint-ame-sylvie-mathieu-presidente-de-ladavie-decoree-de-legion-dhonneur\/#primaryimage\"},\"thumbnailUrl\":\"https:\/\/vosgesinfo.fr\/app\/uploads\/sites\/5\/2024\/09\/202110legion-dhonneur-sylvie-mathieu-31.jpg\",\"datePublished\":\"2021-10-27T11:58:47+00:00\",\"dateModified\":\"2021-10-27T11:58:47+00:00\",\"breadcrumb\":{\"@id\":\"https:\/\/vosgesinfo.fr\/remiremontinfo\/2021\/10\/saint-ame-sylvie-mathieu-presidente-de-ladavie-decoree-de-legion-dhonneur\/#breadcrumb\"},\"inLanguage\":\"fr-FR\",\"potentialAction\":[{\"@type\":\"ReadAction\",\"target\":[\"https:\/\/vosgesinfo.fr\/remiremontinfo\/2021\/10\/saint-ame-sylvie-mathieu-presidente-de-ladavie-decoree-de-legion-dhonneur\/\"]}]},{\"@type\":\"ImageObject\",\"inLanguage\":\"fr-FR\",\"@id\":\"https:\/\/vosgesinfo.fr\/remiremontinfo\/2021\/10\/saint-ame-sylvie-mathieu-presidente-de-ladavie-decoree-de-legion-dhonneur\/#primaryimage\",\"url\":\"https:\/\/vosgesinfo.fr\/app\/uploads\/sites\/5\/2024\/09\/202110legion-dhonneur-sylvie-mathieu-31.jpg\",\"contentUrl\":\"https:\/\/vosgesinfo.fr\/app\/uploads\/sites\/5\/2024\/09\/202110legion-dhonneur-sylvie-mathieu-31.jpg\",\"width\":688,\"height\":512},{\"@type\":\"BreadcrumbList\",\"@id\":\"https:\/\/vosgesinfo.fr\/remiremontinfo\/2021\/10\/saint-ame-sylvie-mathieu-presidente-de-ladavie-decoree-de-legion-dhonneur\/#breadcrumb\",\"itemListElement\":[{\"@type\":\"ListItem\",\"position\":1,\"name\":\"Home\",\"item\":\"https:\/\/vosgesinfo.fr\/remiremontinfo\/\"},{\"@type\":\"ListItem\",\"position\":2,\"name\":\"Saint-Am\u00e9 : Sylvie Mathieu, pr\u00e9sidente de l\u2019Adavie, d\u00e9cor\u00e9e de la L\u00e9gion d\u2019Honneur\"}]},{\"@type\":\"WebSite\",\"@id\":\"https:\/\/vosgesinfo.fr\/remiremontinfo\/#website\",\"url\":\"https:\/\/vosgesinfo.fr\/remiremontinfo\/\",\"name\":\"Remiremont Info\",\"description\":\"Toute l&#039;actualit\u00e9 de Remiremont\",\"publisher\":{\"@id\":\"https:\/\/vosgesinfo.fr\/remiremontinfo\/#organization\"},\"alternateName\":\"Toute l'actualit\u00e9 de Remiremont\",\"potentialAction\":[{\"@type\":\"SearchAction\",\"target\":{\"@type\":\"EntryPoint\",\"urlTemplate\":\"https:\/\/vosgesinfo.fr\/remiremontinfo\/?s={search_term_string}\"},\"query-input\":\"required name=search_term_string\"}],\"inLanguage\":\"fr-FR\"},{\"@type\":\"Organization\",\"@id\":\"https:\/\/vosgesinfo.fr\/remiremontinfo\/#organization\",\"name\":\"Remiremont Info\",\"url\":\"https:\/\/vosgesinfo.fr\/remiremontinfo\/\",\"logo\":{\"@type\":\"ImageObject\",\"inLanguage\":\"fr-FR\",\"@id\":\"https:\/\/vosgesinfo.fr\/remiremontinfo\/#\/schema\/logo\/image\/\",\"url\":\"https:\/\/vosgesinfo.fr\/app\/uploads\/sites\/5\/2023\/08\/favicon-remiremontinfo.png\",\"contentUrl\":\"https:\/\/vosgesinfo.fr\/app\/uploads\/sites\/5\/2023\/08\/favicon-remiremontinfo.png\",\"width\":512,\"height\":512,\"caption\":\"Remiremont Info\"},\"image\":{\"@id\":\"https:\/\/vosgesinfo.fr\/remiremontinfo\/#\/schema\/logo\/image\/\"},\"sameAs\":[\"https:\/\/www.facebook.com\/remiremontinfo\",\"https:\/\/x.com\/VosgesInfo88\",\"https:\/\/www.youtube.com\/@vosgesinfo\"]},{\"@type\":\"Person\",\"@id\":\"https:\/\/vosgesinfo.fr\/remiremontinfo\/#\/schema\/person\/3bfd164d5218a185b1db68655a265316\",\"name\":\"C D\",\"image\":{\"@type\":\"ImageObject\",\"inLanguage\":\"fr-FR\",\"@id\":\"https:\/\/vosgesinfo.fr\/remiremontinfo\/#\/schema\/person\/image\/\",\"url\":\"https:\/\/secure.gravatar.com\/avatar\/1f9a70007336511a47468b8f1c66f922b8b7cf617b02a31149ada43893a5d48f?s=96&d=mm&r=g\",\"contentUrl\":\"https:\/\/secure.gravatar.com\/avatar\/1f9a70007336511a47468b8f1c66f922b8b7cf617b02a31149ada43893a5d48f?s=96&d=mm&r=g\",\"caption\":\"C D\"},\"url\":\"https:\/\/vosgesinfo.fr\/remiremontinfo\/author\/cedric-drevet\/\"}]}<\/script>\n<!-- \/ Yoast SEO plugin. -->","yoast_head_json":{"title":"Saint-Am\u00e9 : Sylvie Mathieu, pr\u00e9sidente de l\u2019Adavie, d\u00e9cor\u00e9e de la L\u00e9gion d\u2019Honneur - Remiremont Info","robots":{"index":"index","follow":"follow","max-snippet":"max-snippet:-1","max-image-preview":"max-image-preview:large","max-video-preview":"max-video-preview:-1"},"canonical":"https:\/\/vosgesinfo.fr\/remiremontinfo\/2021\/10\/saint-ame-sylvie-mathieu-presidente-de-ladavie-decoree-de-legion-dhonneur\/","twitter_card":"summary_large_image","twitter_title":"Saint-Am\u00e9 : Sylvie Mathieu, pr\u00e9sidente de l\u2019Adavie, d\u00e9cor\u00e9e de la L\u00e9gion d\u2019Honneur - Remiremont Info","twitter_description":"Pour son sens de l\u2019engagement, son parcours professionnel et personnel remarquable, Sylvie Mathieu, pr\u00e9sidente de l\u2019Adavie des Vosges, a \u00e9t\u00e9 [&hellip;]","twitter_image":"https:\/\/vosgesinfo.fr\/app\/uploads\/sites\/5\/2024\/09\/202110legion-dhonneur-sylvie-mathieu-31.jpg","twitter_creator":"@VosgesInfo88","twitter_site":"@VosgesInfo88","twitter_misc":{"\u00c9crit par":"C D","Dur\u00e9e de lecture estim\u00e9e":"1 minute"},"schema":{"@context":"https:\/\/schema.org","@graph":[{"@type":"Article","@id":"https:\/\/vosgesinfo.fr\/remiremontinfo\/2021\/10\/saint-ame-sylvie-mathieu-presidente-de-ladavie-decoree-de-legion-dhonneur\/#article","isPartOf":{"@id":"https:\/\/vosgesinfo.fr\/remiremontinfo\/2021\/10\/saint-ame-sylvie-mathieu-presidente-de-ladavie-decoree-de-legion-dhonneur\/"},"author":{"name":"C D","@id":"https:\/\/vosgesinfo.fr\/remiremontinfo\/#\/schema\/person\/3bfd164d5218a185b1db68655a265316"},"headline":"Saint-Am\u00e9 : Sylvie Mathieu, pr\u00e9sidente de l\u2019Adavie, d\u00e9cor\u00e9e de la L\u00e9gion d\u2019Honneur","datePublished":"2021-10-27T11:58:47+00:00","dateModified":"2021-10-27T11:58:47+00:00","mainEntityOfPage":{"@id":"https:\/\/vosgesinfo.fr\/remiremontinfo\/2021\/10\/saint-ame-sylvie-mathieu-presidente-de-ladavie-decoree-de-legion-dhonneur\/"},"wordCount":286,"commentCount":0,"publisher":{"@id":"https:\/\/vosgesinfo.fr\/remiremontinfo\/#organization"},"image":{"@id":"https:\/\/vosgesinfo.fr\/remiremontinfo\/2021\/10\/saint-ame-sylvie-mathieu-presidente-de-ladavie-decoree-de-legion-dhonneur\/#primaryimage"},"thumbnailUrl":"https:\/\/vosgesinfo.fr\/app\/uploads\/sites\/5\/2024\/09\/202110legion-dhonneur-sylvie-mathieu-31.jpg","articleSection":["A la Une","Remiremont &amp; son canton","Saint-Am\u00e9"],"inLanguage":"fr-FR","potentialAction":[{"@type":"CommentAction","name":"Comment","target":["https:\/\/vosgesinfo.fr\/remiremontinfo\/2021\/10\/saint-ame-sylvie-mathieu-presidente-de-ladavie-decoree-de-legion-dhonneur\/#respond"]}]},{"@type":"WebPage","@id":"https:\/\/vosgesinfo.fr\/remiremontinfo\/2021\/10\/saint-ame-sylvie-mathieu-presidente-de-ladavie-decoree-de-legion-dhonneur\/","url":"https:\/\/vosgesinfo.fr\/remiremontinfo\/2021\/10\/saint-ame-sylvie-mathieu-presidente-de-ladavie-decoree-de-legion-dhonneur\/","name":"Saint-Am\u00e9 : Sylvie Mathieu, pr\u00e9sidente de l\u2019Adavie, d\u00e9cor\u00e9e de la L\u00e9gion d\u2019Honneur - Remiremont Info","isPartOf":{"@id":"https:\/\/vosgesinfo.fr\/remiremontinfo\/#website"},"primaryImageOfPage":{"@id":"https:\/\/vosgesinfo.fr\/remiremontinfo\/2021\/10\/saint-ame-sylvie-mathieu-presidente-de-ladavie-decoree-de-legion-dhonneur\/#primaryimage"},"image":{"@id":"https:\/\/vosgesinfo.fr\/remiremontinfo\/2021\/10\/saint-ame-sylvie-mathieu-presidente-de-ladavie-decoree-de-legion-dhonneur\/#primaryimage"},"thumbnailUrl":"https:\/\/vosgesinfo.fr\/app\/uploads\/sites\/5\/2024\/09\/202110legion-dhonneur-sylvie-mathieu-31.jpg","datePublished":"2021-10-27T11:58:47+00:00","dateModified":"2021-10-27T11:58:47+00:00","breadcrumb":{"@id":"https:\/\/vosgesinfo.fr\/remiremontinfo\/2021\/10\/saint-ame-sylvie-mathieu-presidente-de-ladavie-decoree-de-legion-dhonneur\/#breadcrumb"},"inLanguage":"fr-FR","potentialAction":[{"@type":"ReadAction","target":["https:\/\/vosgesinfo.fr\/remiremontinfo\/2021\/10\/saint-ame-sylvie-mathieu-presidente-de-ladavie-decoree-de-legion-dhonneur\/"]}]},{"@type":"ImageObject","inLanguage":"fr-FR","@id":"https:\/\/vosgesinfo.fr\/remiremontinfo\/2021\/10\/saint-ame-sylvie-mathieu-presidente-de-ladavie-decoree-de-legion-dhonneur\/#primaryimage","url":"https:\/\/vosgesinfo.fr\/app\/uploads\/sites\/5\/2024\/09\/202110legion-dhonneur-sylvie-mathieu-31.jpg","contentUrl":"https:\/\/vosgesinfo.fr\/app\/uploads\/sites\/5\/2024\/09\/202110legion-dhonneur-sylvie-mathieu-31.jpg","width":688,"height":512},{"@type":"BreadcrumbList","@id":"https:\/\/vosgesinfo.fr\/remiremontinfo\/2021\/10\/saint-ame-sylvie-mathieu-presidente-de-ladavie-decoree-de-legion-dhonneur\/#breadcrumb","itemListElement":[{"@type":"ListItem","position":1,"name":"Home","item":"https:\/\/vosgesinfo.fr\/remiremontinfo\/"},{"@type":"ListItem","position":2,"name":"Saint-Am\u00e9 : Sylvie Mathieu, pr\u00e9sidente de l\u2019Adavie, d\u00e9cor\u00e9e de la L\u00e9gion d\u2019Honneur"}]},{"@type":"WebSite","@id":"https:\/\/vosgesinfo.fr\/remiremontinfo\/#website","url":"https:\/\/vosgesinfo.fr\/remiremontinfo\/","name":"Remiremont Info","description":"Toute l&#039;actualit\u00e9 de Remiremont","publisher":{"@id":"https:\/\/vosgesinfo.fr\/remiremontinfo\/#organization"},"alternateName":"Toute l'actualit\u00e9 de Remiremont","potentialAction":[{"@type":"SearchAction","target":{"@type":"EntryPoint","urlTemplate":"https:\/\/vosgesinfo.fr\/remiremontinfo\/?s={search_term_string}"},"query-input":"required name=search_term_string"}],"inLanguage":"fr-FR"},{"@type":"Organization","@id":"https:\/\/vosgesinfo.fr\/remiremontinfo\/#organization","name":"Remiremont Info","url":"https:\/\/vosgesinfo.fr\/remiremontinfo\/","logo":{"@type":"ImageObject","inLanguage":"fr-FR","@id":"https:\/\/vosgesinfo.fr\/remiremontinfo\/#\/schema\/logo\/image\/","url":"https:\/\/vosgesinfo.fr\/app\/uploads\/sites\/5\/2023\/08\/favicon-remiremontinfo.png","contentUrl":"https:\/\/vosgesinfo.fr\/app\/uploads\/sites\/5\/2023\/08\/favicon-remiremontinfo.png","width":512,"height":512,"caption":"Remiremont Info"},"image":{"@id":"https:\/\/vosgesinfo.fr\/remiremontinfo\/#\/schema\/logo\/image\/"},"sameAs":["https:\/\/www.facebook.com\/remiremontinfo","https:\/\/x.com\/VosgesInfo88","https:\/\/www.youtube.com\/@vosgesinfo"]},{"@type":"Person","@id":"https:\/\/vosgesinfo.fr\/remiremontinfo\/#\/schema\/person\/3bfd164d5218a185b1db68655a265316","name":"C D","image":{"@type":"ImageObject","inLanguage":"fr-FR","@id":"https:\/\/vosgesinfo.fr\/remiremontinfo\/#\/schema\/person\/image\/","url":"https:\/\/secure.gravatar.com\/avatar\/1f9a70007336511a47468b8f1c66f922b8b7cf617b02a31149ada43893a5d48f?s=96&d=mm&r=g","contentUrl":"https:\/\/secure.gravatar.com\/avatar\/1f9a70007336511a47468b8f1c66f922b8b7cf617b02a31149ada43893a5d48f?s=96&d=mm&r=g","caption":"C D"},"url":"https:\/\/vosgesinfo.fr\/remiremontinfo\/author\/cedric-drevet\/"}]}},"_links":{"self":[{"href":"https:\/\/vosgesinfo.fr\/remiremontinfo\/wp-json\/wp\/v2\/posts\/48051","targetHints":{"allow":["GET"]}}],"collection":[{"href":"https:\/\/vosgesinfo.fr\/remiremontinfo\/wp-json\/wp\/v2\/posts"}],"about":[{"href":"https:\/\/vosgesinfo.fr\/remiremontinfo\/wp-json\/wp\/v2\/types\/post"}],"author":[{"embeddable":true,"href":"https:\/\/vosgesinfo.fr\/remiremontinfo\/wp-json\/wp\/v2\/users\/407"}],"replies":[{"embeddable":true,"href":"https:\/\/vosgesinfo.fr\/remiremontinfo\/wp-json\/wp\/v2\/comments?post=48051"}],"version-history":[{"count":0,"href":"https:\/\/vosgesinfo.fr\/remiremontinfo\/wp-json\/wp\/v2\/posts\/48051\/revisions"}],"wp:featuredmedia":[{"embeddable":true,"href":"https:\/\/vosgesinfo.fr\/remiremontinfo\/wp-json\/wp\/v2\/media\/48052"}],"wp:attachment":[{"href":"https:\/\/vosgesinfo.fr\/remiremontinfo\/wp-json\/wp\/v2\/media?parent=48051"}],"wp:term":[{"taxonomy":"category","embeddable":true,"href":"https:\/\/vosgesinfo.fr\/remiremontinfo\/wp-json\/wp\/v2\/categories?post=48051"},{"taxonomy":"post_tag","embeddable":true,"href":"https:\/\/vosgesinfo.fr\/remiremontinfo\/wp-json\/wp\/v2\/tags?post=48051"}],"curies":[{"name":"wp","href":"https:\/\/api.w.org\/{rel}","templated":true}]}}