{"id":48056,"date":"2021-10-28T05:16:38","date_gmt":"2021-10-28T03:16:38","guid":{"rendered":"https:\/\/vosgesinfo.fr\/remiremontinfo\/2021\/10\/gr-massif-vosges-lice-etre-elu-itineraire-prefere-francais-2022\/"},"modified":"2021-10-28T05:16:38","modified_gmt":"2021-10-28T03:16:38","slug":"gr-massif-vosges-lice-etre-elu-itineraire-prefere-francais-2022","status":"publish","type":"post","link":"https:\/\/vosgesinfo.fr\/remiremontinfo\/2021\/10\/gr-massif-vosges-lice-etre-elu-itineraire-prefere-francais-2022\/","title":{"rendered":"Le GR du Massif des Vosges en lice pour \u00eatre \u00e9lu itin\u00e9raire pr\u00e9f\u00e9r\u00e9 des Fran\u00e7ais 2022"},"content":{"rendered":"<h2><span style=\"font-size: 12pt;\"><strong>La F\u00e9d\u00e9ration Fran\u00e7aise de Randonn\u00e9 P\u00e9destre a initi\u00e9 l\u2019\u00e9lection annuelle de l\u2019itin\u00e9raire de Grande Randonn\u00e9e \u2013 GR \u2013 pr\u00e9f\u00e9r\u00e9 des Fran\u00e7ais. Pour l\u2019\u00e9dition 2022 du concours \u2013 la cinqui\u00e8me en date \u2013 le GR5 Travers\u00e9e du Massif des Vosges en Territoire d\u2019Alsace, long de 430 kilom\u00e8tres, est en lice parmi les 8 laur\u00e9ats soumis au vote des internautes cette ann\u00e9e.<\/strong><\/span><\/h2>\n<p><span style=\"font-size: 12pt;\">Le GR5 est mis en concurrence avec 7 autres GR, r\u00e9partis \u00e0 travers toute la France. Respectivement le GR2 Au fil de la Seine (C\u00f4te d\u2019Or)\u00a0; le GR Massif du Pays du Ventoux (Vaucluse);le GR55 Glacier de la Vanoise (Savoie)\u00a0; le GR22 Paris-le-Mont-Saint-Michel (Orne)\u00a0; le GR340 Tour de Belle-\u00cele-en-Mer (Morbihan)\u00a0; le GR Bordeaux M\u00e9tropole (Gironde)\u00a0; le GR107 Chemin des Bonshommes (Ari\u00e8ge).\u00a0<\/span><\/p>\n","protected":false},"excerpt":{"rendered":"<p>La F\u00e9d\u00e9ration Fran\u00e7aise de Randonn\u00e9 P\u00e9destre a initi\u00e9 l\u2019\u00e9lection annuelle de l\u2019itin\u00e9raire de Grande Randonn\u00e9e \u2013 GR \u2013 pr\u00e9f\u00e9r\u00e9 des [&hellip;]<\/p>\n","protected":false},"author":407,"featured_media":48057,"comment_status":"open","ping_status":"open","sticky":false,"template":"","format":"standard","meta":{"footnotes":""},"categories":[26,54,18],"tags":[2878,1278,32],"class_list":["post-48056","post","type-post","status-publish","format-standard","has-post-thumbnail","hentry","category-a-la-une","category-loisirs","category-vosges","tag-gr","tag-randonnee","tag-vosges"],"acf":[],"yoast_head":"<!-- This site is optimized with the Yoast SEO plugin v22.5 - https:\/\/yoast.com\/wordpress\/plugins\/seo\/ -->\n<title>Le GR du Massif des Vosges en lice pour \u00eatre \u00e9lu itin\u00e9raire pr\u00e9f\u00e9r\u00e9 des Fran\u00e7ais 2022 - Remiremont Info<\/title>\n<meta name=\"robots\" content=\"index, follow, max-snippet:-1, max-image-preview:large, max-video-preview:-1\" \/>\n<link rel=\"canonical\" href=\"https:\/\/vosgesinfo.fr\/remiremontinfo\/2021\/10\/gr-massif-vosges-lice-etre-elu-itineraire-prefere-francais-2022\/\" \/>\n<meta name=\"twitter:card\" content=\"summary_large_image\" \/>\n<meta name=\"twitter:title\" content=\"Le GR du Massif des Vosges en lice pour \u00eatre \u00e9lu itin\u00e9raire pr\u00e9f\u00e9r\u00e9 des Fran\u00e7ais 2022 - Remiremont Info\" \/>\n<meta name=\"twitter:description\" content=\"La F\u00e9d\u00e9ration Fran\u00e7aise de Randonn\u00e9 P\u00e9destre a initi\u00e9 l\u2019\u00e9lection annuelle de l\u2019itin\u00e9raire de Grande Randonn\u00e9e \u2013 GR \u2013 pr\u00e9f\u00e9r\u00e9 des [&hellip;]\" \/>\n<meta name=\"twitter:image\" content=\"https:\/\/vosgesinfo.fr\/app\/uploads\/sites\/5\/2024\/09\/202110mon-gr-prefere-2022.jpg\" \/>\n<meta name=\"twitter:creator\" content=\"@VosgesInfo88\" \/>\n<meta name=\"twitter:site\" content=\"@VosgesInfo88\" \/>\n<meta name=\"twitter:label1\" content=\"\u00c9crit par\" \/>\n\t<meta name=\"twitter:data1\" content=\"C D\" \/>\n\t<meta name=\"twitter:label2\" content=\"Dur\u00e9e de lecture estim\u00e9e\" \/>\n\t<meta name=\"twitter:data2\" content=\"1 minute\" \/>\n<script type=\"application\/ld+json\" class=\"yoast-schema-graph\">{\"@context\":\"https:\/\/schema.org\",\"@graph\":[{\"@type\":\"Article\",\"@id\":\"https:\/\/vosgesinfo.fr\/remiremontinfo\/2021\/10\/gr-massif-vosges-lice-etre-elu-itineraire-prefere-francais-2022\/#article\",\"isPartOf\":{\"@id\":\"https:\/\/vosgesinfo.fr\/remiremontinfo\/2021\/10\/gr-massif-vosges-lice-etre-elu-itineraire-prefere-francais-2022\/\"},\"author\":{\"name\":\"C D\",\"@id\":\"https:\/\/vosgesinfo.fr\/remiremontinfo\/#\/schema\/person\/3bfd164d5218a185b1db68655a265316\"},\"headline\":\"Le GR du Massif des Vosges en lice pour \u00eatre \u00e9lu itin\u00e9raire pr\u00e9f\u00e9r\u00e9 des Fran\u00e7ais 2022\",\"datePublished\":\"2021-10-28T03:16:38+00:00\",\"dateModified\":\"2021-10-28T03:16:38+00:00\",\"mainEntityOfPage\":{\"@id\":\"https:\/\/vosgesinfo.fr\/remiremontinfo\/2021\/10\/gr-massif-vosges-lice-etre-elu-itineraire-prefere-francais-2022\/\"},\"wordCount\":156,\"commentCount\":0,\"publisher\":{\"@id\":\"https:\/\/vosgesinfo.fr\/remiremontinfo\/#organization\"},\"image\":{\"@id\":\"https:\/\/vosgesinfo.fr\/remiremontinfo\/2021\/10\/gr-massif-vosges-lice-etre-elu-itineraire-prefere-francais-2022\/#primaryimage\"},\"thumbnailUrl\":\"https:\/\/vosgesinfo.fr\/app\/uploads\/sites\/5\/2024\/09\/202110mon-gr-prefere-2022.jpg\",\"keywords\":[\"gr\",\"randonn\u00e9e\",\"Vosges\"],\"articleSection\":[\"A la Une\",\"Loisirs\",\"Vosges\"],\"inLanguage\":\"fr-FR\",\"potentialAction\":[{\"@type\":\"CommentAction\",\"name\":\"Comment\",\"target\":[\"https:\/\/vosgesinfo.fr\/remiremontinfo\/2021\/10\/gr-massif-vosges-lice-etre-elu-itineraire-prefere-francais-2022\/#respond\"]}]},{\"@type\":\"WebPage\",\"@id\":\"https:\/\/vosgesinfo.fr\/remiremontinfo\/2021\/10\/gr-massif-vosges-lice-etre-elu-itineraire-prefere-francais-2022\/\",\"url\":\"https:\/\/vosgesinfo.fr\/remiremontinfo\/2021\/10\/gr-massif-vosges-lice-etre-elu-itineraire-prefere-francais-2022\/\",\"name\":\"Le GR du Massif des Vosges en lice pour \u00eatre \u00e9lu itin\u00e9raire pr\u00e9f\u00e9r\u00e9 des Fran\u00e7ais 2022 - Remiremont Info\",\"isPartOf\":{\"@id\":\"https:\/\/vosgesinfo.fr\/remiremontinfo\/#website\"},\"primaryImageOfPage\":{\"@id\":\"https:\/\/vosgesinfo.fr\/remiremontinfo\/2021\/10\/gr-massif-vosges-lice-etre-elu-itineraire-prefere-francais-2022\/#primaryimage\"},\"image\":{\"@id\":\"https:\/\/vosgesinfo.fr\/remiremontinfo\/2021\/10\/gr-massif-vosges-lice-etre-elu-itineraire-prefere-francais-2022\/#primaryimage\"},\"thumbnailUrl\":\"https:\/\/vosgesinfo.fr\/app\/uploads\/sites\/5\/2024\/09\/202110mon-gr-prefere-2022.jpg\",\"datePublished\":\"2021-10-28T03:16:38+00:00\",\"dateModified\":\"2021-10-28T03:16:38+00:00\",\"breadcrumb\":{\"@id\":\"https:\/\/vosgesinfo.fr\/remiremontinfo\/2021\/10\/gr-massif-vosges-lice-etre-elu-itineraire-prefere-francais-2022\/#breadcrumb\"},\"inLanguage\":\"fr-FR\",\"potentialAction\":[{\"@type\":\"ReadAction\",\"target\":[\"https:\/\/vosgesinfo.fr\/remiremontinfo\/2021\/10\/gr-massif-vosges-lice-etre-elu-itineraire-prefere-francais-2022\/\"]}]},{\"@type\":\"ImageObject\",\"inLanguage\":\"fr-FR\",\"@id\":\"https:\/\/vosgesinfo.fr\/remiremontinfo\/2021\/10\/gr-massif-vosges-lice-etre-elu-itineraire-prefere-francais-2022\/#primaryimage\",\"url\":\"https:\/\/vosgesinfo.fr\/app\/uploads\/sites\/5\/2024\/09\/202110mon-gr-prefere-2022.jpg\",\"contentUrl\":\"https:\/\/vosgesinfo.fr\/app\/uploads\/sites\/5\/2024\/09\/202110mon-gr-prefere-2022.jpg\",\"width\":675,\"height\":448},{\"@type\":\"BreadcrumbList\",\"@id\":\"https:\/\/vosgesinfo.fr\/remiremontinfo\/2021\/10\/gr-massif-vosges-lice-etre-elu-itineraire-prefere-francais-2022\/#breadcrumb\",\"itemListElement\":[{\"@type\":\"ListItem\",\"position\":1,\"name\":\"Home\",\"item\":\"https:\/\/vosgesinfo.fr\/remiremontinfo\/\"},{\"@type\":\"ListItem\",\"position\":2,\"name\":\"Le GR du Massif des Vosges en lice pour \u00eatre \u00e9lu itin\u00e9raire pr\u00e9f\u00e9r\u00e9 des Fran\u00e7ais 2022\"}]},{\"@type\":\"WebSite\",\"@id\":\"https:\/\/vosgesinfo.fr\/remiremontinfo\/#website\",\"url\":\"https:\/\/vosgesinfo.fr\/remiremontinfo\/\",\"name\":\"Remiremont Info\",\"description\":\"Toute l&#039;actualit\u00e9 de Remiremont\",\"publisher\":{\"@id\":\"https:\/\/vosgesinfo.fr\/remiremontinfo\/#organization\"},\"alternateName\":\"Toute l'actualit\u00e9 de Remiremont\",\"potentialAction\":[{\"@type\":\"SearchAction\",\"target\":{\"@type\":\"EntryPoint\",\"urlTemplate\":\"https:\/\/vosgesinfo.fr\/remiremontinfo\/?s={search_term_string}\"},\"query-input\":\"required name=search_term_string\"}],\"inLanguage\":\"fr-FR\"},{\"@type\":\"Organization\",\"@id\":\"https:\/\/vosgesinfo.fr\/remiremontinfo\/#organization\",\"name\":\"Remiremont Info\",\"url\":\"https:\/\/vosgesinfo.fr\/remiremontinfo\/\",\"logo\":{\"@type\":\"ImageObject\",\"inLanguage\":\"fr-FR\",\"@id\":\"https:\/\/vosgesinfo.fr\/remiremontinfo\/#\/schema\/logo\/image\/\",\"url\":\"https:\/\/vosgesinfo.fr\/app\/uploads\/sites\/5\/2023\/08\/favicon-remiremontinfo.png\",\"contentUrl\":\"https:\/\/vosgesinfo.fr\/app\/uploads\/sites\/5\/2023\/08\/favicon-remiremontinfo.png\",\"width\":512,\"height\":512,\"caption\":\"Remiremont Info\"},\"image\":{\"@id\":\"https:\/\/vosgesinfo.fr\/remiremontinfo\/#\/schema\/logo\/image\/\"},\"sameAs\":[\"https:\/\/www.facebook.com\/remiremontinfo\",\"https:\/\/x.com\/VosgesInfo88\",\"https:\/\/www.youtube.com\/@vosgesinfo\"]},{\"@type\":\"Person\",\"@id\":\"https:\/\/vosgesinfo.fr\/remiremontinfo\/#\/schema\/person\/3bfd164d5218a185b1db68655a265316\",\"name\":\"C D\",\"image\":{\"@type\":\"ImageObject\",\"inLanguage\":\"fr-FR\",\"@id\":\"https:\/\/vosgesinfo.fr\/remiremontinfo\/#\/schema\/person\/image\/\",\"url\":\"https:\/\/secure.gravatar.com\/avatar\/1f9a70007336511a47468b8f1c66f922b8b7cf617b02a31149ada43893a5d48f?s=96&d=mm&r=g\",\"contentUrl\":\"https:\/\/secure.gravatar.com\/avatar\/1f9a70007336511a47468b8f1c66f922b8b7cf617b02a31149ada43893a5d48f?s=96&d=mm&r=g\",\"caption\":\"C D\"},\"url\":\"https:\/\/vosgesinfo.fr\/remiremontinfo\/author\/cedric-drevet\/\"}]}<\/script>\n<!-- \/ Yoast SEO plugin. -->","yoast_head_json":{"title":"Le GR du Massif des Vosges en lice pour \u00eatre \u00e9lu itin\u00e9raire pr\u00e9f\u00e9r\u00e9 des Fran\u00e7ais 2022 - Remiremont Info","robots":{"index":"index","follow":"follow","max-snippet":"max-snippet:-1","max-image-preview":"max-image-preview:large","max-video-preview":"max-video-preview:-1"},"canonical":"https:\/\/vosgesinfo.fr\/remiremontinfo\/2021\/10\/gr-massif-vosges-lice-etre-elu-itineraire-prefere-francais-2022\/","twitter_card":"summary_large_image","twitter_title":"Le GR du Massif des Vosges en lice pour \u00eatre \u00e9lu itin\u00e9raire pr\u00e9f\u00e9r\u00e9 des Fran\u00e7ais 2022 - Remiremont Info","twitter_description":"La F\u00e9d\u00e9ration Fran\u00e7aise de Randonn\u00e9 P\u00e9destre a initi\u00e9 l\u2019\u00e9lection annuelle de l\u2019itin\u00e9raire de Grande Randonn\u00e9e \u2013 GR \u2013 pr\u00e9f\u00e9r\u00e9 des [&hellip;]","twitter_image":"https:\/\/vosgesinfo.fr\/app\/uploads\/sites\/5\/2024\/09\/202110mon-gr-prefere-2022.jpg","twitter_creator":"@VosgesInfo88","twitter_site":"@VosgesInfo88","twitter_misc":{"\u00c9crit par":"C D","Dur\u00e9e de lecture estim\u00e9e":"1 minute"},"schema":{"@context":"https:\/\/schema.org","@graph":[{"@type":"Article","@id":"https:\/\/vosgesinfo.fr\/remiremontinfo\/2021\/10\/gr-massif-vosges-lice-etre-elu-itineraire-prefere-francais-2022\/#article","isPartOf":{"@id":"https:\/\/vosgesinfo.fr\/remiremontinfo\/2021\/10\/gr-massif-vosges-lice-etre-elu-itineraire-prefere-francais-2022\/"},"author":{"name":"C D","@id":"https:\/\/vosgesinfo.fr\/remiremontinfo\/#\/schema\/person\/3bfd164d5218a185b1db68655a265316"},"headline":"Le GR du Massif des Vosges en lice pour \u00eatre \u00e9lu itin\u00e9raire pr\u00e9f\u00e9r\u00e9 des Fran\u00e7ais 2022","datePublished":"2021-10-28T03:16:38+00:00","dateModified":"2021-10-28T03:16:38+00:00","mainEntityOfPage":{"@id":"https:\/\/vosgesinfo.fr\/remiremontinfo\/2021\/10\/gr-massif-vosges-lice-etre-elu-itineraire-prefere-francais-2022\/"},"wordCount":156,"commentCount":0,"publisher":{"@id":"https:\/\/vosgesinfo.fr\/remiremontinfo\/#organization"},"image":{"@id":"https:\/\/vosgesinfo.fr\/remiremontinfo\/2021\/10\/gr-massif-vosges-lice-etre-elu-itineraire-prefere-francais-2022\/#primaryimage"},"thumbnailUrl":"https:\/\/vosgesinfo.fr\/app\/uploads\/sites\/5\/2024\/09\/202110mon-gr-prefere-2022.jpg","keywords":["gr","randonn\u00e9e","Vosges"],"articleSection":["A la Une","Loisirs","Vosges"],"inLanguage":"fr-FR","potentialAction":[{"@type":"CommentAction","name":"Comment","target":["https:\/\/vosgesinfo.fr\/remiremontinfo\/2021\/10\/gr-massif-vosges-lice-etre-elu-itineraire-prefere-francais-2022\/#respond"]}]},{"@type":"WebPage","@id":"https:\/\/vosgesinfo.fr\/remiremontinfo\/2021\/10\/gr-massif-vosges-lice-etre-elu-itineraire-prefere-francais-2022\/","url":"https:\/\/vosgesinfo.fr\/remiremontinfo\/2021\/10\/gr-massif-vosges-lice-etre-elu-itineraire-prefere-francais-2022\/","name":"Le GR du Massif des Vosges en lice pour \u00eatre \u00e9lu itin\u00e9raire pr\u00e9f\u00e9r\u00e9 des Fran\u00e7ais 2022 - Remiremont Info","isPartOf":{"@id":"https:\/\/vosgesinfo.fr\/remiremontinfo\/#website"},"primaryImageOfPage":{"@id":"https:\/\/vosgesinfo.fr\/remiremontinfo\/2021\/10\/gr-massif-vosges-lice-etre-elu-itineraire-prefere-francais-2022\/#primaryimage"},"image":{"@id":"https:\/\/vosgesinfo.fr\/remiremontinfo\/2021\/10\/gr-massif-vosges-lice-etre-elu-itineraire-prefere-francais-2022\/#primaryimage"},"thumbnailUrl":"https:\/\/vosgesinfo.fr\/app\/uploads\/sites\/5\/2024\/09\/202110mon-gr-prefere-2022.jpg","datePublished":"2021-10-28T03:16:38+00:00","dateModified":"2021-10-28T03:16:38+00:00","breadcrumb":{"@id":"https:\/\/vosgesinfo.fr\/remiremontinfo\/2021\/10\/gr-massif-vosges-lice-etre-elu-itineraire-prefere-francais-2022\/#breadcrumb"},"inLanguage":"fr-FR","potentialAction":[{"@type":"ReadAction","target":["https:\/\/vosgesinfo.fr\/remiremontinfo\/2021\/10\/gr-massif-vosges-lice-etre-elu-itineraire-prefere-francais-2022\/"]}]},{"@type":"ImageObject","inLanguage":"fr-FR","@id":"https:\/\/vosgesinfo.fr\/remiremontinfo\/2021\/10\/gr-massif-vosges-lice-etre-elu-itineraire-prefere-francais-2022\/#primaryimage","url":"https:\/\/vosgesinfo.fr\/app\/uploads\/sites\/5\/2024\/09\/202110mon-gr-prefere-2022.jpg","contentUrl":"https:\/\/vosgesinfo.fr\/app\/uploads\/sites\/5\/2024\/09\/202110mon-gr-prefere-2022.jpg","width":675,"height":448},{"@type":"BreadcrumbList","@id":"https:\/\/vosgesinfo.fr\/remiremontinfo\/2021\/10\/gr-massif-vosges-lice-etre-elu-itineraire-prefere-francais-2022\/#breadcrumb","itemListElement":[{"@type":"ListItem","position":1,"name":"Home","item":"https:\/\/vosgesinfo.fr\/remiremontinfo\/"},{"@type":"ListItem","position":2,"name":"Le GR du Massif des Vosges en lice pour \u00eatre \u00e9lu itin\u00e9raire pr\u00e9f\u00e9r\u00e9 des Fran\u00e7ais 2022"}]},{"@type":"WebSite","@id":"https:\/\/vosgesinfo.fr\/remiremontinfo\/#website","url":"https:\/\/vosgesinfo.fr\/remiremontinfo\/","name":"Remiremont Info","description":"Toute l&#039;actualit\u00e9 de Remiremont","publisher":{"@id":"https:\/\/vosgesinfo.fr\/remiremontinfo\/#organization"},"alternateName":"Toute l'actualit\u00e9 de Remiremont","potentialAction":[{"@type":"SearchAction","target":{"@type":"EntryPoint","urlTemplate":"https:\/\/vosgesinfo.fr\/remiremontinfo\/?s={search_term_string}"},"query-input":"required name=search_term_string"}],"inLanguage":"fr-FR"},{"@type":"Organization","@id":"https:\/\/vosgesinfo.fr\/remiremontinfo\/#organization","name":"Remiremont Info","url":"https:\/\/vosgesinfo.fr\/remiremontinfo\/","logo":{"@type":"ImageObject","inLanguage":"fr-FR","@id":"https:\/\/vosgesinfo.fr\/remiremontinfo\/#\/schema\/logo\/image\/","url":"https:\/\/vosgesinfo.fr\/app\/uploads\/sites\/5\/2023\/08\/favicon-remiremontinfo.png","contentUrl":"https:\/\/vosgesinfo.fr\/app\/uploads\/sites\/5\/2023\/08\/favicon-remiremontinfo.png","width":512,"height":512,"caption":"Remiremont Info"},"image":{"@id":"https:\/\/vosgesinfo.fr\/remiremontinfo\/#\/schema\/logo\/image\/"},"sameAs":["https:\/\/www.facebook.com\/remiremontinfo","https:\/\/x.com\/VosgesInfo88","https:\/\/www.youtube.com\/@vosgesinfo"]},{"@type":"Person","@id":"https:\/\/vosgesinfo.fr\/remiremontinfo\/#\/schema\/person\/3bfd164d5218a185b1db68655a265316","name":"C D","image":{"@type":"ImageObject","inLanguage":"fr-FR","@id":"https:\/\/vosgesinfo.fr\/remiremontinfo\/#\/schema\/person\/image\/","url":"https:\/\/secure.gravatar.com\/avatar\/1f9a70007336511a47468b8f1c66f922b8b7cf617b02a31149ada43893a5d48f?s=96&d=mm&r=g","contentUrl":"https:\/\/secure.gravatar.com\/avatar\/1f9a70007336511a47468b8f1c66f922b8b7cf617b02a31149ada43893a5d48f?s=96&d=mm&r=g","caption":"C D"},"url":"https:\/\/vosgesinfo.fr\/remiremontinfo\/author\/cedric-drevet\/"}]}},"_links":{"self":[{"href":"https:\/\/vosgesinfo.fr\/remiremontinfo\/wp-json\/wp\/v2\/posts\/48056","targetHints":{"allow":["GET"]}}],"collection":[{"href":"https:\/\/vosgesinfo.fr\/remiremontinfo\/wp-json\/wp\/v2\/posts"}],"about":[{"href":"https:\/\/vosgesinfo.fr\/remiremontinfo\/wp-json\/wp\/v2\/types\/post"}],"author":[{"embeddable":true,"href":"https:\/\/vosgesinfo.fr\/remiremontinfo\/wp-json\/wp\/v2\/users\/407"}],"replies":[{"embeddable":true,"href":"https:\/\/vosgesinfo.fr\/remiremontinfo\/wp-json\/wp\/v2\/comments?post=48056"}],"version-history":[{"count":0,"href":"https:\/\/vosgesinfo.fr\/remiremontinfo\/wp-json\/wp\/v2\/posts\/48056\/revisions"}],"wp:featuredmedia":[{"embeddable":true,"href":"https:\/\/vosgesinfo.fr\/remiremontinfo\/wp-json\/wp\/v2\/media\/48057"}],"wp:attachment":[{"href":"https:\/\/vosgesinfo.fr\/remiremontinfo\/wp-json\/wp\/v2\/media?parent=48056"}],"wp:term":[{"taxonomy":"category","embeddable":true,"href":"https:\/\/vosgesinfo.fr\/remiremontinfo\/wp-json\/wp\/v2\/categories?post=48056"},{"taxonomy":"post_tag","embeddable":true,"href":"https:\/\/vosgesinfo.fr\/remiremontinfo\/wp-json\/wp\/v2\/tags?post=48056"}],"curies":[{"name":"wp","href":"https:\/\/api.w.org\/{rel}","templated":true}]}}