{"id":48060,"date":"2021-10-28T05:24:07","date_gmt":"2021-10-28T03:24:07","guid":{"rendered":"https:\/\/vosgesinfo.fr\/remiremontinfo\/2021\/10\/mieux-manger-se-ruiner-vosgien-laurent-mariotte\/"},"modified":"2021-10-28T05:24:07","modified_gmt":"2021-10-28T03:24:07","slug":"mieux-manger-se-ruiner-vosgien-laurent-mariotte","status":"publish","type":"post","link":"https:\/\/vosgesinfo.fr\/remiremontinfo\/2021\/10\/mieux-manger-se-ruiner-vosgien-laurent-mariotte\/","title":{"rendered":"\u00ab Mieux manger sans se ruiner \u00bb avec le Vosgien Laurent Mariotte"},"content":{"rendered":"<p><a href=\"\/2021\/10\/Laurent-Mariotte-couverture-.jpg\"><img decoding=\"async\" class=\"alignnone size-full wp-image-330225\" src=\"\/2021\/10\/Laurent-Mariotte-couverture-.jpg\" alt=\"Laurent-Mariotte-couverture-\" width=\"800\" height=\"577\" \/><\/a><\/p>\n<h2><span style=\"font-size: 12pt;\"><strong>Originaire d\u2019Epinal, le chroniqueur culinaire\u00a0Laurent Mariotte, sort un nouvel ouvrage de cuisine. Avec son livre\u00a0<em>\u00ab\u00a0Mieux manger sans se ruiner\u00a0\u00bb<\/em>,\u00a0il propose 150 recette \u00e9conomiques, simples et rapides et bon march\u00e9 ultra gourmandes. On y trouve des recettes au prix moyen de 2 euros par personne, des produits de saison et des ingr\u00e9dients bien choisis. Un ouvrage incroyablement gourmand !<\/strong><\/span><\/h2>\n<p><span style=\"font-size: 12pt;\">Apr\u00e8s le succ\u00e8s de sa collection d\u2019almanachs \u00ab\u00a0<em>Mieux Manger Toute l\u2019Ann\u00e9e\u00a0\u00bb<\/em>\u00a0dont le dernier exemplaire s\u2019est \u00e9coul\u00e9 \u00e0 plus de 150 000 exemplaires, Laurent Mariotte continue de nous accompagner dans\u00a0la cuisine du quotidien\u00a0: la facile, la pratique, l\u2019\u00e9conomique et l\u2019authentique ! Celle qui nous d\u00e9culpabilise, tant\u00f4t gourmande, tant\u00f4t l\u00e9g\u00e8re mais toujours saine, le tout \u00e0 prix doux, sans se ruiner.<\/span><\/p>\n<h3><span style=\"font-size: 12pt;\">\u00ab Manger avec du sens \u00bb<\/span><\/h3>\n<p><span style=\"font-size: 12pt;\">Laurent Mariotte sillonne depuis plus de 15 ans les routes de France \u00e0 la d\u00e9couverte des artisans du go\u00fbt et de leurs ressources locales pour faire valoir le \u00ab mieux manger \u00bb dans nos assiettes. Des engagements qui sont les fers de lance de ce passionn\u00e9 qui cherche \u00ab \u00e0 manger avec du sens \u00bb.<\/span><\/p>\n<p><span style=\"font-size: 12pt;\">La suite de l\u2019article :\u00a0<a href=\"https:\/\/epinalinfos.fr\/2021\/10\/mieux-manger-se-ruiner-vosgien-laurent-mariotte\/\" target=\"_blank\" rel=\"noopener\">https:\/\/epinalinfos.fr\/2021\/10\/mieux-manger-se-ruiner-vosgien-laurent-mariotte\/<\/a><\/span><\/p>\n<div class=\"really_simple_share really_simple_share_button robots-nocontent snap_nopreview\"><\/div>\n","protected":false},"excerpt":{"rendered":"<p>Originaire d\u2019Epinal, le chroniqueur culinaire\u00a0Laurent Mariotte, sort un nouvel ouvrage de cuisine. Avec son livre\u00a0\u00ab\u00a0Mieux manger sans se ruiner\u00a0\u00bb,\u00a0il propose [&hellip;]<\/p>\n","protected":false},"author":407,"featured_media":48061,"comment_status":"open","ping_status":"open","sticky":false,"template":"","format":"standard","meta":{"footnotes":""},"categories":[26,4,18],"tags":[2346,2880,360,2881,32],"class_list":["post-48060","post","type-post","status-publish","format-standard","has-post-thumbnail","hentry","category-a-la-une","category-culture","category-vosges","tag-cuisine","tag-laurent-mariotte","tag-livre","tag-mieux-manger-sans-se-ruiner","tag-vosges"],"acf":[],"yoast_head":"<!-- This site is optimized with the Yoast SEO plugin v22.5 - https:\/\/yoast.com\/wordpress\/plugins\/seo\/ -->\n<title>\u00ab Mieux manger sans se ruiner \u00bb avec le Vosgien Laurent Mariotte - Remiremont Info<\/title>\n<meta name=\"robots\" content=\"index, follow, max-snippet:-1, max-image-preview:large, max-video-preview:-1\" \/>\n<link rel=\"canonical\" href=\"https:\/\/vosgesinfo.fr\/remiremontinfo\/2021\/10\/mieux-manger-se-ruiner-vosgien-laurent-mariotte\/\" \/>\n<meta name=\"twitter:card\" content=\"summary_large_image\" \/>\n<meta name=\"twitter:title\" content=\"\u00ab Mieux manger sans se ruiner \u00bb avec le Vosgien Laurent Mariotte - Remiremont Info\" \/>\n<meta name=\"twitter:description\" content=\"Originaire d\u2019Epinal, le chroniqueur culinaire\u00a0Laurent Mariotte, sort un nouvel ouvrage de cuisine. Avec son livre\u00a0\u00ab\u00a0Mieux manger sans se ruiner\u00a0\u00bb,\u00a0il propose [&hellip;]\" \/>\n<meta name=\"twitter:image\" content=\"https:\/\/vosgesinfo.fr\/app\/uploads\/sites\/5\/2024\/09\/202110laurent-mariotte-couverture-.jpg\" \/>\n<meta name=\"twitter:creator\" content=\"@VosgesInfo88\" \/>\n<meta name=\"twitter:site\" content=\"@VosgesInfo88\" \/>\n<meta name=\"twitter:label1\" content=\"\u00c9crit par\" \/>\n\t<meta name=\"twitter:data1\" content=\"C D\" \/>\n\t<meta name=\"twitter:label2\" content=\"Dur\u00e9e de lecture estim\u00e9e\" \/>\n\t<meta name=\"twitter:data2\" content=\"1 minute\" \/>\n<script type=\"application\/ld+json\" class=\"yoast-schema-graph\">{\"@context\":\"https:\/\/schema.org\",\"@graph\":[{\"@type\":\"Article\",\"@id\":\"https:\/\/vosgesinfo.fr\/remiremontinfo\/2021\/10\/mieux-manger-se-ruiner-vosgien-laurent-mariotte\/#article\",\"isPartOf\":{\"@id\":\"https:\/\/vosgesinfo.fr\/remiremontinfo\/2021\/10\/mieux-manger-se-ruiner-vosgien-laurent-mariotte\/\"},\"author\":{\"name\":\"C D\",\"@id\":\"https:\/\/vosgesinfo.fr\/remiremontinfo\/#\/schema\/person\/3bfd164d5218a185b1db68655a265316\"},\"headline\":\"\u00ab Mieux manger sans se ruiner \u00bb avec le Vosgien Laurent Mariotte\",\"datePublished\":\"2021-10-28T03:24:07+00:00\",\"dateModified\":\"2021-10-28T03:24:07+00:00\",\"mainEntityOfPage\":{\"@id\":\"https:\/\/vosgesinfo.fr\/remiremontinfo\/2021\/10\/mieux-manger-se-ruiner-vosgien-laurent-mariotte\/\"},\"wordCount\":202,\"commentCount\":0,\"publisher\":{\"@id\":\"https:\/\/vosgesinfo.fr\/remiremontinfo\/#organization\"},\"image\":{\"@id\":\"https:\/\/vosgesinfo.fr\/remiremontinfo\/2021\/10\/mieux-manger-se-ruiner-vosgien-laurent-mariotte\/#primaryimage\"},\"thumbnailUrl\":\"https:\/\/vosgesinfo.fr\/app\/uploads\/sites\/5\/2024\/09\/202110laurent-mariotte-couverture-.jpg\",\"keywords\":[\"cuisine\",\"laurent mariotte\",\"livre\",\"mieux manger sans se ruiner\",\"Vosges\"],\"articleSection\":[\"A la Une\",\"Culture\",\"Vosges\"],\"inLanguage\":\"fr-FR\",\"potentialAction\":[{\"@type\":\"CommentAction\",\"name\":\"Comment\",\"target\":[\"https:\/\/vosgesinfo.fr\/remiremontinfo\/2021\/10\/mieux-manger-se-ruiner-vosgien-laurent-mariotte\/#respond\"]}]},{\"@type\":\"WebPage\",\"@id\":\"https:\/\/vosgesinfo.fr\/remiremontinfo\/2021\/10\/mieux-manger-se-ruiner-vosgien-laurent-mariotte\/\",\"url\":\"https:\/\/vosgesinfo.fr\/remiremontinfo\/2021\/10\/mieux-manger-se-ruiner-vosgien-laurent-mariotte\/\",\"name\":\"\u00ab Mieux manger sans se ruiner \u00bb avec le Vosgien Laurent Mariotte - Remiremont Info\",\"isPartOf\":{\"@id\":\"https:\/\/vosgesinfo.fr\/remiremontinfo\/#website\"},\"primaryImageOfPage\":{\"@id\":\"https:\/\/vosgesinfo.fr\/remiremontinfo\/2021\/10\/mieux-manger-se-ruiner-vosgien-laurent-mariotte\/#primaryimage\"},\"image\":{\"@id\":\"https:\/\/vosgesinfo.fr\/remiremontinfo\/2021\/10\/mieux-manger-se-ruiner-vosgien-laurent-mariotte\/#primaryimage\"},\"thumbnailUrl\":\"https:\/\/vosgesinfo.fr\/app\/uploads\/sites\/5\/2024\/09\/202110laurent-mariotte-couverture-.jpg\",\"datePublished\":\"2021-10-28T03:24:07+00:00\",\"dateModified\":\"2021-10-28T03:24:07+00:00\",\"breadcrumb\":{\"@id\":\"https:\/\/vosgesinfo.fr\/remiremontinfo\/2021\/10\/mieux-manger-se-ruiner-vosgien-laurent-mariotte\/#breadcrumb\"},\"inLanguage\":\"fr-FR\",\"potentialAction\":[{\"@type\":\"ReadAction\",\"target\":[\"https:\/\/vosgesinfo.fr\/remiremontinfo\/2021\/10\/mieux-manger-se-ruiner-vosgien-laurent-mariotte\/\"]}]},{\"@type\":\"ImageObject\",\"inLanguage\":\"fr-FR\",\"@id\":\"https:\/\/vosgesinfo.fr\/remiremontinfo\/2021\/10\/mieux-manger-se-ruiner-vosgien-laurent-mariotte\/#primaryimage\",\"url\":\"https:\/\/vosgesinfo.fr\/app\/uploads\/sites\/5\/2024\/09\/202110laurent-mariotte-couverture-.jpg\",\"contentUrl\":\"https:\/\/vosgesinfo.fr\/app\/uploads\/sites\/5\/2024\/09\/202110laurent-mariotte-couverture-.jpg\",\"width\":800,\"height\":577},{\"@type\":\"BreadcrumbList\",\"@id\":\"https:\/\/vosgesinfo.fr\/remiremontinfo\/2021\/10\/mieux-manger-se-ruiner-vosgien-laurent-mariotte\/#breadcrumb\",\"itemListElement\":[{\"@type\":\"ListItem\",\"position\":1,\"name\":\"Home\",\"item\":\"https:\/\/vosgesinfo.fr\/remiremontinfo\/\"},{\"@type\":\"ListItem\",\"position\":2,\"name\":\"\u00ab Mieux manger sans se ruiner \u00bb avec le Vosgien Laurent Mariotte\"}]},{\"@type\":\"WebSite\",\"@id\":\"https:\/\/vosgesinfo.fr\/remiremontinfo\/#website\",\"url\":\"https:\/\/vosgesinfo.fr\/remiremontinfo\/\",\"name\":\"Remiremont Info\",\"description\":\"Toute l&#039;actualit\u00e9 de Remiremont\",\"publisher\":{\"@id\":\"https:\/\/vosgesinfo.fr\/remiremontinfo\/#organization\"},\"alternateName\":\"Toute l'actualit\u00e9 de Remiremont\",\"potentialAction\":[{\"@type\":\"SearchAction\",\"target\":{\"@type\":\"EntryPoint\",\"urlTemplate\":\"https:\/\/vosgesinfo.fr\/remiremontinfo\/?s={search_term_string}\"},\"query-input\":\"required name=search_term_string\"}],\"inLanguage\":\"fr-FR\"},{\"@type\":\"Organization\",\"@id\":\"https:\/\/vosgesinfo.fr\/remiremontinfo\/#organization\",\"name\":\"Remiremont Info\",\"url\":\"https:\/\/vosgesinfo.fr\/remiremontinfo\/\",\"logo\":{\"@type\":\"ImageObject\",\"inLanguage\":\"fr-FR\",\"@id\":\"https:\/\/vosgesinfo.fr\/remiremontinfo\/#\/schema\/logo\/image\/\",\"url\":\"https:\/\/vosgesinfo.fr\/app\/uploads\/sites\/5\/2023\/08\/favicon-remiremontinfo.png\",\"contentUrl\":\"https:\/\/vosgesinfo.fr\/app\/uploads\/sites\/5\/2023\/08\/favicon-remiremontinfo.png\",\"width\":512,\"height\":512,\"caption\":\"Remiremont Info\"},\"image\":{\"@id\":\"https:\/\/vosgesinfo.fr\/remiremontinfo\/#\/schema\/logo\/image\/\"},\"sameAs\":[\"https:\/\/www.facebook.com\/remiremontinfo\",\"https:\/\/x.com\/VosgesInfo88\",\"https:\/\/www.youtube.com\/@vosgesinfo\"]},{\"@type\":\"Person\",\"@id\":\"https:\/\/vosgesinfo.fr\/remiremontinfo\/#\/schema\/person\/3bfd164d5218a185b1db68655a265316\",\"name\":\"C D\",\"image\":{\"@type\":\"ImageObject\",\"inLanguage\":\"fr-FR\",\"@id\":\"https:\/\/vosgesinfo.fr\/remiremontinfo\/#\/schema\/person\/image\/\",\"url\":\"https:\/\/secure.gravatar.com\/avatar\/1f9a70007336511a47468b8f1c66f922b8b7cf617b02a31149ada43893a5d48f?s=96&d=mm&r=g\",\"contentUrl\":\"https:\/\/secure.gravatar.com\/avatar\/1f9a70007336511a47468b8f1c66f922b8b7cf617b02a31149ada43893a5d48f?s=96&d=mm&r=g\",\"caption\":\"C D\"},\"url\":\"https:\/\/vosgesinfo.fr\/remiremontinfo\/author\/cedric-drevet\/\"}]}<\/script>\n<!-- \/ Yoast SEO plugin. -->","yoast_head_json":{"title":"\u00ab Mieux manger sans se ruiner \u00bb avec le Vosgien Laurent Mariotte - Remiremont Info","robots":{"index":"index","follow":"follow","max-snippet":"max-snippet:-1","max-image-preview":"max-image-preview:large","max-video-preview":"max-video-preview:-1"},"canonical":"https:\/\/vosgesinfo.fr\/remiremontinfo\/2021\/10\/mieux-manger-se-ruiner-vosgien-laurent-mariotte\/","twitter_card":"summary_large_image","twitter_title":"\u00ab Mieux manger sans se ruiner \u00bb avec le Vosgien Laurent Mariotte - Remiremont Info","twitter_description":"Originaire d\u2019Epinal, le chroniqueur culinaire\u00a0Laurent Mariotte, sort un nouvel ouvrage de cuisine. Avec son livre\u00a0\u00ab\u00a0Mieux manger sans se ruiner\u00a0\u00bb,\u00a0il propose [&hellip;]","twitter_image":"https:\/\/vosgesinfo.fr\/app\/uploads\/sites\/5\/2024\/09\/202110laurent-mariotte-couverture-.jpg","twitter_creator":"@VosgesInfo88","twitter_site":"@VosgesInfo88","twitter_misc":{"\u00c9crit par":"C D","Dur\u00e9e de lecture estim\u00e9e":"1 minute"},"schema":{"@context":"https:\/\/schema.org","@graph":[{"@type":"Article","@id":"https:\/\/vosgesinfo.fr\/remiremontinfo\/2021\/10\/mieux-manger-se-ruiner-vosgien-laurent-mariotte\/#article","isPartOf":{"@id":"https:\/\/vosgesinfo.fr\/remiremontinfo\/2021\/10\/mieux-manger-se-ruiner-vosgien-laurent-mariotte\/"},"author":{"name":"C D","@id":"https:\/\/vosgesinfo.fr\/remiremontinfo\/#\/schema\/person\/3bfd164d5218a185b1db68655a265316"},"headline":"\u00ab Mieux manger sans se ruiner \u00bb avec le Vosgien Laurent Mariotte","datePublished":"2021-10-28T03:24:07+00:00","dateModified":"2021-10-28T03:24:07+00:00","mainEntityOfPage":{"@id":"https:\/\/vosgesinfo.fr\/remiremontinfo\/2021\/10\/mieux-manger-se-ruiner-vosgien-laurent-mariotte\/"},"wordCount":202,"commentCount":0,"publisher":{"@id":"https:\/\/vosgesinfo.fr\/remiremontinfo\/#organization"},"image":{"@id":"https:\/\/vosgesinfo.fr\/remiremontinfo\/2021\/10\/mieux-manger-se-ruiner-vosgien-laurent-mariotte\/#primaryimage"},"thumbnailUrl":"https:\/\/vosgesinfo.fr\/app\/uploads\/sites\/5\/2024\/09\/202110laurent-mariotte-couverture-.jpg","keywords":["cuisine","laurent mariotte","livre","mieux manger sans se ruiner","Vosges"],"articleSection":["A la Une","Culture","Vosges"],"inLanguage":"fr-FR","potentialAction":[{"@type":"CommentAction","name":"Comment","target":["https:\/\/vosgesinfo.fr\/remiremontinfo\/2021\/10\/mieux-manger-se-ruiner-vosgien-laurent-mariotte\/#respond"]}]},{"@type":"WebPage","@id":"https:\/\/vosgesinfo.fr\/remiremontinfo\/2021\/10\/mieux-manger-se-ruiner-vosgien-laurent-mariotte\/","url":"https:\/\/vosgesinfo.fr\/remiremontinfo\/2021\/10\/mieux-manger-se-ruiner-vosgien-laurent-mariotte\/","name":"\u00ab Mieux manger sans se ruiner \u00bb avec le Vosgien Laurent Mariotte - Remiremont Info","isPartOf":{"@id":"https:\/\/vosgesinfo.fr\/remiremontinfo\/#website"},"primaryImageOfPage":{"@id":"https:\/\/vosgesinfo.fr\/remiremontinfo\/2021\/10\/mieux-manger-se-ruiner-vosgien-laurent-mariotte\/#primaryimage"},"image":{"@id":"https:\/\/vosgesinfo.fr\/remiremontinfo\/2021\/10\/mieux-manger-se-ruiner-vosgien-laurent-mariotte\/#primaryimage"},"thumbnailUrl":"https:\/\/vosgesinfo.fr\/app\/uploads\/sites\/5\/2024\/09\/202110laurent-mariotte-couverture-.jpg","datePublished":"2021-10-28T03:24:07+00:00","dateModified":"2021-10-28T03:24:07+00:00","breadcrumb":{"@id":"https:\/\/vosgesinfo.fr\/remiremontinfo\/2021\/10\/mieux-manger-se-ruiner-vosgien-laurent-mariotte\/#breadcrumb"},"inLanguage":"fr-FR","potentialAction":[{"@type":"ReadAction","target":["https:\/\/vosgesinfo.fr\/remiremontinfo\/2021\/10\/mieux-manger-se-ruiner-vosgien-laurent-mariotte\/"]}]},{"@type":"ImageObject","inLanguage":"fr-FR","@id":"https:\/\/vosgesinfo.fr\/remiremontinfo\/2021\/10\/mieux-manger-se-ruiner-vosgien-laurent-mariotte\/#primaryimage","url":"https:\/\/vosgesinfo.fr\/app\/uploads\/sites\/5\/2024\/09\/202110laurent-mariotte-couverture-.jpg","contentUrl":"https:\/\/vosgesinfo.fr\/app\/uploads\/sites\/5\/2024\/09\/202110laurent-mariotte-couverture-.jpg","width":800,"height":577},{"@type":"BreadcrumbList","@id":"https:\/\/vosgesinfo.fr\/remiremontinfo\/2021\/10\/mieux-manger-se-ruiner-vosgien-laurent-mariotte\/#breadcrumb","itemListElement":[{"@type":"ListItem","position":1,"name":"Home","item":"https:\/\/vosgesinfo.fr\/remiremontinfo\/"},{"@type":"ListItem","position":2,"name":"\u00ab Mieux manger sans se ruiner \u00bb avec le Vosgien Laurent Mariotte"}]},{"@type":"WebSite","@id":"https:\/\/vosgesinfo.fr\/remiremontinfo\/#website","url":"https:\/\/vosgesinfo.fr\/remiremontinfo\/","name":"Remiremont Info","description":"Toute l&#039;actualit\u00e9 de Remiremont","publisher":{"@id":"https:\/\/vosgesinfo.fr\/remiremontinfo\/#organization"},"alternateName":"Toute l'actualit\u00e9 de Remiremont","potentialAction":[{"@type":"SearchAction","target":{"@type":"EntryPoint","urlTemplate":"https:\/\/vosgesinfo.fr\/remiremontinfo\/?s={search_term_string}"},"query-input":"required name=search_term_string"}],"inLanguage":"fr-FR"},{"@type":"Organization","@id":"https:\/\/vosgesinfo.fr\/remiremontinfo\/#organization","name":"Remiremont Info","url":"https:\/\/vosgesinfo.fr\/remiremontinfo\/","logo":{"@type":"ImageObject","inLanguage":"fr-FR","@id":"https:\/\/vosgesinfo.fr\/remiremontinfo\/#\/schema\/logo\/image\/","url":"https:\/\/vosgesinfo.fr\/app\/uploads\/sites\/5\/2023\/08\/favicon-remiremontinfo.png","contentUrl":"https:\/\/vosgesinfo.fr\/app\/uploads\/sites\/5\/2023\/08\/favicon-remiremontinfo.png","width":512,"height":512,"caption":"Remiremont Info"},"image":{"@id":"https:\/\/vosgesinfo.fr\/remiremontinfo\/#\/schema\/logo\/image\/"},"sameAs":["https:\/\/www.facebook.com\/remiremontinfo","https:\/\/x.com\/VosgesInfo88","https:\/\/www.youtube.com\/@vosgesinfo"]},{"@type":"Person","@id":"https:\/\/vosgesinfo.fr\/remiremontinfo\/#\/schema\/person\/3bfd164d5218a185b1db68655a265316","name":"C D","image":{"@type":"ImageObject","inLanguage":"fr-FR","@id":"https:\/\/vosgesinfo.fr\/remiremontinfo\/#\/schema\/person\/image\/","url":"https:\/\/secure.gravatar.com\/avatar\/1f9a70007336511a47468b8f1c66f922b8b7cf617b02a31149ada43893a5d48f?s=96&d=mm&r=g","contentUrl":"https:\/\/secure.gravatar.com\/avatar\/1f9a70007336511a47468b8f1c66f922b8b7cf617b02a31149ada43893a5d48f?s=96&d=mm&r=g","caption":"C D"},"url":"https:\/\/vosgesinfo.fr\/remiremontinfo\/author\/cedric-drevet\/"}]}},"_links":{"self":[{"href":"https:\/\/vosgesinfo.fr\/remiremontinfo\/wp-json\/wp\/v2\/posts\/48060","targetHints":{"allow":["GET"]}}],"collection":[{"href":"https:\/\/vosgesinfo.fr\/remiremontinfo\/wp-json\/wp\/v2\/posts"}],"about":[{"href":"https:\/\/vosgesinfo.fr\/remiremontinfo\/wp-json\/wp\/v2\/types\/post"}],"author":[{"embeddable":true,"href":"https:\/\/vosgesinfo.fr\/remiremontinfo\/wp-json\/wp\/v2\/users\/407"}],"replies":[{"embeddable":true,"href":"https:\/\/vosgesinfo.fr\/remiremontinfo\/wp-json\/wp\/v2\/comments?post=48060"}],"version-history":[{"count":0,"href":"https:\/\/vosgesinfo.fr\/remiremontinfo\/wp-json\/wp\/v2\/posts\/48060\/revisions"}],"wp:featuredmedia":[{"embeddable":true,"href":"https:\/\/vosgesinfo.fr\/remiremontinfo\/wp-json\/wp\/v2\/media\/48061"}],"wp:attachment":[{"href":"https:\/\/vosgesinfo.fr\/remiremontinfo\/wp-json\/wp\/v2\/media?parent=48060"}],"wp:term":[{"taxonomy":"category","embeddable":true,"href":"https:\/\/vosgesinfo.fr\/remiremontinfo\/wp-json\/wp\/v2\/categories?post=48060"},{"taxonomy":"post_tag","embeddable":true,"href":"https:\/\/vosgesinfo.fr\/remiremontinfo\/wp-json\/wp\/v2\/tags?post=48060"}],"curies":[{"name":"wp","href":"https:\/\/api.w.org\/{rel}","templated":true}]}}