{"id":48189,"date":"2021-11-01T09:29:29","date_gmt":"2021-11-01T08:29:29","guid":{"rendered":"https:\/\/vosgesinfo.fr\/remiremontinfo\/2021\/11\/remiremont-mediatheque-intercommunale-cercle-inaugure-nouveaux-services\/"},"modified":"2021-11-01T09:29:29","modified_gmt":"2021-11-01T08:29:29","slug":"remiremont-mediatheque-intercommunale-cercle-inaugure-nouveaux-services","status":"publish","type":"post","link":"https:\/\/vosgesinfo.fr\/remiremontinfo\/2021\/11\/remiremont-mediatheque-intercommunale-cercle-inaugure-nouveaux-services\/","title":{"rendered":"Remiremont : la M\u00e9diath\u00e8que intercommunale Le Cercle inaugure ses nouveaux services"},"content":{"rendered":"<p><a href=\"\/2020\/01\/P1110212-1024x768.jpg\"><img decoding=\"async\" class=\"alignnone size-large wp-image-279892\" src=\"\/2020\/01\/P1110212-1024x768-1024x768.jpg\" alt=\"m\u00e9diath\u00e8que\" width=\"960\" height=\"720\" \/><\/a><\/p>\n<p><span style=\"font-size: 10pt;\"><em>Photo d&rsquo;archives\u00a0<\/em><\/span><\/p>\n<h2><span style=\"font-size: 12pt;\"><strong>Du 5 au 7 novembre, la M\u00e9diath\u00e8que de la Communaut\u00e9 de Communes de la Porte des Vosges M\u00e9ridionales Le Cercle pr\u00e9sentera ses nouveaux services et ouvrira ses portes au public, m\u00eame le dimanche, pour proposer tout un programme d&rsquo;activit\u00e9s. <\/strong><\/span><\/h2>\n<p>De nouvelles ressources pour rendre la culture encore plus accessible. Le pr\u00eat de jeux de soci\u00e9t\u00e9 ainsi que celui d\u2019instruments de musique, la mise en service d\u2019une grainoth\u00e8que sont les nouveaut\u00e9s que la M\u00e9diath\u00e8que intercommunale Le Cercle proposera \u00e0 ses usagers. Pour l&rsquo;occasion, un vernissage officiel aura lieu le vendredi 5 novembre \u00e0 17h30 \u00e0 la m\u00e9diath\u00e8que de Remiremont. Au programme : interm\u00e8de musical avec l&rsquo;orchestre junior de l&rsquo;Ecole intercommunale de musique Le Cube suivi d\u2019un ap\u00e9ritif en compagnie des \u00e9lus et d\u2019une animation \u00ab m\u00e9diastorming \u00bb.<\/p>\n<h3><strong><span style=\"font-size: 12pt;\">De nouveaux services pour tous les publics<\/span><\/strong><\/h3>\n<p>Pour les personnes en difficult\u00e9s de lecture, la m\u00e9diath\u00e8que mettra \u00e0 leur disposition des livres adapt\u00e9s, de la documentation, des livres audio sur CD et des livres num\u00e9riques \u00e0 consulter en ligne sur la Mallette num\u00e9rique. Les jeux de soci\u00e9t\u00e9 s\u00e9duiront les visiteurs de tous \u00e2ges. Pour le week-end de pr\u00e9sentation de ce nouveau service, l&rsquo;\u00e9quipe de la m\u00e9diath\u00e8que a pr\u00e9par\u00e9 un escape game virtuel sur le th\u00e8me d\u2019Harry Potter, l&rsquo;atelier \u00ab Le livret 1001 secrets de la m\u00e9diath\u00e8que \u00bb et, bien s\u00fbr, la d\u00e9couverte des jeux de soci\u00e9t\u00e9.<\/p>\n<p>Concernant les instruments de musique, la m\u00e9diath\u00e8que a acquis diff\u00e9rents instruments qui seront mis \u00e0 disposition des visiteurs. Aussi, \u00e0 cette occasion, la m\u00e9diath\u00e8que proc\u00e9dera au lancement de sa grainoth\u00e8que (en place dans les m\u00e9diath\u00e8ques de Remiremont et du Val-d\u2019Ajol). Ce service est bas\u00e9 sur un principe de don et de troc de graines entre jardiniers amateurs.<\/p>\n<p>Lors du week-end d&rsquo;ouverture, un atelier \u00ab Fabrication de pots \u00e0 semis \u00bb sera propos\u00e9 afin que les visiteurs puissent en apprendre un peu plus sur cette pratique. Lors du week-end d&rsquo;ouverture, diff\u00e9rentes animations musicales ont \u00e9t\u00e9 pr\u00e9par\u00e9es par l&rsquo;\u00e9quipe de la m\u00e9diath\u00e8que en partenariat avec l\u2019\u00e9cole de musique Le Cube : le concert d&rsquo;ouverture, des racontines musicales, une d\u00e9ambulation musicale et une activit\u00e9 de cl\u00f4ture.<\/p>\n<p><em>Communiqu\u00e9<\/em><\/p>\n","protected":false},"excerpt":{"rendered":"<p>Photo d&rsquo;archives\u00a0 Du 5 au 7 novembre, la M\u00e9diath\u00e8que de la Communaut\u00e9 de Communes de la Porte des Vosges M\u00e9ridionales [&hellip;]<\/p>\n","protected":false},"author":407,"featured_media":427,"comment_status":"open","ping_status":"open","sticky":false,"template":"","format":"standard","meta":{"footnotes":""},"categories":[26,4,1556,35],"tags":[41,154,44],"class_list":["post-48189","post","type-post","status-publish","format-standard","has-post-thumbnail","hentry","category-a-la-une","category-culture","category-remiremont-remiremont-son-canton-2","category-remiremont-son-canton","tag-culture","tag-mediatheque","tag-remiremont"],"acf":[],"yoast_head":"<!-- This site is optimized with the Yoast SEO plugin v22.5 - https:\/\/yoast.com\/wordpress\/plugins\/seo\/ -->\n<title>Remiremont : la M\u00e9diath\u00e8que intercommunale Le Cercle inaugure ses nouveaux services - Remiremont Info<\/title>\n<meta name=\"robots\" content=\"index, follow, max-snippet:-1, max-image-preview:large, max-video-preview:-1\" \/>\n<link rel=\"canonical\" href=\"https:\/\/vosgesinfo.fr\/remiremontinfo\/2021\/11\/remiremont-mediatheque-intercommunale-cercle-inaugure-nouveaux-services\/\" \/>\n<meta name=\"twitter:card\" content=\"summary_large_image\" \/>\n<meta name=\"twitter:title\" content=\"Remiremont : la M\u00e9diath\u00e8que intercommunale Le Cercle inaugure ses nouveaux services - Remiremont Info\" \/>\n<meta name=\"twitter:description\" content=\"Photo d&rsquo;archives\u00a0 Du 5 au 7 novembre, la M\u00e9diath\u00e8que de la Communaut\u00e9 de Communes de la Porte des Vosges M\u00e9ridionales [&hellip;]\" \/>\n<meta name=\"twitter:image\" content=\"https:\/\/vosgesinfo.fr\/app\/uploads\/sites\/5\/2020\/01\/p1110212-1024x768-1.jpg\" \/>\n<meta name=\"twitter:creator\" content=\"@VosgesInfo88\" \/>\n<meta name=\"twitter:site\" content=\"@VosgesInfo88\" \/>\n<meta name=\"twitter:label1\" content=\"\u00c9crit par\" \/>\n\t<meta name=\"twitter:data1\" content=\"C D\" \/>\n\t<meta name=\"twitter:label2\" content=\"Dur\u00e9e de lecture estim\u00e9e\" \/>\n\t<meta name=\"twitter:data2\" content=\"2 minutes\" \/>\n<script type=\"application\/ld+json\" class=\"yoast-schema-graph\">{\"@context\":\"https:\/\/schema.org\",\"@graph\":[{\"@type\":\"Article\",\"@id\":\"https:\/\/vosgesinfo.fr\/remiremontinfo\/2021\/11\/remiremont-mediatheque-intercommunale-cercle-inaugure-nouveaux-services\/#article\",\"isPartOf\":{\"@id\":\"https:\/\/vosgesinfo.fr\/remiremontinfo\/2021\/11\/remiremont-mediatheque-intercommunale-cercle-inaugure-nouveaux-services\/\"},\"author\":{\"name\":\"C D\",\"@id\":\"https:\/\/vosgesinfo.fr\/remiremontinfo\/#\/schema\/person\/3bfd164d5218a185b1db68655a265316\"},\"headline\":\"Remiremont : la M\u00e9diath\u00e8que intercommunale Le Cercle inaugure ses nouveaux services\",\"datePublished\":\"2021-11-01T08:29:29+00:00\",\"dateModified\":\"2021-11-01T08:29:29+00:00\",\"mainEntityOfPage\":{\"@id\":\"https:\/\/vosgesinfo.fr\/remiremontinfo\/2021\/11\/remiremont-mediatheque-intercommunale-cercle-inaugure-nouveaux-services\/\"},\"wordCount\":409,\"commentCount\":0,\"publisher\":{\"@id\":\"https:\/\/vosgesinfo.fr\/remiremontinfo\/#organization\"},\"image\":{\"@id\":\"https:\/\/vosgesinfo.fr\/remiremontinfo\/2021\/11\/remiremont-mediatheque-intercommunale-cercle-inaugure-nouveaux-services\/#primaryimage\"},\"thumbnailUrl\":\"https:\/\/vosgesinfo.fr\/app\/uploads\/sites\/5\/2020\/01\/p1110212-1024x768-1.jpg\",\"keywords\":[\"culture\",\"m\u00e9diath\u00e8que\",\"remiremont\"],\"articleSection\":[\"A la Une\",\"Culture\",\"Remiremont\",\"Remiremont &amp; son canton\"],\"inLanguage\":\"fr-FR\",\"potentialAction\":[{\"@type\":\"CommentAction\",\"name\":\"Comment\",\"target\":[\"https:\/\/vosgesinfo.fr\/remiremontinfo\/2021\/11\/remiremont-mediatheque-intercommunale-cercle-inaugure-nouveaux-services\/#respond\"]}]},{\"@type\":\"WebPage\",\"@id\":\"https:\/\/vosgesinfo.fr\/remiremontinfo\/2021\/11\/remiremont-mediatheque-intercommunale-cercle-inaugure-nouveaux-services\/\",\"url\":\"https:\/\/vosgesinfo.fr\/remiremontinfo\/2021\/11\/remiremont-mediatheque-intercommunale-cercle-inaugure-nouveaux-services\/\",\"name\":\"Remiremont : la M\u00e9diath\u00e8que intercommunale Le Cercle inaugure ses nouveaux services - Remiremont Info\",\"isPartOf\":{\"@id\":\"https:\/\/vosgesinfo.fr\/remiremontinfo\/#website\"},\"primaryImageOfPage\":{\"@id\":\"https:\/\/vosgesinfo.fr\/remiremontinfo\/2021\/11\/remiremont-mediatheque-intercommunale-cercle-inaugure-nouveaux-services\/#primaryimage\"},\"image\":{\"@id\":\"https:\/\/vosgesinfo.fr\/remiremontinfo\/2021\/11\/remiremont-mediatheque-intercommunale-cercle-inaugure-nouveaux-services\/#primaryimage\"},\"thumbnailUrl\":\"https:\/\/vosgesinfo.fr\/app\/uploads\/sites\/5\/2020\/01\/p1110212-1024x768-1.jpg\",\"datePublished\":\"2021-11-01T08:29:29+00:00\",\"dateModified\":\"2021-11-01T08:29:29+00:00\",\"breadcrumb\":{\"@id\":\"https:\/\/vosgesinfo.fr\/remiremontinfo\/2021\/11\/remiremont-mediatheque-intercommunale-cercle-inaugure-nouveaux-services\/#breadcrumb\"},\"inLanguage\":\"fr-FR\",\"potentialAction\":[{\"@type\":\"ReadAction\",\"target\":[\"https:\/\/vosgesinfo.fr\/remiremontinfo\/2021\/11\/remiremont-mediatheque-intercommunale-cercle-inaugure-nouveaux-services\/\"]}]},{\"@type\":\"ImageObject\",\"inLanguage\":\"fr-FR\",\"@id\":\"https:\/\/vosgesinfo.fr\/remiremontinfo\/2021\/11\/remiremont-mediatheque-intercommunale-cercle-inaugure-nouveaux-services\/#primaryimage\",\"url\":\"https:\/\/vosgesinfo.fr\/app\/uploads\/sites\/5\/2020\/01\/p1110212-1024x768-1.jpg\",\"contentUrl\":\"https:\/\/vosgesinfo.fr\/app\/uploads\/sites\/5\/2020\/01\/p1110212-1024x768-1.jpg\",\"width\":1024,\"height\":768},{\"@type\":\"BreadcrumbList\",\"@id\":\"https:\/\/vosgesinfo.fr\/remiremontinfo\/2021\/11\/remiremont-mediatheque-intercommunale-cercle-inaugure-nouveaux-services\/#breadcrumb\",\"itemListElement\":[{\"@type\":\"ListItem\",\"position\":1,\"name\":\"Home\",\"item\":\"https:\/\/vosgesinfo.fr\/remiremontinfo\/\"},{\"@type\":\"ListItem\",\"position\":2,\"name\":\"Remiremont : la M\u00e9diath\u00e8que intercommunale Le Cercle inaugure ses nouveaux services\"}]},{\"@type\":\"WebSite\",\"@id\":\"https:\/\/vosgesinfo.fr\/remiremontinfo\/#website\",\"url\":\"https:\/\/vosgesinfo.fr\/remiremontinfo\/\",\"name\":\"Remiremont Info\",\"description\":\"Toute l&#039;actualit\u00e9 de Remiremont\",\"publisher\":{\"@id\":\"https:\/\/vosgesinfo.fr\/remiremontinfo\/#organization\"},\"alternateName\":\"Toute l'actualit\u00e9 de Remiremont\",\"potentialAction\":[{\"@type\":\"SearchAction\",\"target\":{\"@type\":\"EntryPoint\",\"urlTemplate\":\"https:\/\/vosgesinfo.fr\/remiremontinfo\/?s={search_term_string}\"},\"query-input\":\"required name=search_term_string\"}],\"inLanguage\":\"fr-FR\"},{\"@type\":\"Organization\",\"@id\":\"https:\/\/vosgesinfo.fr\/remiremontinfo\/#organization\",\"name\":\"Remiremont Info\",\"url\":\"https:\/\/vosgesinfo.fr\/remiremontinfo\/\",\"logo\":{\"@type\":\"ImageObject\",\"inLanguage\":\"fr-FR\",\"@id\":\"https:\/\/vosgesinfo.fr\/remiremontinfo\/#\/schema\/logo\/image\/\",\"url\":\"https:\/\/vosgesinfo.fr\/app\/uploads\/sites\/5\/2023\/08\/favicon-remiremontinfo.png\",\"contentUrl\":\"https:\/\/vosgesinfo.fr\/app\/uploads\/sites\/5\/2023\/08\/favicon-remiremontinfo.png\",\"width\":512,\"height\":512,\"caption\":\"Remiremont Info\"},\"image\":{\"@id\":\"https:\/\/vosgesinfo.fr\/remiremontinfo\/#\/schema\/logo\/image\/\"},\"sameAs\":[\"https:\/\/www.facebook.com\/remiremontinfo\",\"https:\/\/x.com\/VosgesInfo88\",\"https:\/\/www.youtube.com\/@vosgesinfo\"]},{\"@type\":\"Person\",\"@id\":\"https:\/\/vosgesinfo.fr\/remiremontinfo\/#\/schema\/person\/3bfd164d5218a185b1db68655a265316\",\"name\":\"C D\",\"image\":{\"@type\":\"ImageObject\",\"inLanguage\":\"fr-FR\",\"@id\":\"https:\/\/vosgesinfo.fr\/remiremontinfo\/#\/schema\/person\/image\/\",\"url\":\"https:\/\/secure.gravatar.com\/avatar\/1f9a70007336511a47468b8f1c66f922b8b7cf617b02a31149ada43893a5d48f?s=96&d=mm&r=g\",\"contentUrl\":\"https:\/\/secure.gravatar.com\/avatar\/1f9a70007336511a47468b8f1c66f922b8b7cf617b02a31149ada43893a5d48f?s=96&d=mm&r=g\",\"caption\":\"C D\"},\"url\":\"https:\/\/vosgesinfo.fr\/remiremontinfo\/author\/cedric-drevet\/\"}]}<\/script>\n<!-- \/ Yoast SEO plugin. -->","yoast_head_json":{"title":"Remiremont : la M\u00e9diath\u00e8que intercommunale Le Cercle inaugure ses nouveaux services - Remiremont Info","robots":{"index":"index","follow":"follow","max-snippet":"max-snippet:-1","max-image-preview":"max-image-preview:large","max-video-preview":"max-video-preview:-1"},"canonical":"https:\/\/vosgesinfo.fr\/remiremontinfo\/2021\/11\/remiremont-mediatheque-intercommunale-cercle-inaugure-nouveaux-services\/","twitter_card":"summary_large_image","twitter_title":"Remiremont : la M\u00e9diath\u00e8que intercommunale Le Cercle inaugure ses nouveaux services - Remiremont Info","twitter_description":"Photo d&rsquo;archives\u00a0 Du 5 au 7 novembre, la M\u00e9diath\u00e8que de la Communaut\u00e9 de Communes de la Porte des Vosges M\u00e9ridionales [&hellip;]","twitter_image":"https:\/\/vosgesinfo.fr\/app\/uploads\/sites\/5\/2020\/01\/p1110212-1024x768-1.jpg","twitter_creator":"@VosgesInfo88","twitter_site":"@VosgesInfo88","twitter_misc":{"\u00c9crit par":"C D","Dur\u00e9e de lecture estim\u00e9e":"2 minutes"},"schema":{"@context":"https:\/\/schema.org","@graph":[{"@type":"Article","@id":"https:\/\/vosgesinfo.fr\/remiremontinfo\/2021\/11\/remiremont-mediatheque-intercommunale-cercle-inaugure-nouveaux-services\/#article","isPartOf":{"@id":"https:\/\/vosgesinfo.fr\/remiremontinfo\/2021\/11\/remiremont-mediatheque-intercommunale-cercle-inaugure-nouveaux-services\/"},"author":{"name":"C D","@id":"https:\/\/vosgesinfo.fr\/remiremontinfo\/#\/schema\/person\/3bfd164d5218a185b1db68655a265316"},"headline":"Remiremont : la M\u00e9diath\u00e8que intercommunale Le Cercle inaugure ses nouveaux services","datePublished":"2021-11-01T08:29:29+00:00","dateModified":"2021-11-01T08:29:29+00:00","mainEntityOfPage":{"@id":"https:\/\/vosgesinfo.fr\/remiremontinfo\/2021\/11\/remiremont-mediatheque-intercommunale-cercle-inaugure-nouveaux-services\/"},"wordCount":409,"commentCount":0,"publisher":{"@id":"https:\/\/vosgesinfo.fr\/remiremontinfo\/#organization"},"image":{"@id":"https:\/\/vosgesinfo.fr\/remiremontinfo\/2021\/11\/remiremont-mediatheque-intercommunale-cercle-inaugure-nouveaux-services\/#primaryimage"},"thumbnailUrl":"https:\/\/vosgesinfo.fr\/app\/uploads\/sites\/5\/2020\/01\/p1110212-1024x768-1.jpg","keywords":["culture","m\u00e9diath\u00e8que","remiremont"],"articleSection":["A la Une","Culture","Remiremont","Remiremont &amp; son canton"],"inLanguage":"fr-FR","potentialAction":[{"@type":"CommentAction","name":"Comment","target":["https:\/\/vosgesinfo.fr\/remiremontinfo\/2021\/11\/remiremont-mediatheque-intercommunale-cercle-inaugure-nouveaux-services\/#respond"]}]},{"@type":"WebPage","@id":"https:\/\/vosgesinfo.fr\/remiremontinfo\/2021\/11\/remiremont-mediatheque-intercommunale-cercle-inaugure-nouveaux-services\/","url":"https:\/\/vosgesinfo.fr\/remiremontinfo\/2021\/11\/remiremont-mediatheque-intercommunale-cercle-inaugure-nouveaux-services\/","name":"Remiremont : la M\u00e9diath\u00e8que intercommunale Le Cercle inaugure ses nouveaux services - Remiremont Info","isPartOf":{"@id":"https:\/\/vosgesinfo.fr\/remiremontinfo\/#website"},"primaryImageOfPage":{"@id":"https:\/\/vosgesinfo.fr\/remiremontinfo\/2021\/11\/remiremont-mediatheque-intercommunale-cercle-inaugure-nouveaux-services\/#primaryimage"},"image":{"@id":"https:\/\/vosgesinfo.fr\/remiremontinfo\/2021\/11\/remiremont-mediatheque-intercommunale-cercle-inaugure-nouveaux-services\/#primaryimage"},"thumbnailUrl":"https:\/\/vosgesinfo.fr\/app\/uploads\/sites\/5\/2020\/01\/p1110212-1024x768-1.jpg","datePublished":"2021-11-01T08:29:29+00:00","dateModified":"2021-11-01T08:29:29+00:00","breadcrumb":{"@id":"https:\/\/vosgesinfo.fr\/remiremontinfo\/2021\/11\/remiremont-mediatheque-intercommunale-cercle-inaugure-nouveaux-services\/#breadcrumb"},"inLanguage":"fr-FR","potentialAction":[{"@type":"ReadAction","target":["https:\/\/vosgesinfo.fr\/remiremontinfo\/2021\/11\/remiremont-mediatheque-intercommunale-cercle-inaugure-nouveaux-services\/"]}]},{"@type":"ImageObject","inLanguage":"fr-FR","@id":"https:\/\/vosgesinfo.fr\/remiremontinfo\/2021\/11\/remiremont-mediatheque-intercommunale-cercle-inaugure-nouveaux-services\/#primaryimage","url":"https:\/\/vosgesinfo.fr\/app\/uploads\/sites\/5\/2020\/01\/p1110212-1024x768-1.jpg","contentUrl":"https:\/\/vosgesinfo.fr\/app\/uploads\/sites\/5\/2020\/01\/p1110212-1024x768-1.jpg","width":1024,"height":768},{"@type":"BreadcrumbList","@id":"https:\/\/vosgesinfo.fr\/remiremontinfo\/2021\/11\/remiremont-mediatheque-intercommunale-cercle-inaugure-nouveaux-services\/#breadcrumb","itemListElement":[{"@type":"ListItem","position":1,"name":"Home","item":"https:\/\/vosgesinfo.fr\/remiremontinfo\/"},{"@type":"ListItem","position":2,"name":"Remiremont : la M\u00e9diath\u00e8que intercommunale Le Cercle inaugure ses nouveaux services"}]},{"@type":"WebSite","@id":"https:\/\/vosgesinfo.fr\/remiremontinfo\/#website","url":"https:\/\/vosgesinfo.fr\/remiremontinfo\/","name":"Remiremont Info","description":"Toute l&#039;actualit\u00e9 de Remiremont","publisher":{"@id":"https:\/\/vosgesinfo.fr\/remiremontinfo\/#organization"},"alternateName":"Toute l'actualit\u00e9 de Remiremont","potentialAction":[{"@type":"SearchAction","target":{"@type":"EntryPoint","urlTemplate":"https:\/\/vosgesinfo.fr\/remiremontinfo\/?s={search_term_string}"},"query-input":"required name=search_term_string"}],"inLanguage":"fr-FR"},{"@type":"Organization","@id":"https:\/\/vosgesinfo.fr\/remiremontinfo\/#organization","name":"Remiremont Info","url":"https:\/\/vosgesinfo.fr\/remiremontinfo\/","logo":{"@type":"ImageObject","inLanguage":"fr-FR","@id":"https:\/\/vosgesinfo.fr\/remiremontinfo\/#\/schema\/logo\/image\/","url":"https:\/\/vosgesinfo.fr\/app\/uploads\/sites\/5\/2023\/08\/favicon-remiremontinfo.png","contentUrl":"https:\/\/vosgesinfo.fr\/app\/uploads\/sites\/5\/2023\/08\/favicon-remiremontinfo.png","width":512,"height":512,"caption":"Remiremont Info"},"image":{"@id":"https:\/\/vosgesinfo.fr\/remiremontinfo\/#\/schema\/logo\/image\/"},"sameAs":["https:\/\/www.facebook.com\/remiremontinfo","https:\/\/x.com\/VosgesInfo88","https:\/\/www.youtube.com\/@vosgesinfo"]},{"@type":"Person","@id":"https:\/\/vosgesinfo.fr\/remiremontinfo\/#\/schema\/person\/3bfd164d5218a185b1db68655a265316","name":"C D","image":{"@type":"ImageObject","inLanguage":"fr-FR","@id":"https:\/\/vosgesinfo.fr\/remiremontinfo\/#\/schema\/person\/image\/","url":"https:\/\/secure.gravatar.com\/avatar\/1f9a70007336511a47468b8f1c66f922b8b7cf617b02a31149ada43893a5d48f?s=96&d=mm&r=g","contentUrl":"https:\/\/secure.gravatar.com\/avatar\/1f9a70007336511a47468b8f1c66f922b8b7cf617b02a31149ada43893a5d48f?s=96&d=mm&r=g","caption":"C D"},"url":"https:\/\/vosgesinfo.fr\/remiremontinfo\/author\/cedric-drevet\/"}]}},"_links":{"self":[{"href":"https:\/\/vosgesinfo.fr\/remiremontinfo\/wp-json\/wp\/v2\/posts\/48189","targetHints":{"allow":["GET"]}}],"collection":[{"href":"https:\/\/vosgesinfo.fr\/remiremontinfo\/wp-json\/wp\/v2\/posts"}],"about":[{"href":"https:\/\/vosgesinfo.fr\/remiremontinfo\/wp-json\/wp\/v2\/types\/post"}],"author":[{"embeddable":true,"href":"https:\/\/vosgesinfo.fr\/remiremontinfo\/wp-json\/wp\/v2\/users\/407"}],"replies":[{"embeddable":true,"href":"https:\/\/vosgesinfo.fr\/remiremontinfo\/wp-json\/wp\/v2\/comments?post=48189"}],"version-history":[{"count":0,"href":"https:\/\/vosgesinfo.fr\/remiremontinfo\/wp-json\/wp\/v2\/posts\/48189\/revisions"}],"wp:featuredmedia":[{"embeddable":true,"href":"https:\/\/vosgesinfo.fr\/remiremontinfo\/wp-json\/wp\/v2\/media\/427"}],"wp:attachment":[{"href":"https:\/\/vosgesinfo.fr\/remiremontinfo\/wp-json\/wp\/v2\/media?parent=48189"}],"wp:term":[{"taxonomy":"category","embeddable":true,"href":"https:\/\/vosgesinfo.fr\/remiremontinfo\/wp-json\/wp\/v2\/categories?post=48189"},{"taxonomy":"post_tag","embeddable":true,"href":"https:\/\/vosgesinfo.fr\/remiremontinfo\/wp-json\/wp\/v2\/tags?post=48189"}],"curies":[{"name":"wp","href":"https:\/\/api.w.org\/{rel}","templated":true}]}}