{"id":48190,"date":"2021-11-01T09:40:50","date_gmt":"2021-11-01T08:40:50","guid":{"rendered":"https:\/\/vosgesinfo.fr\/remiremontinfo\/2021\/11\/remiremont-enfants-de-colonie-vacances-apprenantes-presentent-spectacle\/"},"modified":"2021-11-01T09:40:50","modified_gmt":"2021-11-01T08:40:50","slug":"remiremont-enfants-de-colonie-vacances-apprenantes-presentent-spectacle","status":"publish","type":"post","link":"https:\/\/vosgesinfo.fr\/remiremontinfo\/2021\/11\/remiremont-enfants-de-colonie-vacances-apprenantes-presentent-spectacle\/","title":{"rendered":"Remiremont : les enfants de la colonie \u00ab Vacances apprenantes \u00bb pr\u00e9sentent leur spectacle"},"content":{"rendered":"<p style=\"text-align: center;\"><a href=\"\/2021\/11\/250257659_267426652048969_5975684767816043485_n.jpg\"><img decoding=\"async\" class=\"alignnone size-full wp-image-330509\" src=\"\/2021\/11\/250257659_267426652048969_5975684767816043485_n.jpg\" alt=\"250257659_267426652048969_5975684767816043485_n\" width=\"800\" height=\"372\" \/><\/a><\/p>\n<p><span style=\"font-size: 10pt;\"><em>Photos par PACCT<\/em><\/span><\/p>\n<h2><span style=\"font-size: 12pt;\"><strong>Dans le cadre du dispositif \u00ab Vacances apprenantes \u00bb initi\u00e9 par l\u2019Etat, la Ligue de l\u2019Enseignement des Vosges a organis\u00e9 un s\u00e9jour sur la th\u00e9matique de la culture urbaine du 25 au 30 octobre 2021 en partenariat avec l\u2019association PACCT de Remiremont. Pour cl\u00f4turer leur s\u00e9jour, les participants ont pr\u00e9sent\u00e9 leurs travaux artistiques au Centre Culturel Gilbert Zaug.<\/strong><\/span><\/h2>\n<p>Cette restitution a eu lieu samedi en fin d\u2019apr\u00e8s-midi. Les jeunes participants ont assist\u00e9, cette semaine, \u00e0 diff\u00e9rents ateliers tels que le graph, la danse mais aussi la vid\u00e9o, sur le site des tronches \u00e0 Saint-Etienne les Remiremont. \u00ab\u00a0Nous tenons \u00e0 remercier chaleureusement les enfants pour leurs participations et pour ce magnifique spectacle offert devant les familles\u00a0\u00bb, affirme l\u2019association PACCT, qui remercie \u00e9galement pour leur participation le maire Jean-Benoit Tisserand, Lionel et Nathalie du centre culturel, le s\u00e9nateur Jean Hingray, ainsi que les artistes et intervenants, Benoit Cappeliez, Geoffrey D\u2019Oliveira pour le street art, Florian Lambolez pour la vid\u00e9o, Angelique Vernet pour la danse. Retrouvez ci dessous quelques images de cette soir\u00e9e.<\/p>\n\n","protected":false},"excerpt":{"rendered":"<p>Photos par PACCT Dans le cadre du dispositif \u00ab Vacances apprenantes \u00bb initi\u00e9 par l\u2019Etat, la Ligue de l\u2019Enseignement des [&hellip;]<\/p>\n","protected":false},"author":407,"featured_media":48191,"comment_status":"open","ping_status":"open","sticky":false,"template":"","format":"standard","meta":{"footnotes":""},"categories":[26,4,1556,35],"tags":[530,44,316],"class_list":["post-48190","post","type-post","status-publish","format-standard","has-post-thumbnail","hentry","category-a-la-une","category-culture","category-remiremont-remiremont-son-canton-2","category-remiremont-son-canton","tag-pacct","tag-remiremont","tag-spectacle"],"acf":[],"yoast_head":"<!-- This site is optimized with the Yoast SEO plugin v22.5 - https:\/\/yoast.com\/wordpress\/plugins\/seo\/ -->\n<title>Remiremont : les enfants de la colonie \u00ab Vacances apprenantes \u00bb pr\u00e9sentent leur spectacle - Remiremont Info<\/title>\n<meta name=\"robots\" content=\"index, follow, max-snippet:-1, max-image-preview:large, max-video-preview:-1\" \/>\n<link rel=\"canonical\" href=\"https:\/\/vosgesinfo.fr\/remiremontinfo\/2021\/11\/remiremont-enfants-de-colonie-vacances-apprenantes-presentent-spectacle\/\" \/>\n<meta name=\"twitter:card\" content=\"summary_large_image\" \/>\n<meta name=\"twitter:title\" content=\"Remiremont : les enfants de la colonie \u00ab Vacances apprenantes \u00bb pr\u00e9sentent leur spectacle - Remiremont Info\" \/>\n<meta name=\"twitter:description\" content=\"Photos par PACCT Dans le cadre du dispositif \u00ab Vacances apprenantes \u00bb initi\u00e9 par l\u2019Etat, la Ligue de l\u2019Enseignement des [&hellip;]\" \/>\n<meta name=\"twitter:image\" content=\"https:\/\/vosgesinfo.fr\/app\/uploads\/sites\/5\/2024\/09\/202111251178012-267427305382237-6094139926057220584-n1.jpg\" \/>\n<meta name=\"twitter:creator\" content=\"@VosgesInfo88\" \/>\n<meta name=\"twitter:site\" content=\"@VosgesInfo88\" \/>\n<meta name=\"twitter:label1\" content=\"\u00c9crit par\" \/>\n\t<meta name=\"twitter:data1\" content=\"C D\" \/>\n\t<meta name=\"twitter:label2\" content=\"Dur\u00e9e de lecture estim\u00e9e\" \/>\n\t<meta name=\"twitter:data2\" content=\"1 minute\" \/>\n<script type=\"application\/ld+json\" class=\"yoast-schema-graph\">{\"@context\":\"https:\/\/schema.org\",\"@graph\":[{\"@type\":\"Article\",\"@id\":\"https:\/\/vosgesinfo.fr\/remiremontinfo\/2021\/11\/remiremont-enfants-de-colonie-vacances-apprenantes-presentent-spectacle\/#article\",\"isPartOf\":{\"@id\":\"https:\/\/vosgesinfo.fr\/remiremontinfo\/2021\/11\/remiremont-enfants-de-colonie-vacances-apprenantes-presentent-spectacle\/\"},\"author\":{\"name\":\"C D\",\"@id\":\"https:\/\/vosgesinfo.fr\/remiremontinfo\/#\/schema\/person\/3bfd164d5218a185b1db68655a265316\"},\"headline\":\"Remiremont : les enfants de la colonie \u00ab Vacances apprenantes \u00bb pr\u00e9sentent leur spectacle\",\"datePublished\":\"2021-11-01T08:40:50+00:00\",\"dateModified\":\"2021-11-01T08:40:50+00:00\",\"mainEntityOfPage\":{\"@id\":\"https:\/\/vosgesinfo.fr\/remiremontinfo\/2021\/11\/remiremont-enfants-de-colonie-vacances-apprenantes-presentent-spectacle\/\"},\"wordCount\":202,\"commentCount\":0,\"publisher\":{\"@id\":\"https:\/\/vosgesinfo.fr\/remiremontinfo\/#organization\"},\"image\":{\"@id\":\"https:\/\/vosgesinfo.fr\/remiremontinfo\/2021\/11\/remiremont-enfants-de-colonie-vacances-apprenantes-presentent-spectacle\/#primaryimage\"},\"thumbnailUrl\":\"https:\/\/vosgesinfo.fr\/app\/uploads\/sites\/5\/2024\/09\/202111251178012-267427305382237-6094139926057220584-n1.jpg\",\"keywords\":[\"pacct\",\"remiremont\",\"spectacle\"],\"articleSection\":[\"A la Une\",\"Culture\",\"Remiremont\",\"Remiremont &amp; son canton\"],\"inLanguage\":\"fr-FR\",\"potentialAction\":[{\"@type\":\"CommentAction\",\"name\":\"Comment\",\"target\":[\"https:\/\/vosgesinfo.fr\/remiremontinfo\/2021\/11\/remiremont-enfants-de-colonie-vacances-apprenantes-presentent-spectacle\/#respond\"]}]},{\"@type\":\"WebPage\",\"@id\":\"https:\/\/vosgesinfo.fr\/remiremontinfo\/2021\/11\/remiremont-enfants-de-colonie-vacances-apprenantes-presentent-spectacle\/\",\"url\":\"https:\/\/vosgesinfo.fr\/remiremontinfo\/2021\/11\/remiremont-enfants-de-colonie-vacances-apprenantes-presentent-spectacle\/\",\"name\":\"Remiremont : les enfants de la colonie \u00ab Vacances apprenantes \u00bb pr\u00e9sentent leur spectacle - Remiremont Info\",\"isPartOf\":{\"@id\":\"https:\/\/vosgesinfo.fr\/remiremontinfo\/#website\"},\"primaryImageOfPage\":{\"@id\":\"https:\/\/vosgesinfo.fr\/remiremontinfo\/2021\/11\/remiremont-enfants-de-colonie-vacances-apprenantes-presentent-spectacle\/#primaryimage\"},\"image\":{\"@id\":\"https:\/\/vosgesinfo.fr\/remiremontinfo\/2021\/11\/remiremont-enfants-de-colonie-vacances-apprenantes-presentent-spectacle\/#primaryimage\"},\"thumbnailUrl\":\"https:\/\/vosgesinfo.fr\/app\/uploads\/sites\/5\/2024\/09\/202111251178012-267427305382237-6094139926057220584-n1.jpg\",\"datePublished\":\"2021-11-01T08:40:50+00:00\",\"dateModified\":\"2021-11-01T08:40:50+00:00\",\"breadcrumb\":{\"@id\":\"https:\/\/vosgesinfo.fr\/remiremontinfo\/2021\/11\/remiremont-enfants-de-colonie-vacances-apprenantes-presentent-spectacle\/#breadcrumb\"},\"inLanguage\":\"fr-FR\",\"potentialAction\":[{\"@type\":\"ReadAction\",\"target\":[\"https:\/\/vosgesinfo.fr\/remiremontinfo\/2021\/11\/remiremont-enfants-de-colonie-vacances-apprenantes-presentent-spectacle\/\"]}]},{\"@type\":\"ImageObject\",\"inLanguage\":\"fr-FR\",\"@id\":\"https:\/\/vosgesinfo.fr\/remiremontinfo\/2021\/11\/remiremont-enfants-de-colonie-vacances-apprenantes-presentent-spectacle\/#primaryimage\",\"url\":\"https:\/\/vosgesinfo.fr\/app\/uploads\/sites\/5\/2024\/09\/202111251178012-267427305382237-6094139926057220584-n1.jpg\",\"contentUrl\":\"https:\/\/vosgesinfo.fr\/app\/uploads\/sites\/5\/2024\/09\/202111251178012-267427305382237-6094139926057220584-n1.jpg\",\"width\":800,\"height\":508},{\"@type\":\"BreadcrumbList\",\"@id\":\"https:\/\/vosgesinfo.fr\/remiremontinfo\/2021\/11\/remiremont-enfants-de-colonie-vacances-apprenantes-presentent-spectacle\/#breadcrumb\",\"itemListElement\":[{\"@type\":\"ListItem\",\"position\":1,\"name\":\"Home\",\"item\":\"https:\/\/vosgesinfo.fr\/remiremontinfo\/\"},{\"@type\":\"ListItem\",\"position\":2,\"name\":\"Remiremont : les enfants de la colonie \u00ab Vacances apprenantes \u00bb pr\u00e9sentent leur spectacle\"}]},{\"@type\":\"WebSite\",\"@id\":\"https:\/\/vosgesinfo.fr\/remiremontinfo\/#website\",\"url\":\"https:\/\/vosgesinfo.fr\/remiremontinfo\/\",\"name\":\"Remiremont Info\",\"description\":\"Toute l&#039;actualit\u00e9 de Remiremont\",\"publisher\":{\"@id\":\"https:\/\/vosgesinfo.fr\/remiremontinfo\/#organization\"},\"alternateName\":\"Toute l'actualit\u00e9 de Remiremont\",\"potentialAction\":[{\"@type\":\"SearchAction\",\"target\":{\"@type\":\"EntryPoint\",\"urlTemplate\":\"https:\/\/vosgesinfo.fr\/remiremontinfo\/?s={search_term_string}\"},\"query-input\":\"required name=search_term_string\"}],\"inLanguage\":\"fr-FR\"},{\"@type\":\"Organization\",\"@id\":\"https:\/\/vosgesinfo.fr\/remiremontinfo\/#organization\",\"name\":\"Remiremont Info\",\"url\":\"https:\/\/vosgesinfo.fr\/remiremontinfo\/\",\"logo\":{\"@type\":\"ImageObject\",\"inLanguage\":\"fr-FR\",\"@id\":\"https:\/\/vosgesinfo.fr\/remiremontinfo\/#\/schema\/logo\/image\/\",\"url\":\"https:\/\/vosgesinfo.fr\/app\/uploads\/sites\/5\/2023\/08\/favicon-remiremontinfo.png\",\"contentUrl\":\"https:\/\/vosgesinfo.fr\/app\/uploads\/sites\/5\/2023\/08\/favicon-remiremontinfo.png\",\"width\":512,\"height\":512,\"caption\":\"Remiremont Info\"},\"image\":{\"@id\":\"https:\/\/vosgesinfo.fr\/remiremontinfo\/#\/schema\/logo\/image\/\"},\"sameAs\":[\"https:\/\/www.facebook.com\/remiremontinfo\",\"https:\/\/x.com\/VosgesInfo88\",\"https:\/\/www.youtube.com\/@vosgesinfo\"]},{\"@type\":\"Person\",\"@id\":\"https:\/\/vosgesinfo.fr\/remiremontinfo\/#\/schema\/person\/3bfd164d5218a185b1db68655a265316\",\"name\":\"C D\",\"image\":{\"@type\":\"ImageObject\",\"inLanguage\":\"fr-FR\",\"@id\":\"https:\/\/vosgesinfo.fr\/remiremontinfo\/#\/schema\/person\/image\/\",\"url\":\"https:\/\/secure.gravatar.com\/avatar\/1f9a70007336511a47468b8f1c66f922b8b7cf617b02a31149ada43893a5d48f?s=96&d=mm&r=g\",\"contentUrl\":\"https:\/\/secure.gravatar.com\/avatar\/1f9a70007336511a47468b8f1c66f922b8b7cf617b02a31149ada43893a5d48f?s=96&d=mm&r=g\",\"caption\":\"C D\"},\"url\":\"https:\/\/vosgesinfo.fr\/remiremontinfo\/author\/cedric-drevet\/\"}]}<\/script>\n<!-- \/ Yoast SEO plugin. -->","yoast_head_json":{"title":"Remiremont : les enfants de la colonie \u00ab Vacances apprenantes \u00bb pr\u00e9sentent leur spectacle - Remiremont Info","robots":{"index":"index","follow":"follow","max-snippet":"max-snippet:-1","max-image-preview":"max-image-preview:large","max-video-preview":"max-video-preview:-1"},"canonical":"https:\/\/vosgesinfo.fr\/remiremontinfo\/2021\/11\/remiremont-enfants-de-colonie-vacances-apprenantes-presentent-spectacle\/","twitter_card":"summary_large_image","twitter_title":"Remiremont : les enfants de la colonie \u00ab Vacances apprenantes \u00bb pr\u00e9sentent leur spectacle - Remiremont Info","twitter_description":"Photos par PACCT Dans le cadre du dispositif \u00ab Vacances apprenantes \u00bb initi\u00e9 par l\u2019Etat, la Ligue de l\u2019Enseignement des [&hellip;]","twitter_image":"https:\/\/vosgesinfo.fr\/app\/uploads\/sites\/5\/2024\/09\/202111251178012-267427305382237-6094139926057220584-n1.jpg","twitter_creator":"@VosgesInfo88","twitter_site":"@VosgesInfo88","twitter_misc":{"\u00c9crit par":"C D","Dur\u00e9e de lecture estim\u00e9e":"1 minute"},"schema":{"@context":"https:\/\/schema.org","@graph":[{"@type":"Article","@id":"https:\/\/vosgesinfo.fr\/remiremontinfo\/2021\/11\/remiremont-enfants-de-colonie-vacances-apprenantes-presentent-spectacle\/#article","isPartOf":{"@id":"https:\/\/vosgesinfo.fr\/remiremontinfo\/2021\/11\/remiremont-enfants-de-colonie-vacances-apprenantes-presentent-spectacle\/"},"author":{"name":"C D","@id":"https:\/\/vosgesinfo.fr\/remiremontinfo\/#\/schema\/person\/3bfd164d5218a185b1db68655a265316"},"headline":"Remiremont : les enfants de la colonie \u00ab Vacances apprenantes \u00bb pr\u00e9sentent leur spectacle","datePublished":"2021-11-01T08:40:50+00:00","dateModified":"2021-11-01T08:40:50+00:00","mainEntityOfPage":{"@id":"https:\/\/vosgesinfo.fr\/remiremontinfo\/2021\/11\/remiremont-enfants-de-colonie-vacances-apprenantes-presentent-spectacle\/"},"wordCount":202,"commentCount":0,"publisher":{"@id":"https:\/\/vosgesinfo.fr\/remiremontinfo\/#organization"},"image":{"@id":"https:\/\/vosgesinfo.fr\/remiremontinfo\/2021\/11\/remiremont-enfants-de-colonie-vacances-apprenantes-presentent-spectacle\/#primaryimage"},"thumbnailUrl":"https:\/\/vosgesinfo.fr\/app\/uploads\/sites\/5\/2024\/09\/202111251178012-267427305382237-6094139926057220584-n1.jpg","keywords":["pacct","remiremont","spectacle"],"articleSection":["A la Une","Culture","Remiremont","Remiremont &amp; son canton"],"inLanguage":"fr-FR","potentialAction":[{"@type":"CommentAction","name":"Comment","target":["https:\/\/vosgesinfo.fr\/remiremontinfo\/2021\/11\/remiremont-enfants-de-colonie-vacances-apprenantes-presentent-spectacle\/#respond"]}]},{"@type":"WebPage","@id":"https:\/\/vosgesinfo.fr\/remiremontinfo\/2021\/11\/remiremont-enfants-de-colonie-vacances-apprenantes-presentent-spectacle\/","url":"https:\/\/vosgesinfo.fr\/remiremontinfo\/2021\/11\/remiremont-enfants-de-colonie-vacances-apprenantes-presentent-spectacle\/","name":"Remiremont : les enfants de la colonie \u00ab Vacances apprenantes \u00bb pr\u00e9sentent leur spectacle - Remiremont Info","isPartOf":{"@id":"https:\/\/vosgesinfo.fr\/remiremontinfo\/#website"},"primaryImageOfPage":{"@id":"https:\/\/vosgesinfo.fr\/remiremontinfo\/2021\/11\/remiremont-enfants-de-colonie-vacances-apprenantes-presentent-spectacle\/#primaryimage"},"image":{"@id":"https:\/\/vosgesinfo.fr\/remiremontinfo\/2021\/11\/remiremont-enfants-de-colonie-vacances-apprenantes-presentent-spectacle\/#primaryimage"},"thumbnailUrl":"https:\/\/vosgesinfo.fr\/app\/uploads\/sites\/5\/2024\/09\/202111251178012-267427305382237-6094139926057220584-n1.jpg","datePublished":"2021-11-01T08:40:50+00:00","dateModified":"2021-11-01T08:40:50+00:00","breadcrumb":{"@id":"https:\/\/vosgesinfo.fr\/remiremontinfo\/2021\/11\/remiremont-enfants-de-colonie-vacances-apprenantes-presentent-spectacle\/#breadcrumb"},"inLanguage":"fr-FR","potentialAction":[{"@type":"ReadAction","target":["https:\/\/vosgesinfo.fr\/remiremontinfo\/2021\/11\/remiremont-enfants-de-colonie-vacances-apprenantes-presentent-spectacle\/"]}]},{"@type":"ImageObject","inLanguage":"fr-FR","@id":"https:\/\/vosgesinfo.fr\/remiremontinfo\/2021\/11\/remiremont-enfants-de-colonie-vacances-apprenantes-presentent-spectacle\/#primaryimage","url":"https:\/\/vosgesinfo.fr\/app\/uploads\/sites\/5\/2024\/09\/202111251178012-267427305382237-6094139926057220584-n1.jpg","contentUrl":"https:\/\/vosgesinfo.fr\/app\/uploads\/sites\/5\/2024\/09\/202111251178012-267427305382237-6094139926057220584-n1.jpg","width":800,"height":508},{"@type":"BreadcrumbList","@id":"https:\/\/vosgesinfo.fr\/remiremontinfo\/2021\/11\/remiremont-enfants-de-colonie-vacances-apprenantes-presentent-spectacle\/#breadcrumb","itemListElement":[{"@type":"ListItem","position":1,"name":"Home","item":"https:\/\/vosgesinfo.fr\/remiremontinfo\/"},{"@type":"ListItem","position":2,"name":"Remiremont : les enfants de la colonie \u00ab Vacances apprenantes \u00bb pr\u00e9sentent leur spectacle"}]},{"@type":"WebSite","@id":"https:\/\/vosgesinfo.fr\/remiremontinfo\/#website","url":"https:\/\/vosgesinfo.fr\/remiremontinfo\/","name":"Remiremont Info","description":"Toute l&#039;actualit\u00e9 de Remiremont","publisher":{"@id":"https:\/\/vosgesinfo.fr\/remiremontinfo\/#organization"},"alternateName":"Toute l'actualit\u00e9 de Remiremont","potentialAction":[{"@type":"SearchAction","target":{"@type":"EntryPoint","urlTemplate":"https:\/\/vosgesinfo.fr\/remiremontinfo\/?s={search_term_string}"},"query-input":"required name=search_term_string"}],"inLanguage":"fr-FR"},{"@type":"Organization","@id":"https:\/\/vosgesinfo.fr\/remiremontinfo\/#organization","name":"Remiremont Info","url":"https:\/\/vosgesinfo.fr\/remiremontinfo\/","logo":{"@type":"ImageObject","inLanguage":"fr-FR","@id":"https:\/\/vosgesinfo.fr\/remiremontinfo\/#\/schema\/logo\/image\/","url":"https:\/\/vosgesinfo.fr\/app\/uploads\/sites\/5\/2023\/08\/favicon-remiremontinfo.png","contentUrl":"https:\/\/vosgesinfo.fr\/app\/uploads\/sites\/5\/2023\/08\/favicon-remiremontinfo.png","width":512,"height":512,"caption":"Remiremont Info"},"image":{"@id":"https:\/\/vosgesinfo.fr\/remiremontinfo\/#\/schema\/logo\/image\/"},"sameAs":["https:\/\/www.facebook.com\/remiremontinfo","https:\/\/x.com\/VosgesInfo88","https:\/\/www.youtube.com\/@vosgesinfo"]},{"@type":"Person","@id":"https:\/\/vosgesinfo.fr\/remiremontinfo\/#\/schema\/person\/3bfd164d5218a185b1db68655a265316","name":"C D","image":{"@type":"ImageObject","inLanguage":"fr-FR","@id":"https:\/\/vosgesinfo.fr\/remiremontinfo\/#\/schema\/person\/image\/","url":"https:\/\/secure.gravatar.com\/avatar\/1f9a70007336511a47468b8f1c66f922b8b7cf617b02a31149ada43893a5d48f?s=96&d=mm&r=g","contentUrl":"https:\/\/secure.gravatar.com\/avatar\/1f9a70007336511a47468b8f1c66f922b8b7cf617b02a31149ada43893a5d48f?s=96&d=mm&r=g","caption":"C D"},"url":"https:\/\/vosgesinfo.fr\/remiremontinfo\/author\/cedric-drevet\/"}]}},"_links":{"self":[{"href":"https:\/\/vosgesinfo.fr\/remiremontinfo\/wp-json\/wp\/v2\/posts\/48190","targetHints":{"allow":["GET"]}}],"collection":[{"href":"https:\/\/vosgesinfo.fr\/remiremontinfo\/wp-json\/wp\/v2\/posts"}],"about":[{"href":"https:\/\/vosgesinfo.fr\/remiremontinfo\/wp-json\/wp\/v2\/types\/post"}],"author":[{"embeddable":true,"href":"https:\/\/vosgesinfo.fr\/remiremontinfo\/wp-json\/wp\/v2\/users\/407"}],"replies":[{"embeddable":true,"href":"https:\/\/vosgesinfo.fr\/remiremontinfo\/wp-json\/wp\/v2\/comments?post=48190"}],"version-history":[{"count":0,"href":"https:\/\/vosgesinfo.fr\/remiremontinfo\/wp-json\/wp\/v2\/posts\/48190\/revisions"}],"wp:featuredmedia":[{"embeddable":true,"href":"https:\/\/vosgesinfo.fr\/remiremontinfo\/wp-json\/wp\/v2\/media\/48191"}],"wp:attachment":[{"href":"https:\/\/vosgesinfo.fr\/remiremontinfo\/wp-json\/wp\/v2\/media?parent=48190"}],"wp:term":[{"taxonomy":"category","embeddable":true,"href":"https:\/\/vosgesinfo.fr\/remiremontinfo\/wp-json\/wp\/v2\/categories?post=48190"},{"taxonomy":"post_tag","embeddable":true,"href":"https:\/\/vosgesinfo.fr\/remiremontinfo\/wp-json\/wp\/v2\/tags?post=48190"}],"curies":[{"name":"wp","href":"https:\/\/api.w.org\/{rel}","templated":true}]}}