{"id":48289,"date":"2021-11-02T05:24:24","date_gmt":"2021-11-02T04:24:24","guid":{"rendered":"https:\/\/vosgesinfo.fr\/remiremontinfo\/2021\/11\/vagney-travaux-rue-rene-demangeon-rue-douffet-demarrent-aujourdhui\/"},"modified":"2021-11-02T05:24:24","modified_gmt":"2021-11-02T04:24:24","slug":"vagney-travaux-rue-rene-demangeon-rue-douffet-demarrent-aujourdhui","status":"publish","type":"post","link":"https:\/\/vosgesinfo.fr\/remiremontinfo\/2021\/11\/vagney-travaux-rue-rene-demangeon-rue-douffet-demarrent-aujourdhui\/","title":{"rendered":"Vagney : les travaux rue Ren\u00e9 Demangeon et rue d\u2019Ouffet d\u00e9marrent aujourd&rsquo;hui"},"content":{"rendered":"<p><a href=\"\/2021\/11\/Capture-d\u2019\u00e9cran-2021-10-27-103141.png\"><img decoding=\"async\" class=\"alignnone size-full wp-image-330668\" src=\"\/2021\/11\/Capture-d\u2019\u00e9cran-2021-10-27-103141.png\" alt=\"Capture-d\u2019\u00e9cran-2021-10-27-103141\" width=\"800\" height=\"594\" \/><\/a><\/p>\n<p><span style=\"font-size: 10pt;\"><em>Capture d\u2019\u00e9cran Google Maps\u00a0<\/em><\/span><\/p>\n<h2><span style=\"font-size: 12pt;\"><strong>Le Conseil D\u00e9partemental projette de r\u00e9aliser la r\u00e9fection de la voirie rue Ren\u00e9 Demangeon et rue d\u2019Ouffet au printemps 2022. Avant cela, la Commune doit am\u00e9nager et r\u00e9nover partiellement les trottoirs et stationnements depuis l\u2019intersection des rues Ren\u00e9 Demangeon et Michel Collinet jusqu\u2019\u00e0 l\u2019intersection des rues d\u2019Ouffet et Jules Ferry.\u00a0<\/strong><\/span><\/h2>\n<p><span style=\"font-size: 12pt;\">Afin d\u2019assurer la s\u00e9curit\u00e9 du chantier et de faciliter la circulation, un sens unique sera mis en place dans le sens Vagney centre vers Zainvillers. Des panneaux de d\u00e9viation seront mis en place. Les travaux d\u00e9butent ce mardi 2 novembre. Le plan de circulation\u00a0est mis en place\u00a0depuis ce lundi 1er novembre \u00e0 18h. Il sera effectif 24h\/24 et 7j\/7.\u00a0<\/span><\/p>\n<p><span style=\"font-size: 10pt;\"><em>Source : Mairie de Vagney\u00a0<\/em><\/span><\/p>\n<p><a href=\"\/2021\/11\/115.jpg\"><img decoding=\"async\" class=\"alignnone size-full wp-image-330669\" src=\"\/2021\/11\/115.jpg\" alt=\"115\" width=\"800\" height=\"562\" \/><\/a><\/p>\n","protected":false},"excerpt":{"rendered":"<p>Capture d\u2019\u00e9cran Google Maps\u00a0 Le Conseil D\u00e9partemental projette de r\u00e9aliser la r\u00e9fection de la voirie rue Ren\u00e9 Demangeon et rue [&hellip;]<\/p>\n","protected":false},"author":407,"featured_media":48290,"comment_status":"open","ping_status":"open","sticky":false,"template":"","format":"standard","meta":{"footnotes":""},"categories":[26,70,25,36],"tags":[719,136,160],"class_list":["post-48289","post","type-post","status-publish","format-standard","has-post-thumbnail","hentry","category-a-la-une","category-circulation","category-la-bresse-son-canton","category-vagney","tag-route","tag-travaux","tag-vagney"],"acf":[],"yoast_head":"<!-- This site is optimized with the Yoast SEO plugin v22.5 - https:\/\/yoast.com\/wordpress\/plugins\/seo\/ -->\n<title>Vagney : les travaux rue Ren\u00e9 Demangeon et rue d\u2019Ouffet d\u00e9marrent aujourd&#039;hui - Remiremont Info<\/title>\n<meta name=\"robots\" content=\"index, follow, max-snippet:-1, max-image-preview:large, max-video-preview:-1\" \/>\n<link rel=\"canonical\" href=\"https:\/\/vosgesinfo.fr\/remiremontinfo\/2021\/11\/vagney-travaux-rue-rene-demangeon-rue-douffet-demarrent-aujourdhui\/\" \/>\n<meta name=\"twitter:card\" content=\"summary_large_image\" \/>\n<meta name=\"twitter:title\" content=\"Vagney : les travaux rue Ren\u00e9 Demangeon et rue d\u2019Ouffet d\u00e9marrent aujourd&#039;hui - Remiremont Info\" \/>\n<meta name=\"twitter:description\" content=\"Capture d\u2019\u00e9cran Google Maps\u00a0 Le Conseil D\u00e9partemental projette de r\u00e9aliser la r\u00e9fection de la voirie rue Ren\u00e9 Demangeon et rue [&hellip;]\" \/>\n<meta name=\"twitter:image\" content=\"https:\/\/vosgesinfo.fr\/app\/uploads\/sites\/5\/2024\/09\/202111capture-decran-2021-10-27-103141.png\" \/>\n<meta name=\"twitter:creator\" content=\"@VosgesInfo88\" \/>\n<meta name=\"twitter:site\" content=\"@VosgesInfo88\" \/>\n<meta name=\"twitter:label1\" content=\"\u00c9crit par\" \/>\n\t<meta name=\"twitter:data1\" content=\"C D\" \/>\n\t<meta name=\"twitter:label2\" content=\"Dur\u00e9e de lecture estim\u00e9e\" \/>\n\t<meta name=\"twitter:data2\" content=\"1 minute\" \/>\n<script type=\"application\/ld+json\" class=\"yoast-schema-graph\">{\"@context\":\"https:\/\/schema.org\",\"@graph\":[{\"@type\":\"Article\",\"@id\":\"https:\/\/vosgesinfo.fr\/remiremontinfo\/2021\/11\/vagney-travaux-rue-rene-demangeon-rue-douffet-demarrent-aujourdhui\/#article\",\"isPartOf\":{\"@id\":\"https:\/\/vosgesinfo.fr\/remiremontinfo\/2021\/11\/vagney-travaux-rue-rene-demangeon-rue-douffet-demarrent-aujourdhui\/\"},\"author\":{\"name\":\"C D\",\"@id\":\"https:\/\/vosgesinfo.fr\/remiremontinfo\/#\/schema\/person\/3bfd164d5218a185b1db68655a265316\"},\"headline\":\"Vagney : les travaux rue Ren\u00e9 Demangeon et rue d\u2019Ouffet d\u00e9marrent aujourd&rsquo;hui\",\"datePublished\":\"2021-11-02T04:24:24+00:00\",\"dateModified\":\"2021-11-02T04:24:24+00:00\",\"mainEntityOfPage\":{\"@id\":\"https:\/\/vosgesinfo.fr\/remiremontinfo\/2021\/11\/vagney-travaux-rue-rene-demangeon-rue-douffet-demarrent-aujourdhui\/\"},\"wordCount\":144,\"commentCount\":0,\"publisher\":{\"@id\":\"https:\/\/vosgesinfo.fr\/remiremontinfo\/#organization\"},\"image\":{\"@id\":\"https:\/\/vosgesinfo.fr\/remiremontinfo\/2021\/11\/vagney-travaux-rue-rene-demangeon-rue-douffet-demarrent-aujourdhui\/#primaryimage\"},\"thumbnailUrl\":\"https:\/\/vosgesinfo.fr\/app\/uploads\/sites\/5\/2024\/09\/202111capture-decran-2021-10-27-103141.png\",\"keywords\":[\"Route\",\"travaux\",\"vagney\"],\"articleSection\":[\"A la Une\",\"Circulation\",\"La Bresse &amp; son canton\",\"Vagney\"],\"inLanguage\":\"fr-FR\",\"potentialAction\":[{\"@type\":\"CommentAction\",\"name\":\"Comment\",\"target\":[\"https:\/\/vosgesinfo.fr\/remiremontinfo\/2021\/11\/vagney-travaux-rue-rene-demangeon-rue-douffet-demarrent-aujourdhui\/#respond\"]}]},{\"@type\":\"WebPage\",\"@id\":\"https:\/\/vosgesinfo.fr\/remiremontinfo\/2021\/11\/vagney-travaux-rue-rene-demangeon-rue-douffet-demarrent-aujourdhui\/\",\"url\":\"https:\/\/vosgesinfo.fr\/remiremontinfo\/2021\/11\/vagney-travaux-rue-rene-demangeon-rue-douffet-demarrent-aujourdhui\/\",\"name\":\"Vagney : les travaux rue Ren\u00e9 Demangeon et rue d\u2019Ouffet d\u00e9marrent aujourd'hui - Remiremont Info\",\"isPartOf\":{\"@id\":\"https:\/\/vosgesinfo.fr\/remiremontinfo\/#website\"},\"primaryImageOfPage\":{\"@id\":\"https:\/\/vosgesinfo.fr\/remiremontinfo\/2021\/11\/vagney-travaux-rue-rene-demangeon-rue-douffet-demarrent-aujourdhui\/#primaryimage\"},\"image\":{\"@id\":\"https:\/\/vosgesinfo.fr\/remiremontinfo\/2021\/11\/vagney-travaux-rue-rene-demangeon-rue-douffet-demarrent-aujourdhui\/#primaryimage\"},\"thumbnailUrl\":\"https:\/\/vosgesinfo.fr\/app\/uploads\/sites\/5\/2024\/09\/202111capture-decran-2021-10-27-103141.png\",\"datePublished\":\"2021-11-02T04:24:24+00:00\",\"dateModified\":\"2021-11-02T04:24:24+00:00\",\"breadcrumb\":{\"@id\":\"https:\/\/vosgesinfo.fr\/remiremontinfo\/2021\/11\/vagney-travaux-rue-rene-demangeon-rue-douffet-demarrent-aujourdhui\/#breadcrumb\"},\"inLanguage\":\"fr-FR\",\"potentialAction\":[{\"@type\":\"ReadAction\",\"target\":[\"https:\/\/vosgesinfo.fr\/remiremontinfo\/2021\/11\/vagney-travaux-rue-rene-demangeon-rue-douffet-demarrent-aujourdhui\/\"]}]},{\"@type\":\"ImageObject\",\"inLanguage\":\"fr-FR\",\"@id\":\"https:\/\/vosgesinfo.fr\/remiremontinfo\/2021\/11\/vagney-travaux-rue-rene-demangeon-rue-douffet-demarrent-aujourdhui\/#primaryimage\",\"url\":\"https:\/\/vosgesinfo.fr\/app\/uploads\/sites\/5\/2024\/09\/202111capture-decran-2021-10-27-103141.png\",\"contentUrl\":\"https:\/\/vosgesinfo.fr\/app\/uploads\/sites\/5\/2024\/09\/202111capture-decran-2021-10-27-103141.png\",\"width\":800,\"height\":594},{\"@type\":\"BreadcrumbList\",\"@id\":\"https:\/\/vosgesinfo.fr\/remiremontinfo\/2021\/11\/vagney-travaux-rue-rene-demangeon-rue-douffet-demarrent-aujourdhui\/#breadcrumb\",\"itemListElement\":[{\"@type\":\"ListItem\",\"position\":1,\"name\":\"Home\",\"item\":\"https:\/\/vosgesinfo.fr\/remiremontinfo\/\"},{\"@type\":\"ListItem\",\"position\":2,\"name\":\"Vagney : les travaux rue Ren\u00e9 Demangeon et rue d\u2019Ouffet d\u00e9marrent aujourd&rsquo;hui\"}]},{\"@type\":\"WebSite\",\"@id\":\"https:\/\/vosgesinfo.fr\/remiremontinfo\/#website\",\"url\":\"https:\/\/vosgesinfo.fr\/remiremontinfo\/\",\"name\":\"Remiremont Info\",\"description\":\"Toute l&#039;actualit\u00e9 de Remiremont\",\"publisher\":{\"@id\":\"https:\/\/vosgesinfo.fr\/remiremontinfo\/#organization\"},\"alternateName\":\"Toute l'actualit\u00e9 de Remiremont\",\"potentialAction\":[{\"@type\":\"SearchAction\",\"target\":{\"@type\":\"EntryPoint\",\"urlTemplate\":\"https:\/\/vosgesinfo.fr\/remiremontinfo\/?s={search_term_string}\"},\"query-input\":\"required name=search_term_string\"}],\"inLanguage\":\"fr-FR\"},{\"@type\":\"Organization\",\"@id\":\"https:\/\/vosgesinfo.fr\/remiremontinfo\/#organization\",\"name\":\"Remiremont Info\",\"url\":\"https:\/\/vosgesinfo.fr\/remiremontinfo\/\",\"logo\":{\"@type\":\"ImageObject\",\"inLanguage\":\"fr-FR\",\"@id\":\"https:\/\/vosgesinfo.fr\/remiremontinfo\/#\/schema\/logo\/image\/\",\"url\":\"https:\/\/vosgesinfo.fr\/app\/uploads\/sites\/5\/2023\/08\/favicon-remiremontinfo.png\",\"contentUrl\":\"https:\/\/vosgesinfo.fr\/app\/uploads\/sites\/5\/2023\/08\/favicon-remiremontinfo.png\",\"width\":512,\"height\":512,\"caption\":\"Remiremont Info\"},\"image\":{\"@id\":\"https:\/\/vosgesinfo.fr\/remiremontinfo\/#\/schema\/logo\/image\/\"},\"sameAs\":[\"https:\/\/www.facebook.com\/remiremontinfo\",\"https:\/\/x.com\/VosgesInfo88\",\"https:\/\/www.youtube.com\/@vosgesinfo\"]},{\"@type\":\"Person\",\"@id\":\"https:\/\/vosgesinfo.fr\/remiremontinfo\/#\/schema\/person\/3bfd164d5218a185b1db68655a265316\",\"name\":\"C D\",\"image\":{\"@type\":\"ImageObject\",\"inLanguage\":\"fr-FR\",\"@id\":\"https:\/\/vosgesinfo.fr\/remiremontinfo\/#\/schema\/person\/image\/\",\"url\":\"https:\/\/secure.gravatar.com\/avatar\/1f9a70007336511a47468b8f1c66f922b8b7cf617b02a31149ada43893a5d48f?s=96&d=mm&r=g\",\"contentUrl\":\"https:\/\/secure.gravatar.com\/avatar\/1f9a70007336511a47468b8f1c66f922b8b7cf617b02a31149ada43893a5d48f?s=96&d=mm&r=g\",\"caption\":\"C D\"},\"url\":\"https:\/\/vosgesinfo.fr\/remiremontinfo\/author\/cedric-drevet\/\"}]}<\/script>\n<!-- \/ Yoast SEO plugin. -->","yoast_head_json":{"title":"Vagney : les travaux rue Ren\u00e9 Demangeon et rue d\u2019Ouffet d\u00e9marrent aujourd'hui - Remiremont Info","robots":{"index":"index","follow":"follow","max-snippet":"max-snippet:-1","max-image-preview":"max-image-preview:large","max-video-preview":"max-video-preview:-1"},"canonical":"https:\/\/vosgesinfo.fr\/remiremontinfo\/2021\/11\/vagney-travaux-rue-rene-demangeon-rue-douffet-demarrent-aujourdhui\/","twitter_card":"summary_large_image","twitter_title":"Vagney : les travaux rue Ren\u00e9 Demangeon et rue d\u2019Ouffet d\u00e9marrent aujourd'hui - Remiremont Info","twitter_description":"Capture d\u2019\u00e9cran Google Maps\u00a0 Le Conseil D\u00e9partemental projette de r\u00e9aliser la r\u00e9fection de la voirie rue Ren\u00e9 Demangeon et rue [&hellip;]","twitter_image":"https:\/\/vosgesinfo.fr\/app\/uploads\/sites\/5\/2024\/09\/202111capture-decran-2021-10-27-103141.png","twitter_creator":"@VosgesInfo88","twitter_site":"@VosgesInfo88","twitter_misc":{"\u00c9crit par":"C D","Dur\u00e9e de lecture estim\u00e9e":"1 minute"},"schema":{"@context":"https:\/\/schema.org","@graph":[{"@type":"Article","@id":"https:\/\/vosgesinfo.fr\/remiremontinfo\/2021\/11\/vagney-travaux-rue-rene-demangeon-rue-douffet-demarrent-aujourdhui\/#article","isPartOf":{"@id":"https:\/\/vosgesinfo.fr\/remiremontinfo\/2021\/11\/vagney-travaux-rue-rene-demangeon-rue-douffet-demarrent-aujourdhui\/"},"author":{"name":"C D","@id":"https:\/\/vosgesinfo.fr\/remiremontinfo\/#\/schema\/person\/3bfd164d5218a185b1db68655a265316"},"headline":"Vagney : les travaux rue Ren\u00e9 Demangeon et rue d\u2019Ouffet d\u00e9marrent aujourd&rsquo;hui","datePublished":"2021-11-02T04:24:24+00:00","dateModified":"2021-11-02T04:24:24+00:00","mainEntityOfPage":{"@id":"https:\/\/vosgesinfo.fr\/remiremontinfo\/2021\/11\/vagney-travaux-rue-rene-demangeon-rue-douffet-demarrent-aujourdhui\/"},"wordCount":144,"commentCount":0,"publisher":{"@id":"https:\/\/vosgesinfo.fr\/remiremontinfo\/#organization"},"image":{"@id":"https:\/\/vosgesinfo.fr\/remiremontinfo\/2021\/11\/vagney-travaux-rue-rene-demangeon-rue-douffet-demarrent-aujourdhui\/#primaryimage"},"thumbnailUrl":"https:\/\/vosgesinfo.fr\/app\/uploads\/sites\/5\/2024\/09\/202111capture-decran-2021-10-27-103141.png","keywords":["Route","travaux","vagney"],"articleSection":["A la Une","Circulation","La Bresse &amp; son canton","Vagney"],"inLanguage":"fr-FR","potentialAction":[{"@type":"CommentAction","name":"Comment","target":["https:\/\/vosgesinfo.fr\/remiremontinfo\/2021\/11\/vagney-travaux-rue-rene-demangeon-rue-douffet-demarrent-aujourdhui\/#respond"]}]},{"@type":"WebPage","@id":"https:\/\/vosgesinfo.fr\/remiremontinfo\/2021\/11\/vagney-travaux-rue-rene-demangeon-rue-douffet-demarrent-aujourdhui\/","url":"https:\/\/vosgesinfo.fr\/remiremontinfo\/2021\/11\/vagney-travaux-rue-rene-demangeon-rue-douffet-demarrent-aujourdhui\/","name":"Vagney : les travaux rue Ren\u00e9 Demangeon et rue d\u2019Ouffet d\u00e9marrent aujourd'hui - Remiremont Info","isPartOf":{"@id":"https:\/\/vosgesinfo.fr\/remiremontinfo\/#website"},"primaryImageOfPage":{"@id":"https:\/\/vosgesinfo.fr\/remiremontinfo\/2021\/11\/vagney-travaux-rue-rene-demangeon-rue-douffet-demarrent-aujourdhui\/#primaryimage"},"image":{"@id":"https:\/\/vosgesinfo.fr\/remiremontinfo\/2021\/11\/vagney-travaux-rue-rene-demangeon-rue-douffet-demarrent-aujourdhui\/#primaryimage"},"thumbnailUrl":"https:\/\/vosgesinfo.fr\/app\/uploads\/sites\/5\/2024\/09\/202111capture-decran-2021-10-27-103141.png","datePublished":"2021-11-02T04:24:24+00:00","dateModified":"2021-11-02T04:24:24+00:00","breadcrumb":{"@id":"https:\/\/vosgesinfo.fr\/remiremontinfo\/2021\/11\/vagney-travaux-rue-rene-demangeon-rue-douffet-demarrent-aujourdhui\/#breadcrumb"},"inLanguage":"fr-FR","potentialAction":[{"@type":"ReadAction","target":["https:\/\/vosgesinfo.fr\/remiremontinfo\/2021\/11\/vagney-travaux-rue-rene-demangeon-rue-douffet-demarrent-aujourdhui\/"]}]},{"@type":"ImageObject","inLanguage":"fr-FR","@id":"https:\/\/vosgesinfo.fr\/remiremontinfo\/2021\/11\/vagney-travaux-rue-rene-demangeon-rue-douffet-demarrent-aujourdhui\/#primaryimage","url":"https:\/\/vosgesinfo.fr\/app\/uploads\/sites\/5\/2024\/09\/202111capture-decran-2021-10-27-103141.png","contentUrl":"https:\/\/vosgesinfo.fr\/app\/uploads\/sites\/5\/2024\/09\/202111capture-decran-2021-10-27-103141.png","width":800,"height":594},{"@type":"BreadcrumbList","@id":"https:\/\/vosgesinfo.fr\/remiremontinfo\/2021\/11\/vagney-travaux-rue-rene-demangeon-rue-douffet-demarrent-aujourdhui\/#breadcrumb","itemListElement":[{"@type":"ListItem","position":1,"name":"Home","item":"https:\/\/vosgesinfo.fr\/remiremontinfo\/"},{"@type":"ListItem","position":2,"name":"Vagney : les travaux rue Ren\u00e9 Demangeon et rue d\u2019Ouffet d\u00e9marrent aujourd&rsquo;hui"}]},{"@type":"WebSite","@id":"https:\/\/vosgesinfo.fr\/remiremontinfo\/#website","url":"https:\/\/vosgesinfo.fr\/remiremontinfo\/","name":"Remiremont Info","description":"Toute l&#039;actualit\u00e9 de Remiremont","publisher":{"@id":"https:\/\/vosgesinfo.fr\/remiremontinfo\/#organization"},"alternateName":"Toute l'actualit\u00e9 de Remiremont","potentialAction":[{"@type":"SearchAction","target":{"@type":"EntryPoint","urlTemplate":"https:\/\/vosgesinfo.fr\/remiremontinfo\/?s={search_term_string}"},"query-input":"required name=search_term_string"}],"inLanguage":"fr-FR"},{"@type":"Organization","@id":"https:\/\/vosgesinfo.fr\/remiremontinfo\/#organization","name":"Remiremont Info","url":"https:\/\/vosgesinfo.fr\/remiremontinfo\/","logo":{"@type":"ImageObject","inLanguage":"fr-FR","@id":"https:\/\/vosgesinfo.fr\/remiremontinfo\/#\/schema\/logo\/image\/","url":"https:\/\/vosgesinfo.fr\/app\/uploads\/sites\/5\/2023\/08\/favicon-remiremontinfo.png","contentUrl":"https:\/\/vosgesinfo.fr\/app\/uploads\/sites\/5\/2023\/08\/favicon-remiremontinfo.png","width":512,"height":512,"caption":"Remiremont Info"},"image":{"@id":"https:\/\/vosgesinfo.fr\/remiremontinfo\/#\/schema\/logo\/image\/"},"sameAs":["https:\/\/www.facebook.com\/remiremontinfo","https:\/\/x.com\/VosgesInfo88","https:\/\/www.youtube.com\/@vosgesinfo"]},{"@type":"Person","@id":"https:\/\/vosgesinfo.fr\/remiremontinfo\/#\/schema\/person\/3bfd164d5218a185b1db68655a265316","name":"C D","image":{"@type":"ImageObject","inLanguage":"fr-FR","@id":"https:\/\/vosgesinfo.fr\/remiremontinfo\/#\/schema\/person\/image\/","url":"https:\/\/secure.gravatar.com\/avatar\/1f9a70007336511a47468b8f1c66f922b8b7cf617b02a31149ada43893a5d48f?s=96&d=mm&r=g","contentUrl":"https:\/\/secure.gravatar.com\/avatar\/1f9a70007336511a47468b8f1c66f922b8b7cf617b02a31149ada43893a5d48f?s=96&d=mm&r=g","caption":"C D"},"url":"https:\/\/vosgesinfo.fr\/remiremontinfo\/author\/cedric-drevet\/"}]}},"_links":{"self":[{"href":"https:\/\/vosgesinfo.fr\/remiremontinfo\/wp-json\/wp\/v2\/posts\/48289","targetHints":{"allow":["GET"]}}],"collection":[{"href":"https:\/\/vosgesinfo.fr\/remiremontinfo\/wp-json\/wp\/v2\/posts"}],"about":[{"href":"https:\/\/vosgesinfo.fr\/remiremontinfo\/wp-json\/wp\/v2\/types\/post"}],"author":[{"embeddable":true,"href":"https:\/\/vosgesinfo.fr\/remiremontinfo\/wp-json\/wp\/v2\/users\/407"}],"replies":[{"embeddable":true,"href":"https:\/\/vosgesinfo.fr\/remiremontinfo\/wp-json\/wp\/v2\/comments?post=48289"}],"version-history":[{"count":0,"href":"https:\/\/vosgesinfo.fr\/remiremontinfo\/wp-json\/wp\/v2\/posts\/48289\/revisions"}],"wp:featuredmedia":[{"embeddable":true,"href":"https:\/\/vosgesinfo.fr\/remiremontinfo\/wp-json\/wp\/v2\/media\/48290"}],"wp:attachment":[{"href":"https:\/\/vosgesinfo.fr\/remiremontinfo\/wp-json\/wp\/v2\/media?parent=48289"}],"wp:term":[{"taxonomy":"category","embeddable":true,"href":"https:\/\/vosgesinfo.fr\/remiremontinfo\/wp-json\/wp\/v2\/categories?post=48289"},{"taxonomy":"post_tag","embeddable":true,"href":"https:\/\/vosgesinfo.fr\/remiremontinfo\/wp-json\/wp\/v2\/tags?post=48289"}],"curies":[{"name":"wp","href":"https:\/\/api.w.org\/{rel}","templated":true}]}}