{"id":4829,"date":"2024-03-06T05:58:35","date_gmt":"2024-03-06T04:58:35","guid":{"rendered":"https:\/\/vosgesinfo.fr\/remiremontinfo\/?p=4829"},"modified":"2024-03-04T14:53:55","modified_gmt":"2024-03-04T13:53:55","slug":"marche-de-printemps-de-la-bussenette-samedi-16-mars-a-la-bibliotheque","status":"publish","type":"post","link":"https:\/\/vosgesinfo.fr\/remiremontinfo\/2024\/03\/marche-de-printemps-de-la-bussenette-samedi-16-mars-a-la-bibliotheque\/","title":{"rendered":"March\u00e9 de printemps de la Bussenette samedi 16 mars \u00e0 la biblioth\u00e8que"},"content":{"rendered":"<p><a href=\"https:\/\/vosgesinfo.fr\/app\/uploads\/sites\/5\/2024\/03\/marche-printemps-2024.jpg\"><img decoding=\"async\" class=\"aligncenter size-medium wp-image-4830\" src=\"https:\/\/vosgesinfo.fr\/app\/uploads\/sites\/5\/2024\/03\/marche-printemps-2024-212x300.jpg\" alt=\"\" width=\"212\" height=\"300\" srcset=\"https:\/\/vosgesinfo.fr\/app\/uploads\/sites\/5\/2024\/03\/marche-printemps-2024-212x300.jpg 212w, https:\/\/vosgesinfo.fr\/app\/uploads\/sites\/5\/2024\/03\/marche-printemps-2024-724x1024.jpg 724w, https:\/\/vosgesinfo.fr\/app\/uploads\/sites\/5\/2024\/03\/marche-printemps-2024-768x1086.jpg 768w, https:\/\/vosgesinfo.fr\/app\/uploads\/sites\/5\/2024\/03\/marche-printemps-2024-1086x1536.jpg 1086w, https:\/\/vosgesinfo.fr\/app\/uploads\/sites\/5\/2024\/03\/marche-printemps-2024-1448x2048.jpg 1448w, https:\/\/vosgesinfo.fr\/app\/uploads\/sites\/5\/2024\/03\/marche-printemps-2024.jpg 1587w\" sizes=\"(max-width: 212px) 100vw, 212px\" \/><\/a><\/p>\n<p>&nbsp;<\/p>\n<h3><span style=\"font-size: small;\">\u00ab\u00a0Afin de maintenir l&rsquo;activit\u00e9 bricolage pour adultes, appr\u00e9ci\u00e9e par ses\u00a0 membres, et malgr\u00e9 d&rsquo;arr\u00eat de l&rsquo;organisation du vide-armoire,\u00a0 l\u2019association la Bussenette innove cette ann\u00e9e avec une nouvelle formule\u00a0 qui voit le march\u00e9 de printemps prendre place dans les locaux de la\u00a0 Biblioth\u00e8que au Rez-de-chauss\u00e9e de la Maison des associations 1 Rue\u00a0 d&rsquo;Alsace.<br aria-hidden=\"true\" \/><\/span><\/h3>\n<p><span style=\"font-size: small;\"><br aria-hidden=\"true\" \/>Ainsi le samedi 16 mars de 9h \u00e0 16h, l&rsquo;espace habituellement r\u00e9serv\u00e9 aux\u00a0 lecteurs sera d\u00e9cor\u00e9 des nombreux objets r\u00e9alis\u00e9s par les \u00ab\u00a0petites\u00a0 mains\u00a0\u00bb les mercredis en fin de journ\u00e9e, parmi lesquels poules, lapins et\u00a0 \u0153ufs en ficelle, suspensions pour plantes en macram\u00e9, petites d\u00e9cos \u00e0\u00a0 poser ou accrocher avec des lapins en bois d\u00e9coup\u00e9s&#8230;<br aria-hidden=\"true\" \/><br aria-hidden=\"true\" \/>Le produit de la vente servira \u00e0 financer notamment l&rsquo;atelier bricolage\u00a0 pour les enfants.<br aria-hidden=\"true\" \/><br aria-hidden=\"true\" \/>Cette nouvelle formule permettra \u00e9galement si vous n&rsquo;\u00eates pas disponible\u00a0 le samedi, de prolonger la vente aux horaires d&rsquo;ouverture de la\u00a0 biblioth\u00e8que (mardi et vendredi 17h-18h et mercredi 16h-17h) jusqu&rsquo;au 29\u00a0 mars.<br aria-hidden=\"true\" \/><br aria-hidden=\"true\" \/>Une bonne id\u00e9e pour d\u00e9corer sa table et son int\u00e9rieur pour les f\u00eates de\u00a0 P\u00e2ques.<br aria-hidden=\"true\" \/><br aria-hidden=\"true\" \/><br aria-hidden=\"true\" \/><strong>Samedi 16 mars<\/strong><br aria-hidden=\"true\" \/><br aria-hidden=\"true\" \/><strong>9h-16h<\/strong><br aria-hidden=\"true\" \/><br aria-hidden=\"true\" \/><strong>Biblioth\u00e8que &#8211; RDC Maison des Associations<\/strong><br aria-hidden=\"true\" \/><br aria-hidden=\"true\" \/><strong>1 Rue d&rsquo;Alsace \u00e0 Bussang<\/strong><br aria-hidden=\"true\" \/><br aria-hidden=\"true\" \/><strong>Prolongation de la vente jusqu&rsquo;au 29 mars aux horaires d&rsquo;ouverture de la <\/strong><br aria-hidden=\"true\" \/><strong>biblioth\u00e8que<\/strong><br aria-hidden=\"true\" \/><\/span><\/p>\n","protected":false},"excerpt":{"rendered":"<p>&nbsp; \u00ab\u00a0Afin de maintenir l&rsquo;activit\u00e9 bricolage pour adultes, appr\u00e9ci\u00e9e par ses\u00a0 membres, et malgr\u00e9 d&rsquo;arr\u00eat de l&rsquo;organisation du vide-armoire,\u00a0 l\u2019association [&hellip;]<\/p>\n","protected":false},"author":42,"featured_media":4830,"comment_status":"open","ping_status":"open","sticky":false,"template":"","format":"standard","meta":{"footnotes":""},"categories":[26,17],"tags":[885],"class_list":["post-4829","post","type-post","status-publish","format-standard","has-post-thumbnail","hentry","category-a-la-une","category-vie-associative","tag-la-bussenette"],"acf":[],"yoast_head":"<!-- This site is optimized with the Yoast SEO plugin v22.5 - https:\/\/yoast.com\/wordpress\/plugins\/seo\/ -->\n<title>March\u00e9 de printemps de la Bussenette samedi 16 mars \u00e0 la biblioth\u00e8que - Remiremont Info<\/title>\n<meta name=\"robots\" content=\"index, follow, max-snippet:-1, max-image-preview:large, max-video-preview:-1\" \/>\n<link rel=\"canonical\" href=\"https:\/\/vosgesinfo.fr\/remiremontinfo\/2024\/03\/marche-de-printemps-de-la-bussenette-samedi-16-mars-a-la-bibliotheque\/\" \/>\n<meta name=\"twitter:card\" content=\"summary_large_image\" \/>\n<meta name=\"twitter:title\" content=\"March\u00e9 de printemps de la Bussenette samedi 16 mars \u00e0 la biblioth\u00e8que - Remiremont Info\" \/>\n<meta name=\"twitter:description\" content=\"&nbsp; \u00ab\u00a0Afin de maintenir l&rsquo;activit\u00e9 bricolage pour adultes, appr\u00e9ci\u00e9e par ses\u00a0 membres, et malgr\u00e9 d&rsquo;arr\u00eat de l&rsquo;organisation du vide-armoire,\u00a0 l\u2019association [&hellip;]\" \/>\n<meta name=\"twitter:image\" content=\"https:\/\/vosgesinfo.fr\/app\/uploads\/sites\/5\/2024\/03\/marche-printemps-2024.jpg\" \/>\n<meta name=\"twitter:creator\" content=\"@VosgesInfo88\" \/>\n<meta name=\"twitter:site\" content=\"@VosgesInfo88\" \/>\n<meta name=\"twitter:label1\" content=\"\u00c9crit par\" \/>\n\t<meta name=\"twitter:data1\" content=\"QG\" \/>\n\t<meta name=\"twitter:label2\" content=\"Dur\u00e9e de lecture estim\u00e9e\" \/>\n\t<meta name=\"twitter:data2\" content=\"1 minute\" \/>\n<script type=\"application\/ld+json\" class=\"yoast-schema-graph\">{\"@context\":\"https:\/\/schema.org\",\"@graph\":[{\"@type\":\"Article\",\"@id\":\"https:\/\/vosgesinfo.fr\/remiremontinfo\/2024\/03\/marche-de-printemps-de-la-bussenette-samedi-16-mars-a-la-bibliotheque\/#article\",\"isPartOf\":{\"@id\":\"https:\/\/vosgesinfo.fr\/remiremontinfo\/2024\/03\/marche-de-printemps-de-la-bussenette-samedi-16-mars-a-la-bibliotheque\/\"},\"author\":{\"name\":\"QG\",\"@id\":\"https:\/\/vosgesinfo.fr\/remiremontinfo\/#\/schema\/person\/db5605779a843dad16b5368f3e7613a5\"},\"headline\":\"March\u00e9 de printemps de la Bussenette samedi 16 mars \u00e0 la biblioth\u00e8que\",\"datePublished\":\"2024-03-06T04:58:35+00:00\",\"dateModified\":\"2024-03-04T13:53:55+00:00\",\"mainEntityOfPage\":{\"@id\":\"https:\/\/vosgesinfo.fr\/remiremontinfo\/2024\/03\/marche-de-printemps-de-la-bussenette-samedi-16-mars-a-la-bibliotheque\/\"},\"wordCount\":236,\"commentCount\":0,\"publisher\":{\"@id\":\"https:\/\/vosgesinfo.fr\/remiremontinfo\/#organization\"},\"image\":{\"@id\":\"https:\/\/vosgesinfo.fr\/remiremontinfo\/2024\/03\/marche-de-printemps-de-la-bussenette-samedi-16-mars-a-la-bibliotheque\/#primaryimage\"},\"thumbnailUrl\":\"https:\/\/vosgesinfo.fr\/app\/uploads\/sites\/5\/2024\/03\/marche-printemps-2024.jpg\",\"keywords\":[\"la Bussenette\"],\"articleSection\":[\"A la Une\",\"Vie associative\"],\"inLanguage\":\"fr-FR\",\"potentialAction\":[{\"@type\":\"CommentAction\",\"name\":\"Comment\",\"target\":[\"https:\/\/vosgesinfo.fr\/remiremontinfo\/2024\/03\/marche-de-printemps-de-la-bussenette-samedi-16-mars-a-la-bibliotheque\/#respond\"]}]},{\"@type\":\"WebPage\",\"@id\":\"https:\/\/vosgesinfo.fr\/remiremontinfo\/2024\/03\/marche-de-printemps-de-la-bussenette-samedi-16-mars-a-la-bibliotheque\/\",\"url\":\"https:\/\/vosgesinfo.fr\/remiremontinfo\/2024\/03\/marche-de-printemps-de-la-bussenette-samedi-16-mars-a-la-bibliotheque\/\",\"name\":\"March\u00e9 de printemps de la Bussenette samedi 16 mars \u00e0 la biblioth\u00e8que - Remiremont Info\",\"isPartOf\":{\"@id\":\"https:\/\/vosgesinfo.fr\/remiremontinfo\/#website\"},\"primaryImageOfPage\":{\"@id\":\"https:\/\/vosgesinfo.fr\/remiremontinfo\/2024\/03\/marche-de-printemps-de-la-bussenette-samedi-16-mars-a-la-bibliotheque\/#primaryimage\"},\"image\":{\"@id\":\"https:\/\/vosgesinfo.fr\/remiremontinfo\/2024\/03\/marche-de-printemps-de-la-bussenette-samedi-16-mars-a-la-bibliotheque\/#primaryimage\"},\"thumbnailUrl\":\"https:\/\/vosgesinfo.fr\/app\/uploads\/sites\/5\/2024\/03\/marche-printemps-2024.jpg\",\"datePublished\":\"2024-03-06T04:58:35+00:00\",\"dateModified\":\"2024-03-04T13:53:55+00:00\",\"breadcrumb\":{\"@id\":\"https:\/\/vosgesinfo.fr\/remiremontinfo\/2024\/03\/marche-de-printemps-de-la-bussenette-samedi-16-mars-a-la-bibliotheque\/#breadcrumb\"},\"inLanguage\":\"fr-FR\",\"potentialAction\":[{\"@type\":\"ReadAction\",\"target\":[\"https:\/\/vosgesinfo.fr\/remiremontinfo\/2024\/03\/marche-de-printemps-de-la-bussenette-samedi-16-mars-a-la-bibliotheque\/\"]}]},{\"@type\":\"ImageObject\",\"inLanguage\":\"fr-FR\",\"@id\":\"https:\/\/vosgesinfo.fr\/remiremontinfo\/2024\/03\/marche-de-printemps-de-la-bussenette-samedi-16-mars-a-la-bibliotheque\/#primaryimage\",\"url\":\"https:\/\/vosgesinfo.fr\/app\/uploads\/sites\/5\/2024\/03\/marche-printemps-2024.jpg\",\"contentUrl\":\"https:\/\/vosgesinfo.fr\/app\/uploads\/sites\/5\/2024\/03\/marche-printemps-2024.jpg\",\"width\":1587,\"height\":2245},{\"@type\":\"BreadcrumbList\",\"@id\":\"https:\/\/vosgesinfo.fr\/remiremontinfo\/2024\/03\/marche-de-printemps-de-la-bussenette-samedi-16-mars-a-la-bibliotheque\/#breadcrumb\",\"itemListElement\":[{\"@type\":\"ListItem\",\"position\":1,\"name\":\"Home\",\"item\":\"https:\/\/vosgesinfo.fr\/remiremontinfo\/\"},{\"@type\":\"ListItem\",\"position\":2,\"name\":\"March\u00e9 de printemps de la Bussenette samedi 16 mars \u00e0 la biblioth\u00e8que\"}]},{\"@type\":\"WebSite\",\"@id\":\"https:\/\/vosgesinfo.fr\/remiremontinfo\/#website\",\"url\":\"https:\/\/vosgesinfo.fr\/remiremontinfo\/\",\"name\":\"Remiremont Info\",\"description\":\"Toute l&#039;actualit\u00e9 de Remiremont\",\"publisher\":{\"@id\":\"https:\/\/vosgesinfo.fr\/remiremontinfo\/#organization\"},\"alternateName\":\"Toute l'actualit\u00e9 de Remiremont\",\"potentialAction\":[{\"@type\":\"SearchAction\",\"target\":{\"@type\":\"EntryPoint\",\"urlTemplate\":\"https:\/\/vosgesinfo.fr\/remiremontinfo\/?s={search_term_string}\"},\"query-input\":\"required name=search_term_string\"}],\"inLanguage\":\"fr-FR\"},{\"@type\":\"Organization\",\"@id\":\"https:\/\/vosgesinfo.fr\/remiremontinfo\/#organization\",\"name\":\"Remiremont Info\",\"url\":\"https:\/\/vosgesinfo.fr\/remiremontinfo\/\",\"logo\":{\"@type\":\"ImageObject\",\"inLanguage\":\"fr-FR\",\"@id\":\"https:\/\/vosgesinfo.fr\/remiremontinfo\/#\/schema\/logo\/image\/\",\"url\":\"https:\/\/vosgesinfo.fr\/app\/uploads\/sites\/5\/2023\/08\/favicon-remiremontinfo.png\",\"contentUrl\":\"https:\/\/vosgesinfo.fr\/app\/uploads\/sites\/5\/2023\/08\/favicon-remiremontinfo.png\",\"width\":512,\"height\":512,\"caption\":\"Remiremont Info\"},\"image\":{\"@id\":\"https:\/\/vosgesinfo.fr\/remiremontinfo\/#\/schema\/logo\/image\/\"},\"sameAs\":[\"https:\/\/www.facebook.com\/remiremontinfo\",\"https:\/\/x.com\/VosgesInfo88\",\"https:\/\/www.youtube.com\/@vosgesinfo\"]},{\"@type\":\"Person\",\"@id\":\"https:\/\/vosgesinfo.fr\/remiremontinfo\/#\/schema\/person\/db5605779a843dad16b5368f3e7613a5\",\"name\":\"QG\",\"image\":{\"@type\":\"ImageObject\",\"inLanguage\":\"fr-FR\",\"@id\":\"https:\/\/vosgesinfo.fr\/remiremontinfo\/#\/schema\/person\/image\/\",\"url\":\"https:\/\/secure.gravatar.com\/avatar\/ea80c42c204b534408512832fde52504ecabb9706bcb6151cf6175e5b64e6793?s=96&d=mm&r=g\",\"contentUrl\":\"https:\/\/secure.gravatar.com\/avatar\/ea80c42c204b534408512832fde52504ecabb9706bcb6151cf6175e5b64e6793?s=96&d=mm&r=g\",\"caption\":\"QG\"},\"url\":\"https:\/\/vosgesinfo.fr\/remiremontinfo\/author\/quentin88\/\"}]}<\/script>\n<!-- \/ Yoast SEO plugin. -->","yoast_head_json":{"title":"March\u00e9 de printemps de la Bussenette samedi 16 mars \u00e0 la biblioth\u00e8que - Remiremont Info","robots":{"index":"index","follow":"follow","max-snippet":"max-snippet:-1","max-image-preview":"max-image-preview:large","max-video-preview":"max-video-preview:-1"},"canonical":"https:\/\/vosgesinfo.fr\/remiremontinfo\/2024\/03\/marche-de-printemps-de-la-bussenette-samedi-16-mars-a-la-bibliotheque\/","twitter_card":"summary_large_image","twitter_title":"March\u00e9 de printemps de la Bussenette samedi 16 mars \u00e0 la biblioth\u00e8que - Remiremont Info","twitter_description":"&nbsp; \u00ab\u00a0Afin de maintenir l&rsquo;activit\u00e9 bricolage pour adultes, appr\u00e9ci\u00e9e par ses\u00a0 membres, et malgr\u00e9 d&rsquo;arr\u00eat de l&rsquo;organisation du vide-armoire,\u00a0 l\u2019association [&hellip;]","twitter_image":"https:\/\/vosgesinfo.fr\/app\/uploads\/sites\/5\/2024\/03\/marche-printemps-2024.jpg","twitter_creator":"@VosgesInfo88","twitter_site":"@VosgesInfo88","twitter_misc":{"\u00c9crit par":"QG","Dur\u00e9e de lecture estim\u00e9e":"1 minute"},"schema":{"@context":"https:\/\/schema.org","@graph":[{"@type":"Article","@id":"https:\/\/vosgesinfo.fr\/remiremontinfo\/2024\/03\/marche-de-printemps-de-la-bussenette-samedi-16-mars-a-la-bibliotheque\/#article","isPartOf":{"@id":"https:\/\/vosgesinfo.fr\/remiremontinfo\/2024\/03\/marche-de-printemps-de-la-bussenette-samedi-16-mars-a-la-bibliotheque\/"},"author":{"name":"QG","@id":"https:\/\/vosgesinfo.fr\/remiremontinfo\/#\/schema\/person\/db5605779a843dad16b5368f3e7613a5"},"headline":"March\u00e9 de printemps de la Bussenette samedi 16 mars \u00e0 la biblioth\u00e8que","datePublished":"2024-03-06T04:58:35+00:00","dateModified":"2024-03-04T13:53:55+00:00","mainEntityOfPage":{"@id":"https:\/\/vosgesinfo.fr\/remiremontinfo\/2024\/03\/marche-de-printemps-de-la-bussenette-samedi-16-mars-a-la-bibliotheque\/"},"wordCount":236,"commentCount":0,"publisher":{"@id":"https:\/\/vosgesinfo.fr\/remiremontinfo\/#organization"},"image":{"@id":"https:\/\/vosgesinfo.fr\/remiremontinfo\/2024\/03\/marche-de-printemps-de-la-bussenette-samedi-16-mars-a-la-bibliotheque\/#primaryimage"},"thumbnailUrl":"https:\/\/vosgesinfo.fr\/app\/uploads\/sites\/5\/2024\/03\/marche-printemps-2024.jpg","keywords":["la Bussenette"],"articleSection":["A la Une","Vie associative"],"inLanguage":"fr-FR","potentialAction":[{"@type":"CommentAction","name":"Comment","target":["https:\/\/vosgesinfo.fr\/remiremontinfo\/2024\/03\/marche-de-printemps-de-la-bussenette-samedi-16-mars-a-la-bibliotheque\/#respond"]}]},{"@type":"WebPage","@id":"https:\/\/vosgesinfo.fr\/remiremontinfo\/2024\/03\/marche-de-printemps-de-la-bussenette-samedi-16-mars-a-la-bibliotheque\/","url":"https:\/\/vosgesinfo.fr\/remiremontinfo\/2024\/03\/marche-de-printemps-de-la-bussenette-samedi-16-mars-a-la-bibliotheque\/","name":"March\u00e9 de printemps de la Bussenette samedi 16 mars \u00e0 la biblioth\u00e8que - Remiremont Info","isPartOf":{"@id":"https:\/\/vosgesinfo.fr\/remiremontinfo\/#website"},"primaryImageOfPage":{"@id":"https:\/\/vosgesinfo.fr\/remiremontinfo\/2024\/03\/marche-de-printemps-de-la-bussenette-samedi-16-mars-a-la-bibliotheque\/#primaryimage"},"image":{"@id":"https:\/\/vosgesinfo.fr\/remiremontinfo\/2024\/03\/marche-de-printemps-de-la-bussenette-samedi-16-mars-a-la-bibliotheque\/#primaryimage"},"thumbnailUrl":"https:\/\/vosgesinfo.fr\/app\/uploads\/sites\/5\/2024\/03\/marche-printemps-2024.jpg","datePublished":"2024-03-06T04:58:35+00:00","dateModified":"2024-03-04T13:53:55+00:00","breadcrumb":{"@id":"https:\/\/vosgesinfo.fr\/remiremontinfo\/2024\/03\/marche-de-printemps-de-la-bussenette-samedi-16-mars-a-la-bibliotheque\/#breadcrumb"},"inLanguage":"fr-FR","potentialAction":[{"@type":"ReadAction","target":["https:\/\/vosgesinfo.fr\/remiremontinfo\/2024\/03\/marche-de-printemps-de-la-bussenette-samedi-16-mars-a-la-bibliotheque\/"]}]},{"@type":"ImageObject","inLanguage":"fr-FR","@id":"https:\/\/vosgesinfo.fr\/remiremontinfo\/2024\/03\/marche-de-printemps-de-la-bussenette-samedi-16-mars-a-la-bibliotheque\/#primaryimage","url":"https:\/\/vosgesinfo.fr\/app\/uploads\/sites\/5\/2024\/03\/marche-printemps-2024.jpg","contentUrl":"https:\/\/vosgesinfo.fr\/app\/uploads\/sites\/5\/2024\/03\/marche-printemps-2024.jpg","width":1587,"height":2245},{"@type":"BreadcrumbList","@id":"https:\/\/vosgesinfo.fr\/remiremontinfo\/2024\/03\/marche-de-printemps-de-la-bussenette-samedi-16-mars-a-la-bibliotheque\/#breadcrumb","itemListElement":[{"@type":"ListItem","position":1,"name":"Home","item":"https:\/\/vosgesinfo.fr\/remiremontinfo\/"},{"@type":"ListItem","position":2,"name":"March\u00e9 de printemps de la Bussenette samedi 16 mars \u00e0 la biblioth\u00e8que"}]},{"@type":"WebSite","@id":"https:\/\/vosgesinfo.fr\/remiremontinfo\/#website","url":"https:\/\/vosgesinfo.fr\/remiremontinfo\/","name":"Remiremont Info","description":"Toute l&#039;actualit\u00e9 de Remiremont","publisher":{"@id":"https:\/\/vosgesinfo.fr\/remiremontinfo\/#organization"},"alternateName":"Toute l'actualit\u00e9 de Remiremont","potentialAction":[{"@type":"SearchAction","target":{"@type":"EntryPoint","urlTemplate":"https:\/\/vosgesinfo.fr\/remiremontinfo\/?s={search_term_string}"},"query-input":"required name=search_term_string"}],"inLanguage":"fr-FR"},{"@type":"Organization","@id":"https:\/\/vosgesinfo.fr\/remiremontinfo\/#organization","name":"Remiremont Info","url":"https:\/\/vosgesinfo.fr\/remiremontinfo\/","logo":{"@type":"ImageObject","inLanguage":"fr-FR","@id":"https:\/\/vosgesinfo.fr\/remiremontinfo\/#\/schema\/logo\/image\/","url":"https:\/\/vosgesinfo.fr\/app\/uploads\/sites\/5\/2023\/08\/favicon-remiremontinfo.png","contentUrl":"https:\/\/vosgesinfo.fr\/app\/uploads\/sites\/5\/2023\/08\/favicon-remiremontinfo.png","width":512,"height":512,"caption":"Remiremont Info"},"image":{"@id":"https:\/\/vosgesinfo.fr\/remiremontinfo\/#\/schema\/logo\/image\/"},"sameAs":["https:\/\/www.facebook.com\/remiremontinfo","https:\/\/x.com\/VosgesInfo88","https:\/\/www.youtube.com\/@vosgesinfo"]},{"@type":"Person","@id":"https:\/\/vosgesinfo.fr\/remiremontinfo\/#\/schema\/person\/db5605779a843dad16b5368f3e7613a5","name":"QG","image":{"@type":"ImageObject","inLanguage":"fr-FR","@id":"https:\/\/vosgesinfo.fr\/remiremontinfo\/#\/schema\/person\/image\/","url":"https:\/\/secure.gravatar.com\/avatar\/ea80c42c204b534408512832fde52504ecabb9706bcb6151cf6175e5b64e6793?s=96&d=mm&r=g","contentUrl":"https:\/\/secure.gravatar.com\/avatar\/ea80c42c204b534408512832fde52504ecabb9706bcb6151cf6175e5b64e6793?s=96&d=mm&r=g","caption":"QG"},"url":"https:\/\/vosgesinfo.fr\/remiremontinfo\/author\/quentin88\/"}]}},"_links":{"self":[{"href":"https:\/\/vosgesinfo.fr\/remiremontinfo\/wp-json\/wp\/v2\/posts\/4829","targetHints":{"allow":["GET"]}}],"collection":[{"href":"https:\/\/vosgesinfo.fr\/remiremontinfo\/wp-json\/wp\/v2\/posts"}],"about":[{"href":"https:\/\/vosgesinfo.fr\/remiremontinfo\/wp-json\/wp\/v2\/types\/post"}],"author":[{"embeddable":true,"href":"https:\/\/vosgesinfo.fr\/remiremontinfo\/wp-json\/wp\/v2\/users\/42"}],"replies":[{"embeddable":true,"href":"https:\/\/vosgesinfo.fr\/remiremontinfo\/wp-json\/wp\/v2\/comments?post=4829"}],"version-history":[{"count":1,"href":"https:\/\/vosgesinfo.fr\/remiremontinfo\/wp-json\/wp\/v2\/posts\/4829\/revisions"}],"predecessor-version":[{"id":4832,"href":"https:\/\/vosgesinfo.fr\/remiremontinfo\/wp-json\/wp\/v2\/posts\/4829\/revisions\/4832"}],"wp:featuredmedia":[{"embeddable":true,"href":"https:\/\/vosgesinfo.fr\/remiremontinfo\/wp-json\/wp\/v2\/media\/4830"}],"wp:attachment":[{"href":"https:\/\/vosgesinfo.fr\/remiremontinfo\/wp-json\/wp\/v2\/media?parent=4829"}],"wp:term":[{"taxonomy":"category","embeddable":true,"href":"https:\/\/vosgesinfo.fr\/remiremontinfo\/wp-json\/wp\/v2\/categories?post=4829"},{"taxonomy":"post_tag","embeddable":true,"href":"https:\/\/vosgesinfo.fr\/remiremontinfo\/wp-json\/wp\/v2\/tags?post=4829"}],"curies":[{"name":"wp","href":"https:\/\/api.w.org\/{rel}","templated":true}]}}