{"id":48309,"date":"2021-11-03T07:25:39","date_gmt":"2021-11-03T06:25:39","guid":{"rendered":"https:\/\/vosgesinfo.fr\/remiremontinfo\/2021\/11\/remiremont-soiree-jazz-theatre-de-miroiterie-a-dit-serveuse\/"},"modified":"2021-11-03T07:25:39","modified_gmt":"2021-11-03T06:25:39","slug":"remiremont-soiree-jazz-theatre-de-miroiterie-a-dit-serveuse","status":"publish","type":"post","link":"https:\/\/vosgesinfo.fr\/remiremontinfo\/2021\/11\/remiremont-soiree-jazz-theatre-de-miroiterie-a-dit-serveuse\/","title":{"rendered":"Remiremont : soir\u00e9e jazz au Th\u00e9\u00e2tre de la Miroiterie avec \u00ab\u00a0Comme a dit la serveuse\u00a0\u00bb"},"content":{"rendered":"\n<p><span style=\"font-size: 10pt;\"><em>Photos de la page Facebook du groupe\u00a0<\/em><\/span><\/p>\n<h2><span style=\"font-size: 12pt;\"><strong>Le prochain spectacle organis\u00e9 par l&rsquo;association CTPS, intitul\u00e9 \u00ab\u00a0Comme a dit la serveuse\u00a0\u00bb, sera pr\u00e9sent\u00e9 le vendredi 12 novembre\u00a0prochain \u00e0 20h30 au Th\u00e9\u00e2tre de la Miroiterie, 28 rue de la Joncherie. \u00ab\u00a0Pass sanitaire\u00a0\u00bb obligatoire et port du masque conseill\u00e9.\u00a0<\/strong><\/span><\/h2>\n<blockquote><p><em><strong>\u00ab\u00a0Comme dit la serveuse\u00a0\u00bb\u00a0<\/strong><\/em><br \/>\n<em><strong>Soir\u00e9e Jazz Vocal\u00a0<\/strong><\/em><\/p><\/blockquote>\n<p>\u00ab\u00a0Une voix unique, chaleureuse et charg\u00e9e d\u2019\u00e9motions, une guitare et une contrebasse, pour un jazz vocal riche en couleurs\u00a0!\u00a0\u00bb Sur sc\u00e8ne, la chanteuse fait preuve de magn\u00e9tisme d\u00e9tonnant, le trio nous enivre d\u00e8s ses premi\u00e8res notes et nous offre un cocktail jazz \u00e0 la personnalit\u00e9 bien tremp\u00e9e.<\/p>\n<p>Voix\u00a0: Audrey PIERRE<br \/>\nGuitare\u00a0: Yves-Antoine GACHET<br \/>\nContrebasse\u00a0: Thierry MOUGEOT<\/p>\n<blockquote><p><em><strong>Les tarifs sont les suivants :<\/strong><\/em><\/p><\/blockquote>\n<p>Tarif plein : 10 euros<br \/>\nTarif r\u00e9duit : 8 euros<br \/>\nTarif famille (\u00e0 partir d&rsquo;1adulte et de 2 enfants, ou de 2 adultes et 1 enfant) : 8 euros<br \/>\nDur\u00e9e : 1h15<\/p>\n<p>Les ch\u00e8ques vacances sont accept\u00e9s mais nous ne rendons pas la monnaie.<\/p>\n<p>R\u00e8glements par carte bancaire et carte zap accept\u00e9s<\/p>\n<p>Pour une question d&rsquo;organisation, il est indispensable de r\u00e9server au 07 49 29 33 37<\/p>\n<p>&nbsp;<\/p>\n<p>&nbsp;<\/p>\n","protected":false},"excerpt":{"rendered":"<p>Photos de la page Facebook du groupe\u00a0 Le prochain spectacle organis\u00e9 par l&rsquo;association CTPS, intitul\u00e9 \u00ab\u00a0Comme a dit la serveuse\u00a0\u00bb, [&hellip;]<\/p>\n","protected":false},"author":407,"featured_media":48310,"comment_status":"open","ping_status":"open","sticky":false,"template":"","format":"standard","meta":{"footnotes":""},"categories":[26,4,1556,35],"tags":[1607,44,2935],"class_list":["post-48309","post","type-post","status-publish","format-standard","has-post-thumbnail","hentry","category-a-la-une","category-culture","category-remiremont-remiremont-son-canton-2","category-remiremont-son-canton","tag-jazz","tag-remiremont","tag-theatre-d-ela-miroiterie"],"acf":[],"yoast_head":"<!-- This site is optimized with the Yoast SEO plugin v22.5 - https:\/\/yoast.com\/wordpress\/plugins\/seo\/ -->\n<title>Remiremont : soir\u00e9e jazz au Th\u00e9\u00e2tre de la Miroiterie avec &quot;Comme a dit la serveuse&quot; - Remiremont Info<\/title>\n<meta name=\"robots\" content=\"index, follow, max-snippet:-1, max-image-preview:large, max-video-preview:-1\" \/>\n<link rel=\"canonical\" href=\"https:\/\/vosgesinfo.fr\/remiremontinfo\/2021\/11\/remiremont-soiree-jazz-theatre-de-miroiterie-a-dit-serveuse\/\" \/>\n<meta name=\"twitter:card\" content=\"summary_large_image\" \/>\n<meta name=\"twitter:title\" content=\"Remiremont : soir\u00e9e jazz au Th\u00e9\u00e2tre de la Miroiterie avec &quot;Comme a dit la serveuse&quot; - Remiremont Info\" \/>\n<meta name=\"twitter:description\" content=\"Photos de la page Facebook du groupe\u00a0 Le prochain spectacle organis\u00e9 par l&rsquo;association CTPS, intitul\u00e9 \u00ab\u00a0Comme a dit la serveuse\u00a0\u00bb, [&hellip;]\" \/>\n<meta name=\"twitter:image\" content=\"https:\/\/vosgesinfo.fr\/app\/uploads\/sites\/5\/2024\/09\/20211152857909-331973944089347-5057679219195117568-n1.jpg\" \/>\n<meta name=\"twitter:creator\" content=\"@VosgesInfo88\" \/>\n<meta name=\"twitter:site\" content=\"@VosgesInfo88\" \/>\n<meta name=\"twitter:label1\" content=\"\u00c9crit par\" \/>\n\t<meta name=\"twitter:data1\" content=\"C D\" \/>\n\t<meta name=\"twitter:label2\" content=\"Dur\u00e9e de lecture estim\u00e9e\" \/>\n\t<meta name=\"twitter:data2\" content=\"1 minute\" \/>\n<script type=\"application\/ld+json\" class=\"yoast-schema-graph\">{\"@context\":\"https:\/\/schema.org\",\"@graph\":[{\"@type\":\"Article\",\"@id\":\"https:\/\/vosgesinfo.fr\/remiremontinfo\/2021\/11\/remiremont-soiree-jazz-theatre-de-miroiterie-a-dit-serveuse\/#article\",\"isPartOf\":{\"@id\":\"https:\/\/vosgesinfo.fr\/remiremontinfo\/2021\/11\/remiremont-soiree-jazz-theatre-de-miroiterie-a-dit-serveuse\/\"},\"author\":{\"name\":\"C D\",\"@id\":\"https:\/\/vosgesinfo.fr\/remiremontinfo\/#\/schema\/person\/3bfd164d5218a185b1db68655a265316\"},\"headline\":\"Remiremont : soir\u00e9e jazz au Th\u00e9\u00e2tre de la Miroiterie avec \u00ab\u00a0Comme a dit la serveuse\u00a0\u00bb\",\"datePublished\":\"2021-11-03T06:25:39+00:00\",\"dateModified\":\"2021-11-03T06:25:39+00:00\",\"mainEntityOfPage\":{\"@id\":\"https:\/\/vosgesinfo.fr\/remiremontinfo\/2021\/11\/remiremont-soiree-jazz-theatre-de-miroiterie-a-dit-serveuse\/\"},\"wordCount\":209,\"commentCount\":0,\"publisher\":{\"@id\":\"https:\/\/vosgesinfo.fr\/remiremontinfo\/#organization\"},\"image\":{\"@id\":\"https:\/\/vosgesinfo.fr\/remiremontinfo\/2021\/11\/remiremont-soiree-jazz-theatre-de-miroiterie-a-dit-serveuse\/#primaryimage\"},\"thumbnailUrl\":\"https:\/\/vosgesinfo.fr\/app\/uploads\/sites\/5\/2024\/09\/20211152857909-331973944089347-5057679219195117568-n1.jpg\",\"keywords\":[\"JAZZ\",\"remiremont\",\"theatre d ela miroiterie\"],\"articleSection\":[\"A la Une\",\"Culture\",\"Remiremont\",\"Remiremont &amp; son canton\"],\"inLanguage\":\"fr-FR\",\"potentialAction\":[{\"@type\":\"CommentAction\",\"name\":\"Comment\",\"target\":[\"https:\/\/vosgesinfo.fr\/remiremontinfo\/2021\/11\/remiremont-soiree-jazz-theatre-de-miroiterie-a-dit-serveuse\/#respond\"]}]},{\"@type\":\"WebPage\",\"@id\":\"https:\/\/vosgesinfo.fr\/remiremontinfo\/2021\/11\/remiremont-soiree-jazz-theatre-de-miroiterie-a-dit-serveuse\/\",\"url\":\"https:\/\/vosgesinfo.fr\/remiremontinfo\/2021\/11\/remiremont-soiree-jazz-theatre-de-miroiterie-a-dit-serveuse\/\",\"name\":\"Remiremont : soir\u00e9e jazz au Th\u00e9\u00e2tre de la Miroiterie avec \\\"Comme a dit la serveuse\\\" - Remiremont Info\",\"isPartOf\":{\"@id\":\"https:\/\/vosgesinfo.fr\/remiremontinfo\/#website\"},\"primaryImageOfPage\":{\"@id\":\"https:\/\/vosgesinfo.fr\/remiremontinfo\/2021\/11\/remiremont-soiree-jazz-theatre-de-miroiterie-a-dit-serveuse\/#primaryimage\"},\"image\":{\"@id\":\"https:\/\/vosgesinfo.fr\/remiremontinfo\/2021\/11\/remiremont-soiree-jazz-theatre-de-miroiterie-a-dit-serveuse\/#primaryimage\"},\"thumbnailUrl\":\"https:\/\/vosgesinfo.fr\/app\/uploads\/sites\/5\/2024\/09\/20211152857909-331973944089347-5057679219195117568-n1.jpg\",\"datePublished\":\"2021-11-03T06:25:39+00:00\",\"dateModified\":\"2021-11-03T06:25:39+00:00\",\"breadcrumb\":{\"@id\":\"https:\/\/vosgesinfo.fr\/remiremontinfo\/2021\/11\/remiremont-soiree-jazz-theatre-de-miroiterie-a-dit-serveuse\/#breadcrumb\"},\"inLanguage\":\"fr-FR\",\"potentialAction\":[{\"@type\":\"ReadAction\",\"target\":[\"https:\/\/vosgesinfo.fr\/remiremontinfo\/2021\/11\/remiremont-soiree-jazz-theatre-de-miroiterie-a-dit-serveuse\/\"]}]},{\"@type\":\"ImageObject\",\"inLanguage\":\"fr-FR\",\"@id\":\"https:\/\/vosgesinfo.fr\/remiremontinfo\/2021\/11\/remiremont-soiree-jazz-theatre-de-miroiterie-a-dit-serveuse\/#primaryimage\",\"url\":\"https:\/\/vosgesinfo.fr\/app\/uploads\/sites\/5\/2024\/09\/20211152857909-331973944089347-5057679219195117568-n1.jpg\",\"contentUrl\":\"https:\/\/vosgesinfo.fr\/app\/uploads\/sites\/5\/2024\/09\/20211152857909-331973944089347-5057679219195117568-n1.jpg\",\"width\":800,\"height\":555},{\"@type\":\"BreadcrumbList\",\"@id\":\"https:\/\/vosgesinfo.fr\/remiremontinfo\/2021\/11\/remiremont-soiree-jazz-theatre-de-miroiterie-a-dit-serveuse\/#breadcrumb\",\"itemListElement\":[{\"@type\":\"ListItem\",\"position\":1,\"name\":\"Home\",\"item\":\"https:\/\/vosgesinfo.fr\/remiremontinfo\/\"},{\"@type\":\"ListItem\",\"position\":2,\"name\":\"Remiremont : soir\u00e9e jazz au Th\u00e9\u00e2tre de la Miroiterie avec \u00ab\u00a0Comme a dit la serveuse\u00a0\u00bb\"}]},{\"@type\":\"WebSite\",\"@id\":\"https:\/\/vosgesinfo.fr\/remiremontinfo\/#website\",\"url\":\"https:\/\/vosgesinfo.fr\/remiremontinfo\/\",\"name\":\"Remiremont Info\",\"description\":\"Toute l&#039;actualit\u00e9 de Remiremont\",\"publisher\":{\"@id\":\"https:\/\/vosgesinfo.fr\/remiremontinfo\/#organization\"},\"alternateName\":\"Toute l'actualit\u00e9 de Remiremont\",\"potentialAction\":[{\"@type\":\"SearchAction\",\"target\":{\"@type\":\"EntryPoint\",\"urlTemplate\":\"https:\/\/vosgesinfo.fr\/remiremontinfo\/?s={search_term_string}\"},\"query-input\":\"required name=search_term_string\"}],\"inLanguage\":\"fr-FR\"},{\"@type\":\"Organization\",\"@id\":\"https:\/\/vosgesinfo.fr\/remiremontinfo\/#organization\",\"name\":\"Remiremont Info\",\"url\":\"https:\/\/vosgesinfo.fr\/remiremontinfo\/\",\"logo\":{\"@type\":\"ImageObject\",\"inLanguage\":\"fr-FR\",\"@id\":\"https:\/\/vosgesinfo.fr\/remiremontinfo\/#\/schema\/logo\/image\/\",\"url\":\"https:\/\/vosgesinfo.fr\/app\/uploads\/sites\/5\/2023\/08\/favicon-remiremontinfo.png\",\"contentUrl\":\"https:\/\/vosgesinfo.fr\/app\/uploads\/sites\/5\/2023\/08\/favicon-remiremontinfo.png\",\"width\":512,\"height\":512,\"caption\":\"Remiremont Info\"},\"image\":{\"@id\":\"https:\/\/vosgesinfo.fr\/remiremontinfo\/#\/schema\/logo\/image\/\"},\"sameAs\":[\"https:\/\/www.facebook.com\/remiremontinfo\",\"https:\/\/x.com\/VosgesInfo88\",\"https:\/\/www.youtube.com\/@vosgesinfo\"]},{\"@type\":\"Person\",\"@id\":\"https:\/\/vosgesinfo.fr\/remiremontinfo\/#\/schema\/person\/3bfd164d5218a185b1db68655a265316\",\"name\":\"C D\",\"image\":{\"@type\":\"ImageObject\",\"inLanguage\":\"fr-FR\",\"@id\":\"https:\/\/vosgesinfo.fr\/remiremontinfo\/#\/schema\/person\/image\/\",\"url\":\"https:\/\/secure.gravatar.com\/avatar\/1f9a70007336511a47468b8f1c66f922b8b7cf617b02a31149ada43893a5d48f?s=96&d=mm&r=g\",\"contentUrl\":\"https:\/\/secure.gravatar.com\/avatar\/1f9a70007336511a47468b8f1c66f922b8b7cf617b02a31149ada43893a5d48f?s=96&d=mm&r=g\",\"caption\":\"C D\"},\"url\":\"https:\/\/vosgesinfo.fr\/remiremontinfo\/author\/cedric-drevet\/\"}]}<\/script>\n<!-- \/ Yoast SEO plugin. -->","yoast_head_json":{"title":"Remiremont : soir\u00e9e jazz au Th\u00e9\u00e2tre de la Miroiterie avec \"Comme a dit la serveuse\" - Remiremont Info","robots":{"index":"index","follow":"follow","max-snippet":"max-snippet:-1","max-image-preview":"max-image-preview:large","max-video-preview":"max-video-preview:-1"},"canonical":"https:\/\/vosgesinfo.fr\/remiremontinfo\/2021\/11\/remiremont-soiree-jazz-theatre-de-miroiterie-a-dit-serveuse\/","twitter_card":"summary_large_image","twitter_title":"Remiremont : soir\u00e9e jazz au Th\u00e9\u00e2tre de la Miroiterie avec \"Comme a dit la serveuse\" - Remiremont Info","twitter_description":"Photos de la page Facebook du groupe\u00a0 Le prochain spectacle organis\u00e9 par l&rsquo;association CTPS, intitul\u00e9 \u00ab\u00a0Comme a dit la serveuse\u00a0\u00bb, [&hellip;]","twitter_image":"https:\/\/vosgesinfo.fr\/app\/uploads\/sites\/5\/2024\/09\/20211152857909-331973944089347-5057679219195117568-n1.jpg","twitter_creator":"@VosgesInfo88","twitter_site":"@VosgesInfo88","twitter_misc":{"\u00c9crit par":"C D","Dur\u00e9e de lecture estim\u00e9e":"1 minute"},"schema":{"@context":"https:\/\/schema.org","@graph":[{"@type":"Article","@id":"https:\/\/vosgesinfo.fr\/remiremontinfo\/2021\/11\/remiremont-soiree-jazz-theatre-de-miroiterie-a-dit-serveuse\/#article","isPartOf":{"@id":"https:\/\/vosgesinfo.fr\/remiremontinfo\/2021\/11\/remiremont-soiree-jazz-theatre-de-miroiterie-a-dit-serveuse\/"},"author":{"name":"C D","@id":"https:\/\/vosgesinfo.fr\/remiremontinfo\/#\/schema\/person\/3bfd164d5218a185b1db68655a265316"},"headline":"Remiremont : soir\u00e9e jazz au Th\u00e9\u00e2tre de la Miroiterie avec \u00ab\u00a0Comme a dit la serveuse\u00a0\u00bb","datePublished":"2021-11-03T06:25:39+00:00","dateModified":"2021-11-03T06:25:39+00:00","mainEntityOfPage":{"@id":"https:\/\/vosgesinfo.fr\/remiremontinfo\/2021\/11\/remiremont-soiree-jazz-theatre-de-miroiterie-a-dit-serveuse\/"},"wordCount":209,"commentCount":0,"publisher":{"@id":"https:\/\/vosgesinfo.fr\/remiremontinfo\/#organization"},"image":{"@id":"https:\/\/vosgesinfo.fr\/remiremontinfo\/2021\/11\/remiremont-soiree-jazz-theatre-de-miroiterie-a-dit-serveuse\/#primaryimage"},"thumbnailUrl":"https:\/\/vosgesinfo.fr\/app\/uploads\/sites\/5\/2024\/09\/20211152857909-331973944089347-5057679219195117568-n1.jpg","keywords":["JAZZ","remiremont","theatre d ela miroiterie"],"articleSection":["A la Une","Culture","Remiremont","Remiremont &amp; son canton"],"inLanguage":"fr-FR","potentialAction":[{"@type":"CommentAction","name":"Comment","target":["https:\/\/vosgesinfo.fr\/remiremontinfo\/2021\/11\/remiremont-soiree-jazz-theatre-de-miroiterie-a-dit-serveuse\/#respond"]}]},{"@type":"WebPage","@id":"https:\/\/vosgesinfo.fr\/remiremontinfo\/2021\/11\/remiremont-soiree-jazz-theatre-de-miroiterie-a-dit-serveuse\/","url":"https:\/\/vosgesinfo.fr\/remiremontinfo\/2021\/11\/remiremont-soiree-jazz-theatre-de-miroiterie-a-dit-serveuse\/","name":"Remiremont : soir\u00e9e jazz au Th\u00e9\u00e2tre de la Miroiterie avec \"Comme a dit la serveuse\" - Remiremont Info","isPartOf":{"@id":"https:\/\/vosgesinfo.fr\/remiremontinfo\/#website"},"primaryImageOfPage":{"@id":"https:\/\/vosgesinfo.fr\/remiremontinfo\/2021\/11\/remiremont-soiree-jazz-theatre-de-miroiterie-a-dit-serveuse\/#primaryimage"},"image":{"@id":"https:\/\/vosgesinfo.fr\/remiremontinfo\/2021\/11\/remiremont-soiree-jazz-theatre-de-miroiterie-a-dit-serveuse\/#primaryimage"},"thumbnailUrl":"https:\/\/vosgesinfo.fr\/app\/uploads\/sites\/5\/2024\/09\/20211152857909-331973944089347-5057679219195117568-n1.jpg","datePublished":"2021-11-03T06:25:39+00:00","dateModified":"2021-11-03T06:25:39+00:00","breadcrumb":{"@id":"https:\/\/vosgesinfo.fr\/remiremontinfo\/2021\/11\/remiremont-soiree-jazz-theatre-de-miroiterie-a-dit-serveuse\/#breadcrumb"},"inLanguage":"fr-FR","potentialAction":[{"@type":"ReadAction","target":["https:\/\/vosgesinfo.fr\/remiremontinfo\/2021\/11\/remiremont-soiree-jazz-theatre-de-miroiterie-a-dit-serveuse\/"]}]},{"@type":"ImageObject","inLanguage":"fr-FR","@id":"https:\/\/vosgesinfo.fr\/remiremontinfo\/2021\/11\/remiremont-soiree-jazz-theatre-de-miroiterie-a-dit-serveuse\/#primaryimage","url":"https:\/\/vosgesinfo.fr\/app\/uploads\/sites\/5\/2024\/09\/20211152857909-331973944089347-5057679219195117568-n1.jpg","contentUrl":"https:\/\/vosgesinfo.fr\/app\/uploads\/sites\/5\/2024\/09\/20211152857909-331973944089347-5057679219195117568-n1.jpg","width":800,"height":555},{"@type":"BreadcrumbList","@id":"https:\/\/vosgesinfo.fr\/remiremontinfo\/2021\/11\/remiremont-soiree-jazz-theatre-de-miroiterie-a-dit-serveuse\/#breadcrumb","itemListElement":[{"@type":"ListItem","position":1,"name":"Home","item":"https:\/\/vosgesinfo.fr\/remiremontinfo\/"},{"@type":"ListItem","position":2,"name":"Remiremont : soir\u00e9e jazz au Th\u00e9\u00e2tre de la Miroiterie avec \u00ab\u00a0Comme a dit la serveuse\u00a0\u00bb"}]},{"@type":"WebSite","@id":"https:\/\/vosgesinfo.fr\/remiremontinfo\/#website","url":"https:\/\/vosgesinfo.fr\/remiremontinfo\/","name":"Remiremont Info","description":"Toute l&#039;actualit\u00e9 de Remiremont","publisher":{"@id":"https:\/\/vosgesinfo.fr\/remiremontinfo\/#organization"},"alternateName":"Toute l'actualit\u00e9 de Remiremont","potentialAction":[{"@type":"SearchAction","target":{"@type":"EntryPoint","urlTemplate":"https:\/\/vosgesinfo.fr\/remiremontinfo\/?s={search_term_string}"},"query-input":"required name=search_term_string"}],"inLanguage":"fr-FR"},{"@type":"Organization","@id":"https:\/\/vosgesinfo.fr\/remiremontinfo\/#organization","name":"Remiremont Info","url":"https:\/\/vosgesinfo.fr\/remiremontinfo\/","logo":{"@type":"ImageObject","inLanguage":"fr-FR","@id":"https:\/\/vosgesinfo.fr\/remiremontinfo\/#\/schema\/logo\/image\/","url":"https:\/\/vosgesinfo.fr\/app\/uploads\/sites\/5\/2023\/08\/favicon-remiremontinfo.png","contentUrl":"https:\/\/vosgesinfo.fr\/app\/uploads\/sites\/5\/2023\/08\/favicon-remiremontinfo.png","width":512,"height":512,"caption":"Remiremont Info"},"image":{"@id":"https:\/\/vosgesinfo.fr\/remiremontinfo\/#\/schema\/logo\/image\/"},"sameAs":["https:\/\/www.facebook.com\/remiremontinfo","https:\/\/x.com\/VosgesInfo88","https:\/\/www.youtube.com\/@vosgesinfo"]},{"@type":"Person","@id":"https:\/\/vosgesinfo.fr\/remiremontinfo\/#\/schema\/person\/3bfd164d5218a185b1db68655a265316","name":"C D","image":{"@type":"ImageObject","inLanguage":"fr-FR","@id":"https:\/\/vosgesinfo.fr\/remiremontinfo\/#\/schema\/person\/image\/","url":"https:\/\/secure.gravatar.com\/avatar\/1f9a70007336511a47468b8f1c66f922b8b7cf617b02a31149ada43893a5d48f?s=96&d=mm&r=g","contentUrl":"https:\/\/secure.gravatar.com\/avatar\/1f9a70007336511a47468b8f1c66f922b8b7cf617b02a31149ada43893a5d48f?s=96&d=mm&r=g","caption":"C D"},"url":"https:\/\/vosgesinfo.fr\/remiremontinfo\/author\/cedric-drevet\/"}]}},"_links":{"self":[{"href":"https:\/\/vosgesinfo.fr\/remiremontinfo\/wp-json\/wp\/v2\/posts\/48309","targetHints":{"allow":["GET"]}}],"collection":[{"href":"https:\/\/vosgesinfo.fr\/remiremontinfo\/wp-json\/wp\/v2\/posts"}],"about":[{"href":"https:\/\/vosgesinfo.fr\/remiremontinfo\/wp-json\/wp\/v2\/types\/post"}],"author":[{"embeddable":true,"href":"https:\/\/vosgesinfo.fr\/remiremontinfo\/wp-json\/wp\/v2\/users\/407"}],"replies":[{"embeddable":true,"href":"https:\/\/vosgesinfo.fr\/remiremontinfo\/wp-json\/wp\/v2\/comments?post=48309"}],"version-history":[{"count":0,"href":"https:\/\/vosgesinfo.fr\/remiremontinfo\/wp-json\/wp\/v2\/posts\/48309\/revisions"}],"wp:featuredmedia":[{"embeddable":true,"href":"https:\/\/vosgesinfo.fr\/remiremontinfo\/wp-json\/wp\/v2\/media\/48310"}],"wp:attachment":[{"href":"https:\/\/vosgesinfo.fr\/remiremontinfo\/wp-json\/wp\/v2\/media?parent=48309"}],"wp:term":[{"taxonomy":"category","embeddable":true,"href":"https:\/\/vosgesinfo.fr\/remiremontinfo\/wp-json\/wp\/v2\/categories?post=48309"},{"taxonomy":"post_tag","embeddable":true,"href":"https:\/\/vosgesinfo.fr\/remiremontinfo\/wp-json\/wp\/v2\/tags?post=48309"}],"curies":[{"name":"wp","href":"https:\/\/api.w.org\/{rel}","templated":true}]}}