{"id":48313,"date":"2021-11-03T07:20:23","date_gmt":"2021-11-03T06:20:23","guid":{"rendered":"https:\/\/vosgesinfo.fr\/remiremontinfo\/2021\/11\/journee-de-commemoration-150eme-anniversaire-de-guerre-de-1870\/"},"modified":"2021-11-03T07:20:23","modified_gmt":"2021-11-03T06:20:23","slug":"journee-de-commemoration-150eme-anniversaire-de-guerre-de-1870","status":"publish","type":"post","link":"https:\/\/vosgesinfo.fr\/remiremontinfo\/2021\/11\/journee-de-commemoration-150eme-anniversaire-de-guerre-de-1870\/","title":{"rendered":"Journ\u00e9e de comm\u00e9moration du 150\u00e8me anniversaire de la Guerre de 1870"},"content":{"rendered":"<p><a href=\"\/2021\/11\/251333211_2765595333736397_4159062206926197454_n-800x600.jpg\"><img decoding=\"async\" class=\"alignnone size-full wp-image-330725\" src=\"\/2021\/11\/251333211_2765595333736397_4159062206926197454_n-800x600.jpg\" alt=\"251333211_2765595333736397_4159062206926197454_n-800x600\" width=\"800\" height=\"600\" \/><\/a><\/p>\n<p>Carole Dabrigeon, sous-pr\u00e9f\u00e8te de l\u2019arrondissement de Saint-Di\u00e9-des-Vosges, a pr\u00e9sid\u00e9 ce lundi 1er novembre la c\u00e9r\u00e9monie du Souvenir fran\u00e7ais \u00e0 \u00c9pinal, en pr\u00e9sence d\u2019\u00e9lus, des autorit\u00e9s civiles et militaires, et des repr\u00e9sentants d\u2019associations d\u2019anciens combattants.<\/p>\n<p><a href=\"\/2021\/11\/251354355_2765595397069724_5015500013957480505_n-800x600.jpg\"><img decoding=\"async\" class=\"alignnone size-full wp-image-330726\" src=\"\/2021\/11\/251354355_2765595397069724_5015500013957480505_n-800x600.jpg\" alt=\"251354355_2765595397069724_5015500013957480505_n-800x600\" width=\"800\" height=\"600\" \/><\/a><\/p>\n","protected":false},"excerpt":{"rendered":"<p>Carole Dabrigeon, sous-pr\u00e9f\u00e8te de l\u2019arrondissement de Saint-Di\u00e9-des-Vosges, a pr\u00e9sid\u00e9 ce lundi 1er novembre la c\u00e9r\u00e9monie du Souvenir fran\u00e7ais \u00e0 \u00c9pinal, [&hellip;]<\/p>\n","protected":false},"author":407,"featured_media":48314,"comment_status":"open","ping_status":"open","sticky":false,"template":"","format":"standard","meta":{"footnotes":""},"categories":[26,86,18],"tags":[305,2936,32],"class_list":["post-48313","post","type-post","status-publish","format-standard","has-post-thumbnail","hentry","category-a-la-une","category-histoire","category-vosges","tag-commemoration","tag-guerre-1870","tag-vosges"],"acf":[],"yoast_head":"<!-- This site is optimized with the Yoast SEO plugin v22.5 - https:\/\/yoast.com\/wordpress\/plugins\/seo\/ -->\n<title>Journ\u00e9e de comm\u00e9moration du 150\u00e8me anniversaire de la Guerre de 1870 - Remiremont Info<\/title>\n<meta name=\"robots\" content=\"index, follow, max-snippet:-1, max-image-preview:large, max-video-preview:-1\" \/>\n<link rel=\"canonical\" href=\"https:\/\/vosgesinfo.fr\/remiremontinfo\/2021\/11\/journee-de-commemoration-150eme-anniversaire-de-guerre-de-1870\/\" \/>\n<meta name=\"twitter:card\" content=\"summary_large_image\" \/>\n<meta name=\"twitter:title\" content=\"Journ\u00e9e de comm\u00e9moration du 150\u00e8me anniversaire de la Guerre de 1870 - Remiremont Info\" \/>\n<meta name=\"twitter:description\" content=\"Carole Dabrigeon, sous-pr\u00e9f\u00e8te de l\u2019arrondissement de Saint-Di\u00e9-des-Vosges, a pr\u00e9sid\u00e9 ce lundi 1er novembre la c\u00e9r\u00e9monie du Souvenir fran\u00e7ais \u00e0 \u00c9pinal, [&hellip;]\" \/>\n<meta name=\"twitter:image\" content=\"https:\/\/vosgesinfo.fr\/app\/uploads\/sites\/5\/2024\/09\/202111251333211-2765595333736397-4159062206926197454-n-800x6001-1.jpg\" \/>\n<meta name=\"twitter:creator\" content=\"@VosgesInfo88\" \/>\n<meta name=\"twitter:site\" content=\"@VosgesInfo88\" \/>\n<meta name=\"twitter:label1\" content=\"\u00c9crit par\" \/>\n\t<meta name=\"twitter:data1\" content=\"C D\" \/>\n<script type=\"application\/ld+json\" class=\"yoast-schema-graph\">{\"@context\":\"https:\/\/schema.org\",\"@graph\":[{\"@type\":\"Article\",\"@id\":\"https:\/\/vosgesinfo.fr\/remiremontinfo\/2021\/11\/journee-de-commemoration-150eme-anniversaire-de-guerre-de-1870\/#article\",\"isPartOf\":{\"@id\":\"https:\/\/vosgesinfo.fr\/remiremontinfo\/2021\/11\/journee-de-commemoration-150eme-anniversaire-de-guerre-de-1870\/\"},\"author\":{\"name\":\"C D\",\"@id\":\"https:\/\/vosgesinfo.fr\/remiremontinfo\/#\/schema\/person\/3bfd164d5218a185b1db68655a265316\"},\"headline\":\"Journ\u00e9e de comm\u00e9moration du 150\u00e8me anniversaire de la Guerre de 1870\",\"datePublished\":\"2021-11-03T06:20:23+00:00\",\"dateModified\":\"2021-11-03T06:20:23+00:00\",\"mainEntityOfPage\":{\"@id\":\"https:\/\/vosgesinfo.fr\/remiremontinfo\/2021\/11\/journee-de-commemoration-150eme-anniversaire-de-guerre-de-1870\/\"},\"wordCount\":59,\"commentCount\":0,\"publisher\":{\"@id\":\"https:\/\/vosgesinfo.fr\/remiremontinfo\/#organization\"},\"image\":{\"@id\":\"https:\/\/vosgesinfo.fr\/remiremontinfo\/2021\/11\/journee-de-commemoration-150eme-anniversaire-de-guerre-de-1870\/#primaryimage\"},\"thumbnailUrl\":\"https:\/\/vosgesinfo.fr\/app\/uploads\/sites\/5\/2024\/09\/202111251333211-2765595333736397-4159062206926197454-n-800x6001-1.jpg\",\"keywords\":[\"comm\u00e9moration\",\"guerre 1870\",\"Vosges\"],\"articleSection\":[\"A la Une\",\"Histoire\",\"Vosges\"],\"inLanguage\":\"fr-FR\",\"potentialAction\":[{\"@type\":\"CommentAction\",\"name\":\"Comment\",\"target\":[\"https:\/\/vosgesinfo.fr\/remiremontinfo\/2021\/11\/journee-de-commemoration-150eme-anniversaire-de-guerre-de-1870\/#respond\"]}]},{\"@type\":\"WebPage\",\"@id\":\"https:\/\/vosgesinfo.fr\/remiremontinfo\/2021\/11\/journee-de-commemoration-150eme-anniversaire-de-guerre-de-1870\/\",\"url\":\"https:\/\/vosgesinfo.fr\/remiremontinfo\/2021\/11\/journee-de-commemoration-150eme-anniversaire-de-guerre-de-1870\/\",\"name\":\"Journ\u00e9e de comm\u00e9moration du 150\u00e8me anniversaire de la Guerre de 1870 - Remiremont Info\",\"isPartOf\":{\"@id\":\"https:\/\/vosgesinfo.fr\/remiremontinfo\/#website\"},\"primaryImageOfPage\":{\"@id\":\"https:\/\/vosgesinfo.fr\/remiremontinfo\/2021\/11\/journee-de-commemoration-150eme-anniversaire-de-guerre-de-1870\/#primaryimage\"},\"image\":{\"@id\":\"https:\/\/vosgesinfo.fr\/remiremontinfo\/2021\/11\/journee-de-commemoration-150eme-anniversaire-de-guerre-de-1870\/#primaryimage\"},\"thumbnailUrl\":\"https:\/\/vosgesinfo.fr\/app\/uploads\/sites\/5\/2024\/09\/202111251333211-2765595333736397-4159062206926197454-n-800x6001-1.jpg\",\"datePublished\":\"2021-11-03T06:20:23+00:00\",\"dateModified\":\"2021-11-03T06:20:23+00:00\",\"breadcrumb\":{\"@id\":\"https:\/\/vosgesinfo.fr\/remiremontinfo\/2021\/11\/journee-de-commemoration-150eme-anniversaire-de-guerre-de-1870\/#breadcrumb\"},\"inLanguage\":\"fr-FR\",\"potentialAction\":[{\"@type\":\"ReadAction\",\"target\":[\"https:\/\/vosgesinfo.fr\/remiremontinfo\/2021\/11\/journee-de-commemoration-150eme-anniversaire-de-guerre-de-1870\/\"]}]},{\"@type\":\"ImageObject\",\"inLanguage\":\"fr-FR\",\"@id\":\"https:\/\/vosgesinfo.fr\/remiremontinfo\/2021\/11\/journee-de-commemoration-150eme-anniversaire-de-guerre-de-1870\/#primaryimage\",\"url\":\"https:\/\/vosgesinfo.fr\/app\/uploads\/sites\/5\/2024\/09\/202111251333211-2765595333736397-4159062206926197454-n-800x6001-1.jpg\",\"contentUrl\":\"https:\/\/vosgesinfo.fr\/app\/uploads\/sites\/5\/2024\/09\/202111251333211-2765595333736397-4159062206926197454-n-800x6001-1.jpg\",\"width\":800,\"height\":600},{\"@type\":\"BreadcrumbList\",\"@id\":\"https:\/\/vosgesinfo.fr\/remiremontinfo\/2021\/11\/journee-de-commemoration-150eme-anniversaire-de-guerre-de-1870\/#breadcrumb\",\"itemListElement\":[{\"@type\":\"ListItem\",\"position\":1,\"name\":\"Home\",\"item\":\"https:\/\/vosgesinfo.fr\/remiremontinfo\/\"},{\"@type\":\"ListItem\",\"position\":2,\"name\":\"Journ\u00e9e de comm\u00e9moration du 150\u00e8me anniversaire de la Guerre de 1870\"}]},{\"@type\":\"WebSite\",\"@id\":\"https:\/\/vosgesinfo.fr\/remiremontinfo\/#website\",\"url\":\"https:\/\/vosgesinfo.fr\/remiremontinfo\/\",\"name\":\"Remiremont Info\",\"description\":\"Toute l&#039;actualit\u00e9 de Remiremont\",\"publisher\":{\"@id\":\"https:\/\/vosgesinfo.fr\/remiremontinfo\/#organization\"},\"alternateName\":\"Toute l'actualit\u00e9 de Remiremont\",\"potentialAction\":[{\"@type\":\"SearchAction\",\"target\":{\"@type\":\"EntryPoint\",\"urlTemplate\":\"https:\/\/vosgesinfo.fr\/remiremontinfo\/?s={search_term_string}\"},\"query-input\":\"required name=search_term_string\"}],\"inLanguage\":\"fr-FR\"},{\"@type\":\"Organization\",\"@id\":\"https:\/\/vosgesinfo.fr\/remiremontinfo\/#organization\",\"name\":\"Remiremont Info\",\"url\":\"https:\/\/vosgesinfo.fr\/remiremontinfo\/\",\"logo\":{\"@type\":\"ImageObject\",\"inLanguage\":\"fr-FR\",\"@id\":\"https:\/\/vosgesinfo.fr\/remiremontinfo\/#\/schema\/logo\/image\/\",\"url\":\"https:\/\/vosgesinfo.fr\/app\/uploads\/sites\/5\/2023\/08\/favicon-remiremontinfo.png\",\"contentUrl\":\"https:\/\/vosgesinfo.fr\/app\/uploads\/sites\/5\/2023\/08\/favicon-remiremontinfo.png\",\"width\":512,\"height\":512,\"caption\":\"Remiremont Info\"},\"image\":{\"@id\":\"https:\/\/vosgesinfo.fr\/remiremontinfo\/#\/schema\/logo\/image\/\"},\"sameAs\":[\"https:\/\/www.facebook.com\/remiremontinfo\",\"https:\/\/x.com\/VosgesInfo88\",\"https:\/\/www.youtube.com\/@vosgesinfo\"]},{\"@type\":\"Person\",\"@id\":\"https:\/\/vosgesinfo.fr\/remiremontinfo\/#\/schema\/person\/3bfd164d5218a185b1db68655a265316\",\"name\":\"C D\",\"image\":{\"@type\":\"ImageObject\",\"inLanguage\":\"fr-FR\",\"@id\":\"https:\/\/vosgesinfo.fr\/remiremontinfo\/#\/schema\/person\/image\/\",\"url\":\"https:\/\/secure.gravatar.com\/avatar\/1f9a70007336511a47468b8f1c66f922b8b7cf617b02a31149ada43893a5d48f?s=96&d=mm&r=g\",\"contentUrl\":\"https:\/\/secure.gravatar.com\/avatar\/1f9a70007336511a47468b8f1c66f922b8b7cf617b02a31149ada43893a5d48f?s=96&d=mm&r=g\",\"caption\":\"C D\"},\"url\":\"https:\/\/vosgesinfo.fr\/remiremontinfo\/author\/cedric-drevet\/\"}]}<\/script>\n<!-- \/ Yoast SEO plugin. -->","yoast_head_json":{"title":"Journ\u00e9e de comm\u00e9moration du 150\u00e8me anniversaire de la Guerre de 1870 - Remiremont Info","robots":{"index":"index","follow":"follow","max-snippet":"max-snippet:-1","max-image-preview":"max-image-preview:large","max-video-preview":"max-video-preview:-1"},"canonical":"https:\/\/vosgesinfo.fr\/remiremontinfo\/2021\/11\/journee-de-commemoration-150eme-anniversaire-de-guerre-de-1870\/","twitter_card":"summary_large_image","twitter_title":"Journ\u00e9e de comm\u00e9moration du 150\u00e8me anniversaire de la Guerre de 1870 - Remiremont Info","twitter_description":"Carole Dabrigeon, sous-pr\u00e9f\u00e8te de l\u2019arrondissement de Saint-Di\u00e9-des-Vosges, a pr\u00e9sid\u00e9 ce lundi 1er novembre la c\u00e9r\u00e9monie du Souvenir fran\u00e7ais \u00e0 \u00c9pinal, [&hellip;]","twitter_image":"https:\/\/vosgesinfo.fr\/app\/uploads\/sites\/5\/2024\/09\/202111251333211-2765595333736397-4159062206926197454-n-800x6001-1.jpg","twitter_creator":"@VosgesInfo88","twitter_site":"@VosgesInfo88","twitter_misc":{"\u00c9crit par":"C D"},"schema":{"@context":"https:\/\/schema.org","@graph":[{"@type":"Article","@id":"https:\/\/vosgesinfo.fr\/remiremontinfo\/2021\/11\/journee-de-commemoration-150eme-anniversaire-de-guerre-de-1870\/#article","isPartOf":{"@id":"https:\/\/vosgesinfo.fr\/remiremontinfo\/2021\/11\/journee-de-commemoration-150eme-anniversaire-de-guerre-de-1870\/"},"author":{"name":"C D","@id":"https:\/\/vosgesinfo.fr\/remiremontinfo\/#\/schema\/person\/3bfd164d5218a185b1db68655a265316"},"headline":"Journ\u00e9e de comm\u00e9moration du 150\u00e8me anniversaire de la Guerre de 1870","datePublished":"2021-11-03T06:20:23+00:00","dateModified":"2021-11-03T06:20:23+00:00","mainEntityOfPage":{"@id":"https:\/\/vosgesinfo.fr\/remiremontinfo\/2021\/11\/journee-de-commemoration-150eme-anniversaire-de-guerre-de-1870\/"},"wordCount":59,"commentCount":0,"publisher":{"@id":"https:\/\/vosgesinfo.fr\/remiremontinfo\/#organization"},"image":{"@id":"https:\/\/vosgesinfo.fr\/remiremontinfo\/2021\/11\/journee-de-commemoration-150eme-anniversaire-de-guerre-de-1870\/#primaryimage"},"thumbnailUrl":"https:\/\/vosgesinfo.fr\/app\/uploads\/sites\/5\/2024\/09\/202111251333211-2765595333736397-4159062206926197454-n-800x6001-1.jpg","keywords":["comm\u00e9moration","guerre 1870","Vosges"],"articleSection":["A la Une","Histoire","Vosges"],"inLanguage":"fr-FR","potentialAction":[{"@type":"CommentAction","name":"Comment","target":["https:\/\/vosgesinfo.fr\/remiremontinfo\/2021\/11\/journee-de-commemoration-150eme-anniversaire-de-guerre-de-1870\/#respond"]}]},{"@type":"WebPage","@id":"https:\/\/vosgesinfo.fr\/remiremontinfo\/2021\/11\/journee-de-commemoration-150eme-anniversaire-de-guerre-de-1870\/","url":"https:\/\/vosgesinfo.fr\/remiremontinfo\/2021\/11\/journee-de-commemoration-150eme-anniversaire-de-guerre-de-1870\/","name":"Journ\u00e9e de comm\u00e9moration du 150\u00e8me anniversaire de la Guerre de 1870 - Remiremont Info","isPartOf":{"@id":"https:\/\/vosgesinfo.fr\/remiremontinfo\/#website"},"primaryImageOfPage":{"@id":"https:\/\/vosgesinfo.fr\/remiremontinfo\/2021\/11\/journee-de-commemoration-150eme-anniversaire-de-guerre-de-1870\/#primaryimage"},"image":{"@id":"https:\/\/vosgesinfo.fr\/remiremontinfo\/2021\/11\/journee-de-commemoration-150eme-anniversaire-de-guerre-de-1870\/#primaryimage"},"thumbnailUrl":"https:\/\/vosgesinfo.fr\/app\/uploads\/sites\/5\/2024\/09\/202111251333211-2765595333736397-4159062206926197454-n-800x6001-1.jpg","datePublished":"2021-11-03T06:20:23+00:00","dateModified":"2021-11-03T06:20:23+00:00","breadcrumb":{"@id":"https:\/\/vosgesinfo.fr\/remiremontinfo\/2021\/11\/journee-de-commemoration-150eme-anniversaire-de-guerre-de-1870\/#breadcrumb"},"inLanguage":"fr-FR","potentialAction":[{"@type":"ReadAction","target":["https:\/\/vosgesinfo.fr\/remiremontinfo\/2021\/11\/journee-de-commemoration-150eme-anniversaire-de-guerre-de-1870\/"]}]},{"@type":"ImageObject","inLanguage":"fr-FR","@id":"https:\/\/vosgesinfo.fr\/remiremontinfo\/2021\/11\/journee-de-commemoration-150eme-anniversaire-de-guerre-de-1870\/#primaryimage","url":"https:\/\/vosgesinfo.fr\/app\/uploads\/sites\/5\/2024\/09\/202111251333211-2765595333736397-4159062206926197454-n-800x6001-1.jpg","contentUrl":"https:\/\/vosgesinfo.fr\/app\/uploads\/sites\/5\/2024\/09\/202111251333211-2765595333736397-4159062206926197454-n-800x6001-1.jpg","width":800,"height":600},{"@type":"BreadcrumbList","@id":"https:\/\/vosgesinfo.fr\/remiremontinfo\/2021\/11\/journee-de-commemoration-150eme-anniversaire-de-guerre-de-1870\/#breadcrumb","itemListElement":[{"@type":"ListItem","position":1,"name":"Home","item":"https:\/\/vosgesinfo.fr\/remiremontinfo\/"},{"@type":"ListItem","position":2,"name":"Journ\u00e9e de comm\u00e9moration du 150\u00e8me anniversaire de la Guerre de 1870"}]},{"@type":"WebSite","@id":"https:\/\/vosgesinfo.fr\/remiremontinfo\/#website","url":"https:\/\/vosgesinfo.fr\/remiremontinfo\/","name":"Remiremont Info","description":"Toute l&#039;actualit\u00e9 de Remiremont","publisher":{"@id":"https:\/\/vosgesinfo.fr\/remiremontinfo\/#organization"},"alternateName":"Toute l'actualit\u00e9 de Remiremont","potentialAction":[{"@type":"SearchAction","target":{"@type":"EntryPoint","urlTemplate":"https:\/\/vosgesinfo.fr\/remiremontinfo\/?s={search_term_string}"},"query-input":"required name=search_term_string"}],"inLanguage":"fr-FR"},{"@type":"Organization","@id":"https:\/\/vosgesinfo.fr\/remiremontinfo\/#organization","name":"Remiremont Info","url":"https:\/\/vosgesinfo.fr\/remiremontinfo\/","logo":{"@type":"ImageObject","inLanguage":"fr-FR","@id":"https:\/\/vosgesinfo.fr\/remiremontinfo\/#\/schema\/logo\/image\/","url":"https:\/\/vosgesinfo.fr\/app\/uploads\/sites\/5\/2023\/08\/favicon-remiremontinfo.png","contentUrl":"https:\/\/vosgesinfo.fr\/app\/uploads\/sites\/5\/2023\/08\/favicon-remiremontinfo.png","width":512,"height":512,"caption":"Remiremont Info"},"image":{"@id":"https:\/\/vosgesinfo.fr\/remiremontinfo\/#\/schema\/logo\/image\/"},"sameAs":["https:\/\/www.facebook.com\/remiremontinfo","https:\/\/x.com\/VosgesInfo88","https:\/\/www.youtube.com\/@vosgesinfo"]},{"@type":"Person","@id":"https:\/\/vosgesinfo.fr\/remiremontinfo\/#\/schema\/person\/3bfd164d5218a185b1db68655a265316","name":"C D","image":{"@type":"ImageObject","inLanguage":"fr-FR","@id":"https:\/\/vosgesinfo.fr\/remiremontinfo\/#\/schema\/person\/image\/","url":"https:\/\/secure.gravatar.com\/avatar\/1f9a70007336511a47468b8f1c66f922b8b7cf617b02a31149ada43893a5d48f?s=96&d=mm&r=g","contentUrl":"https:\/\/secure.gravatar.com\/avatar\/1f9a70007336511a47468b8f1c66f922b8b7cf617b02a31149ada43893a5d48f?s=96&d=mm&r=g","caption":"C D"},"url":"https:\/\/vosgesinfo.fr\/remiremontinfo\/author\/cedric-drevet\/"}]}},"_links":{"self":[{"href":"https:\/\/vosgesinfo.fr\/remiremontinfo\/wp-json\/wp\/v2\/posts\/48313","targetHints":{"allow":["GET"]}}],"collection":[{"href":"https:\/\/vosgesinfo.fr\/remiremontinfo\/wp-json\/wp\/v2\/posts"}],"about":[{"href":"https:\/\/vosgesinfo.fr\/remiremontinfo\/wp-json\/wp\/v2\/types\/post"}],"author":[{"embeddable":true,"href":"https:\/\/vosgesinfo.fr\/remiremontinfo\/wp-json\/wp\/v2\/users\/407"}],"replies":[{"embeddable":true,"href":"https:\/\/vosgesinfo.fr\/remiremontinfo\/wp-json\/wp\/v2\/comments?post=48313"}],"version-history":[{"count":0,"href":"https:\/\/vosgesinfo.fr\/remiremontinfo\/wp-json\/wp\/v2\/posts\/48313\/revisions"}],"wp:featuredmedia":[{"embeddable":true,"href":"https:\/\/vosgesinfo.fr\/remiremontinfo\/wp-json\/wp\/v2\/media\/48314"}],"wp:attachment":[{"href":"https:\/\/vosgesinfo.fr\/remiremontinfo\/wp-json\/wp\/v2\/media?parent=48313"}],"wp:term":[{"taxonomy":"category","embeddable":true,"href":"https:\/\/vosgesinfo.fr\/remiremontinfo\/wp-json\/wp\/v2\/categories?post=48313"},{"taxonomy":"post_tag","embeddable":true,"href":"https:\/\/vosgesinfo.fr\/remiremontinfo\/wp-json\/wp\/v2\/tags?post=48313"}],"curies":[{"name":"wp","href":"https:\/\/api.w.org\/{rel}","templated":true}]}}