{"id":48341,"date":"2021-11-03T06:53:21","date_gmt":"2021-11-03T05:53:21","guid":{"rendered":"https:\/\/vosgesinfo.fr\/remiremontinfo\/2021\/11\/nouvelle-vie-commence-jeunes-vosgiens\/"},"modified":"2021-11-03T06:53:21","modified_gmt":"2021-11-03T05:53:21","slug":"nouvelle-vie-commence-jeunes-vosgiens","status":"publish","type":"post","link":"https:\/\/vosgesinfo.fr\/remiremontinfo\/2021\/11\/nouvelle-vie-commence-jeunes-vosgiens\/","title":{"rendered":"Une nouvelle vie commence pour ces jeunes vosgiens\u2026"},"content":{"rendered":"<p><a href=\"\/2021\/11\/novembre_2021-800x600.jpg\"><img decoding=\"async\" class=\"alignnone size-full wp-image-330769\" src=\"\/2021\/11\/novembre_2021-800x600.jpg\" alt=\"novembre_2021-800x600\" width=\"800\" height=\"600\" \/><\/a><\/p>\n<h2><span style=\"font-size: 12pt;\">Mardi 2 novembre au Centre d\u2019Information et de Recrutement des Forces Arm\u00e9es (CIRFA) d\u2019\u00c9pinal, 10 jeunes vosgiens ont sign\u00e9 un contrat d\u2019engagement pour rejoindre les rangs de l\u2019Arm\u00e9e de Terre. Durant 3 mois, ils recevront une formation g\u00e9n\u00e9rale dans un Centre de Formation Initiale du Militaire, formation commune \u00e0 toutes les sp\u00e9cialit\u00e9s de l\u2019Arm\u00e9e de Terre.<\/span><\/h2>\n<p><span style=\"font-size: 12pt;\">A l\u2019issue de cette formation initiale, ils rejoindront leurs r\u00e9giments se former \u00e0 leurs domaines de recrutements (Syst\u00e8mes d\u2019Informations et de Communications, Topographie, Artillerie, Infanterie ou encore G\u00e9nie).<\/span><\/p>\n<p><span style=\"font-size: 12pt;\">Apr\u00e8s la c\u00e9r\u00e9monie de signatures, en pr\u00e9sence de quelques familles, ils ont pu \u00e9changer librement sur leurs premi\u00e8res impressions partag\u00e9es entre \u00e9motion, stress et fiert\u00e9. Le chef du centre a rappel\u00e9 toute l\u2019exigence de leur engagement, n\u00e9cessitant volont\u00e9, passion et abn\u00e9gation.<\/span><\/p>\n<p><span style=\"font-size: 12pt;\">Le CIRFA d\u2019Epinal recrute chaque ann\u00e9e plus d\u2019une centaine de jeunes sur le d\u00e9partement. Alors si vous aussi, vous souhaitez tentez l\u2019aventure, prenez-rendez-vous via notre site sengager.fr ou directement au CIRFA, 1 impasse des Templiers \u00e0 Epinal (03.29.29.28.78).<\/span><\/p>\n","protected":false},"excerpt":{"rendered":"<p>Mardi 2 novembre au Centre d\u2019Information et de Recrutement des Forces Arm\u00e9es (CIRFA) d\u2019\u00c9pinal, 10 jeunes vosgiens ont sign\u00e9 un [&hellip;]<\/p>\n","protected":false},"author":407,"featured_media":48342,"comment_status":"open","ping_status":"open","sticky":false,"template":"","format":"standard","meta":{"footnotes":""},"categories":[26,95,18],"tags":[],"class_list":["post-48341","post","type-post","status-publish","format-standard","has-post-thumbnail","hentry","category-a-la-une","category-securite","category-vosges"],"acf":[],"yoast_head":"<!-- This site is optimized with the Yoast SEO plugin v22.5 - https:\/\/yoast.com\/wordpress\/plugins\/seo\/ -->\n<title>Une nouvelle vie commence pour ces jeunes vosgiens\u2026 - Remiremont Info<\/title>\n<meta name=\"robots\" content=\"index, follow, max-snippet:-1, max-image-preview:large, max-video-preview:-1\" \/>\n<link rel=\"canonical\" href=\"https:\/\/vosgesinfo.fr\/remiremontinfo\/2021\/11\/nouvelle-vie-commence-jeunes-vosgiens\/\" \/>\n<meta name=\"twitter:card\" content=\"summary_large_image\" \/>\n<meta name=\"twitter:title\" content=\"Une nouvelle vie commence pour ces jeunes vosgiens\u2026 - Remiremont Info\" \/>\n<meta name=\"twitter:description\" content=\"Mardi 2 novembre au Centre d\u2019Information et de Recrutement des Forces Arm\u00e9es (CIRFA) d\u2019\u00c9pinal, 10 jeunes vosgiens ont sign\u00e9 un [&hellip;]\" \/>\n<meta name=\"twitter:image\" content=\"https:\/\/vosgesinfo.fr\/app\/uploads\/sites\/5\/2024\/09\/202111novembre-2021-800x600-1.jpg\" \/>\n<meta name=\"twitter:creator\" content=\"@VosgesInfo88\" \/>\n<meta name=\"twitter:site\" content=\"@VosgesInfo88\" \/>\n<meta name=\"twitter:label1\" content=\"\u00c9crit par\" \/>\n\t<meta name=\"twitter:data1\" content=\"C D\" \/>\n\t<meta name=\"twitter:label2\" content=\"Dur\u00e9e de lecture estim\u00e9e\" \/>\n\t<meta name=\"twitter:data2\" content=\"1 minute\" \/>\n<script type=\"application\/ld+json\" class=\"yoast-schema-graph\">{\"@context\":\"https:\/\/schema.org\",\"@graph\":[{\"@type\":\"Article\",\"@id\":\"https:\/\/vosgesinfo.fr\/remiremontinfo\/2021\/11\/nouvelle-vie-commence-jeunes-vosgiens\/#article\",\"isPartOf\":{\"@id\":\"https:\/\/vosgesinfo.fr\/remiremontinfo\/2021\/11\/nouvelle-vie-commence-jeunes-vosgiens\/\"},\"author\":{\"name\":\"C D\",\"@id\":\"https:\/\/vosgesinfo.fr\/remiremontinfo\/#\/schema\/person\/3bfd164d5218a185b1db68655a265316\"},\"headline\":\"Une nouvelle vie commence pour ces jeunes vosgiens\u2026\",\"datePublished\":\"2021-11-03T05:53:21+00:00\",\"dateModified\":\"2021-11-03T05:53:21+00:00\",\"mainEntityOfPage\":{\"@id\":\"https:\/\/vosgesinfo.fr\/remiremontinfo\/2021\/11\/nouvelle-vie-commence-jeunes-vosgiens\/\"},\"wordCount\":195,\"commentCount\":0,\"publisher\":{\"@id\":\"https:\/\/vosgesinfo.fr\/remiremontinfo\/#organization\"},\"image\":{\"@id\":\"https:\/\/vosgesinfo.fr\/remiremontinfo\/2021\/11\/nouvelle-vie-commence-jeunes-vosgiens\/#primaryimage\"},\"thumbnailUrl\":\"https:\/\/vosgesinfo.fr\/app\/uploads\/sites\/5\/2024\/09\/202111novembre-2021-800x600-1.jpg\",\"articleSection\":[\"A la Une\",\"S\u00e9curit\u00e9\",\"Vosges\"],\"inLanguage\":\"fr-FR\",\"potentialAction\":[{\"@type\":\"CommentAction\",\"name\":\"Comment\",\"target\":[\"https:\/\/vosgesinfo.fr\/remiremontinfo\/2021\/11\/nouvelle-vie-commence-jeunes-vosgiens\/#respond\"]}]},{\"@type\":\"WebPage\",\"@id\":\"https:\/\/vosgesinfo.fr\/remiremontinfo\/2021\/11\/nouvelle-vie-commence-jeunes-vosgiens\/\",\"url\":\"https:\/\/vosgesinfo.fr\/remiremontinfo\/2021\/11\/nouvelle-vie-commence-jeunes-vosgiens\/\",\"name\":\"Une nouvelle vie commence pour ces jeunes vosgiens\u2026 - Remiremont Info\",\"isPartOf\":{\"@id\":\"https:\/\/vosgesinfo.fr\/remiremontinfo\/#website\"},\"primaryImageOfPage\":{\"@id\":\"https:\/\/vosgesinfo.fr\/remiremontinfo\/2021\/11\/nouvelle-vie-commence-jeunes-vosgiens\/#primaryimage\"},\"image\":{\"@id\":\"https:\/\/vosgesinfo.fr\/remiremontinfo\/2021\/11\/nouvelle-vie-commence-jeunes-vosgiens\/#primaryimage\"},\"thumbnailUrl\":\"https:\/\/vosgesinfo.fr\/app\/uploads\/sites\/5\/2024\/09\/202111novembre-2021-800x600-1.jpg\",\"datePublished\":\"2021-11-03T05:53:21+00:00\",\"dateModified\":\"2021-11-03T05:53:21+00:00\",\"breadcrumb\":{\"@id\":\"https:\/\/vosgesinfo.fr\/remiremontinfo\/2021\/11\/nouvelle-vie-commence-jeunes-vosgiens\/#breadcrumb\"},\"inLanguage\":\"fr-FR\",\"potentialAction\":[{\"@type\":\"ReadAction\",\"target\":[\"https:\/\/vosgesinfo.fr\/remiremontinfo\/2021\/11\/nouvelle-vie-commence-jeunes-vosgiens\/\"]}]},{\"@type\":\"ImageObject\",\"inLanguage\":\"fr-FR\",\"@id\":\"https:\/\/vosgesinfo.fr\/remiremontinfo\/2021\/11\/nouvelle-vie-commence-jeunes-vosgiens\/#primaryimage\",\"url\":\"https:\/\/vosgesinfo.fr\/app\/uploads\/sites\/5\/2024\/09\/202111novembre-2021-800x600-1.jpg\",\"contentUrl\":\"https:\/\/vosgesinfo.fr\/app\/uploads\/sites\/5\/2024\/09\/202111novembre-2021-800x600-1.jpg\",\"width\":800,\"height\":600},{\"@type\":\"BreadcrumbList\",\"@id\":\"https:\/\/vosgesinfo.fr\/remiremontinfo\/2021\/11\/nouvelle-vie-commence-jeunes-vosgiens\/#breadcrumb\",\"itemListElement\":[{\"@type\":\"ListItem\",\"position\":1,\"name\":\"Home\",\"item\":\"https:\/\/vosgesinfo.fr\/remiremontinfo\/\"},{\"@type\":\"ListItem\",\"position\":2,\"name\":\"Une nouvelle vie commence pour ces jeunes vosgiens\u2026\"}]},{\"@type\":\"WebSite\",\"@id\":\"https:\/\/vosgesinfo.fr\/remiremontinfo\/#website\",\"url\":\"https:\/\/vosgesinfo.fr\/remiremontinfo\/\",\"name\":\"Remiremont Info\",\"description\":\"Toute l&#039;actualit\u00e9 de Remiremont\",\"publisher\":{\"@id\":\"https:\/\/vosgesinfo.fr\/remiremontinfo\/#organization\"},\"alternateName\":\"Toute l'actualit\u00e9 de Remiremont\",\"potentialAction\":[{\"@type\":\"SearchAction\",\"target\":{\"@type\":\"EntryPoint\",\"urlTemplate\":\"https:\/\/vosgesinfo.fr\/remiremontinfo\/?s={search_term_string}\"},\"query-input\":\"required name=search_term_string\"}],\"inLanguage\":\"fr-FR\"},{\"@type\":\"Organization\",\"@id\":\"https:\/\/vosgesinfo.fr\/remiremontinfo\/#organization\",\"name\":\"Remiremont Info\",\"url\":\"https:\/\/vosgesinfo.fr\/remiremontinfo\/\",\"logo\":{\"@type\":\"ImageObject\",\"inLanguage\":\"fr-FR\",\"@id\":\"https:\/\/vosgesinfo.fr\/remiremontinfo\/#\/schema\/logo\/image\/\",\"url\":\"https:\/\/vosgesinfo.fr\/app\/uploads\/sites\/5\/2023\/08\/favicon-remiremontinfo.png\",\"contentUrl\":\"https:\/\/vosgesinfo.fr\/app\/uploads\/sites\/5\/2023\/08\/favicon-remiremontinfo.png\",\"width\":512,\"height\":512,\"caption\":\"Remiremont Info\"},\"image\":{\"@id\":\"https:\/\/vosgesinfo.fr\/remiremontinfo\/#\/schema\/logo\/image\/\"},\"sameAs\":[\"https:\/\/www.facebook.com\/remiremontinfo\",\"https:\/\/x.com\/VosgesInfo88\",\"https:\/\/www.youtube.com\/@vosgesinfo\"]},{\"@type\":\"Person\",\"@id\":\"https:\/\/vosgesinfo.fr\/remiremontinfo\/#\/schema\/person\/3bfd164d5218a185b1db68655a265316\",\"name\":\"C D\",\"image\":{\"@type\":\"ImageObject\",\"inLanguage\":\"fr-FR\",\"@id\":\"https:\/\/vosgesinfo.fr\/remiremontinfo\/#\/schema\/person\/image\/\",\"url\":\"https:\/\/secure.gravatar.com\/avatar\/1f9a70007336511a47468b8f1c66f922b8b7cf617b02a31149ada43893a5d48f?s=96&d=mm&r=g\",\"contentUrl\":\"https:\/\/secure.gravatar.com\/avatar\/1f9a70007336511a47468b8f1c66f922b8b7cf617b02a31149ada43893a5d48f?s=96&d=mm&r=g\",\"caption\":\"C D\"},\"url\":\"https:\/\/vosgesinfo.fr\/remiremontinfo\/author\/cedric-drevet\/\"}]}<\/script>\n<!-- \/ Yoast SEO plugin. -->","yoast_head_json":{"title":"Une nouvelle vie commence pour ces jeunes vosgiens\u2026 - Remiremont Info","robots":{"index":"index","follow":"follow","max-snippet":"max-snippet:-1","max-image-preview":"max-image-preview:large","max-video-preview":"max-video-preview:-1"},"canonical":"https:\/\/vosgesinfo.fr\/remiremontinfo\/2021\/11\/nouvelle-vie-commence-jeunes-vosgiens\/","twitter_card":"summary_large_image","twitter_title":"Une nouvelle vie commence pour ces jeunes vosgiens\u2026 - Remiremont Info","twitter_description":"Mardi 2 novembre au Centre d\u2019Information et de Recrutement des Forces Arm\u00e9es (CIRFA) d\u2019\u00c9pinal, 10 jeunes vosgiens ont sign\u00e9 un [&hellip;]","twitter_image":"https:\/\/vosgesinfo.fr\/app\/uploads\/sites\/5\/2024\/09\/202111novembre-2021-800x600-1.jpg","twitter_creator":"@VosgesInfo88","twitter_site":"@VosgesInfo88","twitter_misc":{"\u00c9crit par":"C D","Dur\u00e9e de lecture estim\u00e9e":"1 minute"},"schema":{"@context":"https:\/\/schema.org","@graph":[{"@type":"Article","@id":"https:\/\/vosgesinfo.fr\/remiremontinfo\/2021\/11\/nouvelle-vie-commence-jeunes-vosgiens\/#article","isPartOf":{"@id":"https:\/\/vosgesinfo.fr\/remiremontinfo\/2021\/11\/nouvelle-vie-commence-jeunes-vosgiens\/"},"author":{"name":"C D","@id":"https:\/\/vosgesinfo.fr\/remiremontinfo\/#\/schema\/person\/3bfd164d5218a185b1db68655a265316"},"headline":"Une nouvelle vie commence pour ces jeunes vosgiens\u2026","datePublished":"2021-11-03T05:53:21+00:00","dateModified":"2021-11-03T05:53:21+00:00","mainEntityOfPage":{"@id":"https:\/\/vosgesinfo.fr\/remiremontinfo\/2021\/11\/nouvelle-vie-commence-jeunes-vosgiens\/"},"wordCount":195,"commentCount":0,"publisher":{"@id":"https:\/\/vosgesinfo.fr\/remiremontinfo\/#organization"},"image":{"@id":"https:\/\/vosgesinfo.fr\/remiremontinfo\/2021\/11\/nouvelle-vie-commence-jeunes-vosgiens\/#primaryimage"},"thumbnailUrl":"https:\/\/vosgesinfo.fr\/app\/uploads\/sites\/5\/2024\/09\/202111novembre-2021-800x600-1.jpg","articleSection":["A la Une","S\u00e9curit\u00e9","Vosges"],"inLanguage":"fr-FR","potentialAction":[{"@type":"CommentAction","name":"Comment","target":["https:\/\/vosgesinfo.fr\/remiremontinfo\/2021\/11\/nouvelle-vie-commence-jeunes-vosgiens\/#respond"]}]},{"@type":"WebPage","@id":"https:\/\/vosgesinfo.fr\/remiremontinfo\/2021\/11\/nouvelle-vie-commence-jeunes-vosgiens\/","url":"https:\/\/vosgesinfo.fr\/remiremontinfo\/2021\/11\/nouvelle-vie-commence-jeunes-vosgiens\/","name":"Une nouvelle vie commence pour ces jeunes vosgiens\u2026 - Remiremont Info","isPartOf":{"@id":"https:\/\/vosgesinfo.fr\/remiremontinfo\/#website"},"primaryImageOfPage":{"@id":"https:\/\/vosgesinfo.fr\/remiremontinfo\/2021\/11\/nouvelle-vie-commence-jeunes-vosgiens\/#primaryimage"},"image":{"@id":"https:\/\/vosgesinfo.fr\/remiremontinfo\/2021\/11\/nouvelle-vie-commence-jeunes-vosgiens\/#primaryimage"},"thumbnailUrl":"https:\/\/vosgesinfo.fr\/app\/uploads\/sites\/5\/2024\/09\/202111novembre-2021-800x600-1.jpg","datePublished":"2021-11-03T05:53:21+00:00","dateModified":"2021-11-03T05:53:21+00:00","breadcrumb":{"@id":"https:\/\/vosgesinfo.fr\/remiremontinfo\/2021\/11\/nouvelle-vie-commence-jeunes-vosgiens\/#breadcrumb"},"inLanguage":"fr-FR","potentialAction":[{"@type":"ReadAction","target":["https:\/\/vosgesinfo.fr\/remiremontinfo\/2021\/11\/nouvelle-vie-commence-jeunes-vosgiens\/"]}]},{"@type":"ImageObject","inLanguage":"fr-FR","@id":"https:\/\/vosgesinfo.fr\/remiremontinfo\/2021\/11\/nouvelle-vie-commence-jeunes-vosgiens\/#primaryimage","url":"https:\/\/vosgesinfo.fr\/app\/uploads\/sites\/5\/2024\/09\/202111novembre-2021-800x600-1.jpg","contentUrl":"https:\/\/vosgesinfo.fr\/app\/uploads\/sites\/5\/2024\/09\/202111novembre-2021-800x600-1.jpg","width":800,"height":600},{"@type":"BreadcrumbList","@id":"https:\/\/vosgesinfo.fr\/remiremontinfo\/2021\/11\/nouvelle-vie-commence-jeunes-vosgiens\/#breadcrumb","itemListElement":[{"@type":"ListItem","position":1,"name":"Home","item":"https:\/\/vosgesinfo.fr\/remiremontinfo\/"},{"@type":"ListItem","position":2,"name":"Une nouvelle vie commence pour ces jeunes vosgiens\u2026"}]},{"@type":"WebSite","@id":"https:\/\/vosgesinfo.fr\/remiremontinfo\/#website","url":"https:\/\/vosgesinfo.fr\/remiremontinfo\/","name":"Remiremont Info","description":"Toute l&#039;actualit\u00e9 de Remiremont","publisher":{"@id":"https:\/\/vosgesinfo.fr\/remiremontinfo\/#organization"},"alternateName":"Toute l'actualit\u00e9 de Remiremont","potentialAction":[{"@type":"SearchAction","target":{"@type":"EntryPoint","urlTemplate":"https:\/\/vosgesinfo.fr\/remiremontinfo\/?s={search_term_string}"},"query-input":"required name=search_term_string"}],"inLanguage":"fr-FR"},{"@type":"Organization","@id":"https:\/\/vosgesinfo.fr\/remiremontinfo\/#organization","name":"Remiremont Info","url":"https:\/\/vosgesinfo.fr\/remiremontinfo\/","logo":{"@type":"ImageObject","inLanguage":"fr-FR","@id":"https:\/\/vosgesinfo.fr\/remiremontinfo\/#\/schema\/logo\/image\/","url":"https:\/\/vosgesinfo.fr\/app\/uploads\/sites\/5\/2023\/08\/favicon-remiremontinfo.png","contentUrl":"https:\/\/vosgesinfo.fr\/app\/uploads\/sites\/5\/2023\/08\/favicon-remiremontinfo.png","width":512,"height":512,"caption":"Remiremont Info"},"image":{"@id":"https:\/\/vosgesinfo.fr\/remiremontinfo\/#\/schema\/logo\/image\/"},"sameAs":["https:\/\/www.facebook.com\/remiremontinfo","https:\/\/x.com\/VosgesInfo88","https:\/\/www.youtube.com\/@vosgesinfo"]},{"@type":"Person","@id":"https:\/\/vosgesinfo.fr\/remiremontinfo\/#\/schema\/person\/3bfd164d5218a185b1db68655a265316","name":"C D","image":{"@type":"ImageObject","inLanguage":"fr-FR","@id":"https:\/\/vosgesinfo.fr\/remiremontinfo\/#\/schema\/person\/image\/","url":"https:\/\/secure.gravatar.com\/avatar\/1f9a70007336511a47468b8f1c66f922b8b7cf617b02a31149ada43893a5d48f?s=96&d=mm&r=g","contentUrl":"https:\/\/secure.gravatar.com\/avatar\/1f9a70007336511a47468b8f1c66f922b8b7cf617b02a31149ada43893a5d48f?s=96&d=mm&r=g","caption":"C D"},"url":"https:\/\/vosgesinfo.fr\/remiremontinfo\/author\/cedric-drevet\/"}]}},"_links":{"self":[{"href":"https:\/\/vosgesinfo.fr\/remiremontinfo\/wp-json\/wp\/v2\/posts\/48341","targetHints":{"allow":["GET"]}}],"collection":[{"href":"https:\/\/vosgesinfo.fr\/remiremontinfo\/wp-json\/wp\/v2\/posts"}],"about":[{"href":"https:\/\/vosgesinfo.fr\/remiremontinfo\/wp-json\/wp\/v2\/types\/post"}],"author":[{"embeddable":true,"href":"https:\/\/vosgesinfo.fr\/remiremontinfo\/wp-json\/wp\/v2\/users\/407"}],"replies":[{"embeddable":true,"href":"https:\/\/vosgesinfo.fr\/remiremontinfo\/wp-json\/wp\/v2\/comments?post=48341"}],"version-history":[{"count":0,"href":"https:\/\/vosgesinfo.fr\/remiremontinfo\/wp-json\/wp\/v2\/posts\/48341\/revisions"}],"wp:featuredmedia":[{"embeddable":true,"href":"https:\/\/vosgesinfo.fr\/remiremontinfo\/wp-json\/wp\/v2\/media\/48342"}],"wp:attachment":[{"href":"https:\/\/vosgesinfo.fr\/remiremontinfo\/wp-json\/wp\/v2\/media?parent=48341"}],"wp:term":[{"taxonomy":"category","embeddable":true,"href":"https:\/\/vosgesinfo.fr\/remiremontinfo\/wp-json\/wp\/v2\/categories?post=48341"},{"taxonomy":"post_tag","embeddable":true,"href":"https:\/\/vosgesinfo.fr\/remiremontinfo\/wp-json\/wp\/v2\/tags?post=48341"}],"curies":[{"name":"wp","href":"https:\/\/api.w.org\/{rel}","templated":true}]}}