{"id":48361,"date":"2021-11-03T07:13:17","date_gmt":"2021-11-03T06:13:17","guid":{"rendered":"https:\/\/vosgesinfo.fr\/remiremontinfo\/2021\/11\/vosges-festival-film-fantastique-devoile-nouvelle-affiche\/"},"modified":"2021-11-03T07:13:17","modified_gmt":"2021-11-03T06:13:17","slug":"vosges-festival-film-fantastique-devoile-nouvelle-affiche","status":"publish","type":"post","link":"https:\/\/vosgesinfo.fr\/remiremontinfo\/2021\/11\/vosges-festival-film-fantastique-devoile-nouvelle-affiche\/","title":{"rendered":"Vosges : le Festival du Film Fantastique d\u00e9voile sa nouvelle affiche"},"content":{"rendered":"<p style=\"text-align: center;\"><a href=\"\/2021\/11\/affiche-new.jpg\"><img decoding=\"async\" class=\"alignnone size-full wp-image-330800\" src=\"\/2021\/11\/affiche-new.jpg\" alt=\"affiche-new\" width=\"600\" height=\"800\" \/><\/a><\/p>\n<p>Le compte \u00e0 recours a largement commenc\u00e9 pour le Festival du Film Fantastique de G\u00e9rardmer. L\u2019\u00e9dition 2022 retrouve normalement la pr\u00e9sentiel avec le\u00a0 public et les artistes invit\u00e9s \u00e0 partir du 26 janvier prochain ce jusqu\u2019au 30 du m\u00eame mois.<\/p>\n<p>Comme de coutume, la nouvelle affiche vient d\u2019\u00eatre d\u00e9voil\u00e9e par les organisateurs \u00e0 quelques semaines des f\u00eates de fin d\u2019ann\u00e9e. Pour Pierre Sachot, le pr\u00e9sident du festival, elle est dans la continuit\u00e9 de ce qui se cr\u00e9\u00e9e aujourd\u2019hui avec des signes rappelant \u00e0 la m\u00e9moire des manifestations pass\u00e9es.<\/p>\n<p><strong>Le mot de Bruno Barbe directeur du festival :<\/strong><\/p>\n<p><span dir=\"ltr\">Retour sur Terre, aux fronti\u00e8res du r\u00e9el<\/span><br \/>\n<em><span dir=\"ltr\">\u00ab<\/span>\u00a0<span dir=\"ltr\">\u00c0<\/span>\u00a0<span dir=\"ltr\">G\u00e9rardmer, les mondes du cin\u00e9ma se regardent, se croisent et se d\u00e9font \u00e0 l\u2019aune\u00a0\u00a0<\/span><span dir=\"ltr\">d\u2019une promesse artistique chaque ann\u00e9e renouvel\u00e9e<\/span><span dir=\"ltr\">.<\/span>\u00a0<span dir=\"ltr\">\u00bb<\/span><\/em><br \/>\n<em>\u00a0<span dir=\"ltr\">Apr\u00e8s une \u00e9dition 2021 o\u00f9 nous avons, tous ensemble, p\u00e9n\u00e9tr\u00e9 la quatri\u00e8me\u00a0\u00a0<\/span><span dir=\"ltr\">dimension, nous sommes heureux de vous retrouver en chair et en os, dans des salles\u00a0\u00a0<\/span><span dir=\"ltr\">de\u00a0<\/span><span dir=\"ltr\">cin\u00e9ma, sur les terres bien tangibles du massif des Vosges, pour cette 29<\/span><span dir=\"ltr\">e<\/span>\u00a0<span dir=\"ltr\">\u00e9dition.<\/span>\u00a0\u00a0<span dir=\"ltr\">\u00c0 l\u2019image de cette affiche qui tisse la toile de la nouvelle identit\u00e9 visuelle du festival,\u00a0\u00a0<\/span><span dir=\"ltr\">cette \u00e9dition explorera le fantastique comme une zone de passage et d\u2019\u00e9clairage,<\/span>\u00a0\u00a0<span dir=\"ltr\">comme mani\u00e8re d\u2019interroger un monde devenu lui<\/span><span dir=\"ltr\">\u2013<\/span><span dir=\"ltr\">m\u00eame irr\u00e9el :\u00a0<\/span><span dir=\"ltr\">c\u2019est \u00e0 cette aventure\u00a0\u00a0<\/span><span dir=\"ltr\">cin\u00e9matographique, d\u2019o\u00f9 na\u00eetra la lumi\u00e8re, que nous convions les spectateurs\u2026\u00a0\u00bb<\/span><\/em><\/p>\n","protected":false},"excerpt":{"rendered":"<p>Le compte \u00e0 recours a largement commenc\u00e9 pour le Festival du Film Fantastique de G\u00e9rardmer. L\u2019\u00e9dition 2022 retrouve normalement la [&hellip;]<\/p>\n","protected":false},"author":407,"featured_media":48362,"comment_status":"open","ping_status":"open","sticky":false,"template":"","format":"standard","meta":{"footnotes":""},"categories":[26,4,62],"tags":[2949,235,63],"class_list":["post-48361","post","type-post","status-publish","format-standard","has-post-thumbnail","hentry","category-a-la-une","category-culture","category-gerardmer","tag-fantastique","tag-festival","tag-gerardmer"],"acf":[],"yoast_head":"<!-- This site is optimized with the Yoast SEO plugin v22.5 - https:\/\/yoast.com\/wordpress\/plugins\/seo\/ -->\n<title>Vosges : le Festival du Film Fantastique d\u00e9voile sa nouvelle affiche - Remiremont Info<\/title>\n<meta name=\"robots\" content=\"index, follow, max-snippet:-1, max-image-preview:large, max-video-preview:-1\" \/>\n<link rel=\"canonical\" href=\"https:\/\/vosgesinfo.fr\/remiremontinfo\/2021\/11\/vosges-festival-film-fantastique-devoile-nouvelle-affiche\/\" \/>\n<meta name=\"twitter:card\" content=\"summary_large_image\" \/>\n<meta name=\"twitter:title\" content=\"Vosges : le Festival du Film Fantastique d\u00e9voile sa nouvelle affiche - Remiremont Info\" \/>\n<meta name=\"twitter:description\" content=\"Le compte \u00e0 recours a largement commenc\u00e9 pour le Festival du Film Fantastique de G\u00e9rardmer. L\u2019\u00e9dition 2022 retrouve normalement la [&hellip;]\" \/>\n<meta name=\"twitter:image\" content=\"https:\/\/vosgesinfo.fr\/app\/uploads\/sites\/5\/2024\/09\/202111affiche-new.jpg\" \/>\n<meta name=\"twitter:creator\" content=\"@VosgesInfo88\" \/>\n<meta name=\"twitter:site\" content=\"@VosgesInfo88\" \/>\n<meta name=\"twitter:label1\" content=\"\u00c9crit par\" \/>\n\t<meta name=\"twitter:data1\" content=\"C D\" \/>\n\t<meta name=\"twitter:label2\" content=\"Dur\u00e9e de lecture estim\u00e9e\" \/>\n\t<meta name=\"twitter:data2\" content=\"1 minute\" \/>\n<script type=\"application\/ld+json\" class=\"yoast-schema-graph\">{\"@context\":\"https:\/\/schema.org\",\"@graph\":[{\"@type\":\"Article\",\"@id\":\"https:\/\/vosgesinfo.fr\/remiremontinfo\/2021\/11\/vosges-festival-film-fantastique-devoile-nouvelle-affiche\/#article\",\"isPartOf\":{\"@id\":\"https:\/\/vosgesinfo.fr\/remiremontinfo\/2021\/11\/vosges-festival-film-fantastique-devoile-nouvelle-affiche\/\"},\"author\":{\"name\":\"C D\",\"@id\":\"https:\/\/vosgesinfo.fr\/remiremontinfo\/#\/schema\/person\/3bfd164d5218a185b1db68655a265316\"},\"headline\":\"Vosges : le Festival du Film Fantastique d\u00e9voile sa nouvelle affiche\",\"datePublished\":\"2021-11-03T06:13:17+00:00\",\"dateModified\":\"2021-11-03T06:13:17+00:00\",\"mainEntityOfPage\":{\"@id\":\"https:\/\/vosgesinfo.fr\/remiremontinfo\/2021\/11\/vosges-festival-film-fantastique-devoile-nouvelle-affiche\/\"},\"wordCount\":258,\"commentCount\":0,\"publisher\":{\"@id\":\"https:\/\/vosgesinfo.fr\/remiremontinfo\/#organization\"},\"image\":{\"@id\":\"https:\/\/vosgesinfo.fr\/remiremontinfo\/2021\/11\/vosges-festival-film-fantastique-devoile-nouvelle-affiche\/#primaryimage\"},\"thumbnailUrl\":\"https:\/\/vosgesinfo.fr\/app\/uploads\/sites\/5\/2024\/09\/202111affiche-new.jpg\",\"keywords\":[\"fantastique\",\"festival\",\"g\u00e9rardmer\"],\"articleSection\":[\"A la Une\",\"Culture\",\"G\u00e9rardmer\"],\"inLanguage\":\"fr-FR\",\"potentialAction\":[{\"@type\":\"CommentAction\",\"name\":\"Comment\",\"target\":[\"https:\/\/vosgesinfo.fr\/remiremontinfo\/2021\/11\/vosges-festival-film-fantastique-devoile-nouvelle-affiche\/#respond\"]}]},{\"@type\":\"WebPage\",\"@id\":\"https:\/\/vosgesinfo.fr\/remiremontinfo\/2021\/11\/vosges-festival-film-fantastique-devoile-nouvelle-affiche\/\",\"url\":\"https:\/\/vosgesinfo.fr\/remiremontinfo\/2021\/11\/vosges-festival-film-fantastique-devoile-nouvelle-affiche\/\",\"name\":\"Vosges : le Festival du Film Fantastique d\u00e9voile sa nouvelle affiche - Remiremont Info\",\"isPartOf\":{\"@id\":\"https:\/\/vosgesinfo.fr\/remiremontinfo\/#website\"},\"primaryImageOfPage\":{\"@id\":\"https:\/\/vosgesinfo.fr\/remiremontinfo\/2021\/11\/vosges-festival-film-fantastique-devoile-nouvelle-affiche\/#primaryimage\"},\"image\":{\"@id\":\"https:\/\/vosgesinfo.fr\/remiremontinfo\/2021\/11\/vosges-festival-film-fantastique-devoile-nouvelle-affiche\/#primaryimage\"},\"thumbnailUrl\":\"https:\/\/vosgesinfo.fr\/app\/uploads\/sites\/5\/2024\/09\/202111affiche-new.jpg\",\"datePublished\":\"2021-11-03T06:13:17+00:00\",\"dateModified\":\"2021-11-03T06:13:17+00:00\",\"breadcrumb\":{\"@id\":\"https:\/\/vosgesinfo.fr\/remiremontinfo\/2021\/11\/vosges-festival-film-fantastique-devoile-nouvelle-affiche\/#breadcrumb\"},\"inLanguage\":\"fr-FR\",\"potentialAction\":[{\"@type\":\"ReadAction\",\"target\":[\"https:\/\/vosgesinfo.fr\/remiremontinfo\/2021\/11\/vosges-festival-film-fantastique-devoile-nouvelle-affiche\/\"]}]},{\"@type\":\"ImageObject\",\"inLanguage\":\"fr-FR\",\"@id\":\"https:\/\/vosgesinfo.fr\/remiremontinfo\/2021\/11\/vosges-festival-film-fantastique-devoile-nouvelle-affiche\/#primaryimage\",\"url\":\"https:\/\/vosgesinfo.fr\/app\/uploads\/sites\/5\/2024\/09\/202111affiche-new.jpg\",\"contentUrl\":\"https:\/\/vosgesinfo.fr\/app\/uploads\/sites\/5\/2024\/09\/202111affiche-new.jpg\",\"width\":600,\"height\":800},{\"@type\":\"BreadcrumbList\",\"@id\":\"https:\/\/vosgesinfo.fr\/remiremontinfo\/2021\/11\/vosges-festival-film-fantastique-devoile-nouvelle-affiche\/#breadcrumb\",\"itemListElement\":[{\"@type\":\"ListItem\",\"position\":1,\"name\":\"Home\",\"item\":\"https:\/\/vosgesinfo.fr\/remiremontinfo\/\"},{\"@type\":\"ListItem\",\"position\":2,\"name\":\"Vosges : le Festival du Film Fantastique d\u00e9voile sa nouvelle affiche\"}]},{\"@type\":\"WebSite\",\"@id\":\"https:\/\/vosgesinfo.fr\/remiremontinfo\/#website\",\"url\":\"https:\/\/vosgesinfo.fr\/remiremontinfo\/\",\"name\":\"Remiremont Info\",\"description\":\"Toute l&#039;actualit\u00e9 de Remiremont\",\"publisher\":{\"@id\":\"https:\/\/vosgesinfo.fr\/remiremontinfo\/#organization\"},\"alternateName\":\"Toute l'actualit\u00e9 de Remiremont\",\"potentialAction\":[{\"@type\":\"SearchAction\",\"target\":{\"@type\":\"EntryPoint\",\"urlTemplate\":\"https:\/\/vosgesinfo.fr\/remiremontinfo\/?s={search_term_string}\"},\"query-input\":\"required name=search_term_string\"}],\"inLanguage\":\"fr-FR\"},{\"@type\":\"Organization\",\"@id\":\"https:\/\/vosgesinfo.fr\/remiremontinfo\/#organization\",\"name\":\"Remiremont Info\",\"url\":\"https:\/\/vosgesinfo.fr\/remiremontinfo\/\",\"logo\":{\"@type\":\"ImageObject\",\"inLanguage\":\"fr-FR\",\"@id\":\"https:\/\/vosgesinfo.fr\/remiremontinfo\/#\/schema\/logo\/image\/\",\"url\":\"https:\/\/vosgesinfo.fr\/app\/uploads\/sites\/5\/2023\/08\/favicon-remiremontinfo.png\",\"contentUrl\":\"https:\/\/vosgesinfo.fr\/app\/uploads\/sites\/5\/2023\/08\/favicon-remiremontinfo.png\",\"width\":512,\"height\":512,\"caption\":\"Remiremont Info\"},\"image\":{\"@id\":\"https:\/\/vosgesinfo.fr\/remiremontinfo\/#\/schema\/logo\/image\/\"},\"sameAs\":[\"https:\/\/www.facebook.com\/remiremontinfo\",\"https:\/\/x.com\/VosgesInfo88\",\"https:\/\/www.youtube.com\/@vosgesinfo\"]},{\"@type\":\"Person\",\"@id\":\"https:\/\/vosgesinfo.fr\/remiremontinfo\/#\/schema\/person\/3bfd164d5218a185b1db68655a265316\",\"name\":\"C D\",\"image\":{\"@type\":\"ImageObject\",\"inLanguage\":\"fr-FR\",\"@id\":\"https:\/\/vosgesinfo.fr\/remiremontinfo\/#\/schema\/person\/image\/\",\"url\":\"https:\/\/secure.gravatar.com\/avatar\/1f9a70007336511a47468b8f1c66f922b8b7cf617b02a31149ada43893a5d48f?s=96&d=mm&r=g\",\"contentUrl\":\"https:\/\/secure.gravatar.com\/avatar\/1f9a70007336511a47468b8f1c66f922b8b7cf617b02a31149ada43893a5d48f?s=96&d=mm&r=g\",\"caption\":\"C D\"},\"url\":\"https:\/\/vosgesinfo.fr\/remiremontinfo\/author\/cedric-drevet\/\"}]}<\/script>\n<!-- \/ Yoast SEO plugin. -->","yoast_head_json":{"title":"Vosges : le Festival du Film Fantastique d\u00e9voile sa nouvelle affiche - Remiremont Info","robots":{"index":"index","follow":"follow","max-snippet":"max-snippet:-1","max-image-preview":"max-image-preview:large","max-video-preview":"max-video-preview:-1"},"canonical":"https:\/\/vosgesinfo.fr\/remiremontinfo\/2021\/11\/vosges-festival-film-fantastique-devoile-nouvelle-affiche\/","twitter_card":"summary_large_image","twitter_title":"Vosges : le Festival du Film Fantastique d\u00e9voile sa nouvelle affiche - Remiremont Info","twitter_description":"Le compte \u00e0 recours a largement commenc\u00e9 pour le Festival du Film Fantastique de G\u00e9rardmer. L\u2019\u00e9dition 2022 retrouve normalement la [&hellip;]","twitter_image":"https:\/\/vosgesinfo.fr\/app\/uploads\/sites\/5\/2024\/09\/202111affiche-new.jpg","twitter_creator":"@VosgesInfo88","twitter_site":"@VosgesInfo88","twitter_misc":{"\u00c9crit par":"C D","Dur\u00e9e de lecture estim\u00e9e":"1 minute"},"schema":{"@context":"https:\/\/schema.org","@graph":[{"@type":"Article","@id":"https:\/\/vosgesinfo.fr\/remiremontinfo\/2021\/11\/vosges-festival-film-fantastique-devoile-nouvelle-affiche\/#article","isPartOf":{"@id":"https:\/\/vosgesinfo.fr\/remiremontinfo\/2021\/11\/vosges-festival-film-fantastique-devoile-nouvelle-affiche\/"},"author":{"name":"C D","@id":"https:\/\/vosgesinfo.fr\/remiremontinfo\/#\/schema\/person\/3bfd164d5218a185b1db68655a265316"},"headline":"Vosges : le Festival du Film Fantastique d\u00e9voile sa nouvelle affiche","datePublished":"2021-11-03T06:13:17+00:00","dateModified":"2021-11-03T06:13:17+00:00","mainEntityOfPage":{"@id":"https:\/\/vosgesinfo.fr\/remiremontinfo\/2021\/11\/vosges-festival-film-fantastique-devoile-nouvelle-affiche\/"},"wordCount":258,"commentCount":0,"publisher":{"@id":"https:\/\/vosgesinfo.fr\/remiremontinfo\/#organization"},"image":{"@id":"https:\/\/vosgesinfo.fr\/remiremontinfo\/2021\/11\/vosges-festival-film-fantastique-devoile-nouvelle-affiche\/#primaryimage"},"thumbnailUrl":"https:\/\/vosgesinfo.fr\/app\/uploads\/sites\/5\/2024\/09\/202111affiche-new.jpg","keywords":["fantastique","festival","g\u00e9rardmer"],"articleSection":["A la Une","Culture","G\u00e9rardmer"],"inLanguage":"fr-FR","potentialAction":[{"@type":"CommentAction","name":"Comment","target":["https:\/\/vosgesinfo.fr\/remiremontinfo\/2021\/11\/vosges-festival-film-fantastique-devoile-nouvelle-affiche\/#respond"]}]},{"@type":"WebPage","@id":"https:\/\/vosgesinfo.fr\/remiremontinfo\/2021\/11\/vosges-festival-film-fantastique-devoile-nouvelle-affiche\/","url":"https:\/\/vosgesinfo.fr\/remiremontinfo\/2021\/11\/vosges-festival-film-fantastique-devoile-nouvelle-affiche\/","name":"Vosges : le Festival du Film Fantastique d\u00e9voile sa nouvelle affiche - Remiremont Info","isPartOf":{"@id":"https:\/\/vosgesinfo.fr\/remiremontinfo\/#website"},"primaryImageOfPage":{"@id":"https:\/\/vosgesinfo.fr\/remiremontinfo\/2021\/11\/vosges-festival-film-fantastique-devoile-nouvelle-affiche\/#primaryimage"},"image":{"@id":"https:\/\/vosgesinfo.fr\/remiremontinfo\/2021\/11\/vosges-festival-film-fantastique-devoile-nouvelle-affiche\/#primaryimage"},"thumbnailUrl":"https:\/\/vosgesinfo.fr\/app\/uploads\/sites\/5\/2024\/09\/202111affiche-new.jpg","datePublished":"2021-11-03T06:13:17+00:00","dateModified":"2021-11-03T06:13:17+00:00","breadcrumb":{"@id":"https:\/\/vosgesinfo.fr\/remiremontinfo\/2021\/11\/vosges-festival-film-fantastique-devoile-nouvelle-affiche\/#breadcrumb"},"inLanguage":"fr-FR","potentialAction":[{"@type":"ReadAction","target":["https:\/\/vosgesinfo.fr\/remiremontinfo\/2021\/11\/vosges-festival-film-fantastique-devoile-nouvelle-affiche\/"]}]},{"@type":"ImageObject","inLanguage":"fr-FR","@id":"https:\/\/vosgesinfo.fr\/remiremontinfo\/2021\/11\/vosges-festival-film-fantastique-devoile-nouvelle-affiche\/#primaryimage","url":"https:\/\/vosgesinfo.fr\/app\/uploads\/sites\/5\/2024\/09\/202111affiche-new.jpg","contentUrl":"https:\/\/vosgesinfo.fr\/app\/uploads\/sites\/5\/2024\/09\/202111affiche-new.jpg","width":600,"height":800},{"@type":"BreadcrumbList","@id":"https:\/\/vosgesinfo.fr\/remiremontinfo\/2021\/11\/vosges-festival-film-fantastique-devoile-nouvelle-affiche\/#breadcrumb","itemListElement":[{"@type":"ListItem","position":1,"name":"Home","item":"https:\/\/vosgesinfo.fr\/remiremontinfo\/"},{"@type":"ListItem","position":2,"name":"Vosges : le Festival du Film Fantastique d\u00e9voile sa nouvelle affiche"}]},{"@type":"WebSite","@id":"https:\/\/vosgesinfo.fr\/remiremontinfo\/#website","url":"https:\/\/vosgesinfo.fr\/remiremontinfo\/","name":"Remiremont Info","description":"Toute l&#039;actualit\u00e9 de Remiremont","publisher":{"@id":"https:\/\/vosgesinfo.fr\/remiremontinfo\/#organization"},"alternateName":"Toute l'actualit\u00e9 de Remiremont","potentialAction":[{"@type":"SearchAction","target":{"@type":"EntryPoint","urlTemplate":"https:\/\/vosgesinfo.fr\/remiremontinfo\/?s={search_term_string}"},"query-input":"required name=search_term_string"}],"inLanguage":"fr-FR"},{"@type":"Organization","@id":"https:\/\/vosgesinfo.fr\/remiremontinfo\/#organization","name":"Remiremont Info","url":"https:\/\/vosgesinfo.fr\/remiremontinfo\/","logo":{"@type":"ImageObject","inLanguage":"fr-FR","@id":"https:\/\/vosgesinfo.fr\/remiremontinfo\/#\/schema\/logo\/image\/","url":"https:\/\/vosgesinfo.fr\/app\/uploads\/sites\/5\/2023\/08\/favicon-remiremontinfo.png","contentUrl":"https:\/\/vosgesinfo.fr\/app\/uploads\/sites\/5\/2023\/08\/favicon-remiremontinfo.png","width":512,"height":512,"caption":"Remiremont Info"},"image":{"@id":"https:\/\/vosgesinfo.fr\/remiremontinfo\/#\/schema\/logo\/image\/"},"sameAs":["https:\/\/www.facebook.com\/remiremontinfo","https:\/\/x.com\/VosgesInfo88","https:\/\/www.youtube.com\/@vosgesinfo"]},{"@type":"Person","@id":"https:\/\/vosgesinfo.fr\/remiremontinfo\/#\/schema\/person\/3bfd164d5218a185b1db68655a265316","name":"C D","image":{"@type":"ImageObject","inLanguage":"fr-FR","@id":"https:\/\/vosgesinfo.fr\/remiremontinfo\/#\/schema\/person\/image\/","url":"https:\/\/secure.gravatar.com\/avatar\/1f9a70007336511a47468b8f1c66f922b8b7cf617b02a31149ada43893a5d48f?s=96&d=mm&r=g","contentUrl":"https:\/\/secure.gravatar.com\/avatar\/1f9a70007336511a47468b8f1c66f922b8b7cf617b02a31149ada43893a5d48f?s=96&d=mm&r=g","caption":"C D"},"url":"https:\/\/vosgesinfo.fr\/remiremontinfo\/author\/cedric-drevet\/"}]}},"_links":{"self":[{"href":"https:\/\/vosgesinfo.fr\/remiremontinfo\/wp-json\/wp\/v2\/posts\/48361","targetHints":{"allow":["GET"]}}],"collection":[{"href":"https:\/\/vosgesinfo.fr\/remiremontinfo\/wp-json\/wp\/v2\/posts"}],"about":[{"href":"https:\/\/vosgesinfo.fr\/remiremontinfo\/wp-json\/wp\/v2\/types\/post"}],"author":[{"embeddable":true,"href":"https:\/\/vosgesinfo.fr\/remiremontinfo\/wp-json\/wp\/v2\/users\/407"}],"replies":[{"embeddable":true,"href":"https:\/\/vosgesinfo.fr\/remiremontinfo\/wp-json\/wp\/v2\/comments?post=48361"}],"version-history":[{"count":0,"href":"https:\/\/vosgesinfo.fr\/remiremontinfo\/wp-json\/wp\/v2\/posts\/48361\/revisions"}],"wp:featuredmedia":[{"embeddable":true,"href":"https:\/\/vosgesinfo.fr\/remiremontinfo\/wp-json\/wp\/v2\/media\/48362"}],"wp:attachment":[{"href":"https:\/\/vosgesinfo.fr\/remiremontinfo\/wp-json\/wp\/v2\/media?parent=48361"}],"wp:term":[{"taxonomy":"category","embeddable":true,"href":"https:\/\/vosgesinfo.fr\/remiremontinfo\/wp-json\/wp\/v2\/categories?post=48361"},{"taxonomy":"post_tag","embeddable":true,"href":"https:\/\/vosgesinfo.fr\/remiremontinfo\/wp-json\/wp\/v2\/tags?post=48361"}],"curies":[{"name":"wp","href":"https:\/\/api.w.org\/{rel}","templated":true}]}}