{"id":48366,"date":"2021-11-04T08:00:09","date_gmt":"2021-11-04T07:00:09","guid":{"rendered":"https:\/\/vosgesinfo.fr\/remiremontinfo\/2021\/11\/rupt-moselle-1083-ouvre-atelier-de-confection-de-jeans-a-lusine-tissage-de-france\/"},"modified":"2021-11-04T08:00:09","modified_gmt":"2021-11-04T07:00:09","slug":"rupt-moselle-1083-ouvre-atelier-de-confection-de-jeans-a-lusine-tissage-de-france","status":"publish","type":"post","link":"https:\/\/vosgesinfo.fr\/remiremontinfo\/2021\/11\/rupt-moselle-1083-ouvre-atelier-de-confection-de-jeans-a-lusine-tissage-de-france\/","title":{"rendered":"Rupt-sur-Moselle\u00a0: 1083 ouvre son atelier de confection de jeans \u00e0 l\u2019usine Tissage de France"},"content":{"rendered":"<p style=\"text-align: center;\"><a href=\"\/2021\/11\/251173074_6318118864928024_5119178407829403227_n.jpg\"><img decoding=\"async\" class=\"alignnone size-full wp-image-330857\" src=\"\/2021\/11\/251173074_6318118864928024_5119178407829403227_n.jpg\" alt=\"251173074_6318118864928024_5119178407829403227_n\" width=\"800\" height=\"800\" \/><\/a><\/p>\n<p><span style=\"font-size: 10pt;\"><em>Photo par 1083<\/em><\/span><\/p>\n<h2><span style=\"font-size: 12pt;\"><strong>Ce mardi 2 novembre \u00e9tait un grand jour pour l\u2019\u00e9quipe 1083 et pour l\u2019industrie textile vosgienne. L\u2019entreprise a en effet ouvert son nouvel atelier de confection de jeans dans l\u2019usine Tissage de France \u00e0 Rupt-sur-Moselle.<\/strong><\/span><\/h2>\n<p>Apr\u00e8s une matin\u00e9e d\u2019\u00e9changes avec les 20 couturiers qui vont int\u00e9grer l\u2019atelier au fil de ces prochaines semaines, il a \u00e9t\u00e9 proc\u00e9d\u00e9 \u00e0 la pr\u00e9sentation du dispositif d\u2019Ecole du Jeans cr\u00e9\u00e9 en partenariat avec le GRETA, <a href=\"https:\/\/remiremontinfo.fr\/2021\/05\/vosges-nouvelle-formation-operateur-de-confection-textile-lycee-emile-galle\/\">le Lyc\u00e9e Emile Gall\u00e9 de Thaon-les-Vosges,<\/a> l&rsquo;Opcommerce, op\u00e9rateur de comp\u00e9tences, P\u00f4le-emploi et Vosges terre textile. <em>\u00ab\u00a0Ce 8\u00e8me atelier de confection va compl\u00e9ter la production des 7 autres \u00e0 Bobigny, Brioude, Calais, Marseille, Merville, Montceau-les-Mines, Romans\u00a0\u00bb<\/em>, affirme l\u2019\u00e9quipe 1083 <em>\u00ab\u00a0Un grand merci \u00e0 tous les vosgiens pour leur accueil et pour ce super travail d\u2019\u00e9quipe. Bienvenue \u00e0 nos 4 premi\u00e8res couturi\u00e8res Carine, Cathy, Elisabeth et Samah qui ont commenc\u00e9 hier pour pr\u00e9parer le d\u00e9marrage de la production\u00a0\u00bb.<\/em><\/p>\n<p>Gr\u00e2ce \u00e0 cet atelier, ils seront dans quelques semaines 100 collaborateurs dans l\u2019\u00e9quipe 1083. <em>\u00ab\u00a0Quel chemin parcouru avec vous en 8 ans, la relocalisation continue !\u00a0\u00bb<\/em>. Le projet 1083 est parti d\u2019un constat\u00a0: <em>\u00ab Un jeans conventionnel parcours jusqu\u2019\u00e0 65 000 km lors de sa fabrication alors que 1083 km seulement s\u00e9parent les 2 villes les plus \u00e9loign\u00e9es de l\u2019hexagone \u00bb<\/em>. En 2013, plusieurs entrepreneurs se sont lanc\u00e9 comme d\u00e9fi de relocaliser \u00e0 moins de 1083 km des clients la fabrication de jeans et de chaussures, notamment pour cr\u00e9er un maximum d\u2019emplois. L\u2019aspect environnemental est au c\u0153ur du projet. <em>\u00ab\u00a0Tous les jeans 1083 sont, depuis nos d\u00e9buts en 2013, en coton biologique certifi\u00e9 GOTS. Notre coton bio ne pollue pas le cycle de l\u2019eau\u00a0\u00bb.\u00a0<\/em><\/p>\n<p>Tissage de France a \u00e9t\u00e9 en d\u00e9but d&rsquo;ann\u00e9e <a href=\"https:\/\/remiremontinfo.fr\/2021\/01\/rupt-moselle-tissage-de-france-laureat-fonds-dacceleration-investissements-industriels\/\">laur\u00e9at du fonds d\u2019acc\u00e9l\u00e9ration des investissements industriels.<\/a>\u00a0Tissage de France a \u00e9t\u00e9 cr\u00e9\u00e9e en 2018 \u00e0 la suite de la reprise de l\u2019usine de Valrupt Industries par L\u2019Equipe 1083. Sp\u00e9cialis\u00e9e dans la filature et le tissage pour de multiples secteurs d\u2019activit\u00e9, l\u2019entreprise avait pr\u00e9sent\u00e9 ce projet (pour 1,1 M\u20ac) cr\u00e9er une\u00a0usine z\u00e9ro d\u00e9chet de jeans \u00e9co-con\u00e7us en compl\u00e9tant la filature de coton bio et recycl\u00e9 et le tissage par une unit\u00e9 de confection et de finition locale. L\u2019acquisition d\u2019\u00e9quipements innovants permettant de teindre et de d\u00e9laver les jeans de mani\u00e8re \u00e9cologique avec une r\u00e9duction de la consommation d\u2019eau, de produits chimiques et la r\u00e9alisation d\u2019\u00e9conomies d\u2019\u00e9nergie. \u00a0\u00abTerritoires d\u2019Industrie\u00a0\u00bb est un fonds d\u2019acc\u00e9l\u00e9ration des investissements industriels pour financer des projets jug\u00e9s structurants pour l\u2019\u00e9conomie.<\/p>\n","protected":false},"excerpt":{"rendered":"<p>Photo par 1083 Ce mardi 2 novembre \u00e9tait un grand jour pour l\u2019\u00e9quipe 1083 et pour l\u2019industrie textile vosgienne. L\u2019entreprise [&hellip;]<\/p>\n","protected":false},"author":407,"featured_media":48367,"comment_status":"open","ping_status":"open","sticky":false,"template":"","format":"standard","meta":{"footnotes":""},"categories":[26,5,37,250],"tags":[2951,2952,310,1018,32],"class_list":["post-48366","post","type-post","status-publish","format-standard","has-post-thumbnail","hentry","category-a-la-une","category-economie","category-le-thillot-son-canton","category-rupt-sur-moselle","tag-2951","tag-jeans","tag-rupt-sur-moselle","tag-textile","tag-vosges"],"acf":[],"yoast_head":"<!-- This site is optimized with the Yoast SEO plugin v22.5 - https:\/\/yoast.com\/wordpress\/plugins\/seo\/ -->\n<title>Rupt-sur-Moselle\u00a0: 1083 ouvre son atelier de confection de jeans \u00e0 l\u2019usine Tissage de France - Remiremont Info<\/title>\n<meta name=\"robots\" content=\"index, follow, max-snippet:-1, max-image-preview:large, max-video-preview:-1\" \/>\n<link rel=\"canonical\" href=\"https:\/\/vosgesinfo.fr\/remiremontinfo\/2021\/11\/rupt-moselle-1083-ouvre-atelier-de-confection-de-jeans-a-lusine-tissage-de-france\/\" \/>\n<meta name=\"twitter:card\" content=\"summary_large_image\" \/>\n<meta name=\"twitter:title\" content=\"Rupt-sur-Moselle\u00a0: 1083 ouvre son atelier de confection de jeans \u00e0 l\u2019usine Tissage de France - Remiremont Info\" \/>\n<meta name=\"twitter:description\" content=\"Photo par 1083 Ce mardi 2 novembre \u00e9tait un grand jour pour l\u2019\u00e9quipe 1083 et pour l\u2019industrie textile vosgienne. L\u2019entreprise [&hellip;]\" \/>\n<meta name=\"twitter:image\" content=\"https:\/\/vosgesinfo.fr\/app\/uploads\/sites\/5\/2024\/09\/202111251173074-6318118864928024-5119178407829403227-n1.jpg\" \/>\n<meta name=\"twitter:creator\" content=\"@VosgesInfo88\" \/>\n<meta name=\"twitter:site\" content=\"@VosgesInfo88\" \/>\n<meta name=\"twitter:label1\" content=\"\u00c9crit par\" \/>\n\t<meta name=\"twitter:data1\" content=\"C D\" \/>\n\t<meta name=\"twitter:label2\" content=\"Dur\u00e9e de lecture estim\u00e9e\" \/>\n\t<meta name=\"twitter:data2\" content=\"2 minutes\" \/>\n<script type=\"application\/ld+json\" class=\"yoast-schema-graph\">{\"@context\":\"https:\/\/schema.org\",\"@graph\":[{\"@type\":\"Article\",\"@id\":\"https:\/\/vosgesinfo.fr\/remiremontinfo\/2021\/11\/rupt-moselle-1083-ouvre-atelier-de-confection-de-jeans-a-lusine-tissage-de-france\/#article\",\"isPartOf\":{\"@id\":\"https:\/\/vosgesinfo.fr\/remiremontinfo\/2021\/11\/rupt-moselle-1083-ouvre-atelier-de-confection-de-jeans-a-lusine-tissage-de-france\/\"},\"author\":{\"name\":\"C D\",\"@id\":\"https:\/\/vosgesinfo.fr\/remiremontinfo\/#\/schema\/person\/3bfd164d5218a185b1db68655a265316\"},\"headline\":\"Rupt-sur-Moselle\u00a0: 1083 ouvre son atelier de confection de jeans \u00e0 l\u2019usine Tissage de France\",\"datePublished\":\"2021-11-04T07:00:09+00:00\",\"dateModified\":\"2021-11-04T07:00:09+00:00\",\"mainEntityOfPage\":{\"@id\":\"https:\/\/vosgesinfo.fr\/remiremontinfo\/2021\/11\/rupt-moselle-1083-ouvre-atelier-de-confection-de-jeans-a-lusine-tissage-de-france\/\"},\"wordCount\":458,\"commentCount\":0,\"publisher\":{\"@id\":\"https:\/\/vosgesinfo.fr\/remiremontinfo\/#organization\"},\"image\":{\"@id\":\"https:\/\/vosgesinfo.fr\/remiremontinfo\/2021\/11\/rupt-moselle-1083-ouvre-atelier-de-confection-de-jeans-a-lusine-tissage-de-france\/#primaryimage\"},\"thumbnailUrl\":\"https:\/\/vosgesinfo.fr\/app\/uploads\/sites\/5\/2024\/09\/202111251173074-6318118864928024-5119178407829403227-n1.jpg\",\"keywords\":[\"1083\",\"jeans\",\"rupt-sur-moselle\",\"textile\",\"Vosges\"],\"articleSection\":[\"A la Une\",\"\u00c9conomie\",\"Le Thillot &amp; son canton\",\"Rupt-Sur-Moselle\"],\"inLanguage\":\"fr-FR\",\"potentialAction\":[{\"@type\":\"CommentAction\",\"name\":\"Comment\",\"target\":[\"https:\/\/vosgesinfo.fr\/remiremontinfo\/2021\/11\/rupt-moselle-1083-ouvre-atelier-de-confection-de-jeans-a-lusine-tissage-de-france\/#respond\"]}]},{\"@type\":\"WebPage\",\"@id\":\"https:\/\/vosgesinfo.fr\/remiremontinfo\/2021\/11\/rupt-moselle-1083-ouvre-atelier-de-confection-de-jeans-a-lusine-tissage-de-france\/\",\"url\":\"https:\/\/vosgesinfo.fr\/remiremontinfo\/2021\/11\/rupt-moselle-1083-ouvre-atelier-de-confection-de-jeans-a-lusine-tissage-de-france\/\",\"name\":\"Rupt-sur-Moselle\u00a0: 1083 ouvre son atelier de confection de jeans \u00e0 l\u2019usine Tissage de France - Remiremont Info\",\"isPartOf\":{\"@id\":\"https:\/\/vosgesinfo.fr\/remiremontinfo\/#website\"},\"primaryImageOfPage\":{\"@id\":\"https:\/\/vosgesinfo.fr\/remiremontinfo\/2021\/11\/rupt-moselle-1083-ouvre-atelier-de-confection-de-jeans-a-lusine-tissage-de-france\/#primaryimage\"},\"image\":{\"@id\":\"https:\/\/vosgesinfo.fr\/remiremontinfo\/2021\/11\/rupt-moselle-1083-ouvre-atelier-de-confection-de-jeans-a-lusine-tissage-de-france\/#primaryimage\"},\"thumbnailUrl\":\"https:\/\/vosgesinfo.fr\/app\/uploads\/sites\/5\/2024\/09\/202111251173074-6318118864928024-5119178407829403227-n1.jpg\",\"datePublished\":\"2021-11-04T07:00:09+00:00\",\"dateModified\":\"2021-11-04T07:00:09+00:00\",\"breadcrumb\":{\"@id\":\"https:\/\/vosgesinfo.fr\/remiremontinfo\/2021\/11\/rupt-moselle-1083-ouvre-atelier-de-confection-de-jeans-a-lusine-tissage-de-france\/#breadcrumb\"},\"inLanguage\":\"fr-FR\",\"potentialAction\":[{\"@type\":\"ReadAction\",\"target\":[\"https:\/\/vosgesinfo.fr\/remiremontinfo\/2021\/11\/rupt-moselle-1083-ouvre-atelier-de-confection-de-jeans-a-lusine-tissage-de-france\/\"]}]},{\"@type\":\"ImageObject\",\"inLanguage\":\"fr-FR\",\"@id\":\"https:\/\/vosgesinfo.fr\/remiremontinfo\/2021\/11\/rupt-moselle-1083-ouvre-atelier-de-confection-de-jeans-a-lusine-tissage-de-france\/#primaryimage\",\"url\":\"https:\/\/vosgesinfo.fr\/app\/uploads\/sites\/5\/2024\/09\/202111251173074-6318118864928024-5119178407829403227-n1.jpg\",\"contentUrl\":\"https:\/\/vosgesinfo.fr\/app\/uploads\/sites\/5\/2024\/09\/202111251173074-6318118864928024-5119178407829403227-n1.jpg\",\"width\":800,\"height\":605},{\"@type\":\"BreadcrumbList\",\"@id\":\"https:\/\/vosgesinfo.fr\/remiremontinfo\/2021\/11\/rupt-moselle-1083-ouvre-atelier-de-confection-de-jeans-a-lusine-tissage-de-france\/#breadcrumb\",\"itemListElement\":[{\"@type\":\"ListItem\",\"position\":1,\"name\":\"Home\",\"item\":\"https:\/\/vosgesinfo.fr\/remiremontinfo\/\"},{\"@type\":\"ListItem\",\"position\":2,\"name\":\"Rupt-sur-Moselle\u00a0: 1083 ouvre son atelier de confection de jeans \u00e0 l\u2019usine Tissage de France\"}]},{\"@type\":\"WebSite\",\"@id\":\"https:\/\/vosgesinfo.fr\/remiremontinfo\/#website\",\"url\":\"https:\/\/vosgesinfo.fr\/remiremontinfo\/\",\"name\":\"Remiremont Info\",\"description\":\"Toute l&#039;actualit\u00e9 de Remiremont\",\"publisher\":{\"@id\":\"https:\/\/vosgesinfo.fr\/remiremontinfo\/#organization\"},\"alternateName\":\"Toute l'actualit\u00e9 de Remiremont\",\"potentialAction\":[{\"@type\":\"SearchAction\",\"target\":{\"@type\":\"EntryPoint\",\"urlTemplate\":\"https:\/\/vosgesinfo.fr\/remiremontinfo\/?s={search_term_string}\"},\"query-input\":\"required name=search_term_string\"}],\"inLanguage\":\"fr-FR\"},{\"@type\":\"Organization\",\"@id\":\"https:\/\/vosgesinfo.fr\/remiremontinfo\/#organization\",\"name\":\"Remiremont Info\",\"url\":\"https:\/\/vosgesinfo.fr\/remiremontinfo\/\",\"logo\":{\"@type\":\"ImageObject\",\"inLanguage\":\"fr-FR\",\"@id\":\"https:\/\/vosgesinfo.fr\/remiremontinfo\/#\/schema\/logo\/image\/\",\"url\":\"https:\/\/vosgesinfo.fr\/app\/uploads\/sites\/5\/2023\/08\/favicon-remiremontinfo.png\",\"contentUrl\":\"https:\/\/vosgesinfo.fr\/app\/uploads\/sites\/5\/2023\/08\/favicon-remiremontinfo.png\",\"width\":512,\"height\":512,\"caption\":\"Remiremont Info\"},\"image\":{\"@id\":\"https:\/\/vosgesinfo.fr\/remiremontinfo\/#\/schema\/logo\/image\/\"},\"sameAs\":[\"https:\/\/www.facebook.com\/remiremontinfo\",\"https:\/\/x.com\/VosgesInfo88\",\"https:\/\/www.youtube.com\/@vosgesinfo\"]},{\"@type\":\"Person\",\"@id\":\"https:\/\/vosgesinfo.fr\/remiremontinfo\/#\/schema\/person\/3bfd164d5218a185b1db68655a265316\",\"name\":\"C D\",\"image\":{\"@type\":\"ImageObject\",\"inLanguage\":\"fr-FR\",\"@id\":\"https:\/\/vosgesinfo.fr\/remiremontinfo\/#\/schema\/person\/image\/\",\"url\":\"https:\/\/secure.gravatar.com\/avatar\/1f9a70007336511a47468b8f1c66f922b8b7cf617b02a31149ada43893a5d48f?s=96&d=mm&r=g\",\"contentUrl\":\"https:\/\/secure.gravatar.com\/avatar\/1f9a70007336511a47468b8f1c66f922b8b7cf617b02a31149ada43893a5d48f?s=96&d=mm&r=g\",\"caption\":\"C D\"},\"url\":\"https:\/\/vosgesinfo.fr\/remiremontinfo\/author\/cedric-drevet\/\"}]}<\/script>\n<!-- \/ Yoast SEO plugin. -->","yoast_head_json":{"title":"Rupt-sur-Moselle\u00a0: 1083 ouvre son atelier de confection de jeans \u00e0 l\u2019usine Tissage de France - Remiremont Info","robots":{"index":"index","follow":"follow","max-snippet":"max-snippet:-1","max-image-preview":"max-image-preview:large","max-video-preview":"max-video-preview:-1"},"canonical":"https:\/\/vosgesinfo.fr\/remiremontinfo\/2021\/11\/rupt-moselle-1083-ouvre-atelier-de-confection-de-jeans-a-lusine-tissage-de-france\/","twitter_card":"summary_large_image","twitter_title":"Rupt-sur-Moselle\u00a0: 1083 ouvre son atelier de confection de jeans \u00e0 l\u2019usine Tissage de France - Remiremont Info","twitter_description":"Photo par 1083 Ce mardi 2 novembre \u00e9tait un grand jour pour l\u2019\u00e9quipe 1083 et pour l\u2019industrie textile vosgienne. L\u2019entreprise [&hellip;]","twitter_image":"https:\/\/vosgesinfo.fr\/app\/uploads\/sites\/5\/2024\/09\/202111251173074-6318118864928024-5119178407829403227-n1.jpg","twitter_creator":"@VosgesInfo88","twitter_site":"@VosgesInfo88","twitter_misc":{"\u00c9crit par":"C D","Dur\u00e9e de lecture estim\u00e9e":"2 minutes"},"schema":{"@context":"https:\/\/schema.org","@graph":[{"@type":"Article","@id":"https:\/\/vosgesinfo.fr\/remiremontinfo\/2021\/11\/rupt-moselle-1083-ouvre-atelier-de-confection-de-jeans-a-lusine-tissage-de-france\/#article","isPartOf":{"@id":"https:\/\/vosgesinfo.fr\/remiremontinfo\/2021\/11\/rupt-moselle-1083-ouvre-atelier-de-confection-de-jeans-a-lusine-tissage-de-france\/"},"author":{"name":"C D","@id":"https:\/\/vosgesinfo.fr\/remiremontinfo\/#\/schema\/person\/3bfd164d5218a185b1db68655a265316"},"headline":"Rupt-sur-Moselle\u00a0: 1083 ouvre son atelier de confection de jeans \u00e0 l\u2019usine Tissage de France","datePublished":"2021-11-04T07:00:09+00:00","dateModified":"2021-11-04T07:00:09+00:00","mainEntityOfPage":{"@id":"https:\/\/vosgesinfo.fr\/remiremontinfo\/2021\/11\/rupt-moselle-1083-ouvre-atelier-de-confection-de-jeans-a-lusine-tissage-de-france\/"},"wordCount":458,"commentCount":0,"publisher":{"@id":"https:\/\/vosgesinfo.fr\/remiremontinfo\/#organization"},"image":{"@id":"https:\/\/vosgesinfo.fr\/remiremontinfo\/2021\/11\/rupt-moselle-1083-ouvre-atelier-de-confection-de-jeans-a-lusine-tissage-de-france\/#primaryimage"},"thumbnailUrl":"https:\/\/vosgesinfo.fr\/app\/uploads\/sites\/5\/2024\/09\/202111251173074-6318118864928024-5119178407829403227-n1.jpg","keywords":["1083","jeans","rupt-sur-moselle","textile","Vosges"],"articleSection":["A la Une","\u00c9conomie","Le Thillot &amp; son canton","Rupt-Sur-Moselle"],"inLanguage":"fr-FR","potentialAction":[{"@type":"CommentAction","name":"Comment","target":["https:\/\/vosgesinfo.fr\/remiremontinfo\/2021\/11\/rupt-moselle-1083-ouvre-atelier-de-confection-de-jeans-a-lusine-tissage-de-france\/#respond"]}]},{"@type":"WebPage","@id":"https:\/\/vosgesinfo.fr\/remiremontinfo\/2021\/11\/rupt-moselle-1083-ouvre-atelier-de-confection-de-jeans-a-lusine-tissage-de-france\/","url":"https:\/\/vosgesinfo.fr\/remiremontinfo\/2021\/11\/rupt-moselle-1083-ouvre-atelier-de-confection-de-jeans-a-lusine-tissage-de-france\/","name":"Rupt-sur-Moselle\u00a0: 1083 ouvre son atelier de confection de jeans \u00e0 l\u2019usine Tissage de France - Remiremont Info","isPartOf":{"@id":"https:\/\/vosgesinfo.fr\/remiremontinfo\/#website"},"primaryImageOfPage":{"@id":"https:\/\/vosgesinfo.fr\/remiremontinfo\/2021\/11\/rupt-moselle-1083-ouvre-atelier-de-confection-de-jeans-a-lusine-tissage-de-france\/#primaryimage"},"image":{"@id":"https:\/\/vosgesinfo.fr\/remiremontinfo\/2021\/11\/rupt-moselle-1083-ouvre-atelier-de-confection-de-jeans-a-lusine-tissage-de-france\/#primaryimage"},"thumbnailUrl":"https:\/\/vosgesinfo.fr\/app\/uploads\/sites\/5\/2024\/09\/202111251173074-6318118864928024-5119178407829403227-n1.jpg","datePublished":"2021-11-04T07:00:09+00:00","dateModified":"2021-11-04T07:00:09+00:00","breadcrumb":{"@id":"https:\/\/vosgesinfo.fr\/remiremontinfo\/2021\/11\/rupt-moselle-1083-ouvre-atelier-de-confection-de-jeans-a-lusine-tissage-de-france\/#breadcrumb"},"inLanguage":"fr-FR","potentialAction":[{"@type":"ReadAction","target":["https:\/\/vosgesinfo.fr\/remiremontinfo\/2021\/11\/rupt-moselle-1083-ouvre-atelier-de-confection-de-jeans-a-lusine-tissage-de-france\/"]}]},{"@type":"ImageObject","inLanguage":"fr-FR","@id":"https:\/\/vosgesinfo.fr\/remiremontinfo\/2021\/11\/rupt-moselle-1083-ouvre-atelier-de-confection-de-jeans-a-lusine-tissage-de-france\/#primaryimage","url":"https:\/\/vosgesinfo.fr\/app\/uploads\/sites\/5\/2024\/09\/202111251173074-6318118864928024-5119178407829403227-n1.jpg","contentUrl":"https:\/\/vosgesinfo.fr\/app\/uploads\/sites\/5\/2024\/09\/202111251173074-6318118864928024-5119178407829403227-n1.jpg","width":800,"height":605},{"@type":"BreadcrumbList","@id":"https:\/\/vosgesinfo.fr\/remiremontinfo\/2021\/11\/rupt-moselle-1083-ouvre-atelier-de-confection-de-jeans-a-lusine-tissage-de-france\/#breadcrumb","itemListElement":[{"@type":"ListItem","position":1,"name":"Home","item":"https:\/\/vosgesinfo.fr\/remiremontinfo\/"},{"@type":"ListItem","position":2,"name":"Rupt-sur-Moselle\u00a0: 1083 ouvre son atelier de confection de jeans \u00e0 l\u2019usine Tissage de France"}]},{"@type":"WebSite","@id":"https:\/\/vosgesinfo.fr\/remiremontinfo\/#website","url":"https:\/\/vosgesinfo.fr\/remiremontinfo\/","name":"Remiremont Info","description":"Toute l&#039;actualit\u00e9 de Remiremont","publisher":{"@id":"https:\/\/vosgesinfo.fr\/remiremontinfo\/#organization"},"alternateName":"Toute l'actualit\u00e9 de Remiremont","potentialAction":[{"@type":"SearchAction","target":{"@type":"EntryPoint","urlTemplate":"https:\/\/vosgesinfo.fr\/remiremontinfo\/?s={search_term_string}"},"query-input":"required name=search_term_string"}],"inLanguage":"fr-FR"},{"@type":"Organization","@id":"https:\/\/vosgesinfo.fr\/remiremontinfo\/#organization","name":"Remiremont Info","url":"https:\/\/vosgesinfo.fr\/remiremontinfo\/","logo":{"@type":"ImageObject","inLanguage":"fr-FR","@id":"https:\/\/vosgesinfo.fr\/remiremontinfo\/#\/schema\/logo\/image\/","url":"https:\/\/vosgesinfo.fr\/app\/uploads\/sites\/5\/2023\/08\/favicon-remiremontinfo.png","contentUrl":"https:\/\/vosgesinfo.fr\/app\/uploads\/sites\/5\/2023\/08\/favicon-remiremontinfo.png","width":512,"height":512,"caption":"Remiremont Info"},"image":{"@id":"https:\/\/vosgesinfo.fr\/remiremontinfo\/#\/schema\/logo\/image\/"},"sameAs":["https:\/\/www.facebook.com\/remiremontinfo","https:\/\/x.com\/VosgesInfo88","https:\/\/www.youtube.com\/@vosgesinfo"]},{"@type":"Person","@id":"https:\/\/vosgesinfo.fr\/remiremontinfo\/#\/schema\/person\/3bfd164d5218a185b1db68655a265316","name":"C D","image":{"@type":"ImageObject","inLanguage":"fr-FR","@id":"https:\/\/vosgesinfo.fr\/remiremontinfo\/#\/schema\/person\/image\/","url":"https:\/\/secure.gravatar.com\/avatar\/1f9a70007336511a47468b8f1c66f922b8b7cf617b02a31149ada43893a5d48f?s=96&d=mm&r=g","contentUrl":"https:\/\/secure.gravatar.com\/avatar\/1f9a70007336511a47468b8f1c66f922b8b7cf617b02a31149ada43893a5d48f?s=96&d=mm&r=g","caption":"C D"},"url":"https:\/\/vosgesinfo.fr\/remiremontinfo\/author\/cedric-drevet\/"}]}},"_links":{"self":[{"href":"https:\/\/vosgesinfo.fr\/remiremontinfo\/wp-json\/wp\/v2\/posts\/48366","targetHints":{"allow":["GET"]}}],"collection":[{"href":"https:\/\/vosgesinfo.fr\/remiremontinfo\/wp-json\/wp\/v2\/posts"}],"about":[{"href":"https:\/\/vosgesinfo.fr\/remiremontinfo\/wp-json\/wp\/v2\/types\/post"}],"author":[{"embeddable":true,"href":"https:\/\/vosgesinfo.fr\/remiremontinfo\/wp-json\/wp\/v2\/users\/407"}],"replies":[{"embeddable":true,"href":"https:\/\/vosgesinfo.fr\/remiremontinfo\/wp-json\/wp\/v2\/comments?post=48366"}],"version-history":[{"count":0,"href":"https:\/\/vosgesinfo.fr\/remiremontinfo\/wp-json\/wp\/v2\/posts\/48366\/revisions"}],"wp:featuredmedia":[{"embeddable":true,"href":"https:\/\/vosgesinfo.fr\/remiremontinfo\/wp-json\/wp\/v2\/media\/48367"}],"wp:attachment":[{"href":"https:\/\/vosgesinfo.fr\/remiremontinfo\/wp-json\/wp\/v2\/media?parent=48366"}],"wp:term":[{"taxonomy":"category","embeddable":true,"href":"https:\/\/vosgesinfo.fr\/remiremontinfo\/wp-json\/wp\/v2\/categories?post=48366"},{"taxonomy":"post_tag","embeddable":true,"href":"https:\/\/vosgesinfo.fr\/remiremontinfo\/wp-json\/wp\/v2\/tags?post=48366"}],"curies":[{"name":"wp","href":"https:\/\/api.w.org\/{rel}","templated":true}]}}