{"id":48513,"date":"2021-11-06T09:15:36","date_gmt":"2021-11-06T08:15:36","guid":{"rendered":"https:\/\/vosgesinfo.fr\/remiremontinfo\/2021\/11\/reprise-de-lepidemie-de-covid-19-emmanuel-macron-sadressera-aux-francais-mardi-a-20h\/"},"modified":"2021-11-06T09:15:36","modified_gmt":"2021-11-06T08:15:36","slug":"reprise-de-lepidemie-de-covid-19-emmanuel-macron-sadressera-aux-francais-mardi-a-20h","status":"publish","type":"post","link":"https:\/\/vosgesinfo.fr\/remiremontinfo\/2021\/11\/reprise-de-lepidemie-de-covid-19-emmanuel-macron-sadressera-aux-francais-mardi-a-20h\/","title":{"rendered":"Reprise de l\u2019\u00e9pid\u00e9mie de Covid-19 : Emmanuel Macron s\u2019adressera aux Fran\u00e7ais mardi \u00e0 20h"},"content":{"rendered":"<p style=\"text-align: center;\"><a href=\"\/2021\/11\/Capture-d\u2019\u00e9cran-2020-10-28-210554.png\"><img decoding=\"async\" class=\"alignnone size-full wp-image-331079\" src=\"\/2021\/11\/Capture-d\u2019\u00e9cran-2020-10-28-210554.png\" alt=\"Capture-d\u2019\u00e9cran-2020-10-28-210554\" width=\"800\" height=\"565\" \/><\/a><\/p>\n<p><span style=\"font-size: 10pt;\"><em>Photo d&rsquo;archive<\/em><\/span><\/p>\n<h2><span style=\"font-size: 12pt;\">La reprise de l\u2019\u00e9pid\u00e9mie de Covid-19 se confirme en France et cela inqui\u00e8te les autorit\u00e9s. Le Pr\u00e9sident de la R\u00e9publique, Emmanuel Macron s\u2019adressera aux Fran\u00e7ais mardi \u00e0 20h. 3\u00e8 dose de vaccin obligatoire, retour du masque, extension du pass sanitaire? il r\u00e9pondra \u00e0 toutes les questions et inqui\u00e9tudes des Fran\u00e7ais.\u00a0<\/span><\/h2>\n<p><span style=\"font-size: 12pt;\">C\u2019est le porte-parole du gouvernement, Gabriel Attal, qui a annonc\u00e9 la prochaine allocution du Pr\u00e9sident de la R\u00e9publique, Emmanuel Macron, mardi \u00e0 20h. Alors qu\u2019une reprise de l\u2019\u00e9pid\u00e9mie de\u00a0coronavirus\u00a0se confirme en France en raison notamment d\u2019une vaccination qui plafonne et du rel\u00e2chement des gestes barri\u00e8res, le Pr\u00e9sident a d\u00e9cid\u00e9 de s\u2019adresser aux Fran\u00e7ais.<\/span><\/p>\n<p><span style=\"font-size: 12pt;\">Parmi les questions, le possible\u00a0conditionnement du pass sanitaire \u00e0 une troisi\u00e8me dose de vaccin. D\u2019ailleurs,\u00a0le Premier ministre Jean Castex a expliqu\u00e9 \u00e0 l\u2019AFP que le gouvernement r\u00e9fl\u00e9chissait \u00e0 cette piste et a assur\u00e9 donner \u00ab\u00a0une r\u00e9ponse bient\u00f4t\u00a0\u00bb. La situation \u00e9pid\u00e9mique inqui\u00e8te les autorit\u00e9s qui cherchent des pistes pour enrayer l\u2019\u00e9pid\u00e9mie.<\/span><\/p>\n<p><span style=\"font-size: 12pt;\">C.K.N.\u00a0<\/span><\/p>\n","protected":false},"excerpt":{"rendered":"<p>Photo d&rsquo;archive La reprise de l\u2019\u00e9pid\u00e9mie de Covid-19 se confirme en France et cela inqui\u00e8te les autorit\u00e9s. Le Pr\u00e9sident de [&hellip;]<\/p>\n","protected":false},"author":407,"featured_media":48514,"comment_status":"open","ping_status":"open","sticky":false,"template":"","format":"standard","meta":{"footnotes":""},"categories":[26,10,12],"tags":[2107,2897,1776],"class_list":["post-48513","post","type-post","status-publish","format-standard","has-post-thumbnail","hentry","category-a-la-une","category-politique","category-sante","tag-covid-19","tag-macron","tag-television"],"acf":[],"yoast_head":"<!-- This site is optimized with the Yoast SEO plugin v22.5 - https:\/\/yoast.com\/wordpress\/plugins\/seo\/ -->\n<title>Reprise de l\u2019\u00e9pid\u00e9mie de Covid-19 : Emmanuel Macron s\u2019adressera aux Fran\u00e7ais mardi \u00e0 20h - Remiremont Info<\/title>\n<meta name=\"robots\" content=\"index, follow, max-snippet:-1, max-image-preview:large, max-video-preview:-1\" \/>\n<link rel=\"canonical\" href=\"https:\/\/vosgesinfo.fr\/remiremontinfo\/2021\/11\/reprise-de-lepidemie-de-covid-19-emmanuel-macron-sadressera-aux-francais-mardi-a-20h\/\" \/>\n<meta name=\"twitter:card\" content=\"summary_large_image\" \/>\n<meta name=\"twitter:title\" content=\"Reprise de l\u2019\u00e9pid\u00e9mie de Covid-19 : Emmanuel Macron s\u2019adressera aux Fran\u00e7ais mardi \u00e0 20h - Remiremont Info\" \/>\n<meta name=\"twitter:description\" content=\"Photo d&rsquo;archive La reprise de l\u2019\u00e9pid\u00e9mie de Covid-19 se confirme en France et cela inqui\u00e8te les autorit\u00e9s. Le Pr\u00e9sident de [&hellip;]\" \/>\n<meta name=\"twitter:image\" content=\"https:\/\/vosgesinfo.fr\/app\/uploads\/sites\/5\/2024\/09\/202111capture-decran-2020-10-28-210554.png\" \/>\n<meta name=\"twitter:creator\" content=\"@VosgesInfo88\" \/>\n<meta name=\"twitter:site\" content=\"@VosgesInfo88\" \/>\n<meta name=\"twitter:label1\" content=\"\u00c9crit par\" \/>\n\t<meta name=\"twitter:data1\" content=\"C D\" \/>\n\t<meta name=\"twitter:label2\" content=\"Dur\u00e9e de lecture estim\u00e9e\" \/>\n\t<meta name=\"twitter:data2\" content=\"1 minute\" \/>\n<script type=\"application\/ld+json\" class=\"yoast-schema-graph\">{\"@context\":\"https:\/\/schema.org\",\"@graph\":[{\"@type\":\"Article\",\"@id\":\"https:\/\/vosgesinfo.fr\/remiremontinfo\/2021\/11\/reprise-de-lepidemie-de-covid-19-emmanuel-macron-sadressera-aux-francais-mardi-a-20h\/#article\",\"isPartOf\":{\"@id\":\"https:\/\/vosgesinfo.fr\/remiremontinfo\/2021\/11\/reprise-de-lepidemie-de-covid-19-emmanuel-macron-sadressera-aux-francais-mardi-a-20h\/\"},\"author\":{\"name\":\"C D\",\"@id\":\"https:\/\/vosgesinfo.fr\/remiremontinfo\/#\/schema\/person\/3bfd164d5218a185b1db68655a265316\"},\"headline\":\"Reprise de l\u2019\u00e9pid\u00e9mie de Covid-19 : Emmanuel Macron s\u2019adressera aux Fran\u00e7ais mardi \u00e0 20h\",\"datePublished\":\"2021-11-06T08:15:36+00:00\",\"dateModified\":\"2021-11-06T08:15:36+00:00\",\"mainEntityOfPage\":{\"@id\":\"https:\/\/vosgesinfo.fr\/remiremontinfo\/2021\/11\/reprise-de-lepidemie-de-covid-19-emmanuel-macron-sadressera-aux-francais-mardi-a-20h\/\"},\"wordCount\":208,\"commentCount\":0,\"publisher\":{\"@id\":\"https:\/\/vosgesinfo.fr\/remiremontinfo\/#organization\"},\"image\":{\"@id\":\"https:\/\/vosgesinfo.fr\/remiremontinfo\/2021\/11\/reprise-de-lepidemie-de-covid-19-emmanuel-macron-sadressera-aux-francais-mardi-a-20h\/#primaryimage\"},\"thumbnailUrl\":\"https:\/\/vosgesinfo.fr\/app\/uploads\/sites\/5\/2024\/09\/202111capture-decran-2020-10-28-210554.png\",\"keywords\":[\"covid-19\",\"macron\",\"t\u00e9l\u00e9vision\"],\"articleSection\":[\"A la Une\",\"Politique\",\"Sant\u00e9\"],\"inLanguage\":\"fr-FR\",\"potentialAction\":[{\"@type\":\"CommentAction\",\"name\":\"Comment\",\"target\":[\"https:\/\/vosgesinfo.fr\/remiremontinfo\/2021\/11\/reprise-de-lepidemie-de-covid-19-emmanuel-macron-sadressera-aux-francais-mardi-a-20h\/#respond\"]}]},{\"@type\":\"WebPage\",\"@id\":\"https:\/\/vosgesinfo.fr\/remiremontinfo\/2021\/11\/reprise-de-lepidemie-de-covid-19-emmanuel-macron-sadressera-aux-francais-mardi-a-20h\/\",\"url\":\"https:\/\/vosgesinfo.fr\/remiremontinfo\/2021\/11\/reprise-de-lepidemie-de-covid-19-emmanuel-macron-sadressera-aux-francais-mardi-a-20h\/\",\"name\":\"Reprise de l\u2019\u00e9pid\u00e9mie de Covid-19 : Emmanuel Macron s\u2019adressera aux Fran\u00e7ais mardi \u00e0 20h - Remiremont Info\",\"isPartOf\":{\"@id\":\"https:\/\/vosgesinfo.fr\/remiremontinfo\/#website\"},\"primaryImageOfPage\":{\"@id\":\"https:\/\/vosgesinfo.fr\/remiremontinfo\/2021\/11\/reprise-de-lepidemie-de-covid-19-emmanuel-macron-sadressera-aux-francais-mardi-a-20h\/#primaryimage\"},\"image\":{\"@id\":\"https:\/\/vosgesinfo.fr\/remiremontinfo\/2021\/11\/reprise-de-lepidemie-de-covid-19-emmanuel-macron-sadressera-aux-francais-mardi-a-20h\/#primaryimage\"},\"thumbnailUrl\":\"https:\/\/vosgesinfo.fr\/app\/uploads\/sites\/5\/2024\/09\/202111capture-decran-2020-10-28-210554.png\",\"datePublished\":\"2021-11-06T08:15:36+00:00\",\"dateModified\":\"2021-11-06T08:15:36+00:00\",\"breadcrumb\":{\"@id\":\"https:\/\/vosgesinfo.fr\/remiremontinfo\/2021\/11\/reprise-de-lepidemie-de-covid-19-emmanuel-macron-sadressera-aux-francais-mardi-a-20h\/#breadcrumb\"},\"inLanguage\":\"fr-FR\",\"potentialAction\":[{\"@type\":\"ReadAction\",\"target\":[\"https:\/\/vosgesinfo.fr\/remiremontinfo\/2021\/11\/reprise-de-lepidemie-de-covid-19-emmanuel-macron-sadressera-aux-francais-mardi-a-20h\/\"]}]},{\"@type\":\"ImageObject\",\"inLanguage\":\"fr-FR\",\"@id\":\"https:\/\/vosgesinfo.fr\/remiremontinfo\/2021\/11\/reprise-de-lepidemie-de-covid-19-emmanuel-macron-sadressera-aux-francais-mardi-a-20h\/#primaryimage\",\"url\":\"https:\/\/vosgesinfo.fr\/app\/uploads\/sites\/5\/2024\/09\/202111capture-decran-2020-10-28-210554.png\",\"contentUrl\":\"https:\/\/vosgesinfo.fr\/app\/uploads\/sites\/5\/2024\/09\/202111capture-decran-2020-10-28-210554.png\",\"width\":800,\"height\":565},{\"@type\":\"BreadcrumbList\",\"@id\":\"https:\/\/vosgesinfo.fr\/remiremontinfo\/2021\/11\/reprise-de-lepidemie-de-covid-19-emmanuel-macron-sadressera-aux-francais-mardi-a-20h\/#breadcrumb\",\"itemListElement\":[{\"@type\":\"ListItem\",\"position\":1,\"name\":\"Home\",\"item\":\"https:\/\/vosgesinfo.fr\/remiremontinfo\/\"},{\"@type\":\"ListItem\",\"position\":2,\"name\":\"Reprise de l\u2019\u00e9pid\u00e9mie de Covid-19 : Emmanuel Macron s\u2019adressera aux Fran\u00e7ais mardi \u00e0 20h\"}]},{\"@type\":\"WebSite\",\"@id\":\"https:\/\/vosgesinfo.fr\/remiremontinfo\/#website\",\"url\":\"https:\/\/vosgesinfo.fr\/remiremontinfo\/\",\"name\":\"Remiremont Info\",\"description\":\"Toute l&#039;actualit\u00e9 de Remiremont\",\"publisher\":{\"@id\":\"https:\/\/vosgesinfo.fr\/remiremontinfo\/#organization\"},\"alternateName\":\"Toute l'actualit\u00e9 de Remiremont\",\"potentialAction\":[{\"@type\":\"SearchAction\",\"target\":{\"@type\":\"EntryPoint\",\"urlTemplate\":\"https:\/\/vosgesinfo.fr\/remiremontinfo\/?s={search_term_string}\"},\"query-input\":\"required name=search_term_string\"}],\"inLanguage\":\"fr-FR\"},{\"@type\":\"Organization\",\"@id\":\"https:\/\/vosgesinfo.fr\/remiremontinfo\/#organization\",\"name\":\"Remiremont Info\",\"url\":\"https:\/\/vosgesinfo.fr\/remiremontinfo\/\",\"logo\":{\"@type\":\"ImageObject\",\"inLanguage\":\"fr-FR\",\"@id\":\"https:\/\/vosgesinfo.fr\/remiremontinfo\/#\/schema\/logo\/image\/\",\"url\":\"https:\/\/vosgesinfo.fr\/app\/uploads\/sites\/5\/2023\/08\/favicon-remiremontinfo.png\",\"contentUrl\":\"https:\/\/vosgesinfo.fr\/app\/uploads\/sites\/5\/2023\/08\/favicon-remiremontinfo.png\",\"width\":512,\"height\":512,\"caption\":\"Remiremont Info\"},\"image\":{\"@id\":\"https:\/\/vosgesinfo.fr\/remiremontinfo\/#\/schema\/logo\/image\/\"},\"sameAs\":[\"https:\/\/www.facebook.com\/remiremontinfo\",\"https:\/\/x.com\/VosgesInfo88\",\"https:\/\/www.youtube.com\/@vosgesinfo\"]},{\"@type\":\"Person\",\"@id\":\"https:\/\/vosgesinfo.fr\/remiremontinfo\/#\/schema\/person\/3bfd164d5218a185b1db68655a265316\",\"name\":\"C D\",\"image\":{\"@type\":\"ImageObject\",\"inLanguage\":\"fr-FR\",\"@id\":\"https:\/\/vosgesinfo.fr\/remiremontinfo\/#\/schema\/person\/image\/\",\"url\":\"https:\/\/secure.gravatar.com\/avatar\/1f9a70007336511a47468b8f1c66f922b8b7cf617b02a31149ada43893a5d48f?s=96&d=mm&r=g\",\"contentUrl\":\"https:\/\/secure.gravatar.com\/avatar\/1f9a70007336511a47468b8f1c66f922b8b7cf617b02a31149ada43893a5d48f?s=96&d=mm&r=g\",\"caption\":\"C D\"},\"url\":\"https:\/\/vosgesinfo.fr\/remiremontinfo\/author\/cedric-drevet\/\"}]}<\/script>\n<!-- \/ Yoast SEO plugin. -->","yoast_head_json":{"title":"Reprise de l\u2019\u00e9pid\u00e9mie de Covid-19 : Emmanuel Macron s\u2019adressera aux Fran\u00e7ais mardi \u00e0 20h - Remiremont Info","robots":{"index":"index","follow":"follow","max-snippet":"max-snippet:-1","max-image-preview":"max-image-preview:large","max-video-preview":"max-video-preview:-1"},"canonical":"https:\/\/vosgesinfo.fr\/remiremontinfo\/2021\/11\/reprise-de-lepidemie-de-covid-19-emmanuel-macron-sadressera-aux-francais-mardi-a-20h\/","twitter_card":"summary_large_image","twitter_title":"Reprise de l\u2019\u00e9pid\u00e9mie de Covid-19 : Emmanuel Macron s\u2019adressera aux Fran\u00e7ais mardi \u00e0 20h - Remiremont Info","twitter_description":"Photo d&rsquo;archive La reprise de l\u2019\u00e9pid\u00e9mie de Covid-19 se confirme en France et cela inqui\u00e8te les autorit\u00e9s. Le Pr\u00e9sident de [&hellip;]","twitter_image":"https:\/\/vosgesinfo.fr\/app\/uploads\/sites\/5\/2024\/09\/202111capture-decran-2020-10-28-210554.png","twitter_creator":"@VosgesInfo88","twitter_site":"@VosgesInfo88","twitter_misc":{"\u00c9crit par":"C D","Dur\u00e9e de lecture estim\u00e9e":"1 minute"},"schema":{"@context":"https:\/\/schema.org","@graph":[{"@type":"Article","@id":"https:\/\/vosgesinfo.fr\/remiremontinfo\/2021\/11\/reprise-de-lepidemie-de-covid-19-emmanuel-macron-sadressera-aux-francais-mardi-a-20h\/#article","isPartOf":{"@id":"https:\/\/vosgesinfo.fr\/remiremontinfo\/2021\/11\/reprise-de-lepidemie-de-covid-19-emmanuel-macron-sadressera-aux-francais-mardi-a-20h\/"},"author":{"name":"C D","@id":"https:\/\/vosgesinfo.fr\/remiremontinfo\/#\/schema\/person\/3bfd164d5218a185b1db68655a265316"},"headline":"Reprise de l\u2019\u00e9pid\u00e9mie de Covid-19 : Emmanuel Macron s\u2019adressera aux Fran\u00e7ais mardi \u00e0 20h","datePublished":"2021-11-06T08:15:36+00:00","dateModified":"2021-11-06T08:15:36+00:00","mainEntityOfPage":{"@id":"https:\/\/vosgesinfo.fr\/remiremontinfo\/2021\/11\/reprise-de-lepidemie-de-covid-19-emmanuel-macron-sadressera-aux-francais-mardi-a-20h\/"},"wordCount":208,"commentCount":0,"publisher":{"@id":"https:\/\/vosgesinfo.fr\/remiremontinfo\/#organization"},"image":{"@id":"https:\/\/vosgesinfo.fr\/remiremontinfo\/2021\/11\/reprise-de-lepidemie-de-covid-19-emmanuel-macron-sadressera-aux-francais-mardi-a-20h\/#primaryimage"},"thumbnailUrl":"https:\/\/vosgesinfo.fr\/app\/uploads\/sites\/5\/2024\/09\/202111capture-decran-2020-10-28-210554.png","keywords":["covid-19","macron","t\u00e9l\u00e9vision"],"articleSection":["A la Une","Politique","Sant\u00e9"],"inLanguage":"fr-FR","potentialAction":[{"@type":"CommentAction","name":"Comment","target":["https:\/\/vosgesinfo.fr\/remiremontinfo\/2021\/11\/reprise-de-lepidemie-de-covid-19-emmanuel-macron-sadressera-aux-francais-mardi-a-20h\/#respond"]}]},{"@type":"WebPage","@id":"https:\/\/vosgesinfo.fr\/remiremontinfo\/2021\/11\/reprise-de-lepidemie-de-covid-19-emmanuel-macron-sadressera-aux-francais-mardi-a-20h\/","url":"https:\/\/vosgesinfo.fr\/remiremontinfo\/2021\/11\/reprise-de-lepidemie-de-covid-19-emmanuel-macron-sadressera-aux-francais-mardi-a-20h\/","name":"Reprise de l\u2019\u00e9pid\u00e9mie de Covid-19 : Emmanuel Macron s\u2019adressera aux Fran\u00e7ais mardi \u00e0 20h - Remiremont Info","isPartOf":{"@id":"https:\/\/vosgesinfo.fr\/remiremontinfo\/#website"},"primaryImageOfPage":{"@id":"https:\/\/vosgesinfo.fr\/remiremontinfo\/2021\/11\/reprise-de-lepidemie-de-covid-19-emmanuel-macron-sadressera-aux-francais-mardi-a-20h\/#primaryimage"},"image":{"@id":"https:\/\/vosgesinfo.fr\/remiremontinfo\/2021\/11\/reprise-de-lepidemie-de-covid-19-emmanuel-macron-sadressera-aux-francais-mardi-a-20h\/#primaryimage"},"thumbnailUrl":"https:\/\/vosgesinfo.fr\/app\/uploads\/sites\/5\/2024\/09\/202111capture-decran-2020-10-28-210554.png","datePublished":"2021-11-06T08:15:36+00:00","dateModified":"2021-11-06T08:15:36+00:00","breadcrumb":{"@id":"https:\/\/vosgesinfo.fr\/remiremontinfo\/2021\/11\/reprise-de-lepidemie-de-covid-19-emmanuel-macron-sadressera-aux-francais-mardi-a-20h\/#breadcrumb"},"inLanguage":"fr-FR","potentialAction":[{"@type":"ReadAction","target":["https:\/\/vosgesinfo.fr\/remiremontinfo\/2021\/11\/reprise-de-lepidemie-de-covid-19-emmanuel-macron-sadressera-aux-francais-mardi-a-20h\/"]}]},{"@type":"ImageObject","inLanguage":"fr-FR","@id":"https:\/\/vosgesinfo.fr\/remiremontinfo\/2021\/11\/reprise-de-lepidemie-de-covid-19-emmanuel-macron-sadressera-aux-francais-mardi-a-20h\/#primaryimage","url":"https:\/\/vosgesinfo.fr\/app\/uploads\/sites\/5\/2024\/09\/202111capture-decran-2020-10-28-210554.png","contentUrl":"https:\/\/vosgesinfo.fr\/app\/uploads\/sites\/5\/2024\/09\/202111capture-decran-2020-10-28-210554.png","width":800,"height":565},{"@type":"BreadcrumbList","@id":"https:\/\/vosgesinfo.fr\/remiremontinfo\/2021\/11\/reprise-de-lepidemie-de-covid-19-emmanuel-macron-sadressera-aux-francais-mardi-a-20h\/#breadcrumb","itemListElement":[{"@type":"ListItem","position":1,"name":"Home","item":"https:\/\/vosgesinfo.fr\/remiremontinfo\/"},{"@type":"ListItem","position":2,"name":"Reprise de l\u2019\u00e9pid\u00e9mie de Covid-19 : Emmanuel Macron s\u2019adressera aux Fran\u00e7ais mardi \u00e0 20h"}]},{"@type":"WebSite","@id":"https:\/\/vosgesinfo.fr\/remiremontinfo\/#website","url":"https:\/\/vosgesinfo.fr\/remiremontinfo\/","name":"Remiremont Info","description":"Toute l&#039;actualit\u00e9 de Remiremont","publisher":{"@id":"https:\/\/vosgesinfo.fr\/remiremontinfo\/#organization"},"alternateName":"Toute l'actualit\u00e9 de Remiremont","potentialAction":[{"@type":"SearchAction","target":{"@type":"EntryPoint","urlTemplate":"https:\/\/vosgesinfo.fr\/remiremontinfo\/?s={search_term_string}"},"query-input":"required name=search_term_string"}],"inLanguage":"fr-FR"},{"@type":"Organization","@id":"https:\/\/vosgesinfo.fr\/remiremontinfo\/#organization","name":"Remiremont Info","url":"https:\/\/vosgesinfo.fr\/remiremontinfo\/","logo":{"@type":"ImageObject","inLanguage":"fr-FR","@id":"https:\/\/vosgesinfo.fr\/remiremontinfo\/#\/schema\/logo\/image\/","url":"https:\/\/vosgesinfo.fr\/app\/uploads\/sites\/5\/2023\/08\/favicon-remiremontinfo.png","contentUrl":"https:\/\/vosgesinfo.fr\/app\/uploads\/sites\/5\/2023\/08\/favicon-remiremontinfo.png","width":512,"height":512,"caption":"Remiremont Info"},"image":{"@id":"https:\/\/vosgesinfo.fr\/remiremontinfo\/#\/schema\/logo\/image\/"},"sameAs":["https:\/\/www.facebook.com\/remiremontinfo","https:\/\/x.com\/VosgesInfo88","https:\/\/www.youtube.com\/@vosgesinfo"]},{"@type":"Person","@id":"https:\/\/vosgesinfo.fr\/remiremontinfo\/#\/schema\/person\/3bfd164d5218a185b1db68655a265316","name":"C D","image":{"@type":"ImageObject","inLanguage":"fr-FR","@id":"https:\/\/vosgesinfo.fr\/remiremontinfo\/#\/schema\/person\/image\/","url":"https:\/\/secure.gravatar.com\/avatar\/1f9a70007336511a47468b8f1c66f922b8b7cf617b02a31149ada43893a5d48f?s=96&d=mm&r=g","contentUrl":"https:\/\/secure.gravatar.com\/avatar\/1f9a70007336511a47468b8f1c66f922b8b7cf617b02a31149ada43893a5d48f?s=96&d=mm&r=g","caption":"C D"},"url":"https:\/\/vosgesinfo.fr\/remiremontinfo\/author\/cedric-drevet\/"}]}},"_links":{"self":[{"href":"https:\/\/vosgesinfo.fr\/remiremontinfo\/wp-json\/wp\/v2\/posts\/48513","targetHints":{"allow":["GET"]}}],"collection":[{"href":"https:\/\/vosgesinfo.fr\/remiremontinfo\/wp-json\/wp\/v2\/posts"}],"about":[{"href":"https:\/\/vosgesinfo.fr\/remiremontinfo\/wp-json\/wp\/v2\/types\/post"}],"author":[{"embeddable":true,"href":"https:\/\/vosgesinfo.fr\/remiremontinfo\/wp-json\/wp\/v2\/users\/407"}],"replies":[{"embeddable":true,"href":"https:\/\/vosgesinfo.fr\/remiremontinfo\/wp-json\/wp\/v2\/comments?post=48513"}],"version-history":[{"count":0,"href":"https:\/\/vosgesinfo.fr\/remiremontinfo\/wp-json\/wp\/v2\/posts\/48513\/revisions"}],"wp:featuredmedia":[{"embeddable":true,"href":"https:\/\/vosgesinfo.fr\/remiremontinfo\/wp-json\/wp\/v2\/media\/48514"}],"wp:attachment":[{"href":"https:\/\/vosgesinfo.fr\/remiremontinfo\/wp-json\/wp\/v2\/media?parent=48513"}],"wp:term":[{"taxonomy":"category","embeddable":true,"href":"https:\/\/vosgesinfo.fr\/remiremontinfo\/wp-json\/wp\/v2\/categories?post=48513"},{"taxonomy":"post_tag","embeddable":true,"href":"https:\/\/vosgesinfo.fr\/remiremontinfo\/wp-json\/wp\/v2\/tags?post=48513"}],"curies":[{"name":"wp","href":"https:\/\/api.w.org\/{rel}","templated":true}]}}