{"id":48615,"date":"2024-09-10T14:51:56","date_gmt":"2024-09-10T12:51:56","guid":{"rendered":"https:\/\/vosgesinfo.fr\/remiremontinfo\/2024\/09\/col-de-la-schlucht-la-demolition-mecanique-du-relais-des-roches-vient-de-debuter\/"},"modified":"2024-09-10T14:51:56","modified_gmt":"2024-09-10T12:51:56","slug":"col-de-la-schlucht-la-demolition-mecanique-du-relais-des-roches-vient-de-debuter","status":"publish","type":"post","link":"https:\/\/vosgesinfo.fr\/remiremontinfo\/2024\/09\/col-de-la-schlucht-la-demolition-mecanique-du-relais-des-roches-vient-de-debuter\/","title":{"rendered":"Col de la Schlucht : la d\u00e9molition m\u00e9canique du Relais des Roches vient de d\u00e9buter"},"content":{"rendered":"<p><iframe loading=\"lazy\" src=\"\/\/www.youtube.com\/embed\/O94ojG8XglM\" width=\"560\" height=\"314\" allowfullscreen=\"allowfullscreen\"><\/iframe><\/p>\n<p><iframe loading=\"lazy\" src=\"\/\/www.youtube.com\/embed\/AUdIY_QUmG0\" width=\"560\" height=\"314\" allowfullscreen=\"allowfullscreen\"><\/iframe><\/p>\n<p>&nbsp;<\/p>\n<p>La d\u00e9molition m\u00e9canique du Relais des Roches situ\u00e9 \u00e0 deux pas du col de la Schlucht a officiellement d\u00e9but\u00e9 ce mardi matin matin en pr\u00e9sence de Denise Buhl, vice-pr\u00e9sidente de la R\u00e9gion Grand Est d\u00e9l\u00e9gu\u00e9e \u00e0 la ruralit\u00e9, \u00e0 la montagne et au patrimoine local, mais aussi de M. le Pr\u00e9fet du Haut Rhin Thierry Queffelec, de maire de Stosswihr et des \u00e9lus des collectivit\u00e9s concern\u00e9es, ainsi que des entreprises en charge du chantier : Larbre Ing\u00e9nierie (ma\u00eetrise d\u2019\u0153uvre), REALBATI (coordonnateur SPS) et GCM D\u00e9molition qui a mis les premiers coup de pelleteuse.<\/p>\n<div id=\"attachment_68587\" style=\"width: 310px\" class=\"wp-caption alignright\"><a href=\"https:\/\/vosgesinfo.fr\/app\/uploads\/sites\/6\/2024\/09\/demolition-relais-des-roches-col-de-la-schlucht-1-scaled.jpg\"><img decoding=\"async\" aria-describedby=\"caption-attachment-68587\" class=\"size-medium wp-image-68587\" src=\"https:\/\/vosgesinfo.fr\/app\/uploads\/sites\/6\/2024\/09\/demolition-relais-des-roches-col-de-la-schlucht-1-300x226.jpg\" alt=\"\" width=\"300\" height=\"226\" \/><\/a><p id=\"caption-attachment-68587\" class=\"wp-caption-text\">Thierry Queffelec (au 1er plan) et Denise Buhl ont pris la parole pour pr\u00e9senter ce projet.<\/p><\/div>\n<p>L&rsquo;occasion pour la vice-pr\u00e9sidente de R\u00e9gion Denise Buhl de revenir sur les origines du projet (lire le pr\u00e9c\u00e9dent communiqu\u00e9 <a href=\"https:\/\/vosgesinfo.fr\/gerardmerinfo\/2024\/07\/reamenagement-du-col-de-la-schlucht-le-relais-des-roches-cede-la-place-a-une-nature-retrouvee\/\" target=\"_blank\" rel=\"noopener\">cliquez ici !<\/a>) et sur son financement, sachant que ce projet durable est estim\u00e9 \u00e0 plus d\u20191 million d\u2019euros dont 70 % sont subventionn\u00e9s par l\u2019\u00c9tat dans le cadre du Contrat de Plan Interr\u00e9gional Etat-R\u00e9gion (CPIER), via le Fonds National d\u2019Am\u00e9nagement et de D\u00e9veloppement du Territoire (FNADT). Globalement, la R\u00e9gion a d\u00e9bours\u00e9 275 000 \u20ac pour le rachat du site et le reste se r\u00e9partit entre les \u00e9tudes, la d\u00e9molition et la renaturation, sachant que, comme cela a \u00e9t\u00e9 rappel\u00e9, on ne sait pas r\u00e9ellement ce que l&rsquo;on va trouver derri\u00e8re ce b\u00e2timent et qu&rsquo;il faudra sans doute consolider la roche\u00a0\u00bb d\u00e9clarait l&rsquo;\u00e9dile.<\/p>\n<div id=\"attachment_68590\" style=\"width: 310px\" class=\"wp-caption alignright\"><a href=\"https:\/\/vosgesinfo.fr\/app\/uploads\/sites\/6\/2024\/09\/jf-bald-gcm-demolition-relais-des-roches-scaled.jpg\"><img decoding=\"async\" aria-describedby=\"caption-attachment-68590\" class=\"size-medium wp-image-68590\" src=\"https:\/\/vosgesinfo.fr\/app\/uploads\/sites\/6\/2024\/09\/jf-bald-gcm-demolition-relais-des-roches-300x226.jpg\" alt=\"\" width=\"300\" height=\"226\" \/><\/a><p id=\"caption-attachment-68590\" class=\"wp-caption-text\">Jean-Fran\u00e7ois Bald de GCM D\u00e9molition (au centre).<\/p><\/div>\n<p>Au total, une quarantaine de professionnels sont intervenus ou interviennent sur ce chantier complexe en raison de la sensibilit\u00e9 de l&#8217;emplacement, le b\u00e2timent \u00e9tant adoss\u00e9 \u00e0 la r\u00e9serve naturelle de Frankenthal et situ\u00e9 en bord de route. Le projet r\u00e9pond \u00e9galement \u00e0 des probl\u00e8mes d&rsquo;assainissement, d&rsquo;eau, de parking ou de pr\u00e9vention des risques g\u00e9ologiques. Des travaux de curage et de d\u00e9samiantage avec confinements et analyses d&rsquo;air ont \u00e9galement \u00e9t\u00e9 soigneusement men\u00e9s avant de passer \u00e0 la d\u00e9molition. On estime que le chantier g\u00e9n\u00e9rera environ 1 000 m3 de gravats, 18 tonnes d&rsquo;amiante, 90 tonnes de d\u00e9chets divers et 40 tonnes de bois. \u00ab Ces d\u00e9chets sont pass\u00e9s par une fili\u00e8re de valorisation, c&rsquo;est un proc\u00e9d\u00e9 vertueux, mais forc\u00e9ment plus long \u00bb, pr\u00e9cisait ainsi Jean-Fran\u00e7ois Bald, repr\u00e9sentant de GCM D\u00e9molition.<\/p>\n<p><a href=\"https:\/\/vosgesinfo.fr\/app\/uploads\/sites\/6\/2024\/09\/demolition-relais-des-roches-col-de-la-schlucht-3-scaled.jpg\"><img decoding=\"async\" class=\"alignright size-medium wp-image-68588\" src=\"https:\/\/vosgesinfo.fr\/app\/uploads\/sites\/6\/2024\/09\/demolition-relais-des-roches-col-de-la-schlucht-3-300x226.jpg\" alt=\"\" width=\"300\" height=\"226\" \/><\/a>L\u2019objectif final est de \u00ab redonner ce site embl\u00e9matique \u00e0 la nature \u00bb en faisant en sorte de \u00ab s&rsquo;impr\u00e9gner de la forme originale du b\u00e2timent \u00bb, ajoute C\u00e9drick Guillaume de Larbre Ing\u00e9nierie, avec sans doute la cr\u00e9ation d&rsquo;un promontoire ou d&rsquo;un belv\u00e9d\u00e8re, le site \u00e9tant proche de certains sentiers de randonn\u00e9e. Mais rien n&rsquo;est encore d\u00e9cid\u00e9 ou dessin\u00e9, a d\u00e9clar\u00e9 Denise Buhl, qui a tenu \u00e0 louer la dynamique collective qui a permis de mener ce projet de grande envergure qui va aussi permettre de contribuer \u00e0 gommer les friches qui subsistent dans ce secteur du massif.<\/p>\n<p><iframe loading=\"lazy\" src=\"\/\/www.youtube.com\/embed\/j9GRO0sj82c\" width=\"560\" height=\"314\" allowfullscreen=\"allowfullscreen\"><\/iframe><\/p>\n","protected":false},"excerpt":{"rendered":"<p>&nbsp; La d\u00e9molition m\u00e9canique du Relais des Roches situ\u00e9 \u00e0 deux pas du col de la Schlucht a officiellement d\u00e9but\u00e9 [&hellip;]<\/p>\n","protected":false},"author":42,"featured_media":48616,"comment_status":"open","ping_status":"open","sticky":false,"template":"","format":"standard","meta":{"footnotes":""},"categories":[26,108,845,43,362,18],"tags":[2996,2997,2998,2999,3000],"class_list":["post-48615","post","type-post","status-publish","format-standard","has-post-thumbnail","hentry","category-a-la-une","category-epinal","category-la-plaine-des-vosges","category-remiremont-remiremont-son-canton","category-saint-die","category-vosges","tag-col-de-la-schlucht","tag-denise-buhl","tag-gcm-demolition","tag-larbre-ingenierie","tag-le-relais-des-roches"],"acf":[],"yoast_head":"<!-- This site is optimized with the Yoast SEO plugin v22.5 - https:\/\/yoast.com\/wordpress\/plugins\/seo\/ -->\n<title>Col de la Schlucht : la d\u00e9molition m\u00e9canique du Relais des Roches vient de d\u00e9buter - Remiremont Info<\/title>\n<meta name=\"robots\" content=\"index, follow, max-snippet:-1, max-image-preview:large, max-video-preview:-1\" \/>\n<link rel=\"canonical\" href=\"https:\/\/vosgesinfo.fr\/remiremontinfo\/2024\/09\/col-de-la-schlucht-la-demolition-mecanique-du-relais-des-roches-vient-de-debuter\/\" \/>\n<meta name=\"twitter:card\" content=\"summary_large_image\" \/>\n<meta name=\"twitter:title\" content=\"Col de la Schlucht : la d\u00e9molition m\u00e9canique du Relais des Roches vient de d\u00e9buter - Remiremont Info\" \/>\n<meta name=\"twitter:description\" content=\"&nbsp; La d\u00e9molition m\u00e9canique du Relais des Roches situ\u00e9 \u00e0 deux pas du col de la Schlucht a officiellement d\u00e9but\u00e9 [&hellip;]\" \/>\n<meta name=\"twitter:image\" content=\"https:\/\/vosgesinfo.fr\/app\/uploads\/sites\/5\/2024\/09\/demolition-relais-des-roches-col-de-la-schlucht-4-scaled-1.jpg\" \/>\n<meta name=\"twitter:creator\" content=\"@VosgesInfo88\" \/>\n<meta name=\"twitter:site\" content=\"@VosgesInfo88\" \/>\n<meta name=\"twitter:label1\" content=\"\u00c9crit par\" \/>\n\t<meta name=\"twitter:data1\" content=\"QG\" \/>\n\t<meta name=\"twitter:label2\" content=\"Dur\u00e9e de lecture estim\u00e9e\" \/>\n\t<meta name=\"twitter:data2\" content=\"3 minutes\" \/>\n<script type=\"application\/ld+json\" class=\"yoast-schema-graph\">{\"@context\":\"https:\/\/schema.org\",\"@graph\":[{\"@type\":\"Article\",\"@id\":\"https:\/\/vosgesinfo.fr\/remiremontinfo\/2024\/09\/col-de-la-schlucht-la-demolition-mecanique-du-relais-des-roches-vient-de-debuter\/#article\",\"isPartOf\":{\"@id\":\"https:\/\/vosgesinfo.fr\/remiremontinfo\/2024\/09\/col-de-la-schlucht-la-demolition-mecanique-du-relais-des-roches-vient-de-debuter\/\"},\"author\":{\"name\":\"QG\",\"@id\":\"https:\/\/vosgesinfo.fr\/remiremontinfo\/#\/schema\/person\/db5605779a843dad16b5368f3e7613a5\"},\"headline\":\"Col de la Schlucht : la d\u00e9molition m\u00e9canique du Relais des Roches vient de d\u00e9buter\",\"datePublished\":\"2024-09-10T12:51:56+00:00\",\"dateModified\":\"2024-09-10T12:51:56+00:00\",\"mainEntityOfPage\":{\"@id\":\"https:\/\/vosgesinfo.fr\/remiremontinfo\/2024\/09\/col-de-la-schlucht-la-demolition-mecanique-du-relais-des-roches-vient-de-debuter\/\"},\"wordCount\":555,\"commentCount\":0,\"publisher\":{\"@id\":\"https:\/\/vosgesinfo.fr\/remiremontinfo\/#organization\"},\"image\":{\"@id\":\"https:\/\/vosgesinfo.fr\/remiremontinfo\/2024\/09\/col-de-la-schlucht-la-demolition-mecanique-du-relais-des-roches-vient-de-debuter\/#primaryimage\"},\"thumbnailUrl\":\"https:\/\/vosgesinfo.fr\/app\/uploads\/sites\/5\/2024\/09\/demolition-relais-des-roches-col-de-la-schlucht-4-scaled-1.jpg\",\"keywords\":[\"col de la Schlucht\",\"Denise Buhl\",\"GCM D\u00e9molition\",\"Larbre Ing\u00e9ni\u00e9rie\",\"Le relais des roches\"],\"articleSection\":[\"A la Une\",\"Epinal\",\"La plaine des vosges\",\"Remiremont\",\"Saint-di\u00e9\",\"Vosges\"],\"inLanguage\":\"fr-FR\",\"potentialAction\":[{\"@type\":\"CommentAction\",\"name\":\"Comment\",\"target\":[\"https:\/\/vosgesinfo.fr\/remiremontinfo\/2024\/09\/col-de-la-schlucht-la-demolition-mecanique-du-relais-des-roches-vient-de-debuter\/#respond\"]}]},{\"@type\":\"WebPage\",\"@id\":\"https:\/\/vosgesinfo.fr\/remiremontinfo\/2024\/09\/col-de-la-schlucht-la-demolition-mecanique-du-relais-des-roches-vient-de-debuter\/\",\"url\":\"https:\/\/vosgesinfo.fr\/remiremontinfo\/2024\/09\/col-de-la-schlucht-la-demolition-mecanique-du-relais-des-roches-vient-de-debuter\/\",\"name\":\"Col de la Schlucht : la d\u00e9molition m\u00e9canique du Relais des Roches vient de d\u00e9buter - Remiremont Info\",\"isPartOf\":{\"@id\":\"https:\/\/vosgesinfo.fr\/remiremontinfo\/#website\"},\"primaryImageOfPage\":{\"@id\":\"https:\/\/vosgesinfo.fr\/remiremontinfo\/2024\/09\/col-de-la-schlucht-la-demolition-mecanique-du-relais-des-roches-vient-de-debuter\/#primaryimage\"},\"image\":{\"@id\":\"https:\/\/vosgesinfo.fr\/remiremontinfo\/2024\/09\/col-de-la-schlucht-la-demolition-mecanique-du-relais-des-roches-vient-de-debuter\/#primaryimage\"},\"thumbnailUrl\":\"https:\/\/vosgesinfo.fr\/app\/uploads\/sites\/5\/2024\/09\/demolition-relais-des-roches-col-de-la-schlucht-4-scaled-1.jpg\",\"datePublished\":\"2024-09-10T12:51:56+00:00\",\"dateModified\":\"2024-09-10T12:51:56+00:00\",\"breadcrumb\":{\"@id\":\"https:\/\/vosgesinfo.fr\/remiremontinfo\/2024\/09\/col-de-la-schlucht-la-demolition-mecanique-du-relais-des-roches-vient-de-debuter\/#breadcrumb\"},\"inLanguage\":\"fr-FR\",\"potentialAction\":[{\"@type\":\"ReadAction\",\"target\":[\"https:\/\/vosgesinfo.fr\/remiremontinfo\/2024\/09\/col-de-la-schlucht-la-demolition-mecanique-du-relais-des-roches-vient-de-debuter\/\"]}]},{\"@type\":\"ImageObject\",\"inLanguage\":\"fr-FR\",\"@id\":\"https:\/\/vosgesinfo.fr\/remiremontinfo\/2024\/09\/col-de-la-schlucht-la-demolition-mecanique-du-relais-des-roches-vient-de-debuter\/#primaryimage\",\"url\":\"https:\/\/vosgesinfo.fr\/app\/uploads\/sites\/5\/2024\/09\/demolition-relais-des-roches-col-de-la-schlucht-4-scaled-1.jpg\",\"contentUrl\":\"https:\/\/vosgesinfo.fr\/app\/uploads\/sites\/5\/2024\/09\/demolition-relais-des-roches-col-de-la-schlucht-4-scaled-1.jpg\",\"width\":2560,\"height\":1928},{\"@type\":\"BreadcrumbList\",\"@id\":\"https:\/\/vosgesinfo.fr\/remiremontinfo\/2024\/09\/col-de-la-schlucht-la-demolition-mecanique-du-relais-des-roches-vient-de-debuter\/#breadcrumb\",\"itemListElement\":[{\"@type\":\"ListItem\",\"position\":1,\"name\":\"Home\",\"item\":\"https:\/\/vosgesinfo.fr\/remiremontinfo\/\"},{\"@type\":\"ListItem\",\"position\":2,\"name\":\"Col de la Schlucht : la d\u00e9molition m\u00e9canique du Relais des Roches vient de d\u00e9buter\"}]},{\"@type\":\"WebSite\",\"@id\":\"https:\/\/vosgesinfo.fr\/remiremontinfo\/#website\",\"url\":\"https:\/\/vosgesinfo.fr\/remiremontinfo\/\",\"name\":\"Remiremont Info\",\"description\":\"Toute l&#039;actualit\u00e9 de Remiremont\",\"publisher\":{\"@id\":\"https:\/\/vosgesinfo.fr\/remiremontinfo\/#organization\"},\"alternateName\":\"Toute l'actualit\u00e9 de Remiremont\",\"potentialAction\":[{\"@type\":\"SearchAction\",\"target\":{\"@type\":\"EntryPoint\",\"urlTemplate\":\"https:\/\/vosgesinfo.fr\/remiremontinfo\/?s={search_term_string}\"},\"query-input\":\"required name=search_term_string\"}],\"inLanguage\":\"fr-FR\"},{\"@type\":\"Organization\",\"@id\":\"https:\/\/vosgesinfo.fr\/remiremontinfo\/#organization\",\"name\":\"Remiremont Info\",\"url\":\"https:\/\/vosgesinfo.fr\/remiremontinfo\/\",\"logo\":{\"@type\":\"ImageObject\",\"inLanguage\":\"fr-FR\",\"@id\":\"https:\/\/vosgesinfo.fr\/remiremontinfo\/#\/schema\/logo\/image\/\",\"url\":\"https:\/\/vosgesinfo.fr\/app\/uploads\/sites\/5\/2023\/08\/favicon-remiremontinfo.png\",\"contentUrl\":\"https:\/\/vosgesinfo.fr\/app\/uploads\/sites\/5\/2023\/08\/favicon-remiremontinfo.png\",\"width\":512,\"height\":512,\"caption\":\"Remiremont Info\"},\"image\":{\"@id\":\"https:\/\/vosgesinfo.fr\/remiremontinfo\/#\/schema\/logo\/image\/\"},\"sameAs\":[\"https:\/\/www.facebook.com\/remiremontinfo\",\"https:\/\/x.com\/VosgesInfo88\",\"https:\/\/www.youtube.com\/@vosgesinfo\"]},{\"@type\":\"Person\",\"@id\":\"https:\/\/vosgesinfo.fr\/remiremontinfo\/#\/schema\/person\/db5605779a843dad16b5368f3e7613a5\",\"name\":\"QG\",\"image\":{\"@type\":\"ImageObject\",\"inLanguage\":\"fr-FR\",\"@id\":\"https:\/\/vosgesinfo.fr\/remiremontinfo\/#\/schema\/person\/image\/\",\"url\":\"https:\/\/secure.gravatar.com\/avatar\/ea80c42c204b534408512832fde52504ecabb9706bcb6151cf6175e5b64e6793?s=96&d=mm&r=g\",\"contentUrl\":\"https:\/\/secure.gravatar.com\/avatar\/ea80c42c204b534408512832fde52504ecabb9706bcb6151cf6175e5b64e6793?s=96&d=mm&r=g\",\"caption\":\"QG\"},\"url\":\"https:\/\/vosgesinfo.fr\/remiremontinfo\/author\/quentin88\/\"}]}<\/script>\n<!-- \/ Yoast SEO plugin. -->","yoast_head_json":{"title":"Col de la Schlucht : la d\u00e9molition m\u00e9canique du Relais des Roches vient de d\u00e9buter - Remiremont Info","robots":{"index":"index","follow":"follow","max-snippet":"max-snippet:-1","max-image-preview":"max-image-preview:large","max-video-preview":"max-video-preview:-1"},"canonical":"https:\/\/vosgesinfo.fr\/remiremontinfo\/2024\/09\/col-de-la-schlucht-la-demolition-mecanique-du-relais-des-roches-vient-de-debuter\/","twitter_card":"summary_large_image","twitter_title":"Col de la Schlucht : la d\u00e9molition m\u00e9canique du Relais des Roches vient de d\u00e9buter - Remiremont Info","twitter_description":"&nbsp; La d\u00e9molition m\u00e9canique du Relais des Roches situ\u00e9 \u00e0 deux pas du col de la Schlucht a officiellement d\u00e9but\u00e9 [&hellip;]","twitter_image":"https:\/\/vosgesinfo.fr\/app\/uploads\/sites\/5\/2024\/09\/demolition-relais-des-roches-col-de-la-schlucht-4-scaled-1.jpg","twitter_creator":"@VosgesInfo88","twitter_site":"@VosgesInfo88","twitter_misc":{"\u00c9crit par":"QG","Dur\u00e9e de lecture estim\u00e9e":"3 minutes"},"schema":{"@context":"https:\/\/schema.org","@graph":[{"@type":"Article","@id":"https:\/\/vosgesinfo.fr\/remiremontinfo\/2024\/09\/col-de-la-schlucht-la-demolition-mecanique-du-relais-des-roches-vient-de-debuter\/#article","isPartOf":{"@id":"https:\/\/vosgesinfo.fr\/remiremontinfo\/2024\/09\/col-de-la-schlucht-la-demolition-mecanique-du-relais-des-roches-vient-de-debuter\/"},"author":{"name":"QG","@id":"https:\/\/vosgesinfo.fr\/remiremontinfo\/#\/schema\/person\/db5605779a843dad16b5368f3e7613a5"},"headline":"Col de la Schlucht : la d\u00e9molition m\u00e9canique du Relais des Roches vient de d\u00e9buter","datePublished":"2024-09-10T12:51:56+00:00","dateModified":"2024-09-10T12:51:56+00:00","mainEntityOfPage":{"@id":"https:\/\/vosgesinfo.fr\/remiremontinfo\/2024\/09\/col-de-la-schlucht-la-demolition-mecanique-du-relais-des-roches-vient-de-debuter\/"},"wordCount":555,"commentCount":0,"publisher":{"@id":"https:\/\/vosgesinfo.fr\/remiremontinfo\/#organization"},"image":{"@id":"https:\/\/vosgesinfo.fr\/remiremontinfo\/2024\/09\/col-de-la-schlucht-la-demolition-mecanique-du-relais-des-roches-vient-de-debuter\/#primaryimage"},"thumbnailUrl":"https:\/\/vosgesinfo.fr\/app\/uploads\/sites\/5\/2024\/09\/demolition-relais-des-roches-col-de-la-schlucht-4-scaled-1.jpg","keywords":["col de la Schlucht","Denise Buhl","GCM D\u00e9molition","Larbre Ing\u00e9ni\u00e9rie","Le relais des roches"],"articleSection":["A la Une","Epinal","La plaine des vosges","Remiremont","Saint-di\u00e9","Vosges"],"inLanguage":"fr-FR","potentialAction":[{"@type":"CommentAction","name":"Comment","target":["https:\/\/vosgesinfo.fr\/remiremontinfo\/2024\/09\/col-de-la-schlucht-la-demolition-mecanique-du-relais-des-roches-vient-de-debuter\/#respond"]}]},{"@type":"WebPage","@id":"https:\/\/vosgesinfo.fr\/remiremontinfo\/2024\/09\/col-de-la-schlucht-la-demolition-mecanique-du-relais-des-roches-vient-de-debuter\/","url":"https:\/\/vosgesinfo.fr\/remiremontinfo\/2024\/09\/col-de-la-schlucht-la-demolition-mecanique-du-relais-des-roches-vient-de-debuter\/","name":"Col de la Schlucht : la d\u00e9molition m\u00e9canique du Relais des Roches vient de d\u00e9buter - Remiremont Info","isPartOf":{"@id":"https:\/\/vosgesinfo.fr\/remiremontinfo\/#website"},"primaryImageOfPage":{"@id":"https:\/\/vosgesinfo.fr\/remiremontinfo\/2024\/09\/col-de-la-schlucht-la-demolition-mecanique-du-relais-des-roches-vient-de-debuter\/#primaryimage"},"image":{"@id":"https:\/\/vosgesinfo.fr\/remiremontinfo\/2024\/09\/col-de-la-schlucht-la-demolition-mecanique-du-relais-des-roches-vient-de-debuter\/#primaryimage"},"thumbnailUrl":"https:\/\/vosgesinfo.fr\/app\/uploads\/sites\/5\/2024\/09\/demolition-relais-des-roches-col-de-la-schlucht-4-scaled-1.jpg","datePublished":"2024-09-10T12:51:56+00:00","dateModified":"2024-09-10T12:51:56+00:00","breadcrumb":{"@id":"https:\/\/vosgesinfo.fr\/remiremontinfo\/2024\/09\/col-de-la-schlucht-la-demolition-mecanique-du-relais-des-roches-vient-de-debuter\/#breadcrumb"},"inLanguage":"fr-FR","potentialAction":[{"@type":"ReadAction","target":["https:\/\/vosgesinfo.fr\/remiremontinfo\/2024\/09\/col-de-la-schlucht-la-demolition-mecanique-du-relais-des-roches-vient-de-debuter\/"]}]},{"@type":"ImageObject","inLanguage":"fr-FR","@id":"https:\/\/vosgesinfo.fr\/remiremontinfo\/2024\/09\/col-de-la-schlucht-la-demolition-mecanique-du-relais-des-roches-vient-de-debuter\/#primaryimage","url":"https:\/\/vosgesinfo.fr\/app\/uploads\/sites\/5\/2024\/09\/demolition-relais-des-roches-col-de-la-schlucht-4-scaled-1.jpg","contentUrl":"https:\/\/vosgesinfo.fr\/app\/uploads\/sites\/5\/2024\/09\/demolition-relais-des-roches-col-de-la-schlucht-4-scaled-1.jpg","width":2560,"height":1928},{"@type":"BreadcrumbList","@id":"https:\/\/vosgesinfo.fr\/remiremontinfo\/2024\/09\/col-de-la-schlucht-la-demolition-mecanique-du-relais-des-roches-vient-de-debuter\/#breadcrumb","itemListElement":[{"@type":"ListItem","position":1,"name":"Home","item":"https:\/\/vosgesinfo.fr\/remiremontinfo\/"},{"@type":"ListItem","position":2,"name":"Col de la Schlucht : la d\u00e9molition m\u00e9canique du Relais des Roches vient de d\u00e9buter"}]},{"@type":"WebSite","@id":"https:\/\/vosgesinfo.fr\/remiremontinfo\/#website","url":"https:\/\/vosgesinfo.fr\/remiremontinfo\/","name":"Remiremont Info","description":"Toute l&#039;actualit\u00e9 de Remiremont","publisher":{"@id":"https:\/\/vosgesinfo.fr\/remiremontinfo\/#organization"},"alternateName":"Toute l'actualit\u00e9 de Remiremont","potentialAction":[{"@type":"SearchAction","target":{"@type":"EntryPoint","urlTemplate":"https:\/\/vosgesinfo.fr\/remiremontinfo\/?s={search_term_string}"},"query-input":"required name=search_term_string"}],"inLanguage":"fr-FR"},{"@type":"Organization","@id":"https:\/\/vosgesinfo.fr\/remiremontinfo\/#organization","name":"Remiremont Info","url":"https:\/\/vosgesinfo.fr\/remiremontinfo\/","logo":{"@type":"ImageObject","inLanguage":"fr-FR","@id":"https:\/\/vosgesinfo.fr\/remiremontinfo\/#\/schema\/logo\/image\/","url":"https:\/\/vosgesinfo.fr\/app\/uploads\/sites\/5\/2023\/08\/favicon-remiremontinfo.png","contentUrl":"https:\/\/vosgesinfo.fr\/app\/uploads\/sites\/5\/2023\/08\/favicon-remiremontinfo.png","width":512,"height":512,"caption":"Remiremont Info"},"image":{"@id":"https:\/\/vosgesinfo.fr\/remiremontinfo\/#\/schema\/logo\/image\/"},"sameAs":["https:\/\/www.facebook.com\/remiremontinfo","https:\/\/x.com\/VosgesInfo88","https:\/\/www.youtube.com\/@vosgesinfo"]},{"@type":"Person","@id":"https:\/\/vosgesinfo.fr\/remiremontinfo\/#\/schema\/person\/db5605779a843dad16b5368f3e7613a5","name":"QG","image":{"@type":"ImageObject","inLanguage":"fr-FR","@id":"https:\/\/vosgesinfo.fr\/remiremontinfo\/#\/schema\/person\/image\/","url":"https:\/\/secure.gravatar.com\/avatar\/ea80c42c204b534408512832fde52504ecabb9706bcb6151cf6175e5b64e6793?s=96&d=mm&r=g","contentUrl":"https:\/\/secure.gravatar.com\/avatar\/ea80c42c204b534408512832fde52504ecabb9706bcb6151cf6175e5b64e6793?s=96&d=mm&r=g","caption":"QG"},"url":"https:\/\/vosgesinfo.fr\/remiremontinfo\/author\/quentin88\/"}]}},"_links":{"self":[{"href":"https:\/\/vosgesinfo.fr\/remiremontinfo\/wp-json\/wp\/v2\/posts\/48615","targetHints":{"allow":["GET"]}}],"collection":[{"href":"https:\/\/vosgesinfo.fr\/remiremontinfo\/wp-json\/wp\/v2\/posts"}],"about":[{"href":"https:\/\/vosgesinfo.fr\/remiremontinfo\/wp-json\/wp\/v2\/types\/post"}],"author":[{"embeddable":true,"href":"https:\/\/vosgesinfo.fr\/remiremontinfo\/wp-json\/wp\/v2\/users\/42"}],"replies":[{"embeddable":true,"href":"https:\/\/vosgesinfo.fr\/remiremontinfo\/wp-json\/wp\/v2\/comments?post=48615"}],"version-history":[{"count":0,"href":"https:\/\/vosgesinfo.fr\/remiremontinfo\/wp-json\/wp\/v2\/posts\/48615\/revisions"}],"wp:featuredmedia":[{"embeddable":true,"href":"https:\/\/vosgesinfo.fr\/remiremontinfo\/wp-json\/wp\/v2\/media\/48616"}],"wp:attachment":[{"href":"https:\/\/vosgesinfo.fr\/remiremontinfo\/wp-json\/wp\/v2\/media?parent=48615"}],"wp:term":[{"taxonomy":"category","embeddable":true,"href":"https:\/\/vosgesinfo.fr\/remiremontinfo\/wp-json\/wp\/v2\/categories?post=48615"},{"taxonomy":"post_tag","embeddable":true,"href":"https:\/\/vosgesinfo.fr\/remiremontinfo\/wp-json\/wp\/v2\/tags?post=48615"}],"curies":[{"name":"wp","href":"https:\/\/api.w.org\/{rel}","templated":true}]}}