{"id":48858,"date":"2021-11-15T09:36:56","date_gmt":"2021-11-15T08:36:56","guid":{"rendered":"https:\/\/vosgesinfo.fr\/remiremontinfo\/2021\/11\/lademat-h-rend-hommage-a-michel-gaillard\/"},"modified":"2021-11-15T09:36:56","modified_gmt":"2021-11-15T08:36:56","slug":"lademat-h-rend-hommage-a-michel-gaillard","status":"publish","type":"post","link":"https:\/\/vosgesinfo.fr\/remiremontinfo\/2021\/11\/lademat-h-rend-hommage-a-michel-gaillard\/","title":{"rendered":"L&rsquo;Ademat-h rend hommage \u00e0 Michel Gaillard"},"content":{"rendered":"<p style=\"text-align: center;\"><a href=\"\/2021\/11\/16.jpg\"><img decoding=\"async\" class=\"alignnone size-full wp-image-331728\" src=\"\/2021\/11\/16.jpg\" alt=\"1\" width=\"563\" height=\"679\" \/><\/a><\/p>\n<p style=\"text-align: center;\"><em>Ademat-h<\/em><\/p>\n<p>Hommage \u00e0 Michel Gaillard d\u00e9c\u00e9d\u00e9 le 9 novembre 2021<\/p>\n<p>La vie d\u2019un homme est pr\u00e9cieuse. Elle est multiple, pleine de richesses, parfois insoup\u00e7onn\u00e9es, et faite de fragilit\u00e9s.<br \/>\nCelle de Michel Gaillard n\u2019y \u00e9chappe pas.<\/p>\n<p>Michel \u00e9tait avec nous au Conseil d\u2019administration de l\u2019Ademat-h, lundi soir dernier. Vers la fin de la r\u00e9union il a pris la parole pour attirer notre attention une fois de plus, sur le fait que la population des Vosges sa\u00f4noises n\u2019a plus le droit de choisir son h\u00f4pital en cas d\u2019accident de sant\u00e9. Les pompiers ont ordre d\u2019emmener les patients \u00e0 Trevenan dans le 90, \u00e0 Vesoul, ou \u00e0 Besan\u00e7on, alors que les habitants du secteur habitent \u00e0 quelques encablures de Remiremont. Aussi, mardi matin pressentant une difficult\u00e9, Michel s\u2019est rendu aux urgences \u00e0 Remiremont.<br \/>\nIl y a presque 6 ans, en f\u00e9vrier 2016, Michel a particip\u00e9 avec nous \u00e0 la cr\u00e9ation du comit\u00e9 d\u00e9fense de la maternit\u00e9, structure informelle mise en place \u00e0 la h\u00e2te au c\u0153ur de la lutte. Elle est devenue depuis l&rsquo;ADEMAT-h : l.\u2019association de d\u00e9fense , de maintien et d\u2019am\u00e9lioration de la maternit\u00e9 et de l\u2019h\u00f4pital de Remiremont :<br \/>\nMichel Gaillard est entr\u00e9 au Conseil d\u2019Administration et il y a repr\u00e9sent\u00e9 la commune de Corravillers en sa qualit\u00e9 d\u2019adjoint au maire durant tout son mandat municipal. Il a contribu\u00e9 avec son \u00e9charpe et son engagement \u00e0 \u00e9viter la fermeture annonc\u00e9e de la maternit\u00e9 de Remiremont. Il a fait partie des 4 \u00e9lus qui avec des militants d\u2019Ademat-h se sont rendus en bus \u00e0 Paris, place de la R\u00e9publique, un dimanche de fin juin 2018 \u00e0 l\u2019appel de notre coordination nationale, pour d\u00e9fendre notre h\u00f4pital et les H\u00f4pitaux publics menac\u00e9s par l\u2019administration et l\u2019approche comptable des d\u00e9penses de sant\u00e9. D\u00e9j\u00e0 nous d\u00e9noncions les pr\u00e9mices d\u2019une catastrophe sanitaire.<br \/>\nC\u2019est comme citoyen et militant des Vosges Sa\u00f4noises qu\u2019il a ensuite continu\u00e9 \u00e0 si\u00e9ger avec fid\u00e9lit\u00e9 et constance au sein du conseil d\u2019administration. Il a particip\u00e9 \u00e0 toutes nos actions et mobilisations, d\u00e9l\u00e9gations&#8230; Il l\u2019a fait jusqu\u2019au bout de sa vie.<br \/>\nLe 26 octobre il \u00e9tait \u00e0 notre r\u00e9union publique au M\u00e9nil. Ce lundi soir 8 novembre, \u00e0 St-Etienne les Remiremont, il nous a dit au revoir en se chargeant de nouvelles banderoles pour les proposer aux communes du territoire auquel il \u00e9tait tr\u00e8s attach\u00e9. Il est mort le lendemain dans l\u2019h\u00f4pital pour lequel il se battait avec force et d\u00e9termination.<br \/>\nMichel \u00e9tait un de nos ambassadeurs dans ce pays de la Haute Sa\u00f4ne v\u00e9ritablement attach\u00e9 au bassin de vie de Remiremont et de ses vall\u00e9es. Il \u00e9tait une importante voix comtoise dans notre assembl\u00e9e.<br \/>\nDiscret, efficace, proche des gens, plein d\u2019empathie et de bienveillance, Michel a nou\u00e9 des liens avec tous et il va nous manquer terriblement. Il se r\u00e9jouissait de pouvoir profiter de sa famille, faire du v\u00e9lo, d\u2019avoir du temps pour lui avec son retrait de la vie politique locale et son d\u00e9part r\u00e9cent \u00e0 la retraite. Un pied dans la vall\u00e9e de la Moselle, un autre dans celle du Breuchin, Michel donnait le sentiment qu\u2019il \u00e9tait un homme de la montagne, solide et robuste, dans sa vie comme dans ses engagements.<br \/>\nIl va nous manquer. Nous continuerons notre combat au service de la sant\u00e9 de nos concitoyens en nous appuyant sur son souvenir, sur l\u2019amiti\u00e9, la fid\u00e9lit\u00e9 et la proximit\u00e9 que nous avions avec lui, forg\u00e9es dans la force d\u2019un engagement altruiste, humaniste et militant.<\/p>\n<p>Nous sommes fiers de t\u2019avoir connu Michel et d\u2019avoir fait un bout de la route avec toi. Nous partageons la tristesse et la douleur de ta famille et de tous tes proches et nous esp\u00e9rons que les petits cailloux blancs que tu as laiss\u00e9s au bord du chemin continueront \u00e0 guider ceux qui te pleurent aujourd\u2019hui.<\/p>\n<p><em>Ademat-h<\/em><\/p>\n","protected":false},"excerpt":{"rendered":"<p>Ademat-h Hommage \u00e0 Michel Gaillard d\u00e9c\u00e9d\u00e9 le 9 novembre 2021 La vie d\u2019un homme est pr\u00e9cieuse. Elle est multiple, pleine [&hellip;]<\/p>\n","protected":false},"author":407,"featured_media":48859,"comment_status":"open","ping_status":"open","sticky":false,"template":"","format":"standard","meta":{"footnotes":""},"categories":[26,1556,35],"tags":[518,288,3028],"class_list":["post-48858","post","type-post","status-publish","format-standard","has-post-thumbnail","hentry","category-a-la-une","category-remiremont-remiremont-son-canton-2","category-remiremont-son-canton","tag-ademat-h","tag-hommage","tag-michel-gaillard"],"acf":[],"yoast_head":"<!-- This site is optimized with the Yoast SEO plugin v22.5 - https:\/\/yoast.com\/wordpress\/plugins\/seo\/ -->\n<title>L&#039;Ademat-h rend hommage \u00e0 Michel Gaillard - Remiremont Info<\/title>\n<meta name=\"robots\" content=\"index, follow, max-snippet:-1, max-image-preview:large, max-video-preview:-1\" \/>\n<link rel=\"canonical\" href=\"https:\/\/vosgesinfo.fr\/remiremontinfo\/2021\/11\/lademat-h-rend-hommage-a-michel-gaillard\/\" \/>\n<meta name=\"twitter:card\" content=\"summary_large_image\" \/>\n<meta name=\"twitter:title\" content=\"L&#039;Ademat-h rend hommage \u00e0 Michel Gaillard - Remiremont Info\" \/>\n<meta name=\"twitter:description\" content=\"Ademat-h Hommage \u00e0 Michel Gaillard d\u00e9c\u00e9d\u00e9 le 9 novembre 2021 La vie d\u2019un homme est pr\u00e9cieuse. Elle est multiple, pleine [&hellip;]\" \/>\n<meta name=\"twitter:image\" content=\"https:\/\/vosgesinfo.fr\/app\/uploads\/sites\/5\/2024\/09\/20211116.jpg\" \/>\n<meta name=\"twitter:creator\" content=\"@VosgesInfo88\" \/>\n<meta name=\"twitter:site\" content=\"@VosgesInfo88\" \/>\n<meta name=\"twitter:label1\" content=\"\u00c9crit par\" \/>\n\t<meta name=\"twitter:data1\" content=\"C D\" \/>\n\t<meta name=\"twitter:label2\" content=\"Dur\u00e9e de lecture estim\u00e9e\" \/>\n\t<meta name=\"twitter:data2\" content=\"3 minutes\" \/>\n<script type=\"application\/ld+json\" class=\"yoast-schema-graph\">{\"@context\":\"https:\/\/schema.org\",\"@graph\":[{\"@type\":\"Article\",\"@id\":\"https:\/\/vosgesinfo.fr\/remiremontinfo\/2021\/11\/lademat-h-rend-hommage-a-michel-gaillard\/#article\",\"isPartOf\":{\"@id\":\"https:\/\/vosgesinfo.fr\/remiremontinfo\/2021\/11\/lademat-h-rend-hommage-a-michel-gaillard\/\"},\"author\":{\"name\":\"C D\",\"@id\":\"https:\/\/vosgesinfo.fr\/remiremontinfo\/#\/schema\/person\/3bfd164d5218a185b1db68655a265316\"},\"headline\":\"L&rsquo;Ademat-h rend hommage \u00e0 Michel Gaillard\",\"datePublished\":\"2021-11-15T08:36:56+00:00\",\"dateModified\":\"2021-11-15T08:36:56+00:00\",\"mainEntityOfPage\":{\"@id\":\"https:\/\/vosgesinfo.fr\/remiremontinfo\/2021\/11\/lademat-h-rend-hommage-a-michel-gaillard\/\"},\"wordCount\":684,\"commentCount\":0,\"publisher\":{\"@id\":\"https:\/\/vosgesinfo.fr\/remiremontinfo\/#organization\"},\"image\":{\"@id\":\"https:\/\/vosgesinfo.fr\/remiremontinfo\/2021\/11\/lademat-h-rend-hommage-a-michel-gaillard\/#primaryimage\"},\"thumbnailUrl\":\"https:\/\/vosgesinfo.fr\/app\/uploads\/sites\/5\/2024\/09\/20211116.jpg\",\"keywords\":[\"ademat-h\",\"Hommage\",\"michel gaillard\"],\"articleSection\":[\"A la Une\",\"Remiremont\",\"Remiremont &amp; son canton\"],\"inLanguage\":\"fr-FR\",\"potentialAction\":[{\"@type\":\"CommentAction\",\"name\":\"Comment\",\"target\":[\"https:\/\/vosgesinfo.fr\/remiremontinfo\/2021\/11\/lademat-h-rend-hommage-a-michel-gaillard\/#respond\"]}]},{\"@type\":\"WebPage\",\"@id\":\"https:\/\/vosgesinfo.fr\/remiremontinfo\/2021\/11\/lademat-h-rend-hommage-a-michel-gaillard\/\",\"url\":\"https:\/\/vosgesinfo.fr\/remiremontinfo\/2021\/11\/lademat-h-rend-hommage-a-michel-gaillard\/\",\"name\":\"L'Ademat-h rend hommage \u00e0 Michel Gaillard - Remiremont Info\",\"isPartOf\":{\"@id\":\"https:\/\/vosgesinfo.fr\/remiremontinfo\/#website\"},\"primaryImageOfPage\":{\"@id\":\"https:\/\/vosgesinfo.fr\/remiremontinfo\/2021\/11\/lademat-h-rend-hommage-a-michel-gaillard\/#primaryimage\"},\"image\":{\"@id\":\"https:\/\/vosgesinfo.fr\/remiremontinfo\/2021\/11\/lademat-h-rend-hommage-a-michel-gaillard\/#primaryimage\"},\"thumbnailUrl\":\"https:\/\/vosgesinfo.fr\/app\/uploads\/sites\/5\/2024\/09\/20211116.jpg\",\"datePublished\":\"2021-11-15T08:36:56+00:00\",\"dateModified\":\"2021-11-15T08:36:56+00:00\",\"breadcrumb\":{\"@id\":\"https:\/\/vosgesinfo.fr\/remiremontinfo\/2021\/11\/lademat-h-rend-hommage-a-michel-gaillard\/#breadcrumb\"},\"inLanguage\":\"fr-FR\",\"potentialAction\":[{\"@type\":\"ReadAction\",\"target\":[\"https:\/\/vosgesinfo.fr\/remiremontinfo\/2021\/11\/lademat-h-rend-hommage-a-michel-gaillard\/\"]}]},{\"@type\":\"ImageObject\",\"inLanguage\":\"fr-FR\",\"@id\":\"https:\/\/vosgesinfo.fr\/remiremontinfo\/2021\/11\/lademat-h-rend-hommage-a-michel-gaillard\/#primaryimage\",\"url\":\"https:\/\/vosgesinfo.fr\/app\/uploads\/sites\/5\/2024\/09\/20211116.jpg\",\"contentUrl\":\"https:\/\/vosgesinfo.fr\/app\/uploads\/sites\/5\/2024\/09\/20211116.jpg\",\"width\":563,\"height\":679},{\"@type\":\"BreadcrumbList\",\"@id\":\"https:\/\/vosgesinfo.fr\/remiremontinfo\/2021\/11\/lademat-h-rend-hommage-a-michel-gaillard\/#breadcrumb\",\"itemListElement\":[{\"@type\":\"ListItem\",\"position\":1,\"name\":\"Home\",\"item\":\"https:\/\/vosgesinfo.fr\/remiremontinfo\/\"},{\"@type\":\"ListItem\",\"position\":2,\"name\":\"L&rsquo;Ademat-h rend hommage \u00e0 Michel Gaillard\"}]},{\"@type\":\"WebSite\",\"@id\":\"https:\/\/vosgesinfo.fr\/remiremontinfo\/#website\",\"url\":\"https:\/\/vosgesinfo.fr\/remiremontinfo\/\",\"name\":\"Remiremont Info\",\"description\":\"Toute l&#039;actualit\u00e9 de Remiremont\",\"publisher\":{\"@id\":\"https:\/\/vosgesinfo.fr\/remiremontinfo\/#organization\"},\"alternateName\":\"Toute l'actualit\u00e9 de Remiremont\",\"potentialAction\":[{\"@type\":\"SearchAction\",\"target\":{\"@type\":\"EntryPoint\",\"urlTemplate\":\"https:\/\/vosgesinfo.fr\/remiremontinfo\/?s={search_term_string}\"},\"query-input\":\"required name=search_term_string\"}],\"inLanguage\":\"fr-FR\"},{\"@type\":\"Organization\",\"@id\":\"https:\/\/vosgesinfo.fr\/remiremontinfo\/#organization\",\"name\":\"Remiremont Info\",\"url\":\"https:\/\/vosgesinfo.fr\/remiremontinfo\/\",\"logo\":{\"@type\":\"ImageObject\",\"inLanguage\":\"fr-FR\",\"@id\":\"https:\/\/vosgesinfo.fr\/remiremontinfo\/#\/schema\/logo\/image\/\",\"url\":\"https:\/\/vosgesinfo.fr\/app\/uploads\/sites\/5\/2023\/08\/favicon-remiremontinfo.png\",\"contentUrl\":\"https:\/\/vosgesinfo.fr\/app\/uploads\/sites\/5\/2023\/08\/favicon-remiremontinfo.png\",\"width\":512,\"height\":512,\"caption\":\"Remiremont Info\"},\"image\":{\"@id\":\"https:\/\/vosgesinfo.fr\/remiremontinfo\/#\/schema\/logo\/image\/\"},\"sameAs\":[\"https:\/\/www.facebook.com\/remiremontinfo\",\"https:\/\/x.com\/VosgesInfo88\",\"https:\/\/www.youtube.com\/@vosgesinfo\"]},{\"@type\":\"Person\",\"@id\":\"https:\/\/vosgesinfo.fr\/remiremontinfo\/#\/schema\/person\/3bfd164d5218a185b1db68655a265316\",\"name\":\"C D\",\"image\":{\"@type\":\"ImageObject\",\"inLanguage\":\"fr-FR\",\"@id\":\"https:\/\/vosgesinfo.fr\/remiremontinfo\/#\/schema\/person\/image\/\",\"url\":\"https:\/\/secure.gravatar.com\/avatar\/1f9a70007336511a47468b8f1c66f922b8b7cf617b02a31149ada43893a5d48f?s=96&d=mm&r=g\",\"contentUrl\":\"https:\/\/secure.gravatar.com\/avatar\/1f9a70007336511a47468b8f1c66f922b8b7cf617b02a31149ada43893a5d48f?s=96&d=mm&r=g\",\"caption\":\"C D\"},\"url\":\"https:\/\/vosgesinfo.fr\/remiremontinfo\/author\/cedric-drevet\/\"}]}<\/script>\n<!-- \/ Yoast SEO plugin. -->","yoast_head_json":{"title":"L'Ademat-h rend hommage \u00e0 Michel Gaillard - Remiremont Info","robots":{"index":"index","follow":"follow","max-snippet":"max-snippet:-1","max-image-preview":"max-image-preview:large","max-video-preview":"max-video-preview:-1"},"canonical":"https:\/\/vosgesinfo.fr\/remiremontinfo\/2021\/11\/lademat-h-rend-hommage-a-michel-gaillard\/","twitter_card":"summary_large_image","twitter_title":"L'Ademat-h rend hommage \u00e0 Michel Gaillard - Remiremont Info","twitter_description":"Ademat-h Hommage \u00e0 Michel Gaillard d\u00e9c\u00e9d\u00e9 le 9 novembre 2021 La vie d\u2019un homme est pr\u00e9cieuse. Elle est multiple, pleine [&hellip;]","twitter_image":"https:\/\/vosgesinfo.fr\/app\/uploads\/sites\/5\/2024\/09\/20211116.jpg","twitter_creator":"@VosgesInfo88","twitter_site":"@VosgesInfo88","twitter_misc":{"\u00c9crit par":"C D","Dur\u00e9e de lecture estim\u00e9e":"3 minutes"},"schema":{"@context":"https:\/\/schema.org","@graph":[{"@type":"Article","@id":"https:\/\/vosgesinfo.fr\/remiremontinfo\/2021\/11\/lademat-h-rend-hommage-a-michel-gaillard\/#article","isPartOf":{"@id":"https:\/\/vosgesinfo.fr\/remiremontinfo\/2021\/11\/lademat-h-rend-hommage-a-michel-gaillard\/"},"author":{"name":"C D","@id":"https:\/\/vosgesinfo.fr\/remiremontinfo\/#\/schema\/person\/3bfd164d5218a185b1db68655a265316"},"headline":"L&rsquo;Ademat-h rend hommage \u00e0 Michel Gaillard","datePublished":"2021-11-15T08:36:56+00:00","dateModified":"2021-11-15T08:36:56+00:00","mainEntityOfPage":{"@id":"https:\/\/vosgesinfo.fr\/remiremontinfo\/2021\/11\/lademat-h-rend-hommage-a-michel-gaillard\/"},"wordCount":684,"commentCount":0,"publisher":{"@id":"https:\/\/vosgesinfo.fr\/remiremontinfo\/#organization"},"image":{"@id":"https:\/\/vosgesinfo.fr\/remiremontinfo\/2021\/11\/lademat-h-rend-hommage-a-michel-gaillard\/#primaryimage"},"thumbnailUrl":"https:\/\/vosgesinfo.fr\/app\/uploads\/sites\/5\/2024\/09\/20211116.jpg","keywords":["ademat-h","Hommage","michel gaillard"],"articleSection":["A la Une","Remiremont","Remiremont &amp; son canton"],"inLanguage":"fr-FR","potentialAction":[{"@type":"CommentAction","name":"Comment","target":["https:\/\/vosgesinfo.fr\/remiremontinfo\/2021\/11\/lademat-h-rend-hommage-a-michel-gaillard\/#respond"]}]},{"@type":"WebPage","@id":"https:\/\/vosgesinfo.fr\/remiremontinfo\/2021\/11\/lademat-h-rend-hommage-a-michel-gaillard\/","url":"https:\/\/vosgesinfo.fr\/remiremontinfo\/2021\/11\/lademat-h-rend-hommage-a-michel-gaillard\/","name":"L'Ademat-h rend hommage \u00e0 Michel Gaillard - Remiremont Info","isPartOf":{"@id":"https:\/\/vosgesinfo.fr\/remiremontinfo\/#website"},"primaryImageOfPage":{"@id":"https:\/\/vosgesinfo.fr\/remiremontinfo\/2021\/11\/lademat-h-rend-hommage-a-michel-gaillard\/#primaryimage"},"image":{"@id":"https:\/\/vosgesinfo.fr\/remiremontinfo\/2021\/11\/lademat-h-rend-hommage-a-michel-gaillard\/#primaryimage"},"thumbnailUrl":"https:\/\/vosgesinfo.fr\/app\/uploads\/sites\/5\/2024\/09\/20211116.jpg","datePublished":"2021-11-15T08:36:56+00:00","dateModified":"2021-11-15T08:36:56+00:00","breadcrumb":{"@id":"https:\/\/vosgesinfo.fr\/remiremontinfo\/2021\/11\/lademat-h-rend-hommage-a-michel-gaillard\/#breadcrumb"},"inLanguage":"fr-FR","potentialAction":[{"@type":"ReadAction","target":["https:\/\/vosgesinfo.fr\/remiremontinfo\/2021\/11\/lademat-h-rend-hommage-a-michel-gaillard\/"]}]},{"@type":"ImageObject","inLanguage":"fr-FR","@id":"https:\/\/vosgesinfo.fr\/remiremontinfo\/2021\/11\/lademat-h-rend-hommage-a-michel-gaillard\/#primaryimage","url":"https:\/\/vosgesinfo.fr\/app\/uploads\/sites\/5\/2024\/09\/20211116.jpg","contentUrl":"https:\/\/vosgesinfo.fr\/app\/uploads\/sites\/5\/2024\/09\/20211116.jpg","width":563,"height":679},{"@type":"BreadcrumbList","@id":"https:\/\/vosgesinfo.fr\/remiremontinfo\/2021\/11\/lademat-h-rend-hommage-a-michel-gaillard\/#breadcrumb","itemListElement":[{"@type":"ListItem","position":1,"name":"Home","item":"https:\/\/vosgesinfo.fr\/remiremontinfo\/"},{"@type":"ListItem","position":2,"name":"L&rsquo;Ademat-h rend hommage \u00e0 Michel Gaillard"}]},{"@type":"WebSite","@id":"https:\/\/vosgesinfo.fr\/remiremontinfo\/#website","url":"https:\/\/vosgesinfo.fr\/remiremontinfo\/","name":"Remiremont Info","description":"Toute l&#039;actualit\u00e9 de Remiremont","publisher":{"@id":"https:\/\/vosgesinfo.fr\/remiremontinfo\/#organization"},"alternateName":"Toute l'actualit\u00e9 de Remiremont","potentialAction":[{"@type":"SearchAction","target":{"@type":"EntryPoint","urlTemplate":"https:\/\/vosgesinfo.fr\/remiremontinfo\/?s={search_term_string}"},"query-input":"required name=search_term_string"}],"inLanguage":"fr-FR"},{"@type":"Organization","@id":"https:\/\/vosgesinfo.fr\/remiremontinfo\/#organization","name":"Remiremont Info","url":"https:\/\/vosgesinfo.fr\/remiremontinfo\/","logo":{"@type":"ImageObject","inLanguage":"fr-FR","@id":"https:\/\/vosgesinfo.fr\/remiremontinfo\/#\/schema\/logo\/image\/","url":"https:\/\/vosgesinfo.fr\/app\/uploads\/sites\/5\/2023\/08\/favicon-remiremontinfo.png","contentUrl":"https:\/\/vosgesinfo.fr\/app\/uploads\/sites\/5\/2023\/08\/favicon-remiremontinfo.png","width":512,"height":512,"caption":"Remiremont Info"},"image":{"@id":"https:\/\/vosgesinfo.fr\/remiremontinfo\/#\/schema\/logo\/image\/"},"sameAs":["https:\/\/www.facebook.com\/remiremontinfo","https:\/\/x.com\/VosgesInfo88","https:\/\/www.youtube.com\/@vosgesinfo"]},{"@type":"Person","@id":"https:\/\/vosgesinfo.fr\/remiremontinfo\/#\/schema\/person\/3bfd164d5218a185b1db68655a265316","name":"C D","image":{"@type":"ImageObject","inLanguage":"fr-FR","@id":"https:\/\/vosgesinfo.fr\/remiremontinfo\/#\/schema\/person\/image\/","url":"https:\/\/secure.gravatar.com\/avatar\/1f9a70007336511a47468b8f1c66f922b8b7cf617b02a31149ada43893a5d48f?s=96&d=mm&r=g","contentUrl":"https:\/\/secure.gravatar.com\/avatar\/1f9a70007336511a47468b8f1c66f922b8b7cf617b02a31149ada43893a5d48f?s=96&d=mm&r=g","caption":"C D"},"url":"https:\/\/vosgesinfo.fr\/remiremontinfo\/author\/cedric-drevet\/"}]}},"_links":{"self":[{"href":"https:\/\/vosgesinfo.fr\/remiremontinfo\/wp-json\/wp\/v2\/posts\/48858","targetHints":{"allow":["GET"]}}],"collection":[{"href":"https:\/\/vosgesinfo.fr\/remiremontinfo\/wp-json\/wp\/v2\/posts"}],"about":[{"href":"https:\/\/vosgesinfo.fr\/remiremontinfo\/wp-json\/wp\/v2\/types\/post"}],"author":[{"embeddable":true,"href":"https:\/\/vosgesinfo.fr\/remiremontinfo\/wp-json\/wp\/v2\/users\/407"}],"replies":[{"embeddable":true,"href":"https:\/\/vosgesinfo.fr\/remiremontinfo\/wp-json\/wp\/v2\/comments?post=48858"}],"version-history":[{"count":0,"href":"https:\/\/vosgesinfo.fr\/remiremontinfo\/wp-json\/wp\/v2\/posts\/48858\/revisions"}],"wp:featuredmedia":[{"embeddable":true,"href":"https:\/\/vosgesinfo.fr\/remiremontinfo\/wp-json\/wp\/v2\/media\/48859"}],"wp:attachment":[{"href":"https:\/\/vosgesinfo.fr\/remiremontinfo\/wp-json\/wp\/v2\/media?parent=48858"}],"wp:term":[{"taxonomy":"category","embeddable":true,"href":"https:\/\/vosgesinfo.fr\/remiremontinfo\/wp-json\/wp\/v2\/categories?post=48858"},{"taxonomy":"post_tag","embeddable":true,"href":"https:\/\/vosgesinfo.fr\/remiremontinfo\/wp-json\/wp\/v2\/tags?post=48858"}],"curies":[{"name":"wp","href":"https:\/\/api.w.org\/{rel}","templated":true}]}}