{"id":48877,"date":"2021-11-15T14:40:10","date_gmt":"2021-11-15T13:40:10","guid":{"rendered":"https:\/\/vosgesinfo.fr\/remiremontinfo\/2021\/11\/remiremont-enfants-evacues-de-creche-a-cause-dune-odeur-de-brule\/"},"modified":"2021-11-15T14:40:10","modified_gmt":"2021-11-15T13:40:10","slug":"remiremont-enfants-evacues-de-creche-a-cause-dune-odeur-de-brule","status":"publish","type":"post","link":"https:\/\/vosgesinfo.fr\/remiremontinfo\/2021\/11\/remiremont-enfants-evacues-de-creche-a-cause-dune-odeur-de-brule\/","title":{"rendered":"Remiremont\u00a0: les enfants \u00e9vacu\u00e9s de la cr\u00e8che \u00e0 cause d\u2019une odeur de br\u00fbl\u00e9"},"content":{"rendered":"\n<h2><span style=\"font-size: 12pt;\"><strong>Ce lundi matin, un peu avant 11h, avenue Jules M\u00e9line \u00e0 Remiremont, un employ\u00e9 de la cr\u00e8che situ\u00e9e \u00e0 l\u2019\u00e9tage dans le b\u00e2timent de la M\u00e9diath\u00e8que intercommunale alerte les secours pour une forte odeur de br\u00fbl\u00e9e sentie dans les combles.\u00a0<\/strong><\/span><\/h2>\n<p>Les enfants sont descendus au rez-de-chauss\u00e9e. Quelque 17 sapeurs pompiers se sont engag\u00e9s sur les lieux, avec le chef de colonne Humbert. A leur arriv\u00e9e, ils ne sentent aucune odeur particuli\u00e8re, n\u2019aper\u00e7oivent aucune fum\u00e9e. Plus de peur que de mal, donc. Les pompiers effectuent un tour de reconnaissance et v\u00e9rifient qu\u2019il n\u2019y a pas de d\u00e9part de feu. \u00c9tant donn\u00e9 a pr\u00e9sence de quelque dizaines d\u2019enfants, un grand dispositif a \u00e9t\u00e9 imm\u00e9diatement mis en place\u00a0: des sapeurs pompiers de Remiremont, Eloyes, une grande \u00e9chelle, deux ambulances. GRDF et la Police \u00e9taient \u00e9galement sur les lieux. Le maire Jean Beno\u00eet Tisserand s\u2019est rendu sur place, ainsi que Catherine Louis, pr\u00e9sidente de la Communaut\u00e9 de Communes.<\/p>\n","protected":false},"excerpt":{"rendered":"<p>Ce lundi matin, un peu avant 11h, avenue Jules M\u00e9line \u00e0 Remiremont, un employ\u00e9 de la cr\u00e8che situ\u00e9e \u00e0 l\u2019\u00e9tage [&hellip;]<\/p>\n","protected":false},"author":407,"featured_media":48878,"comment_status":"open","ping_status":"open","sticky":false,"template":"","format":"standard","meta":{"footnotes":""},"categories":[26,8,1556,35],"tags":[574,148,44],"class_list":["post-48877","post","type-post","status-publish","format-standard","has-post-thumbnail","hentry","category-a-la-une","category-faits-divers","category-remiremont-remiremont-son-canton-2","category-remiremont-son-canton","tag-creche","tag-pompiers","tag-remiremont"],"acf":[],"yoast_head":"<!-- This site is optimized with the Yoast SEO plugin v22.5 - https:\/\/yoast.com\/wordpress\/plugins\/seo\/ -->\n<title>Remiremont\u00a0: les enfants \u00e9vacu\u00e9s de la cr\u00e8che \u00e0 cause d\u2019une odeur de br\u00fbl\u00e9 - Remiremont Info<\/title>\n<meta name=\"robots\" content=\"index, follow, max-snippet:-1, max-image-preview:large, max-video-preview:-1\" \/>\n<link rel=\"canonical\" href=\"https:\/\/vosgesinfo.fr\/remiremontinfo\/2021\/11\/remiremont-enfants-evacues-de-creche-a-cause-dune-odeur-de-brule\/\" \/>\n<meta name=\"twitter:card\" content=\"summary_large_image\" \/>\n<meta name=\"twitter:title\" content=\"Remiremont\u00a0: les enfants \u00e9vacu\u00e9s de la cr\u00e8che \u00e0 cause d\u2019une odeur de br\u00fbl\u00e9 - Remiremont Info\" \/>\n<meta name=\"twitter:description\" content=\"Ce lundi matin, un peu avant 11h, avenue Jules M\u00e9line \u00e0 Remiremont, un employ\u00e9 de la cr\u00e8che situ\u00e9e \u00e0 l\u2019\u00e9tage [&hellip;]\" \/>\n<meta name=\"twitter:image\" content=\"https:\/\/vosgesinfo.fr\/app\/uploads\/sites\/5\/2024\/09\/202111dsc-1306.jpg\" \/>\n<meta name=\"twitter:creator\" content=\"@VosgesInfo88\" \/>\n<meta name=\"twitter:site\" content=\"@VosgesInfo88\" \/>\n<meta name=\"twitter:label1\" content=\"\u00c9crit par\" \/>\n\t<meta name=\"twitter:data1\" content=\"C D\" \/>\n\t<meta name=\"twitter:label2\" content=\"Dur\u00e9e de lecture estim\u00e9e\" \/>\n\t<meta name=\"twitter:data2\" content=\"1 minute\" \/>\n<script type=\"application\/ld+json\" class=\"yoast-schema-graph\">{\"@context\":\"https:\/\/schema.org\",\"@graph\":[{\"@type\":\"Article\",\"@id\":\"https:\/\/vosgesinfo.fr\/remiremontinfo\/2021\/11\/remiremont-enfants-evacues-de-creche-a-cause-dune-odeur-de-brule\/#article\",\"isPartOf\":{\"@id\":\"https:\/\/vosgesinfo.fr\/remiremontinfo\/2021\/11\/remiremont-enfants-evacues-de-creche-a-cause-dune-odeur-de-brule\/\"},\"author\":{\"name\":\"C D\",\"@id\":\"https:\/\/vosgesinfo.fr\/remiremontinfo\/#\/schema\/person\/3bfd164d5218a185b1db68655a265316\"},\"headline\":\"Remiremont\u00a0: les enfants \u00e9vacu\u00e9s de la cr\u00e8che \u00e0 cause d\u2019une odeur de br\u00fbl\u00e9\",\"datePublished\":\"2021-11-15T13:40:10+00:00\",\"dateModified\":\"2021-11-15T13:40:10+00:00\",\"mainEntityOfPage\":{\"@id\":\"https:\/\/vosgesinfo.fr\/remiremontinfo\/2021\/11\/remiremont-enfants-evacues-de-creche-a-cause-dune-odeur-de-brule\/\"},\"wordCount\":201,\"commentCount\":0,\"publisher\":{\"@id\":\"https:\/\/vosgesinfo.fr\/remiremontinfo\/#organization\"},\"image\":{\"@id\":\"https:\/\/vosgesinfo.fr\/remiremontinfo\/2021\/11\/remiremont-enfants-evacues-de-creche-a-cause-dune-odeur-de-brule\/#primaryimage\"},\"thumbnailUrl\":\"https:\/\/vosgesinfo.fr\/app\/uploads\/sites\/5\/2024\/09\/202111dsc-1306.jpg\",\"keywords\":[\"creche\",\"pompiers\",\"remiremont\"],\"articleSection\":[\"A la Une\",\"Faits-divers\",\"Remiremont\",\"Remiremont &amp; son canton\"],\"inLanguage\":\"fr-FR\",\"potentialAction\":[{\"@type\":\"CommentAction\",\"name\":\"Comment\",\"target\":[\"https:\/\/vosgesinfo.fr\/remiremontinfo\/2021\/11\/remiremont-enfants-evacues-de-creche-a-cause-dune-odeur-de-brule\/#respond\"]}]},{\"@type\":\"WebPage\",\"@id\":\"https:\/\/vosgesinfo.fr\/remiremontinfo\/2021\/11\/remiremont-enfants-evacues-de-creche-a-cause-dune-odeur-de-brule\/\",\"url\":\"https:\/\/vosgesinfo.fr\/remiremontinfo\/2021\/11\/remiremont-enfants-evacues-de-creche-a-cause-dune-odeur-de-brule\/\",\"name\":\"Remiremont\u00a0: les enfants \u00e9vacu\u00e9s de la cr\u00e8che \u00e0 cause d\u2019une odeur de br\u00fbl\u00e9 - Remiremont Info\",\"isPartOf\":{\"@id\":\"https:\/\/vosgesinfo.fr\/remiremontinfo\/#website\"},\"primaryImageOfPage\":{\"@id\":\"https:\/\/vosgesinfo.fr\/remiremontinfo\/2021\/11\/remiremont-enfants-evacues-de-creche-a-cause-dune-odeur-de-brule\/#primaryimage\"},\"image\":{\"@id\":\"https:\/\/vosgesinfo.fr\/remiremontinfo\/2021\/11\/remiremont-enfants-evacues-de-creche-a-cause-dune-odeur-de-brule\/#primaryimage\"},\"thumbnailUrl\":\"https:\/\/vosgesinfo.fr\/app\/uploads\/sites\/5\/2024\/09\/202111dsc-1306.jpg\",\"datePublished\":\"2021-11-15T13:40:10+00:00\",\"dateModified\":\"2021-11-15T13:40:10+00:00\",\"breadcrumb\":{\"@id\":\"https:\/\/vosgesinfo.fr\/remiremontinfo\/2021\/11\/remiremont-enfants-evacues-de-creche-a-cause-dune-odeur-de-brule\/#breadcrumb\"},\"inLanguage\":\"fr-FR\",\"potentialAction\":[{\"@type\":\"ReadAction\",\"target\":[\"https:\/\/vosgesinfo.fr\/remiremontinfo\/2021\/11\/remiremont-enfants-evacues-de-creche-a-cause-dune-odeur-de-brule\/\"]}]},{\"@type\":\"ImageObject\",\"inLanguage\":\"fr-FR\",\"@id\":\"https:\/\/vosgesinfo.fr\/remiremontinfo\/2021\/11\/remiremont-enfants-evacues-de-creche-a-cause-dune-odeur-de-brule\/#primaryimage\",\"url\":\"https:\/\/vosgesinfo.fr\/app\/uploads\/sites\/5\/2024\/09\/202111dsc-1306.jpg\",\"contentUrl\":\"https:\/\/vosgesinfo.fr\/app\/uploads\/sites\/5\/2024\/09\/202111dsc-1306.jpg\",\"width\":800,\"height\":532},{\"@type\":\"BreadcrumbList\",\"@id\":\"https:\/\/vosgesinfo.fr\/remiremontinfo\/2021\/11\/remiremont-enfants-evacues-de-creche-a-cause-dune-odeur-de-brule\/#breadcrumb\",\"itemListElement\":[{\"@type\":\"ListItem\",\"position\":1,\"name\":\"Home\",\"item\":\"https:\/\/vosgesinfo.fr\/remiremontinfo\/\"},{\"@type\":\"ListItem\",\"position\":2,\"name\":\"Remiremont\u00a0: les enfants \u00e9vacu\u00e9s de la cr\u00e8che \u00e0 cause d\u2019une odeur de br\u00fbl\u00e9\"}]},{\"@type\":\"WebSite\",\"@id\":\"https:\/\/vosgesinfo.fr\/remiremontinfo\/#website\",\"url\":\"https:\/\/vosgesinfo.fr\/remiremontinfo\/\",\"name\":\"Remiremont Info\",\"description\":\"Toute l&#039;actualit\u00e9 de Remiremont\",\"publisher\":{\"@id\":\"https:\/\/vosgesinfo.fr\/remiremontinfo\/#organization\"},\"alternateName\":\"Toute l'actualit\u00e9 de Remiremont\",\"potentialAction\":[{\"@type\":\"SearchAction\",\"target\":{\"@type\":\"EntryPoint\",\"urlTemplate\":\"https:\/\/vosgesinfo.fr\/remiremontinfo\/?s={search_term_string}\"},\"query-input\":\"required name=search_term_string\"}],\"inLanguage\":\"fr-FR\"},{\"@type\":\"Organization\",\"@id\":\"https:\/\/vosgesinfo.fr\/remiremontinfo\/#organization\",\"name\":\"Remiremont Info\",\"url\":\"https:\/\/vosgesinfo.fr\/remiremontinfo\/\",\"logo\":{\"@type\":\"ImageObject\",\"inLanguage\":\"fr-FR\",\"@id\":\"https:\/\/vosgesinfo.fr\/remiremontinfo\/#\/schema\/logo\/image\/\",\"url\":\"https:\/\/vosgesinfo.fr\/app\/uploads\/sites\/5\/2023\/08\/favicon-remiremontinfo.png\",\"contentUrl\":\"https:\/\/vosgesinfo.fr\/app\/uploads\/sites\/5\/2023\/08\/favicon-remiremontinfo.png\",\"width\":512,\"height\":512,\"caption\":\"Remiremont Info\"},\"image\":{\"@id\":\"https:\/\/vosgesinfo.fr\/remiremontinfo\/#\/schema\/logo\/image\/\"},\"sameAs\":[\"https:\/\/www.facebook.com\/remiremontinfo\",\"https:\/\/x.com\/VosgesInfo88\",\"https:\/\/www.youtube.com\/@vosgesinfo\"]},{\"@type\":\"Person\",\"@id\":\"https:\/\/vosgesinfo.fr\/remiremontinfo\/#\/schema\/person\/3bfd164d5218a185b1db68655a265316\",\"name\":\"C D\",\"image\":{\"@type\":\"ImageObject\",\"inLanguage\":\"fr-FR\",\"@id\":\"https:\/\/vosgesinfo.fr\/remiremontinfo\/#\/schema\/person\/image\/\",\"url\":\"https:\/\/secure.gravatar.com\/avatar\/1f9a70007336511a47468b8f1c66f922b8b7cf617b02a31149ada43893a5d48f?s=96&d=mm&r=g\",\"contentUrl\":\"https:\/\/secure.gravatar.com\/avatar\/1f9a70007336511a47468b8f1c66f922b8b7cf617b02a31149ada43893a5d48f?s=96&d=mm&r=g\",\"caption\":\"C D\"},\"url\":\"https:\/\/vosgesinfo.fr\/remiremontinfo\/author\/cedric-drevet\/\"}]}<\/script>\n<!-- \/ Yoast SEO plugin. -->","yoast_head_json":{"title":"Remiremont\u00a0: les enfants \u00e9vacu\u00e9s de la cr\u00e8che \u00e0 cause d\u2019une odeur de br\u00fbl\u00e9 - Remiremont Info","robots":{"index":"index","follow":"follow","max-snippet":"max-snippet:-1","max-image-preview":"max-image-preview:large","max-video-preview":"max-video-preview:-1"},"canonical":"https:\/\/vosgesinfo.fr\/remiremontinfo\/2021\/11\/remiremont-enfants-evacues-de-creche-a-cause-dune-odeur-de-brule\/","twitter_card":"summary_large_image","twitter_title":"Remiremont\u00a0: les enfants \u00e9vacu\u00e9s de la cr\u00e8che \u00e0 cause d\u2019une odeur de br\u00fbl\u00e9 - Remiremont Info","twitter_description":"Ce lundi matin, un peu avant 11h, avenue Jules M\u00e9line \u00e0 Remiremont, un employ\u00e9 de la cr\u00e8che situ\u00e9e \u00e0 l\u2019\u00e9tage [&hellip;]","twitter_image":"https:\/\/vosgesinfo.fr\/app\/uploads\/sites\/5\/2024\/09\/202111dsc-1306.jpg","twitter_creator":"@VosgesInfo88","twitter_site":"@VosgesInfo88","twitter_misc":{"\u00c9crit par":"C D","Dur\u00e9e de lecture estim\u00e9e":"1 minute"},"schema":{"@context":"https:\/\/schema.org","@graph":[{"@type":"Article","@id":"https:\/\/vosgesinfo.fr\/remiremontinfo\/2021\/11\/remiremont-enfants-evacues-de-creche-a-cause-dune-odeur-de-brule\/#article","isPartOf":{"@id":"https:\/\/vosgesinfo.fr\/remiremontinfo\/2021\/11\/remiremont-enfants-evacues-de-creche-a-cause-dune-odeur-de-brule\/"},"author":{"name":"C D","@id":"https:\/\/vosgesinfo.fr\/remiremontinfo\/#\/schema\/person\/3bfd164d5218a185b1db68655a265316"},"headline":"Remiremont\u00a0: les enfants \u00e9vacu\u00e9s de la cr\u00e8che \u00e0 cause d\u2019une odeur de br\u00fbl\u00e9","datePublished":"2021-11-15T13:40:10+00:00","dateModified":"2021-11-15T13:40:10+00:00","mainEntityOfPage":{"@id":"https:\/\/vosgesinfo.fr\/remiremontinfo\/2021\/11\/remiremont-enfants-evacues-de-creche-a-cause-dune-odeur-de-brule\/"},"wordCount":201,"commentCount":0,"publisher":{"@id":"https:\/\/vosgesinfo.fr\/remiremontinfo\/#organization"},"image":{"@id":"https:\/\/vosgesinfo.fr\/remiremontinfo\/2021\/11\/remiremont-enfants-evacues-de-creche-a-cause-dune-odeur-de-brule\/#primaryimage"},"thumbnailUrl":"https:\/\/vosgesinfo.fr\/app\/uploads\/sites\/5\/2024\/09\/202111dsc-1306.jpg","keywords":["creche","pompiers","remiremont"],"articleSection":["A la Une","Faits-divers","Remiremont","Remiremont &amp; son canton"],"inLanguage":"fr-FR","potentialAction":[{"@type":"CommentAction","name":"Comment","target":["https:\/\/vosgesinfo.fr\/remiremontinfo\/2021\/11\/remiremont-enfants-evacues-de-creche-a-cause-dune-odeur-de-brule\/#respond"]}]},{"@type":"WebPage","@id":"https:\/\/vosgesinfo.fr\/remiremontinfo\/2021\/11\/remiremont-enfants-evacues-de-creche-a-cause-dune-odeur-de-brule\/","url":"https:\/\/vosgesinfo.fr\/remiremontinfo\/2021\/11\/remiremont-enfants-evacues-de-creche-a-cause-dune-odeur-de-brule\/","name":"Remiremont\u00a0: les enfants \u00e9vacu\u00e9s de la cr\u00e8che \u00e0 cause d\u2019une odeur de br\u00fbl\u00e9 - Remiremont Info","isPartOf":{"@id":"https:\/\/vosgesinfo.fr\/remiremontinfo\/#website"},"primaryImageOfPage":{"@id":"https:\/\/vosgesinfo.fr\/remiremontinfo\/2021\/11\/remiremont-enfants-evacues-de-creche-a-cause-dune-odeur-de-brule\/#primaryimage"},"image":{"@id":"https:\/\/vosgesinfo.fr\/remiremontinfo\/2021\/11\/remiremont-enfants-evacues-de-creche-a-cause-dune-odeur-de-brule\/#primaryimage"},"thumbnailUrl":"https:\/\/vosgesinfo.fr\/app\/uploads\/sites\/5\/2024\/09\/202111dsc-1306.jpg","datePublished":"2021-11-15T13:40:10+00:00","dateModified":"2021-11-15T13:40:10+00:00","breadcrumb":{"@id":"https:\/\/vosgesinfo.fr\/remiremontinfo\/2021\/11\/remiremont-enfants-evacues-de-creche-a-cause-dune-odeur-de-brule\/#breadcrumb"},"inLanguage":"fr-FR","potentialAction":[{"@type":"ReadAction","target":["https:\/\/vosgesinfo.fr\/remiremontinfo\/2021\/11\/remiremont-enfants-evacues-de-creche-a-cause-dune-odeur-de-brule\/"]}]},{"@type":"ImageObject","inLanguage":"fr-FR","@id":"https:\/\/vosgesinfo.fr\/remiremontinfo\/2021\/11\/remiremont-enfants-evacues-de-creche-a-cause-dune-odeur-de-brule\/#primaryimage","url":"https:\/\/vosgesinfo.fr\/app\/uploads\/sites\/5\/2024\/09\/202111dsc-1306.jpg","contentUrl":"https:\/\/vosgesinfo.fr\/app\/uploads\/sites\/5\/2024\/09\/202111dsc-1306.jpg","width":800,"height":532},{"@type":"BreadcrumbList","@id":"https:\/\/vosgesinfo.fr\/remiremontinfo\/2021\/11\/remiremont-enfants-evacues-de-creche-a-cause-dune-odeur-de-brule\/#breadcrumb","itemListElement":[{"@type":"ListItem","position":1,"name":"Home","item":"https:\/\/vosgesinfo.fr\/remiremontinfo\/"},{"@type":"ListItem","position":2,"name":"Remiremont\u00a0: les enfants \u00e9vacu\u00e9s de la cr\u00e8che \u00e0 cause d\u2019une odeur de br\u00fbl\u00e9"}]},{"@type":"WebSite","@id":"https:\/\/vosgesinfo.fr\/remiremontinfo\/#website","url":"https:\/\/vosgesinfo.fr\/remiremontinfo\/","name":"Remiremont Info","description":"Toute l&#039;actualit\u00e9 de Remiremont","publisher":{"@id":"https:\/\/vosgesinfo.fr\/remiremontinfo\/#organization"},"alternateName":"Toute l'actualit\u00e9 de Remiremont","potentialAction":[{"@type":"SearchAction","target":{"@type":"EntryPoint","urlTemplate":"https:\/\/vosgesinfo.fr\/remiremontinfo\/?s={search_term_string}"},"query-input":"required name=search_term_string"}],"inLanguage":"fr-FR"},{"@type":"Organization","@id":"https:\/\/vosgesinfo.fr\/remiremontinfo\/#organization","name":"Remiremont Info","url":"https:\/\/vosgesinfo.fr\/remiremontinfo\/","logo":{"@type":"ImageObject","inLanguage":"fr-FR","@id":"https:\/\/vosgesinfo.fr\/remiremontinfo\/#\/schema\/logo\/image\/","url":"https:\/\/vosgesinfo.fr\/app\/uploads\/sites\/5\/2023\/08\/favicon-remiremontinfo.png","contentUrl":"https:\/\/vosgesinfo.fr\/app\/uploads\/sites\/5\/2023\/08\/favicon-remiremontinfo.png","width":512,"height":512,"caption":"Remiremont Info"},"image":{"@id":"https:\/\/vosgesinfo.fr\/remiremontinfo\/#\/schema\/logo\/image\/"},"sameAs":["https:\/\/www.facebook.com\/remiremontinfo","https:\/\/x.com\/VosgesInfo88","https:\/\/www.youtube.com\/@vosgesinfo"]},{"@type":"Person","@id":"https:\/\/vosgesinfo.fr\/remiremontinfo\/#\/schema\/person\/3bfd164d5218a185b1db68655a265316","name":"C D","image":{"@type":"ImageObject","inLanguage":"fr-FR","@id":"https:\/\/vosgesinfo.fr\/remiremontinfo\/#\/schema\/person\/image\/","url":"https:\/\/secure.gravatar.com\/avatar\/1f9a70007336511a47468b8f1c66f922b8b7cf617b02a31149ada43893a5d48f?s=96&d=mm&r=g","contentUrl":"https:\/\/secure.gravatar.com\/avatar\/1f9a70007336511a47468b8f1c66f922b8b7cf617b02a31149ada43893a5d48f?s=96&d=mm&r=g","caption":"C D"},"url":"https:\/\/vosgesinfo.fr\/remiremontinfo\/author\/cedric-drevet\/"}]}},"_links":{"self":[{"href":"https:\/\/vosgesinfo.fr\/remiremontinfo\/wp-json\/wp\/v2\/posts\/48877","targetHints":{"allow":["GET"]}}],"collection":[{"href":"https:\/\/vosgesinfo.fr\/remiremontinfo\/wp-json\/wp\/v2\/posts"}],"about":[{"href":"https:\/\/vosgesinfo.fr\/remiremontinfo\/wp-json\/wp\/v2\/types\/post"}],"author":[{"embeddable":true,"href":"https:\/\/vosgesinfo.fr\/remiremontinfo\/wp-json\/wp\/v2\/users\/407"}],"replies":[{"embeddable":true,"href":"https:\/\/vosgesinfo.fr\/remiremontinfo\/wp-json\/wp\/v2\/comments?post=48877"}],"version-history":[{"count":0,"href":"https:\/\/vosgesinfo.fr\/remiremontinfo\/wp-json\/wp\/v2\/posts\/48877\/revisions"}],"wp:featuredmedia":[{"embeddable":true,"href":"https:\/\/vosgesinfo.fr\/remiremontinfo\/wp-json\/wp\/v2\/media\/48878"}],"wp:attachment":[{"href":"https:\/\/vosgesinfo.fr\/remiremontinfo\/wp-json\/wp\/v2\/media?parent=48877"}],"wp:term":[{"taxonomy":"category","embeddable":true,"href":"https:\/\/vosgesinfo.fr\/remiremontinfo\/wp-json\/wp\/v2\/categories?post=48877"},{"taxonomy":"post_tag","embeddable":true,"href":"https:\/\/vosgesinfo.fr\/remiremontinfo\/wp-json\/wp\/v2\/tags?post=48877"}],"curies":[{"name":"wp","href":"https:\/\/api.w.org\/{rel}","templated":true}]}}