{"id":48885,"date":"2021-11-15T12:07:04","date_gmt":"2021-11-15T11:07:04","guid":{"rendered":"https:\/\/vosgesinfo.fr\/remiremontinfo\/2021\/11\/crea-rendez-jeudi-salon-de-creation-de-reprise-dentreprise\/"},"modified":"2021-11-15T12:07:04","modified_gmt":"2021-11-15T11:07:04","slug":"crea-rendez-jeudi-salon-de-creation-de-reprise-dentreprise","status":"publish","type":"post","link":"https:\/\/vosgesinfo.fr\/remiremontinfo\/2021\/11\/crea-rendez-jeudi-salon-de-creation-de-reprise-dentreprise\/","title":{"rendered":"CREA : rendez-vous jeudi pour le salon de la cr\u00e9ation et de la reprise d\u2019entreprise"},"content":{"rendered":"<p><a href=\"\/2021\/11\/conference-de-presse-salon-crea-1-800x600.jpg\"><img decoding=\"async\" class=\"alignnone size-full wp-image-331765\" src=\"\/2021\/11\/conference-de-presse-salon-crea-1-800x600.jpg\" alt=\"conference-de-presse-salon-crea-1-800x600\" width=\"800\" height=\"600\" \/><\/a><\/p>\n<h2><span style=\"font-size: 12pt;\">Le salon \u00ab CREA \u00bb, r\u00e9unit pendant une journ\u00e9e, en un seul lieu, tous les partenaires \u00e0 rencontrer pour avancer dans son projet de cr\u00e9ation ou de reprise d\u2019entreprise. Organis\u00e9 par la Chambre de M\u00e9tiers et de l\u2019Artisanat des Vosges, il se tiendra ce jeudi 18 novembre 2021 au Centre Culturel, \u00e0 Golbey de 9 h \u00e0 12 h et de 14 h \u00e0 18 h.\u00a0<\/span><\/h2>\n<p><span class=\"coloured\"><a href=\"https:\/\/epinalinfos.fr\/wp-content\/uploads\/2021\/11\/thumbnail_affiche-paysage-crea-21-800x5641.jpg\" data-featherlight=\"image\"><img decoding=\"async\" class=\"alignleft size-medium wp-image-192024\" src=\"https:\/\/epinalinfos.fr\/wp-content\/uploads\/2021\/11\/thumbnail_affiche-paysage-crea-21-800x5641-362x255.jpg\" alt=\"thumbnail_affiche-paysage-crea-21-800x564\" width=\"362\" height=\"255\" \/><\/a><span style=\"font-size: 12pt;\">En 2020, 70% des entreprises artisanales vosgiennes cr\u00e9\u00e9es il y a 5 ans sont encore en activit\u00e9 ! Le salon CREA s\u2019adresse aux personnes d\u00e9sireuses de cr\u00e9er ou reprendre une entreprise, mais aussi aux personnes qui viennent de s\u2019installer ou aux entrepreneurs qui souhaitent c\u00e9der leur entreprise. Un espace reprise sera am\u00e9nag\u00e9 sur le salon. C\u2019est le moment de rencontrer des repreneurs.<\/span><\/span><\/p>\n<p><span style=\"font-size: 12pt;\"><span class=\"coloured\">En 2 h sur le salon, les porteurs de projet peuvent rencontrer, avocats, banquiers, fiscalistes, notaires, repr\u00e9sentants de leur profession, conseillers dans tous les domaines \u00e0 explorer.<\/span>\u00a0<span class=\"coloured\">De quoi trouver r\u00e9ponse \u00e0 de nombreuses questions : Quel statut choisir ? Pr\u00e9parer un dossier bien ficel\u00e9 pour rencontrer le banquier. Trouver une entreprise \u00e0 reprendre\u2026<\/span><\/span><\/p>\n<h3><span style=\"font-size: 12pt;\">85% des entreprises artisanales \u00e0 transmettre se situent en milieu rural<\/span><\/h3>\n<p><span class=\"coloured\" style=\"font-size: 12pt;\">Une quarantaine de partenaires participent au salon CREA. Ils repr\u00e9sentent tous les p\u00f4les de la cr\u00e9ation, reprise et transmission d\u2019entreprise.\u00a0L\u2019int\u00e9r\u00eat de r\u00e9unir tous les partenaires est de faire gagner du temps au porteur de projet mais aussi de l\u2019aider \u00e0 visualiser toutes les \u00e9tapes de la d\u00e9marche de cr\u00e9ation-reprise.\u00a0<\/span><\/p>\n<p><span style=\"font-size: 12pt;\">Dans les Vosges, pr\u00e8s de 85% des entreprises artisanales \u00e0 transmettre se situent en milieu rural. Le public cible des cessions est majoritairement constitu\u00e9 d\u2019artisans de plus de 55 ans suite \u00e0 un d\u00e9part en retraite (55%). Dans le Grand Est, pr\u00e8s de 24 000 emplois sont \u00e0 pr\u00e9server du d\u00e9part \u00e0 la retraite de leur chef dans les prochaines ann\u00e9es.<\/span><\/p>\n<p><span style=\"font-size: 12pt;\"><strong>Rendez-vous ce jeudi 18 novembre 2021 au Centre Culturel de Golbey, de 9h \u00e0 12h et de 14h \u00e0 18h. L\u2019entr\u00e9e est gratuite. Pass sanitaire exig\u00e9 \u00e0 l\u2019entr\u00e9e.<\/strong><\/span><\/p>\n<p><span style=\"font-size: 12pt;\">C.K.N.\u00a0<\/span><\/p>\n<p>&nbsp;<\/p>\n","protected":false},"excerpt":{"rendered":"<p>Le salon \u00ab CREA \u00bb, r\u00e9unit pendant une journ\u00e9e, en un seul lieu, tous les partenaires \u00e0 rencontrer pour avancer [&hellip;]<\/p>\n","protected":false},"author":407,"featured_media":48886,"comment_status":"open","ping_status":"open","sticky":false,"template":"","format":"standard","meta":{"footnotes":""},"categories":[26,5,18],"tags":[3031,248,32],"class_list":["post-48885","post","type-post","status-publish","format-standard","has-post-thumbnail","hentry","category-a-la-une","category-economie","category-vosges","tag-crea","tag-salon","tag-vosges"],"acf":[],"yoast_head":"<!-- This site is optimized with the Yoast SEO plugin v22.5 - https:\/\/yoast.com\/wordpress\/plugins\/seo\/ -->\n<title>CREA : rendez-vous jeudi pour le salon de la cr\u00e9ation et de la reprise d\u2019entreprise - Remiremont Info<\/title>\n<meta name=\"robots\" content=\"index, follow, max-snippet:-1, max-image-preview:large, max-video-preview:-1\" \/>\n<link rel=\"canonical\" href=\"https:\/\/vosgesinfo.fr\/remiremontinfo\/2021\/11\/crea-rendez-jeudi-salon-de-creation-de-reprise-dentreprise\/\" \/>\n<meta name=\"twitter:card\" content=\"summary_large_image\" \/>\n<meta name=\"twitter:title\" content=\"CREA : rendez-vous jeudi pour le salon de la cr\u00e9ation et de la reprise d\u2019entreprise - Remiremont Info\" \/>\n<meta name=\"twitter:description\" content=\"Le salon \u00ab CREA \u00bb, r\u00e9unit pendant une journ\u00e9e, en un seul lieu, tous les partenaires \u00e0 rencontrer pour avancer [&hellip;]\" \/>\n<meta name=\"twitter:image\" content=\"https:\/\/vosgesinfo.fr\/app\/uploads\/sites\/5\/2024\/09\/202111conference-de-presse-salon-crea-1-800x600-1.jpg\" \/>\n<meta name=\"twitter:creator\" content=\"@VosgesInfo88\" \/>\n<meta name=\"twitter:site\" content=\"@VosgesInfo88\" \/>\n<meta name=\"twitter:label1\" content=\"\u00c9crit par\" \/>\n\t<meta name=\"twitter:data1\" content=\"C D\" \/>\n\t<meta name=\"twitter:label2\" content=\"Dur\u00e9e de lecture estim\u00e9e\" \/>\n\t<meta name=\"twitter:data2\" content=\"2 minutes\" \/>\n<script type=\"application\/ld+json\" class=\"yoast-schema-graph\">{\"@context\":\"https:\/\/schema.org\",\"@graph\":[{\"@type\":\"Article\",\"@id\":\"https:\/\/vosgesinfo.fr\/remiremontinfo\/2021\/11\/crea-rendez-jeudi-salon-de-creation-de-reprise-dentreprise\/#article\",\"isPartOf\":{\"@id\":\"https:\/\/vosgesinfo.fr\/remiremontinfo\/2021\/11\/crea-rendez-jeudi-salon-de-creation-de-reprise-dentreprise\/\"},\"author\":{\"name\":\"C D\",\"@id\":\"https:\/\/vosgesinfo.fr\/remiremontinfo\/#\/schema\/person\/3bfd164d5218a185b1db68655a265316\"},\"headline\":\"CREA : rendez-vous jeudi pour le salon de la cr\u00e9ation et de la reprise d\u2019entreprise\",\"datePublished\":\"2021-11-15T11:07:04+00:00\",\"dateModified\":\"2021-11-15T11:07:04+00:00\",\"mainEntityOfPage\":{\"@id\":\"https:\/\/vosgesinfo.fr\/remiremontinfo\/2021\/11\/crea-rendez-jeudi-salon-de-creation-de-reprise-dentreprise\/\"},\"wordCount\":352,\"commentCount\":0,\"publisher\":{\"@id\":\"https:\/\/vosgesinfo.fr\/remiremontinfo\/#organization\"},\"image\":{\"@id\":\"https:\/\/vosgesinfo.fr\/remiremontinfo\/2021\/11\/crea-rendez-jeudi-salon-de-creation-de-reprise-dentreprise\/#primaryimage\"},\"thumbnailUrl\":\"https:\/\/vosgesinfo.fr\/app\/uploads\/sites\/5\/2024\/09\/202111conference-de-presse-salon-crea-1-800x600-1.jpg\",\"keywords\":[\"crea\",\"salon\",\"Vosges\"],\"articleSection\":[\"A la Une\",\"\u00c9conomie\",\"Vosges\"],\"inLanguage\":\"fr-FR\",\"potentialAction\":[{\"@type\":\"CommentAction\",\"name\":\"Comment\",\"target\":[\"https:\/\/vosgesinfo.fr\/remiremontinfo\/2021\/11\/crea-rendez-jeudi-salon-de-creation-de-reprise-dentreprise\/#respond\"]}]},{\"@type\":\"WebPage\",\"@id\":\"https:\/\/vosgesinfo.fr\/remiremontinfo\/2021\/11\/crea-rendez-jeudi-salon-de-creation-de-reprise-dentreprise\/\",\"url\":\"https:\/\/vosgesinfo.fr\/remiremontinfo\/2021\/11\/crea-rendez-jeudi-salon-de-creation-de-reprise-dentreprise\/\",\"name\":\"CREA : rendez-vous jeudi pour le salon de la cr\u00e9ation et de la reprise d\u2019entreprise - Remiremont Info\",\"isPartOf\":{\"@id\":\"https:\/\/vosgesinfo.fr\/remiremontinfo\/#website\"},\"primaryImageOfPage\":{\"@id\":\"https:\/\/vosgesinfo.fr\/remiremontinfo\/2021\/11\/crea-rendez-jeudi-salon-de-creation-de-reprise-dentreprise\/#primaryimage\"},\"image\":{\"@id\":\"https:\/\/vosgesinfo.fr\/remiremontinfo\/2021\/11\/crea-rendez-jeudi-salon-de-creation-de-reprise-dentreprise\/#primaryimage\"},\"thumbnailUrl\":\"https:\/\/vosgesinfo.fr\/app\/uploads\/sites\/5\/2024\/09\/202111conference-de-presse-salon-crea-1-800x600-1.jpg\",\"datePublished\":\"2021-11-15T11:07:04+00:00\",\"dateModified\":\"2021-11-15T11:07:04+00:00\",\"breadcrumb\":{\"@id\":\"https:\/\/vosgesinfo.fr\/remiremontinfo\/2021\/11\/crea-rendez-jeudi-salon-de-creation-de-reprise-dentreprise\/#breadcrumb\"},\"inLanguage\":\"fr-FR\",\"potentialAction\":[{\"@type\":\"ReadAction\",\"target\":[\"https:\/\/vosgesinfo.fr\/remiremontinfo\/2021\/11\/crea-rendez-jeudi-salon-de-creation-de-reprise-dentreprise\/\"]}]},{\"@type\":\"ImageObject\",\"inLanguage\":\"fr-FR\",\"@id\":\"https:\/\/vosgesinfo.fr\/remiremontinfo\/2021\/11\/crea-rendez-jeudi-salon-de-creation-de-reprise-dentreprise\/#primaryimage\",\"url\":\"https:\/\/vosgesinfo.fr\/app\/uploads\/sites\/5\/2024\/09\/202111conference-de-presse-salon-crea-1-800x600-1.jpg\",\"contentUrl\":\"https:\/\/vosgesinfo.fr\/app\/uploads\/sites\/5\/2024\/09\/202111conference-de-presse-salon-crea-1-800x600-1.jpg\",\"width\":800,\"height\":600},{\"@type\":\"BreadcrumbList\",\"@id\":\"https:\/\/vosgesinfo.fr\/remiremontinfo\/2021\/11\/crea-rendez-jeudi-salon-de-creation-de-reprise-dentreprise\/#breadcrumb\",\"itemListElement\":[{\"@type\":\"ListItem\",\"position\":1,\"name\":\"Home\",\"item\":\"https:\/\/vosgesinfo.fr\/remiremontinfo\/\"},{\"@type\":\"ListItem\",\"position\":2,\"name\":\"CREA : rendez-vous jeudi pour le salon de la cr\u00e9ation et de la reprise d\u2019entreprise\"}]},{\"@type\":\"WebSite\",\"@id\":\"https:\/\/vosgesinfo.fr\/remiremontinfo\/#website\",\"url\":\"https:\/\/vosgesinfo.fr\/remiremontinfo\/\",\"name\":\"Remiremont Info\",\"description\":\"Toute l&#039;actualit\u00e9 de Remiremont\",\"publisher\":{\"@id\":\"https:\/\/vosgesinfo.fr\/remiremontinfo\/#organization\"},\"alternateName\":\"Toute l'actualit\u00e9 de Remiremont\",\"potentialAction\":[{\"@type\":\"SearchAction\",\"target\":{\"@type\":\"EntryPoint\",\"urlTemplate\":\"https:\/\/vosgesinfo.fr\/remiremontinfo\/?s={search_term_string}\"},\"query-input\":\"required name=search_term_string\"}],\"inLanguage\":\"fr-FR\"},{\"@type\":\"Organization\",\"@id\":\"https:\/\/vosgesinfo.fr\/remiremontinfo\/#organization\",\"name\":\"Remiremont Info\",\"url\":\"https:\/\/vosgesinfo.fr\/remiremontinfo\/\",\"logo\":{\"@type\":\"ImageObject\",\"inLanguage\":\"fr-FR\",\"@id\":\"https:\/\/vosgesinfo.fr\/remiremontinfo\/#\/schema\/logo\/image\/\",\"url\":\"https:\/\/vosgesinfo.fr\/app\/uploads\/sites\/5\/2023\/08\/favicon-remiremontinfo.png\",\"contentUrl\":\"https:\/\/vosgesinfo.fr\/app\/uploads\/sites\/5\/2023\/08\/favicon-remiremontinfo.png\",\"width\":512,\"height\":512,\"caption\":\"Remiremont Info\"},\"image\":{\"@id\":\"https:\/\/vosgesinfo.fr\/remiremontinfo\/#\/schema\/logo\/image\/\"},\"sameAs\":[\"https:\/\/www.facebook.com\/remiremontinfo\",\"https:\/\/x.com\/VosgesInfo88\",\"https:\/\/www.youtube.com\/@vosgesinfo\"]},{\"@type\":\"Person\",\"@id\":\"https:\/\/vosgesinfo.fr\/remiremontinfo\/#\/schema\/person\/3bfd164d5218a185b1db68655a265316\",\"name\":\"C D\",\"image\":{\"@type\":\"ImageObject\",\"inLanguage\":\"fr-FR\",\"@id\":\"https:\/\/vosgesinfo.fr\/remiremontinfo\/#\/schema\/person\/image\/\",\"url\":\"https:\/\/secure.gravatar.com\/avatar\/1f9a70007336511a47468b8f1c66f922b8b7cf617b02a31149ada43893a5d48f?s=96&d=mm&r=g\",\"contentUrl\":\"https:\/\/secure.gravatar.com\/avatar\/1f9a70007336511a47468b8f1c66f922b8b7cf617b02a31149ada43893a5d48f?s=96&d=mm&r=g\",\"caption\":\"C D\"},\"url\":\"https:\/\/vosgesinfo.fr\/remiremontinfo\/author\/cedric-drevet\/\"}]}<\/script>\n<!-- \/ Yoast SEO plugin. -->","yoast_head_json":{"title":"CREA : rendez-vous jeudi pour le salon de la cr\u00e9ation et de la reprise d\u2019entreprise - Remiremont Info","robots":{"index":"index","follow":"follow","max-snippet":"max-snippet:-1","max-image-preview":"max-image-preview:large","max-video-preview":"max-video-preview:-1"},"canonical":"https:\/\/vosgesinfo.fr\/remiremontinfo\/2021\/11\/crea-rendez-jeudi-salon-de-creation-de-reprise-dentreprise\/","twitter_card":"summary_large_image","twitter_title":"CREA : rendez-vous jeudi pour le salon de la cr\u00e9ation et de la reprise d\u2019entreprise - Remiremont Info","twitter_description":"Le salon \u00ab CREA \u00bb, r\u00e9unit pendant une journ\u00e9e, en un seul lieu, tous les partenaires \u00e0 rencontrer pour avancer [&hellip;]","twitter_image":"https:\/\/vosgesinfo.fr\/app\/uploads\/sites\/5\/2024\/09\/202111conference-de-presse-salon-crea-1-800x600-1.jpg","twitter_creator":"@VosgesInfo88","twitter_site":"@VosgesInfo88","twitter_misc":{"\u00c9crit par":"C D","Dur\u00e9e de lecture estim\u00e9e":"2 minutes"},"schema":{"@context":"https:\/\/schema.org","@graph":[{"@type":"Article","@id":"https:\/\/vosgesinfo.fr\/remiremontinfo\/2021\/11\/crea-rendez-jeudi-salon-de-creation-de-reprise-dentreprise\/#article","isPartOf":{"@id":"https:\/\/vosgesinfo.fr\/remiremontinfo\/2021\/11\/crea-rendez-jeudi-salon-de-creation-de-reprise-dentreprise\/"},"author":{"name":"C D","@id":"https:\/\/vosgesinfo.fr\/remiremontinfo\/#\/schema\/person\/3bfd164d5218a185b1db68655a265316"},"headline":"CREA : rendez-vous jeudi pour le salon de la cr\u00e9ation et de la reprise d\u2019entreprise","datePublished":"2021-11-15T11:07:04+00:00","dateModified":"2021-11-15T11:07:04+00:00","mainEntityOfPage":{"@id":"https:\/\/vosgesinfo.fr\/remiremontinfo\/2021\/11\/crea-rendez-jeudi-salon-de-creation-de-reprise-dentreprise\/"},"wordCount":352,"commentCount":0,"publisher":{"@id":"https:\/\/vosgesinfo.fr\/remiremontinfo\/#organization"},"image":{"@id":"https:\/\/vosgesinfo.fr\/remiremontinfo\/2021\/11\/crea-rendez-jeudi-salon-de-creation-de-reprise-dentreprise\/#primaryimage"},"thumbnailUrl":"https:\/\/vosgesinfo.fr\/app\/uploads\/sites\/5\/2024\/09\/202111conference-de-presse-salon-crea-1-800x600-1.jpg","keywords":["crea","salon","Vosges"],"articleSection":["A la Une","\u00c9conomie","Vosges"],"inLanguage":"fr-FR","potentialAction":[{"@type":"CommentAction","name":"Comment","target":["https:\/\/vosgesinfo.fr\/remiremontinfo\/2021\/11\/crea-rendez-jeudi-salon-de-creation-de-reprise-dentreprise\/#respond"]}]},{"@type":"WebPage","@id":"https:\/\/vosgesinfo.fr\/remiremontinfo\/2021\/11\/crea-rendez-jeudi-salon-de-creation-de-reprise-dentreprise\/","url":"https:\/\/vosgesinfo.fr\/remiremontinfo\/2021\/11\/crea-rendez-jeudi-salon-de-creation-de-reprise-dentreprise\/","name":"CREA : rendez-vous jeudi pour le salon de la cr\u00e9ation et de la reprise d\u2019entreprise - Remiremont Info","isPartOf":{"@id":"https:\/\/vosgesinfo.fr\/remiremontinfo\/#website"},"primaryImageOfPage":{"@id":"https:\/\/vosgesinfo.fr\/remiremontinfo\/2021\/11\/crea-rendez-jeudi-salon-de-creation-de-reprise-dentreprise\/#primaryimage"},"image":{"@id":"https:\/\/vosgesinfo.fr\/remiremontinfo\/2021\/11\/crea-rendez-jeudi-salon-de-creation-de-reprise-dentreprise\/#primaryimage"},"thumbnailUrl":"https:\/\/vosgesinfo.fr\/app\/uploads\/sites\/5\/2024\/09\/202111conference-de-presse-salon-crea-1-800x600-1.jpg","datePublished":"2021-11-15T11:07:04+00:00","dateModified":"2021-11-15T11:07:04+00:00","breadcrumb":{"@id":"https:\/\/vosgesinfo.fr\/remiremontinfo\/2021\/11\/crea-rendez-jeudi-salon-de-creation-de-reprise-dentreprise\/#breadcrumb"},"inLanguage":"fr-FR","potentialAction":[{"@type":"ReadAction","target":["https:\/\/vosgesinfo.fr\/remiremontinfo\/2021\/11\/crea-rendez-jeudi-salon-de-creation-de-reprise-dentreprise\/"]}]},{"@type":"ImageObject","inLanguage":"fr-FR","@id":"https:\/\/vosgesinfo.fr\/remiremontinfo\/2021\/11\/crea-rendez-jeudi-salon-de-creation-de-reprise-dentreprise\/#primaryimage","url":"https:\/\/vosgesinfo.fr\/app\/uploads\/sites\/5\/2024\/09\/202111conference-de-presse-salon-crea-1-800x600-1.jpg","contentUrl":"https:\/\/vosgesinfo.fr\/app\/uploads\/sites\/5\/2024\/09\/202111conference-de-presse-salon-crea-1-800x600-1.jpg","width":800,"height":600},{"@type":"BreadcrumbList","@id":"https:\/\/vosgesinfo.fr\/remiremontinfo\/2021\/11\/crea-rendez-jeudi-salon-de-creation-de-reprise-dentreprise\/#breadcrumb","itemListElement":[{"@type":"ListItem","position":1,"name":"Home","item":"https:\/\/vosgesinfo.fr\/remiremontinfo\/"},{"@type":"ListItem","position":2,"name":"CREA : rendez-vous jeudi pour le salon de la cr\u00e9ation et de la reprise d\u2019entreprise"}]},{"@type":"WebSite","@id":"https:\/\/vosgesinfo.fr\/remiremontinfo\/#website","url":"https:\/\/vosgesinfo.fr\/remiremontinfo\/","name":"Remiremont Info","description":"Toute l&#039;actualit\u00e9 de Remiremont","publisher":{"@id":"https:\/\/vosgesinfo.fr\/remiremontinfo\/#organization"},"alternateName":"Toute l'actualit\u00e9 de Remiremont","potentialAction":[{"@type":"SearchAction","target":{"@type":"EntryPoint","urlTemplate":"https:\/\/vosgesinfo.fr\/remiremontinfo\/?s={search_term_string}"},"query-input":"required name=search_term_string"}],"inLanguage":"fr-FR"},{"@type":"Organization","@id":"https:\/\/vosgesinfo.fr\/remiremontinfo\/#organization","name":"Remiremont Info","url":"https:\/\/vosgesinfo.fr\/remiremontinfo\/","logo":{"@type":"ImageObject","inLanguage":"fr-FR","@id":"https:\/\/vosgesinfo.fr\/remiremontinfo\/#\/schema\/logo\/image\/","url":"https:\/\/vosgesinfo.fr\/app\/uploads\/sites\/5\/2023\/08\/favicon-remiremontinfo.png","contentUrl":"https:\/\/vosgesinfo.fr\/app\/uploads\/sites\/5\/2023\/08\/favicon-remiremontinfo.png","width":512,"height":512,"caption":"Remiremont Info"},"image":{"@id":"https:\/\/vosgesinfo.fr\/remiremontinfo\/#\/schema\/logo\/image\/"},"sameAs":["https:\/\/www.facebook.com\/remiremontinfo","https:\/\/x.com\/VosgesInfo88","https:\/\/www.youtube.com\/@vosgesinfo"]},{"@type":"Person","@id":"https:\/\/vosgesinfo.fr\/remiremontinfo\/#\/schema\/person\/3bfd164d5218a185b1db68655a265316","name":"C D","image":{"@type":"ImageObject","inLanguage":"fr-FR","@id":"https:\/\/vosgesinfo.fr\/remiremontinfo\/#\/schema\/person\/image\/","url":"https:\/\/secure.gravatar.com\/avatar\/1f9a70007336511a47468b8f1c66f922b8b7cf617b02a31149ada43893a5d48f?s=96&d=mm&r=g","contentUrl":"https:\/\/secure.gravatar.com\/avatar\/1f9a70007336511a47468b8f1c66f922b8b7cf617b02a31149ada43893a5d48f?s=96&d=mm&r=g","caption":"C D"},"url":"https:\/\/vosgesinfo.fr\/remiremontinfo\/author\/cedric-drevet\/"}]}},"_links":{"self":[{"href":"https:\/\/vosgesinfo.fr\/remiremontinfo\/wp-json\/wp\/v2\/posts\/48885","targetHints":{"allow":["GET"]}}],"collection":[{"href":"https:\/\/vosgesinfo.fr\/remiremontinfo\/wp-json\/wp\/v2\/posts"}],"about":[{"href":"https:\/\/vosgesinfo.fr\/remiremontinfo\/wp-json\/wp\/v2\/types\/post"}],"author":[{"embeddable":true,"href":"https:\/\/vosgesinfo.fr\/remiremontinfo\/wp-json\/wp\/v2\/users\/407"}],"replies":[{"embeddable":true,"href":"https:\/\/vosgesinfo.fr\/remiremontinfo\/wp-json\/wp\/v2\/comments?post=48885"}],"version-history":[{"count":0,"href":"https:\/\/vosgesinfo.fr\/remiremontinfo\/wp-json\/wp\/v2\/posts\/48885\/revisions"}],"wp:featuredmedia":[{"embeddable":true,"href":"https:\/\/vosgesinfo.fr\/remiremontinfo\/wp-json\/wp\/v2\/media\/48886"}],"wp:attachment":[{"href":"https:\/\/vosgesinfo.fr\/remiremontinfo\/wp-json\/wp\/v2\/media?parent=48885"}],"wp:term":[{"taxonomy":"category","embeddable":true,"href":"https:\/\/vosgesinfo.fr\/remiremontinfo\/wp-json\/wp\/v2\/categories?post=48885"},{"taxonomy":"post_tag","embeddable":true,"href":"https:\/\/vosgesinfo.fr\/remiremontinfo\/wp-json\/wp\/v2\/tags?post=48885"}],"curies":[{"name":"wp","href":"https:\/\/api.w.org\/{rel}","templated":true}]}}