{"id":48887,"date":"2021-11-15T14:30:37","date_gmt":"2021-11-15T13:30:37","guid":{"rendered":"https:\/\/vosgesinfo.fr\/remiremontinfo\/2021\/11\/vosges-lart-textile-mode-a-lhonneur-salon-cousu-de-fil-rouge\/"},"modified":"2021-11-15T14:30:37","modified_gmt":"2021-11-15T13:30:37","slug":"vosges-lart-textile-mode-a-lhonneur-salon-cousu-de-fil-rouge","status":"publish","type":"post","link":"https:\/\/vosgesinfo.fr\/remiremontinfo\/2021\/11\/vosges-lart-textile-mode-a-lhonneur-salon-cousu-de-fil-rouge\/","title":{"rendered":"Vosges : l\u2019art textile et la mode \u00e0 l\u2019honneur avec le Salon Cousu de Fil Rouge"},"content":{"rendered":"<p><a href=\"https:\/\/saintdieinfo.fr\/wp-content\/uploads\/2021\/11\/cousu-de-fil-rouge.jpg\" target=\"_blank\" data-featherlight=\"image\" rel=\"noopener\"><img decoding=\"async\" class=\"wp-image-174620 size-full\" src=\"https:\/\/saintdieinfo.fr\/wp-content\/uploads\/2021\/11\/cousu-de-fil-rouge.jpg\" alt=\"cousu-de-fil-rouge\" width=\"800\" height=\"600\" \/><\/a><\/p>\n<h2 class=\"abstract\"><span style=\"font-size: 12pt;\"><strong>Rendez-vous du 26 au 28 novembre 2021 au Salon Cousu de Fil Rouge \u00e0 la Rotonde de Thaon-l\u00e8s-Vosges pour y d\u00e9couvrir 65 artisans d\u2019art textile et mode s\u00e9lectionn\u00e9s pour leur haut savoir-faire et leur cr\u00e9ativit\u00e9.<\/strong><\/span><\/h2>\n<p><span style=\"font-size: 12pt;\">C\u2019est l\u2019\u00e9v\u00e9nement incontournable pour les amateurs d\u2019art et de textiles !<em><strong>\u00a0<\/strong><\/em>Aujourd\u2019hui, 65 artisans d\u2019art sont dans les starting blocks pour pr\u00e9senter leurs collections \u00e0 la Rotonde de Thaon-l\u00e8s-Vosges du 26 au 28 novembre \u00e0 l\u2019occasion du Salon Cousu de Fil Rouge. 56 d\u2019entre eux avaient \u00e9t\u00e9 s\u00e9lectionn\u00e9s en 2020, mais n\u2019avaient pas pu exposer leurs cr\u00e9ations suite \u00e0 l\u2019annulation en raison de l\u2019\u00e9pid\u00e9mie de Covid-19.<\/span><\/p>\n<h3><span style=\"font-size: 12pt;\">Une soixantaine d\u2019exposants sont \u00e0 d\u00e9couvrir !<\/span><\/h3>\n<p><span style=\"font-size: 12pt;\">Sur les 65 exposants, 33 avaient particip\u00e9 \u00e0 l\u2019\u00e9dition 2019, 7 participent r\u00e9guli\u00e8rement depuis 2016. Une trentaine sont nouveaux sur l\u2019\u00e9v\u00e8nement. Les candidats proviennent du Grand Est pour 44 d\u2019entre eux (dont 16 Vosgiens), mais \u00e9galement d\u2019autres d\u00e9partements et m\u00eame d\u2019Allemagne.\u00a0Tous ont \u00e9t\u00e9 soigneusement s\u00e9lectionn\u00e9s en fonction de la qualit\u00e9 de leur travail et de leur cr\u00e9ativit\u00e9.<\/span><\/p>\n<p><span style=\"font-size: 12pt;\">Le salon Cousu de Fil Rouge est n\u00e9 en 2016.\u00a0<em>\u00ab\u00a0Il r\u00e9pond au besoin de promouvoir, dans le Grand Est, l\u2019artisanat d\u2019art du textile et de la mode.\u00a0\u00bb<\/em>\u00a0explique Christophe Richard, pr\u00e9sident de la Chambre des m\u00e9tiers et de l\u2019artisanat des Vosges.\u00a0Accessoires, chaussures, sacs, foulards, bijoux, design textile, cr\u00e9ation de mode, d\u00e9coration\u2026 l\u2019\u00e9v\u00e9nement d\u00e9cline le textile et la mode sous toutes les formes.\u00a0<em>\u00ab\u00a0Ce secteur du textile et de la mode conna\u00eet depuis quelques ann\u00e9es une v\u00e9ritable explosion, avec un \u00e9lan cr\u00e9atif exceptionnel\u00a0\u00bb<\/em>\u00a0poursuit Christophe Richard. On compte plus de 200 professionnels dans ces m\u00e9tiers dans le Grand Est. Ces artisans cr\u00e9ent aussi bien des v\u00eatements, des accessoires de mode, des objets de d\u00e9coration, mais aussi, des tableaux, des sculptures, des pi\u00e8ces originales qui interpellent\u2026\u00a0De nombreux m\u00e9tiers m\u00e9connus sont \u00e0 (re)d\u00e9couvrir.<\/span><\/p>\n<p><span style=\"font-size: 12pt;\">La suite de l\u2019article :\u00a0<\/span><a class=\"broken_link\" href=\"https:\/\/epinalinfos.fr\/2021\/11\/salon-cousu-de-fil-rouge-lart-textile-mode-a-rotonde-de-thaon-vosges\/\" target=\"_blank\" rel=\"noopener\"><span style=\"font-size: 12pt;\">https:\/\/epinalinfos.fr\/2021\/11\/salon-cousu-de-fil-rouge-lart-textile-mode-a-rot<\/span>onde-de-thaon-vosges\/<\/a><\/p>\n","protected":false},"excerpt":{"rendered":"<p>Rendez-vous du 26 au 28 novembre 2021 au Salon Cousu de Fil Rouge \u00e0 la Rotonde de Thaon-l\u00e8s-Vosges pour y [&hellip;]<\/p>\n","protected":false},"author":407,"featured_media":48888,"comment_status":"open","ping_status":"open","sticky":false,"template":"","format":"standard","meta":{"footnotes":""},"categories":[26,18],"tags":[3032,248,32],"class_list":["post-48887","post","type-post","status-publish","format-standard","has-post-thumbnail","hentry","category-a-la-une","category-vosges","tag-cousu-de-fil-rouge","tag-salon","tag-vosges"],"acf":[],"yoast_head":"<!-- This site is optimized with the Yoast SEO plugin v22.5 - https:\/\/yoast.com\/wordpress\/plugins\/seo\/ -->\n<title>Vosges : l\u2019art textile et la mode \u00e0 l\u2019honneur avec le Salon Cousu de Fil Rouge - Remiremont Info<\/title>\n<meta name=\"robots\" content=\"index, follow, max-snippet:-1, max-image-preview:large, max-video-preview:-1\" \/>\n<link rel=\"canonical\" href=\"https:\/\/vosgesinfo.fr\/remiremontinfo\/2021\/11\/vosges-lart-textile-mode-a-lhonneur-salon-cousu-de-fil-rouge\/\" \/>\n<meta name=\"twitter:card\" content=\"summary_large_image\" \/>\n<meta name=\"twitter:title\" content=\"Vosges : l\u2019art textile et la mode \u00e0 l\u2019honneur avec le Salon Cousu de Fil Rouge - Remiremont Info\" \/>\n<meta name=\"twitter:description\" content=\"Rendez-vous du 26 au 28 novembre 2021 au Salon Cousu de Fil Rouge \u00e0 la Rotonde de Thaon-l\u00e8s-Vosges pour y [&hellip;]\" \/>\n<meta name=\"twitter:image\" content=\"https:\/\/vosgesinfo.fr\/app\/uploads\/sites\/5\/2024\/09\/202111cousu-de-fil-rouge.jpg\" \/>\n<meta name=\"twitter:creator\" content=\"@VosgesInfo88\" \/>\n<meta name=\"twitter:site\" content=\"@VosgesInfo88\" \/>\n<meta name=\"twitter:label1\" content=\"\u00c9crit par\" \/>\n\t<meta name=\"twitter:data1\" content=\"C D\" \/>\n\t<meta name=\"twitter:label2\" content=\"Dur\u00e9e de lecture estim\u00e9e\" \/>\n\t<meta name=\"twitter:data2\" content=\"2 minutes\" \/>\n<script type=\"application\/ld+json\" class=\"yoast-schema-graph\">{\"@context\":\"https:\/\/schema.org\",\"@graph\":[{\"@type\":\"Article\",\"@id\":\"https:\/\/vosgesinfo.fr\/remiremontinfo\/2021\/11\/vosges-lart-textile-mode-a-lhonneur-salon-cousu-de-fil-rouge\/#article\",\"isPartOf\":{\"@id\":\"https:\/\/vosgesinfo.fr\/remiremontinfo\/2021\/11\/vosges-lart-textile-mode-a-lhonneur-salon-cousu-de-fil-rouge\/\"},\"author\":{\"name\":\"C D\",\"@id\":\"https:\/\/vosgesinfo.fr\/remiremontinfo\/#\/schema\/person\/3bfd164d5218a185b1db68655a265316\"},\"headline\":\"Vosges : l\u2019art textile et la mode \u00e0 l\u2019honneur avec le Salon Cousu de Fil Rouge\",\"datePublished\":\"2021-11-15T13:30:37+00:00\",\"dateModified\":\"2021-11-15T13:30:37+00:00\",\"mainEntityOfPage\":{\"@id\":\"https:\/\/vosgesinfo.fr\/remiremontinfo\/2021\/11\/vosges-lart-textile-mode-a-lhonneur-salon-cousu-de-fil-rouge\/\"},\"wordCount\":359,\"commentCount\":0,\"publisher\":{\"@id\":\"https:\/\/vosgesinfo.fr\/remiremontinfo\/#organization\"},\"image\":{\"@id\":\"https:\/\/vosgesinfo.fr\/remiremontinfo\/2021\/11\/vosges-lart-textile-mode-a-lhonneur-salon-cousu-de-fil-rouge\/#primaryimage\"},\"thumbnailUrl\":\"https:\/\/vosgesinfo.fr\/app\/uploads\/sites\/5\/2024\/09\/202111cousu-de-fil-rouge.jpg\",\"keywords\":[\"cousu de fil rouge\",\"salon\",\"Vosges\"],\"articleSection\":[\"A la Une\",\"Vosges\"],\"inLanguage\":\"fr-FR\",\"potentialAction\":[{\"@type\":\"CommentAction\",\"name\":\"Comment\",\"target\":[\"https:\/\/vosgesinfo.fr\/remiremontinfo\/2021\/11\/vosges-lart-textile-mode-a-lhonneur-salon-cousu-de-fil-rouge\/#respond\"]}]},{\"@type\":\"WebPage\",\"@id\":\"https:\/\/vosgesinfo.fr\/remiremontinfo\/2021\/11\/vosges-lart-textile-mode-a-lhonneur-salon-cousu-de-fil-rouge\/\",\"url\":\"https:\/\/vosgesinfo.fr\/remiremontinfo\/2021\/11\/vosges-lart-textile-mode-a-lhonneur-salon-cousu-de-fil-rouge\/\",\"name\":\"Vosges : l\u2019art textile et la mode \u00e0 l\u2019honneur avec le Salon Cousu de Fil Rouge - Remiremont Info\",\"isPartOf\":{\"@id\":\"https:\/\/vosgesinfo.fr\/remiremontinfo\/#website\"},\"primaryImageOfPage\":{\"@id\":\"https:\/\/vosgesinfo.fr\/remiremontinfo\/2021\/11\/vosges-lart-textile-mode-a-lhonneur-salon-cousu-de-fil-rouge\/#primaryimage\"},\"image\":{\"@id\":\"https:\/\/vosgesinfo.fr\/remiremontinfo\/2021\/11\/vosges-lart-textile-mode-a-lhonneur-salon-cousu-de-fil-rouge\/#primaryimage\"},\"thumbnailUrl\":\"https:\/\/vosgesinfo.fr\/app\/uploads\/sites\/5\/2024\/09\/202111cousu-de-fil-rouge.jpg\",\"datePublished\":\"2021-11-15T13:30:37+00:00\",\"dateModified\":\"2021-11-15T13:30:37+00:00\",\"breadcrumb\":{\"@id\":\"https:\/\/vosgesinfo.fr\/remiremontinfo\/2021\/11\/vosges-lart-textile-mode-a-lhonneur-salon-cousu-de-fil-rouge\/#breadcrumb\"},\"inLanguage\":\"fr-FR\",\"potentialAction\":[{\"@type\":\"ReadAction\",\"target\":[\"https:\/\/vosgesinfo.fr\/remiremontinfo\/2021\/11\/vosges-lart-textile-mode-a-lhonneur-salon-cousu-de-fil-rouge\/\"]}]},{\"@type\":\"ImageObject\",\"inLanguage\":\"fr-FR\",\"@id\":\"https:\/\/vosgesinfo.fr\/remiremontinfo\/2021\/11\/vosges-lart-textile-mode-a-lhonneur-salon-cousu-de-fil-rouge\/#primaryimage\",\"url\":\"https:\/\/vosgesinfo.fr\/app\/uploads\/sites\/5\/2024\/09\/202111cousu-de-fil-rouge.jpg\",\"contentUrl\":\"https:\/\/vosgesinfo.fr\/app\/uploads\/sites\/5\/2024\/09\/202111cousu-de-fil-rouge.jpg\",\"width\":800,\"height\":600},{\"@type\":\"BreadcrumbList\",\"@id\":\"https:\/\/vosgesinfo.fr\/remiremontinfo\/2021\/11\/vosges-lart-textile-mode-a-lhonneur-salon-cousu-de-fil-rouge\/#breadcrumb\",\"itemListElement\":[{\"@type\":\"ListItem\",\"position\":1,\"name\":\"Home\",\"item\":\"https:\/\/vosgesinfo.fr\/remiremontinfo\/\"},{\"@type\":\"ListItem\",\"position\":2,\"name\":\"Vosges : l\u2019art textile et la mode \u00e0 l\u2019honneur avec le Salon Cousu de Fil Rouge\"}]},{\"@type\":\"WebSite\",\"@id\":\"https:\/\/vosgesinfo.fr\/remiremontinfo\/#website\",\"url\":\"https:\/\/vosgesinfo.fr\/remiremontinfo\/\",\"name\":\"Remiremont Info\",\"description\":\"Toute l&#039;actualit\u00e9 de Remiremont\",\"publisher\":{\"@id\":\"https:\/\/vosgesinfo.fr\/remiremontinfo\/#organization\"},\"alternateName\":\"Toute l'actualit\u00e9 de Remiremont\",\"potentialAction\":[{\"@type\":\"SearchAction\",\"target\":{\"@type\":\"EntryPoint\",\"urlTemplate\":\"https:\/\/vosgesinfo.fr\/remiremontinfo\/?s={search_term_string}\"},\"query-input\":\"required name=search_term_string\"}],\"inLanguage\":\"fr-FR\"},{\"@type\":\"Organization\",\"@id\":\"https:\/\/vosgesinfo.fr\/remiremontinfo\/#organization\",\"name\":\"Remiremont Info\",\"url\":\"https:\/\/vosgesinfo.fr\/remiremontinfo\/\",\"logo\":{\"@type\":\"ImageObject\",\"inLanguage\":\"fr-FR\",\"@id\":\"https:\/\/vosgesinfo.fr\/remiremontinfo\/#\/schema\/logo\/image\/\",\"url\":\"https:\/\/vosgesinfo.fr\/app\/uploads\/sites\/5\/2023\/08\/favicon-remiremontinfo.png\",\"contentUrl\":\"https:\/\/vosgesinfo.fr\/app\/uploads\/sites\/5\/2023\/08\/favicon-remiremontinfo.png\",\"width\":512,\"height\":512,\"caption\":\"Remiremont Info\"},\"image\":{\"@id\":\"https:\/\/vosgesinfo.fr\/remiremontinfo\/#\/schema\/logo\/image\/\"},\"sameAs\":[\"https:\/\/www.facebook.com\/remiremontinfo\",\"https:\/\/x.com\/VosgesInfo88\",\"https:\/\/www.youtube.com\/@vosgesinfo\"]},{\"@type\":\"Person\",\"@id\":\"https:\/\/vosgesinfo.fr\/remiremontinfo\/#\/schema\/person\/3bfd164d5218a185b1db68655a265316\",\"name\":\"C D\",\"image\":{\"@type\":\"ImageObject\",\"inLanguage\":\"fr-FR\",\"@id\":\"https:\/\/vosgesinfo.fr\/remiremontinfo\/#\/schema\/person\/image\/\",\"url\":\"https:\/\/secure.gravatar.com\/avatar\/1f9a70007336511a47468b8f1c66f922b8b7cf617b02a31149ada43893a5d48f?s=96&d=mm&r=g\",\"contentUrl\":\"https:\/\/secure.gravatar.com\/avatar\/1f9a70007336511a47468b8f1c66f922b8b7cf617b02a31149ada43893a5d48f?s=96&d=mm&r=g\",\"caption\":\"C D\"},\"url\":\"https:\/\/vosgesinfo.fr\/remiremontinfo\/author\/cedric-drevet\/\"}]}<\/script>\n<!-- \/ Yoast SEO plugin. -->","yoast_head_json":{"title":"Vosges : l\u2019art textile et la mode \u00e0 l\u2019honneur avec le Salon Cousu de Fil Rouge - Remiremont Info","robots":{"index":"index","follow":"follow","max-snippet":"max-snippet:-1","max-image-preview":"max-image-preview:large","max-video-preview":"max-video-preview:-1"},"canonical":"https:\/\/vosgesinfo.fr\/remiremontinfo\/2021\/11\/vosges-lart-textile-mode-a-lhonneur-salon-cousu-de-fil-rouge\/","twitter_card":"summary_large_image","twitter_title":"Vosges : l\u2019art textile et la mode \u00e0 l\u2019honneur avec le Salon Cousu de Fil Rouge - Remiremont Info","twitter_description":"Rendez-vous du 26 au 28 novembre 2021 au Salon Cousu de Fil Rouge \u00e0 la Rotonde de Thaon-l\u00e8s-Vosges pour y [&hellip;]","twitter_image":"https:\/\/vosgesinfo.fr\/app\/uploads\/sites\/5\/2024\/09\/202111cousu-de-fil-rouge.jpg","twitter_creator":"@VosgesInfo88","twitter_site":"@VosgesInfo88","twitter_misc":{"\u00c9crit par":"C D","Dur\u00e9e de lecture estim\u00e9e":"2 minutes"},"schema":{"@context":"https:\/\/schema.org","@graph":[{"@type":"Article","@id":"https:\/\/vosgesinfo.fr\/remiremontinfo\/2021\/11\/vosges-lart-textile-mode-a-lhonneur-salon-cousu-de-fil-rouge\/#article","isPartOf":{"@id":"https:\/\/vosgesinfo.fr\/remiremontinfo\/2021\/11\/vosges-lart-textile-mode-a-lhonneur-salon-cousu-de-fil-rouge\/"},"author":{"name":"C D","@id":"https:\/\/vosgesinfo.fr\/remiremontinfo\/#\/schema\/person\/3bfd164d5218a185b1db68655a265316"},"headline":"Vosges : l\u2019art textile et la mode \u00e0 l\u2019honneur avec le Salon Cousu de Fil Rouge","datePublished":"2021-11-15T13:30:37+00:00","dateModified":"2021-11-15T13:30:37+00:00","mainEntityOfPage":{"@id":"https:\/\/vosgesinfo.fr\/remiremontinfo\/2021\/11\/vosges-lart-textile-mode-a-lhonneur-salon-cousu-de-fil-rouge\/"},"wordCount":359,"commentCount":0,"publisher":{"@id":"https:\/\/vosgesinfo.fr\/remiremontinfo\/#organization"},"image":{"@id":"https:\/\/vosgesinfo.fr\/remiremontinfo\/2021\/11\/vosges-lart-textile-mode-a-lhonneur-salon-cousu-de-fil-rouge\/#primaryimage"},"thumbnailUrl":"https:\/\/vosgesinfo.fr\/app\/uploads\/sites\/5\/2024\/09\/202111cousu-de-fil-rouge.jpg","keywords":["cousu de fil rouge","salon","Vosges"],"articleSection":["A la Une","Vosges"],"inLanguage":"fr-FR","potentialAction":[{"@type":"CommentAction","name":"Comment","target":["https:\/\/vosgesinfo.fr\/remiremontinfo\/2021\/11\/vosges-lart-textile-mode-a-lhonneur-salon-cousu-de-fil-rouge\/#respond"]}]},{"@type":"WebPage","@id":"https:\/\/vosgesinfo.fr\/remiremontinfo\/2021\/11\/vosges-lart-textile-mode-a-lhonneur-salon-cousu-de-fil-rouge\/","url":"https:\/\/vosgesinfo.fr\/remiremontinfo\/2021\/11\/vosges-lart-textile-mode-a-lhonneur-salon-cousu-de-fil-rouge\/","name":"Vosges : l\u2019art textile et la mode \u00e0 l\u2019honneur avec le Salon Cousu de Fil Rouge - Remiremont Info","isPartOf":{"@id":"https:\/\/vosgesinfo.fr\/remiremontinfo\/#website"},"primaryImageOfPage":{"@id":"https:\/\/vosgesinfo.fr\/remiremontinfo\/2021\/11\/vosges-lart-textile-mode-a-lhonneur-salon-cousu-de-fil-rouge\/#primaryimage"},"image":{"@id":"https:\/\/vosgesinfo.fr\/remiremontinfo\/2021\/11\/vosges-lart-textile-mode-a-lhonneur-salon-cousu-de-fil-rouge\/#primaryimage"},"thumbnailUrl":"https:\/\/vosgesinfo.fr\/app\/uploads\/sites\/5\/2024\/09\/202111cousu-de-fil-rouge.jpg","datePublished":"2021-11-15T13:30:37+00:00","dateModified":"2021-11-15T13:30:37+00:00","breadcrumb":{"@id":"https:\/\/vosgesinfo.fr\/remiremontinfo\/2021\/11\/vosges-lart-textile-mode-a-lhonneur-salon-cousu-de-fil-rouge\/#breadcrumb"},"inLanguage":"fr-FR","potentialAction":[{"@type":"ReadAction","target":["https:\/\/vosgesinfo.fr\/remiremontinfo\/2021\/11\/vosges-lart-textile-mode-a-lhonneur-salon-cousu-de-fil-rouge\/"]}]},{"@type":"ImageObject","inLanguage":"fr-FR","@id":"https:\/\/vosgesinfo.fr\/remiremontinfo\/2021\/11\/vosges-lart-textile-mode-a-lhonneur-salon-cousu-de-fil-rouge\/#primaryimage","url":"https:\/\/vosgesinfo.fr\/app\/uploads\/sites\/5\/2024\/09\/202111cousu-de-fil-rouge.jpg","contentUrl":"https:\/\/vosgesinfo.fr\/app\/uploads\/sites\/5\/2024\/09\/202111cousu-de-fil-rouge.jpg","width":800,"height":600},{"@type":"BreadcrumbList","@id":"https:\/\/vosgesinfo.fr\/remiremontinfo\/2021\/11\/vosges-lart-textile-mode-a-lhonneur-salon-cousu-de-fil-rouge\/#breadcrumb","itemListElement":[{"@type":"ListItem","position":1,"name":"Home","item":"https:\/\/vosgesinfo.fr\/remiremontinfo\/"},{"@type":"ListItem","position":2,"name":"Vosges : l\u2019art textile et la mode \u00e0 l\u2019honneur avec le Salon Cousu de Fil Rouge"}]},{"@type":"WebSite","@id":"https:\/\/vosgesinfo.fr\/remiremontinfo\/#website","url":"https:\/\/vosgesinfo.fr\/remiremontinfo\/","name":"Remiremont Info","description":"Toute l&#039;actualit\u00e9 de Remiremont","publisher":{"@id":"https:\/\/vosgesinfo.fr\/remiremontinfo\/#organization"},"alternateName":"Toute l'actualit\u00e9 de Remiremont","potentialAction":[{"@type":"SearchAction","target":{"@type":"EntryPoint","urlTemplate":"https:\/\/vosgesinfo.fr\/remiremontinfo\/?s={search_term_string}"},"query-input":"required name=search_term_string"}],"inLanguage":"fr-FR"},{"@type":"Organization","@id":"https:\/\/vosgesinfo.fr\/remiremontinfo\/#organization","name":"Remiremont Info","url":"https:\/\/vosgesinfo.fr\/remiremontinfo\/","logo":{"@type":"ImageObject","inLanguage":"fr-FR","@id":"https:\/\/vosgesinfo.fr\/remiremontinfo\/#\/schema\/logo\/image\/","url":"https:\/\/vosgesinfo.fr\/app\/uploads\/sites\/5\/2023\/08\/favicon-remiremontinfo.png","contentUrl":"https:\/\/vosgesinfo.fr\/app\/uploads\/sites\/5\/2023\/08\/favicon-remiremontinfo.png","width":512,"height":512,"caption":"Remiremont Info"},"image":{"@id":"https:\/\/vosgesinfo.fr\/remiremontinfo\/#\/schema\/logo\/image\/"},"sameAs":["https:\/\/www.facebook.com\/remiremontinfo","https:\/\/x.com\/VosgesInfo88","https:\/\/www.youtube.com\/@vosgesinfo"]},{"@type":"Person","@id":"https:\/\/vosgesinfo.fr\/remiremontinfo\/#\/schema\/person\/3bfd164d5218a185b1db68655a265316","name":"C D","image":{"@type":"ImageObject","inLanguage":"fr-FR","@id":"https:\/\/vosgesinfo.fr\/remiremontinfo\/#\/schema\/person\/image\/","url":"https:\/\/secure.gravatar.com\/avatar\/1f9a70007336511a47468b8f1c66f922b8b7cf617b02a31149ada43893a5d48f?s=96&d=mm&r=g","contentUrl":"https:\/\/secure.gravatar.com\/avatar\/1f9a70007336511a47468b8f1c66f922b8b7cf617b02a31149ada43893a5d48f?s=96&d=mm&r=g","caption":"C D"},"url":"https:\/\/vosgesinfo.fr\/remiremontinfo\/author\/cedric-drevet\/"}]}},"_links":{"self":[{"href":"https:\/\/vosgesinfo.fr\/remiremontinfo\/wp-json\/wp\/v2\/posts\/48887","targetHints":{"allow":["GET"]}}],"collection":[{"href":"https:\/\/vosgesinfo.fr\/remiremontinfo\/wp-json\/wp\/v2\/posts"}],"about":[{"href":"https:\/\/vosgesinfo.fr\/remiremontinfo\/wp-json\/wp\/v2\/types\/post"}],"author":[{"embeddable":true,"href":"https:\/\/vosgesinfo.fr\/remiremontinfo\/wp-json\/wp\/v2\/users\/407"}],"replies":[{"embeddable":true,"href":"https:\/\/vosgesinfo.fr\/remiremontinfo\/wp-json\/wp\/v2\/comments?post=48887"}],"version-history":[{"count":0,"href":"https:\/\/vosgesinfo.fr\/remiremontinfo\/wp-json\/wp\/v2\/posts\/48887\/revisions"}],"wp:featuredmedia":[{"embeddable":true,"href":"https:\/\/vosgesinfo.fr\/remiremontinfo\/wp-json\/wp\/v2\/media\/48888"}],"wp:attachment":[{"href":"https:\/\/vosgesinfo.fr\/remiremontinfo\/wp-json\/wp\/v2\/media?parent=48887"}],"wp:term":[{"taxonomy":"category","embeddable":true,"href":"https:\/\/vosgesinfo.fr\/remiremontinfo\/wp-json\/wp\/v2\/categories?post=48887"},{"taxonomy":"post_tag","embeddable":true,"href":"https:\/\/vosgesinfo.fr\/remiremontinfo\/wp-json\/wp\/v2\/tags?post=48887"}],"curies":[{"name":"wp","href":"https:\/\/api.w.org\/{rel}","templated":true}]}}