{"id":49100,"date":"2021-11-22T09:44:09","date_gmt":"2021-11-22T08:44:09","guid":{"rendered":"https:\/\/vosgesinfo.fr\/remiremontinfo\/2021\/11\/bresse-comite-vosges-de-ski-tient-assemblee-generale\/"},"modified":"2021-11-22T09:44:09","modified_gmt":"2021-11-22T08:44:09","slug":"bresse-comite-vosges-de-ski-tient-assemblee-generale","status":"publish","type":"post","link":"https:\/\/vosgesinfo.fr\/remiremontinfo\/2021\/11\/bresse-comite-vosges-de-ski-tient-assemblee-generale\/","title":{"rendered":"La Bresse\u00a0: le Comit\u00e9 des Vosges de Ski tient son assembl\u00e9e g\u00e9n\u00e9rale"},"content":{"rendered":"<p><a href=\"\/2021\/11\/19.jpg\"><img decoding=\"async\" class=\"alignnone size-full wp-image-332191\" src=\"\/2021\/11\/19.jpg\" alt=\"1\" width=\"800\" height=\"468\" \/><\/a><\/p>\n<h2><span style=\"font-size: 12pt;\"><strong>Le Comit\u00e9 des Vosges de Ski a tenu ce wee-kend son assembl\u00e9e g\u00e9n\u00e9rale \u00e0 la maison de la montagne \u00e0 La Bresse. L\u2019occasion de faire le bilan de la saison \u00e9coul\u00e9e et de pr\u00e9senter les perspectives pour les mois \u00e0 venir. Le pr\u00e9sident du comit\u00e9 a propos\u00e9 dans un premier temps d\u2019observer une minute de silence en m\u00e9moire de Thibaut Leduc, ancien pr\u00e9sident du CDVS et pr\u00e9sident de PLEA. Il a rappel\u00e9 l\u2019importance de l\u2019investissement de Thibaut qui a su trouver les donateurs pour le plus grand bonheur du CDVS.<\/strong><\/span><\/h2>\n<p><em>\u00ab\u00a0Si l\u2019on met en perspective l\u2019enneigement des 20 derni\u00e8res ann\u00e9es, \u00a0on peut constater que l\u2019ann\u00e9e 2019-2020 est une tr\u00e8s mauvaise ann\u00e9e\u00a0\u00bb<\/em>, affirme le pr\u00e9sident du Comit\u00e9. <em>\u00ab\u00a0Il faut remonter \u00e0 2006-2007 pour retrouver une ann\u00e9e du m\u00eame acabit. Ces ann\u00e9es montrent bien les fluctuations de l\u2019enneigement puisque l\u2019ann\u00e9e 2005-2006 avait \u00e9t\u00e9 exceptionnelle. A l\u2019inverse l\u2019ann\u00e9e 2020-2021 a \u00e9t\u00e9 un grand cru avec des chutes de neige cons\u00e9quentes qui auraient permis de r\u00e9aliser une tr\u00e8s belle saison. La pand\u00e9mie est venue bousculer ce beau sch\u00e9ma avec une activit\u00e9 tr\u00e8s lourdement impact\u00e9e. Pour le CVDS la crise s\u2019est traduite par une diminution tr\u00e8s sensible de l\u2019activit\u00e9 ainsi que par des difficult\u00e9s extr\u00eames \u00e0 solliciter des soutiens\u00a0\u00bb<\/em>. Malgr\u00e9 ce handicap lourd, les diff\u00e9rentes commissions du CDVS ont encore \u0153uvr\u00e9 avec passion pour offrir aux jeunes athl\u00e8tes les meilleures conditions possibles. <em>\u00ab\u00a0Sans l\u2019investissement des b\u00e9n\u00e9voles aux c\u00f4t\u00e9s des salari\u00e9s, rien ne serait possible et je les remercie chaleureusement de leur investissement de leur d\u00e9vouement\u00a0\u00bb.<\/em><\/p>\n<p>En ce qui concerne le bilan sportif, on vient de traverser une saison \u00e9videmment compliqu\u00e9e due \u00e0 la pand\u00e9mie de Covid-19 et aux restrictions li\u00e9es. Entra\u00eenements et comp\u00e9titions ont \u00e9t\u00e9 tr\u00e8s perturb\u00e9s tout au long de la saison. \u00ab\u00a0Les moins impact\u00e9s ont \u00e9t\u00e9 nos athl\u00e8tes de haut niveau (membres du PPF) qui, gr\u00e2ce \u00e0 des d\u00e9rogations, ont pu avoir une activit\u00e9 quasi normale ; entra\u00eenements sur le massif, stages inter-comit\u00e9 et comp\u00e9titions internationales\u00a0\u00bb. Initialement compos\u00e9 de 8 athl\u00e8tes, ce groupe va se r\u00e9duire \u00e0 5 pour la saison prochaine. 3 arr\u00eats de la comp\u00e9tition et aucune progression vers les CNE, la marche vers le tr\u00e8s haut niveau est de plus en plus difficile \u00e0 atteindre, nous allons devoir nous adapter et \u00eatre plus exigeants \u00e0 tous les \u00e9tages de la progression si nous voulons continuer de faire progresser nos athl\u00e8tes vers les \u00e9quipes de France\u00a0\u00bb.<\/p>\n<p>Les plus jeunes, U15, U13, ne faisant pas partie du PPF, la saison a \u00e9t\u00e9 en dent de scie avec des p\u00e9riodes d&rsquo;activit\u00e9 et des p\u00e9riodes d&rsquo;interdiction de pratique. Seules 2 comp\u00e9titions nationales ont eu lieu pendant l&rsquo;\u00e9t\u00e9 2020. Difficile donc d&rsquo;avoir des rep\u00e8res. \u00ab\u00a0Nous allons d\u00e8s la saison prochaine mettre plus de moyens sur ces cat\u00e9gories d&rsquo;\u00e2ge pour les faire progresser vers le CIE de G\u00e9rardmer\u00a0\u00bb. Pour la d\u00e9tection\u00a0: <em>\u00ab\u00a0C&rsquo;\u00e9tait notre objectif principal cette saison, nous n&rsquo;avons h\u00e9las pas pu faire grand-chose, les interdictions multiples dues \u00e0 la pand\u00e9mie concernant le sport et les regroupements nous ont mis des b\u00e2tons dans les roues. \u00c7a reste donc notre objectif prioritaire pour la saison \u00e0 venir\u00a0\u00bb.\u00a0<\/em>En ce qui concerne la gestion d\u2019\u00e9v\u00e9nements, des comp\u00e9titions nationales ont pu \u00eatre organis\u00e9es. <em>\u00ab\u00a0Nous avons organis\u00e9 dans les Vosges les championnats de France s\u00e9niors de saut et combin\u00e9. Une belle r\u00e9ussite sportive, nous avions esp\u00e9r\u00e9 faire plus de festif autour de cet \u00e9v\u00e9nement in\u00e9dit, mais les restrictions ne nous l&rsquo;ont pas permis. Nos autres \u00e9preuves pr\u00e9vues, grand prix de G\u00e9rardmer, tourn\u00e9e Vosges ont d\u00fb \u00eatre annul\u00e9es\u00a0\u00bb.<\/em> Quatre \u00e9preuves r\u00e9gionales ont \u00e9t\u00e9 organis\u00e9es lors de l&rsquo;\u00e9t\u00e9 2020, en revanche tout le calendrier hivernal a \u00e9t\u00e9 annul\u00e9.<\/p>\n<p>Les r\u00e9sultats des athl\u00e8tes \u00ab Equipes de France \u00bb ont \u00e9t\u00e9 mentionn\u00e9s. <em>\u00ab\u00a0Julia Clair a fait une tr\u00e8s belle saison (18\u00e8 du classement final coupe du monde). Antoine G\u00e9rard a eu un peu plus de difficult\u00e9s (32\u00e8 du classement final coupe du monde)\u00a0? Paul Brasme et Th\u00e9o Rochat apr\u00e8s quelques apparitions en coupe continentale arr\u00eatent leur carri\u00e8re de haut niveau. Tom Rochat, auteur de plusieurs top 10 en coupe OPA, reste en \u00e9quipe de France junior de combin\u00e9\u00a0\u00bb<\/em>. De belles perspectives s\u2019ouvrent pour la suite. Une saison olympique ! <em>\u00ab\u00a0Il nous reste 3 athl\u00e8tes membres des \u00e9quipes de France pour cette saison. Pour Julia et Antoine, nul doute que l&rsquo;objectif principal soit les jeux olympiques ; on esp\u00e8re qu&rsquo;ils valideront leur s\u00e9lection et qu\u2019ils repr\u00e9senteront fi\u00e8rement les couleurs du massif des Vosges lors de cet \u00e9v\u00e9nement mondial\u00a0\u00bb.<\/em><\/p>\n","protected":false},"excerpt":{"rendered":"<p>Le Comit\u00e9 des Vosges de Ski a tenu ce wee-kend son assembl\u00e9e g\u00e9n\u00e9rale \u00e0 la maison de la montagne \u00e0 [&hellip;]<\/p>\n","protected":false},"author":407,"featured_media":49101,"comment_status":"open","ping_status":"open","sticky":false,"template":"","format":"standard","meta":{"footnotes":""},"categories":[26,104,25,18],"tags":[105,355,32],"class_list":["post-49100","post","type-post","status-publish","format-standard","has-post-thumbnail","hentry","category-a-la-une","category-la-bresse-la-bresse-son-canton","category-la-bresse-son-canton","category-vosges","tag-la-bresse","tag-ski","tag-vosges"],"acf":[],"yoast_head":"<!-- This site is optimized with the Yoast SEO plugin v22.5 - https:\/\/yoast.com\/wordpress\/plugins\/seo\/ -->\n<title>La Bresse\u00a0: le Comit\u00e9 des Vosges de Ski tient son assembl\u00e9e g\u00e9n\u00e9rale - Remiremont Info<\/title>\n<meta name=\"robots\" content=\"index, follow, max-snippet:-1, max-image-preview:large, max-video-preview:-1\" \/>\n<link rel=\"canonical\" href=\"https:\/\/vosgesinfo.fr\/remiremontinfo\/2021\/11\/bresse-comite-vosges-de-ski-tient-assemblee-generale\/\" \/>\n<meta name=\"twitter:card\" content=\"summary_large_image\" \/>\n<meta name=\"twitter:title\" content=\"La Bresse\u00a0: le Comit\u00e9 des Vosges de Ski tient son assembl\u00e9e g\u00e9n\u00e9rale - Remiremont Info\" \/>\n<meta name=\"twitter:description\" content=\"Le Comit\u00e9 des Vosges de Ski a tenu ce wee-kend son assembl\u00e9e g\u00e9n\u00e9rale \u00e0 la maison de la montagne \u00e0 [&hellip;]\" \/>\n<meta name=\"twitter:image\" content=\"https:\/\/vosgesinfo.fr\/app\/uploads\/sites\/5\/2024\/09\/20211119.jpg\" \/>\n<meta name=\"twitter:creator\" content=\"@VosgesInfo88\" \/>\n<meta name=\"twitter:site\" content=\"@VosgesInfo88\" \/>\n<meta name=\"twitter:label1\" content=\"\u00c9crit par\" \/>\n\t<meta name=\"twitter:data1\" content=\"C D\" \/>\n\t<meta name=\"twitter:label2\" content=\"Dur\u00e9e de lecture estim\u00e9e\" \/>\n\t<meta name=\"twitter:data2\" content=\"4 minutes\" \/>\n<script type=\"application\/ld+json\" class=\"yoast-schema-graph\">{\"@context\":\"https:\/\/schema.org\",\"@graph\":[{\"@type\":\"Article\",\"@id\":\"https:\/\/vosgesinfo.fr\/remiremontinfo\/2021\/11\/bresse-comite-vosges-de-ski-tient-assemblee-generale\/#article\",\"isPartOf\":{\"@id\":\"https:\/\/vosgesinfo.fr\/remiremontinfo\/2021\/11\/bresse-comite-vosges-de-ski-tient-assemblee-generale\/\"},\"author\":{\"name\":\"C D\",\"@id\":\"https:\/\/vosgesinfo.fr\/remiremontinfo\/#\/schema\/person\/3bfd164d5218a185b1db68655a265316\"},\"headline\":\"La Bresse\u00a0: le Comit\u00e9 des Vosges de Ski tient son assembl\u00e9e g\u00e9n\u00e9rale\",\"datePublished\":\"2021-11-22T08:44:09+00:00\",\"dateModified\":\"2021-11-22T08:44:09+00:00\",\"mainEntityOfPage\":{\"@id\":\"https:\/\/vosgesinfo.fr\/remiremontinfo\/2021\/11\/bresse-comite-vosges-de-ski-tient-assemblee-generale\/\"},\"wordCount\":846,\"commentCount\":0,\"publisher\":{\"@id\":\"https:\/\/vosgesinfo.fr\/remiremontinfo\/#organization\"},\"image\":{\"@id\":\"https:\/\/vosgesinfo.fr\/remiremontinfo\/2021\/11\/bresse-comite-vosges-de-ski-tient-assemblee-generale\/#primaryimage\"},\"thumbnailUrl\":\"https:\/\/vosgesinfo.fr\/app\/uploads\/sites\/5\/2024\/09\/20211119.jpg\",\"keywords\":[\"la bresse\",\"ski\",\"Vosges\"],\"articleSection\":[\"A la Une\",\"La Bresse\",\"La Bresse &amp; son canton\",\"Vosges\"],\"inLanguage\":\"fr-FR\",\"potentialAction\":[{\"@type\":\"CommentAction\",\"name\":\"Comment\",\"target\":[\"https:\/\/vosgesinfo.fr\/remiremontinfo\/2021\/11\/bresse-comite-vosges-de-ski-tient-assemblee-generale\/#respond\"]}]},{\"@type\":\"WebPage\",\"@id\":\"https:\/\/vosgesinfo.fr\/remiremontinfo\/2021\/11\/bresse-comite-vosges-de-ski-tient-assemblee-generale\/\",\"url\":\"https:\/\/vosgesinfo.fr\/remiremontinfo\/2021\/11\/bresse-comite-vosges-de-ski-tient-assemblee-generale\/\",\"name\":\"La Bresse\u00a0: le Comit\u00e9 des Vosges de Ski tient son assembl\u00e9e g\u00e9n\u00e9rale - Remiremont Info\",\"isPartOf\":{\"@id\":\"https:\/\/vosgesinfo.fr\/remiremontinfo\/#website\"},\"primaryImageOfPage\":{\"@id\":\"https:\/\/vosgesinfo.fr\/remiremontinfo\/2021\/11\/bresse-comite-vosges-de-ski-tient-assemblee-generale\/#primaryimage\"},\"image\":{\"@id\":\"https:\/\/vosgesinfo.fr\/remiremontinfo\/2021\/11\/bresse-comite-vosges-de-ski-tient-assemblee-generale\/#primaryimage\"},\"thumbnailUrl\":\"https:\/\/vosgesinfo.fr\/app\/uploads\/sites\/5\/2024\/09\/20211119.jpg\",\"datePublished\":\"2021-11-22T08:44:09+00:00\",\"dateModified\":\"2021-11-22T08:44:09+00:00\",\"breadcrumb\":{\"@id\":\"https:\/\/vosgesinfo.fr\/remiremontinfo\/2021\/11\/bresse-comite-vosges-de-ski-tient-assemblee-generale\/#breadcrumb\"},\"inLanguage\":\"fr-FR\",\"potentialAction\":[{\"@type\":\"ReadAction\",\"target\":[\"https:\/\/vosgesinfo.fr\/remiremontinfo\/2021\/11\/bresse-comite-vosges-de-ski-tient-assemblee-generale\/\"]}]},{\"@type\":\"ImageObject\",\"inLanguage\":\"fr-FR\",\"@id\":\"https:\/\/vosgesinfo.fr\/remiremontinfo\/2021\/11\/bresse-comite-vosges-de-ski-tient-assemblee-generale\/#primaryimage\",\"url\":\"https:\/\/vosgesinfo.fr\/app\/uploads\/sites\/5\/2024\/09\/20211119.jpg\",\"contentUrl\":\"https:\/\/vosgesinfo.fr\/app\/uploads\/sites\/5\/2024\/09\/20211119.jpg\",\"width\":800,\"height\":468},{\"@type\":\"BreadcrumbList\",\"@id\":\"https:\/\/vosgesinfo.fr\/remiremontinfo\/2021\/11\/bresse-comite-vosges-de-ski-tient-assemblee-generale\/#breadcrumb\",\"itemListElement\":[{\"@type\":\"ListItem\",\"position\":1,\"name\":\"Home\",\"item\":\"https:\/\/vosgesinfo.fr\/remiremontinfo\/\"},{\"@type\":\"ListItem\",\"position\":2,\"name\":\"La Bresse\u00a0: le Comit\u00e9 des Vosges de Ski tient son assembl\u00e9e g\u00e9n\u00e9rale\"}]},{\"@type\":\"WebSite\",\"@id\":\"https:\/\/vosgesinfo.fr\/remiremontinfo\/#website\",\"url\":\"https:\/\/vosgesinfo.fr\/remiremontinfo\/\",\"name\":\"Remiremont Info\",\"description\":\"Toute l&#039;actualit\u00e9 de Remiremont\",\"publisher\":{\"@id\":\"https:\/\/vosgesinfo.fr\/remiremontinfo\/#organization\"},\"alternateName\":\"Toute l'actualit\u00e9 de Remiremont\",\"potentialAction\":[{\"@type\":\"SearchAction\",\"target\":{\"@type\":\"EntryPoint\",\"urlTemplate\":\"https:\/\/vosgesinfo.fr\/remiremontinfo\/?s={search_term_string}\"},\"query-input\":\"required name=search_term_string\"}],\"inLanguage\":\"fr-FR\"},{\"@type\":\"Organization\",\"@id\":\"https:\/\/vosgesinfo.fr\/remiremontinfo\/#organization\",\"name\":\"Remiremont Info\",\"url\":\"https:\/\/vosgesinfo.fr\/remiremontinfo\/\",\"logo\":{\"@type\":\"ImageObject\",\"inLanguage\":\"fr-FR\",\"@id\":\"https:\/\/vosgesinfo.fr\/remiremontinfo\/#\/schema\/logo\/image\/\",\"url\":\"https:\/\/vosgesinfo.fr\/app\/uploads\/sites\/5\/2023\/08\/favicon-remiremontinfo.png\",\"contentUrl\":\"https:\/\/vosgesinfo.fr\/app\/uploads\/sites\/5\/2023\/08\/favicon-remiremontinfo.png\",\"width\":512,\"height\":512,\"caption\":\"Remiremont Info\"},\"image\":{\"@id\":\"https:\/\/vosgesinfo.fr\/remiremontinfo\/#\/schema\/logo\/image\/\"},\"sameAs\":[\"https:\/\/www.facebook.com\/remiremontinfo\",\"https:\/\/x.com\/VosgesInfo88\",\"https:\/\/www.youtube.com\/@vosgesinfo\"]},{\"@type\":\"Person\",\"@id\":\"https:\/\/vosgesinfo.fr\/remiremontinfo\/#\/schema\/person\/3bfd164d5218a185b1db68655a265316\",\"name\":\"C D\",\"image\":{\"@type\":\"ImageObject\",\"inLanguage\":\"fr-FR\",\"@id\":\"https:\/\/vosgesinfo.fr\/remiremontinfo\/#\/schema\/person\/image\/\",\"url\":\"https:\/\/secure.gravatar.com\/avatar\/1f9a70007336511a47468b8f1c66f922b8b7cf617b02a31149ada43893a5d48f?s=96&d=mm&r=g\",\"contentUrl\":\"https:\/\/secure.gravatar.com\/avatar\/1f9a70007336511a47468b8f1c66f922b8b7cf617b02a31149ada43893a5d48f?s=96&d=mm&r=g\",\"caption\":\"C D\"},\"url\":\"https:\/\/vosgesinfo.fr\/remiremontinfo\/author\/cedric-drevet\/\"}]}<\/script>\n<!-- \/ Yoast SEO plugin. -->","yoast_head_json":{"title":"La Bresse\u00a0: le Comit\u00e9 des Vosges de Ski tient son assembl\u00e9e g\u00e9n\u00e9rale - Remiremont Info","robots":{"index":"index","follow":"follow","max-snippet":"max-snippet:-1","max-image-preview":"max-image-preview:large","max-video-preview":"max-video-preview:-1"},"canonical":"https:\/\/vosgesinfo.fr\/remiremontinfo\/2021\/11\/bresse-comite-vosges-de-ski-tient-assemblee-generale\/","twitter_card":"summary_large_image","twitter_title":"La Bresse\u00a0: le Comit\u00e9 des Vosges de Ski tient son assembl\u00e9e g\u00e9n\u00e9rale - Remiremont Info","twitter_description":"Le Comit\u00e9 des Vosges de Ski a tenu ce wee-kend son assembl\u00e9e g\u00e9n\u00e9rale \u00e0 la maison de la montagne \u00e0 [&hellip;]","twitter_image":"https:\/\/vosgesinfo.fr\/app\/uploads\/sites\/5\/2024\/09\/20211119.jpg","twitter_creator":"@VosgesInfo88","twitter_site":"@VosgesInfo88","twitter_misc":{"\u00c9crit par":"C D","Dur\u00e9e de lecture estim\u00e9e":"4 minutes"},"schema":{"@context":"https:\/\/schema.org","@graph":[{"@type":"Article","@id":"https:\/\/vosgesinfo.fr\/remiremontinfo\/2021\/11\/bresse-comite-vosges-de-ski-tient-assemblee-generale\/#article","isPartOf":{"@id":"https:\/\/vosgesinfo.fr\/remiremontinfo\/2021\/11\/bresse-comite-vosges-de-ski-tient-assemblee-generale\/"},"author":{"name":"C D","@id":"https:\/\/vosgesinfo.fr\/remiremontinfo\/#\/schema\/person\/3bfd164d5218a185b1db68655a265316"},"headline":"La Bresse\u00a0: le Comit\u00e9 des Vosges de Ski tient son assembl\u00e9e g\u00e9n\u00e9rale","datePublished":"2021-11-22T08:44:09+00:00","dateModified":"2021-11-22T08:44:09+00:00","mainEntityOfPage":{"@id":"https:\/\/vosgesinfo.fr\/remiremontinfo\/2021\/11\/bresse-comite-vosges-de-ski-tient-assemblee-generale\/"},"wordCount":846,"commentCount":0,"publisher":{"@id":"https:\/\/vosgesinfo.fr\/remiremontinfo\/#organization"},"image":{"@id":"https:\/\/vosgesinfo.fr\/remiremontinfo\/2021\/11\/bresse-comite-vosges-de-ski-tient-assemblee-generale\/#primaryimage"},"thumbnailUrl":"https:\/\/vosgesinfo.fr\/app\/uploads\/sites\/5\/2024\/09\/20211119.jpg","keywords":["la bresse","ski","Vosges"],"articleSection":["A la Une","La Bresse","La Bresse &amp; son canton","Vosges"],"inLanguage":"fr-FR","potentialAction":[{"@type":"CommentAction","name":"Comment","target":["https:\/\/vosgesinfo.fr\/remiremontinfo\/2021\/11\/bresse-comite-vosges-de-ski-tient-assemblee-generale\/#respond"]}]},{"@type":"WebPage","@id":"https:\/\/vosgesinfo.fr\/remiremontinfo\/2021\/11\/bresse-comite-vosges-de-ski-tient-assemblee-generale\/","url":"https:\/\/vosgesinfo.fr\/remiremontinfo\/2021\/11\/bresse-comite-vosges-de-ski-tient-assemblee-generale\/","name":"La Bresse\u00a0: le Comit\u00e9 des Vosges de Ski tient son assembl\u00e9e g\u00e9n\u00e9rale - Remiremont Info","isPartOf":{"@id":"https:\/\/vosgesinfo.fr\/remiremontinfo\/#website"},"primaryImageOfPage":{"@id":"https:\/\/vosgesinfo.fr\/remiremontinfo\/2021\/11\/bresse-comite-vosges-de-ski-tient-assemblee-generale\/#primaryimage"},"image":{"@id":"https:\/\/vosgesinfo.fr\/remiremontinfo\/2021\/11\/bresse-comite-vosges-de-ski-tient-assemblee-generale\/#primaryimage"},"thumbnailUrl":"https:\/\/vosgesinfo.fr\/app\/uploads\/sites\/5\/2024\/09\/20211119.jpg","datePublished":"2021-11-22T08:44:09+00:00","dateModified":"2021-11-22T08:44:09+00:00","breadcrumb":{"@id":"https:\/\/vosgesinfo.fr\/remiremontinfo\/2021\/11\/bresse-comite-vosges-de-ski-tient-assemblee-generale\/#breadcrumb"},"inLanguage":"fr-FR","potentialAction":[{"@type":"ReadAction","target":["https:\/\/vosgesinfo.fr\/remiremontinfo\/2021\/11\/bresse-comite-vosges-de-ski-tient-assemblee-generale\/"]}]},{"@type":"ImageObject","inLanguage":"fr-FR","@id":"https:\/\/vosgesinfo.fr\/remiremontinfo\/2021\/11\/bresse-comite-vosges-de-ski-tient-assemblee-generale\/#primaryimage","url":"https:\/\/vosgesinfo.fr\/app\/uploads\/sites\/5\/2024\/09\/20211119.jpg","contentUrl":"https:\/\/vosgesinfo.fr\/app\/uploads\/sites\/5\/2024\/09\/20211119.jpg","width":800,"height":468},{"@type":"BreadcrumbList","@id":"https:\/\/vosgesinfo.fr\/remiremontinfo\/2021\/11\/bresse-comite-vosges-de-ski-tient-assemblee-generale\/#breadcrumb","itemListElement":[{"@type":"ListItem","position":1,"name":"Home","item":"https:\/\/vosgesinfo.fr\/remiremontinfo\/"},{"@type":"ListItem","position":2,"name":"La Bresse\u00a0: le Comit\u00e9 des Vosges de Ski tient son assembl\u00e9e g\u00e9n\u00e9rale"}]},{"@type":"WebSite","@id":"https:\/\/vosgesinfo.fr\/remiremontinfo\/#website","url":"https:\/\/vosgesinfo.fr\/remiremontinfo\/","name":"Remiremont Info","description":"Toute l&#039;actualit\u00e9 de Remiremont","publisher":{"@id":"https:\/\/vosgesinfo.fr\/remiremontinfo\/#organization"},"alternateName":"Toute l'actualit\u00e9 de Remiremont","potentialAction":[{"@type":"SearchAction","target":{"@type":"EntryPoint","urlTemplate":"https:\/\/vosgesinfo.fr\/remiremontinfo\/?s={search_term_string}"},"query-input":"required name=search_term_string"}],"inLanguage":"fr-FR"},{"@type":"Organization","@id":"https:\/\/vosgesinfo.fr\/remiremontinfo\/#organization","name":"Remiremont Info","url":"https:\/\/vosgesinfo.fr\/remiremontinfo\/","logo":{"@type":"ImageObject","inLanguage":"fr-FR","@id":"https:\/\/vosgesinfo.fr\/remiremontinfo\/#\/schema\/logo\/image\/","url":"https:\/\/vosgesinfo.fr\/app\/uploads\/sites\/5\/2023\/08\/favicon-remiremontinfo.png","contentUrl":"https:\/\/vosgesinfo.fr\/app\/uploads\/sites\/5\/2023\/08\/favicon-remiremontinfo.png","width":512,"height":512,"caption":"Remiremont Info"},"image":{"@id":"https:\/\/vosgesinfo.fr\/remiremontinfo\/#\/schema\/logo\/image\/"},"sameAs":["https:\/\/www.facebook.com\/remiremontinfo","https:\/\/x.com\/VosgesInfo88","https:\/\/www.youtube.com\/@vosgesinfo"]},{"@type":"Person","@id":"https:\/\/vosgesinfo.fr\/remiremontinfo\/#\/schema\/person\/3bfd164d5218a185b1db68655a265316","name":"C D","image":{"@type":"ImageObject","inLanguage":"fr-FR","@id":"https:\/\/vosgesinfo.fr\/remiremontinfo\/#\/schema\/person\/image\/","url":"https:\/\/secure.gravatar.com\/avatar\/1f9a70007336511a47468b8f1c66f922b8b7cf617b02a31149ada43893a5d48f?s=96&d=mm&r=g","contentUrl":"https:\/\/secure.gravatar.com\/avatar\/1f9a70007336511a47468b8f1c66f922b8b7cf617b02a31149ada43893a5d48f?s=96&d=mm&r=g","caption":"C D"},"url":"https:\/\/vosgesinfo.fr\/remiremontinfo\/author\/cedric-drevet\/"}]}},"_links":{"self":[{"href":"https:\/\/vosgesinfo.fr\/remiremontinfo\/wp-json\/wp\/v2\/posts\/49100","targetHints":{"allow":["GET"]}}],"collection":[{"href":"https:\/\/vosgesinfo.fr\/remiremontinfo\/wp-json\/wp\/v2\/posts"}],"about":[{"href":"https:\/\/vosgesinfo.fr\/remiremontinfo\/wp-json\/wp\/v2\/types\/post"}],"author":[{"embeddable":true,"href":"https:\/\/vosgesinfo.fr\/remiremontinfo\/wp-json\/wp\/v2\/users\/407"}],"replies":[{"embeddable":true,"href":"https:\/\/vosgesinfo.fr\/remiremontinfo\/wp-json\/wp\/v2\/comments?post=49100"}],"version-history":[{"count":0,"href":"https:\/\/vosgesinfo.fr\/remiremontinfo\/wp-json\/wp\/v2\/posts\/49100\/revisions"}],"wp:featuredmedia":[{"embeddable":true,"href":"https:\/\/vosgesinfo.fr\/remiremontinfo\/wp-json\/wp\/v2\/media\/49101"}],"wp:attachment":[{"href":"https:\/\/vosgesinfo.fr\/remiremontinfo\/wp-json\/wp\/v2\/media?parent=49100"}],"wp:term":[{"taxonomy":"category","embeddable":true,"href":"https:\/\/vosgesinfo.fr\/remiremontinfo\/wp-json\/wp\/v2\/categories?post=49100"},{"taxonomy":"post_tag","embeddable":true,"href":"https:\/\/vosgesinfo.fr\/remiremontinfo\/wp-json\/wp\/v2\/tags?post=49100"}],"curies":[{"name":"wp","href":"https:\/\/api.w.org\/{rel}","templated":true}]}}