{"id":49127,"date":"2021-11-22T09:19:02","date_gmt":"2021-11-22T08:19:02","guid":{"rendered":"https:\/\/vosgesinfo.fr\/remiremontinfo\/2021\/11\/val-dajol-pierre-balandier-60-ans-de-service-sein-de-lharmonie-jeanne-darc\/"},"modified":"2021-11-22T09:19:02","modified_gmt":"2021-11-22T08:19:02","slug":"val-dajol-pierre-balandier-60-ans-de-service-sein-de-lharmonie-jeanne-darc","status":"publish","type":"post","link":"https:\/\/vosgesinfo.fr\/remiremontinfo\/2021\/11\/val-dajol-pierre-balandier-60-ans-de-service-sein-de-lharmonie-jeanne-darc\/","title":{"rendered":"Le Val d\u2019Ajol\u00a0: Pierre Balandier, 60 ans de service au sein de l\u2019harmonie Jeanne d\u2019Arc"},"content":{"rendered":"<p><a href=\"\/2021\/11\/260016909_4506225676163611_8433614599379192746_n.jpg\"><img decoding=\"async\" class=\"alignnone size-full wp-image-332223\" src=\"\/2021\/11\/260016909_4506225676163611_8433614599379192746_n.jpg\" alt=\"260016909_4506225676163611_8433614599379192746_n\" width=\"800\" height=\"580\" \/><\/a><\/p>\n<p><span style=\"font-size: 10pt;\"><em>Photo de la Mairie du Val d&rsquo;Ajol\u00a0<\/em><\/span><\/p>\n<h2><span style=\"font-size: 12pt;\"><strong>Ce dimanche, c\u2019\u00e9tait la Sainte-C\u00e9cile. Pour l\u2019occasion, le pr\u00e9sident de l\u2019harmonie Jeanne d\u2019Arc, C\u00e9dric Aubry, a remis en pr\u00e9sence du maire du Val d\u2019Ajol, Anne Girardin, et de tous les musiciens et leurs familles, la m\u00e9daille \u00ab Or avec \u00c9toile \u00bb \u00e0 Pierre Balandier pour ces 60 ans de service au sein de cette noble institution communale.\u00a0<\/strong><\/span><\/h2>\n<p>\u00ab\u00a060 ans d\u2019une participation plus qu\u2019assidue \u00e0 cette noble institution communale qu\u2019est l\u2019harmonie Jeanne d\u2019Arc ! Je n\u2019\u00e9tais pas n\u00e9e, ni m\u00eame pens\u00e9e, lorsque Pierre a commenc\u00e9 \u00e0 jouer de la clarinette au fond de la grange de son voisin\u00a0\u00bb, affirme le maire Anne Girardin. \u00ab\u00a0Depuis, les salles de r\u00e9p\u00e9tition se sont succ\u00e9d\u00e9es depuis le presbyt\u00e8re, le patronage, les anciens bains-douches et enfin la superbe salle d\u2019orchestre de la nouvelle maison arts et culture. Les chefs aussi \u2026 au gr\u00e9 des styles musicaux. Sans oublier la cr\u00e9ation de l\u2019\u00e9cole de musique dans les ann\u00e9es 80, qui donna un bon \u00e9lan \u00e0 l\u2019harmonie afin de proposer des concerts de qualit\u00e9. A quand la prochaine m\u00e9daille de 60 ans de participation ?\u00a0\u00bb<\/p>\n<p>&nbsp;<\/p>\n","protected":false},"excerpt":{"rendered":"<p>Photo de la Mairie du Val d&rsquo;Ajol\u00a0 Ce dimanche, c\u2019\u00e9tait la Sainte-C\u00e9cile. Pour l\u2019occasion, le pr\u00e9sident de l\u2019harmonie Jeanne d\u2019Arc, [&hellip;]<\/p>\n","protected":false},"author":407,"featured_media":49128,"comment_status":"open","ping_status":"open","sticky":false,"template":"","format":"standard","meta":{"footnotes":""},"categories":[26,4,121,82],"tags":[3069,145,3070],"class_list":["post-49127","post","type-post","status-publish","format-standard","has-post-thumbnail","hentry","category-a-la-une","category-culture","category-le-val-dajol-le-val-dajol-son-canton","category-le-val-dajol-son-canton","tag-harmonie-jeanne-darc","tag-le-val-dajol","tag-pierre-balandier"],"acf":[],"yoast_head":"<!-- This site is optimized with the Yoast SEO plugin v22.5 - https:\/\/yoast.com\/wordpress\/plugins\/seo\/ -->\n<title>Le Val d\u2019Ajol\u00a0: Pierre Balandier, 60 ans de service au sein de l\u2019harmonie Jeanne d\u2019Arc - Remiremont Info<\/title>\n<meta name=\"robots\" content=\"index, follow, max-snippet:-1, max-image-preview:large, max-video-preview:-1\" \/>\n<link rel=\"canonical\" href=\"https:\/\/vosgesinfo.fr\/remiremontinfo\/2021\/11\/val-dajol-pierre-balandier-60-ans-de-service-sein-de-lharmonie-jeanne-darc\/\" \/>\n<meta name=\"twitter:card\" content=\"summary_large_image\" \/>\n<meta name=\"twitter:title\" content=\"Le Val d\u2019Ajol\u00a0: Pierre Balandier, 60 ans de service au sein de l\u2019harmonie Jeanne d\u2019Arc - Remiremont Info\" \/>\n<meta name=\"twitter:description\" content=\"Photo de la Mairie du Val d&rsquo;Ajol\u00a0 Ce dimanche, c\u2019\u00e9tait la Sainte-C\u00e9cile. Pour l\u2019occasion, le pr\u00e9sident de l\u2019harmonie Jeanne d\u2019Arc, [&hellip;]\" \/>\n<meta name=\"twitter:image\" content=\"https:\/\/vosgesinfo.fr\/app\/uploads\/sites\/5\/2024\/09\/202111260016909-4506225676163611-8433614599379192746-n.jpg\" \/>\n<meta name=\"twitter:creator\" content=\"@VosgesInfo88\" \/>\n<meta name=\"twitter:site\" content=\"@VosgesInfo88\" \/>\n<meta name=\"twitter:label1\" content=\"\u00c9crit par\" \/>\n\t<meta name=\"twitter:data1\" content=\"C D\" \/>\n\t<meta name=\"twitter:label2\" content=\"Dur\u00e9e de lecture estim\u00e9e\" \/>\n\t<meta name=\"twitter:data2\" content=\"1 minute\" \/>\n<script type=\"application\/ld+json\" class=\"yoast-schema-graph\">{\"@context\":\"https:\/\/schema.org\",\"@graph\":[{\"@type\":\"Article\",\"@id\":\"https:\/\/vosgesinfo.fr\/remiremontinfo\/2021\/11\/val-dajol-pierre-balandier-60-ans-de-service-sein-de-lharmonie-jeanne-darc\/#article\",\"isPartOf\":{\"@id\":\"https:\/\/vosgesinfo.fr\/remiremontinfo\/2021\/11\/val-dajol-pierre-balandier-60-ans-de-service-sein-de-lharmonie-jeanne-darc\/\"},\"author\":{\"name\":\"C D\",\"@id\":\"https:\/\/vosgesinfo.fr\/remiremontinfo\/#\/schema\/person\/3bfd164d5218a185b1db68655a265316\"},\"headline\":\"Le Val d\u2019Ajol\u00a0: Pierre Balandier, 60 ans de service au sein de l\u2019harmonie Jeanne d\u2019Arc\",\"datePublished\":\"2021-11-22T08:19:02+00:00\",\"dateModified\":\"2021-11-22T08:19:02+00:00\",\"mainEntityOfPage\":{\"@id\":\"https:\/\/vosgesinfo.fr\/remiremontinfo\/2021\/11\/val-dajol-pierre-balandier-60-ans-de-service-sein-de-lharmonie-jeanne-darc\/\"},\"wordCount\":220,\"commentCount\":0,\"publisher\":{\"@id\":\"https:\/\/vosgesinfo.fr\/remiremontinfo\/#organization\"},\"image\":{\"@id\":\"https:\/\/vosgesinfo.fr\/remiremontinfo\/2021\/11\/val-dajol-pierre-balandier-60-ans-de-service-sein-de-lharmonie-jeanne-darc\/#primaryimage\"},\"thumbnailUrl\":\"https:\/\/vosgesinfo.fr\/app\/uploads\/sites\/5\/2024\/09\/202111260016909-4506225676163611-8433614599379192746-n.jpg\",\"keywords\":[\"Harmonie Jeanne-d'Arc\",\"Le Val-d'Ajol\",\"pierre balandier\"],\"articleSection\":[\"A la Une\",\"Culture\",\"Le Val d'Ajol\",\"Le Val-d'Ajol &amp; son canton\"],\"inLanguage\":\"fr-FR\",\"potentialAction\":[{\"@type\":\"CommentAction\",\"name\":\"Comment\",\"target\":[\"https:\/\/vosgesinfo.fr\/remiremontinfo\/2021\/11\/val-dajol-pierre-balandier-60-ans-de-service-sein-de-lharmonie-jeanne-darc\/#respond\"]}]},{\"@type\":\"WebPage\",\"@id\":\"https:\/\/vosgesinfo.fr\/remiremontinfo\/2021\/11\/val-dajol-pierre-balandier-60-ans-de-service-sein-de-lharmonie-jeanne-darc\/\",\"url\":\"https:\/\/vosgesinfo.fr\/remiremontinfo\/2021\/11\/val-dajol-pierre-balandier-60-ans-de-service-sein-de-lharmonie-jeanne-darc\/\",\"name\":\"Le Val d\u2019Ajol\u00a0: Pierre Balandier, 60 ans de service au sein de l\u2019harmonie Jeanne d\u2019Arc - Remiremont Info\",\"isPartOf\":{\"@id\":\"https:\/\/vosgesinfo.fr\/remiremontinfo\/#website\"},\"primaryImageOfPage\":{\"@id\":\"https:\/\/vosgesinfo.fr\/remiremontinfo\/2021\/11\/val-dajol-pierre-balandier-60-ans-de-service-sein-de-lharmonie-jeanne-darc\/#primaryimage\"},\"image\":{\"@id\":\"https:\/\/vosgesinfo.fr\/remiremontinfo\/2021\/11\/val-dajol-pierre-balandier-60-ans-de-service-sein-de-lharmonie-jeanne-darc\/#primaryimage\"},\"thumbnailUrl\":\"https:\/\/vosgesinfo.fr\/app\/uploads\/sites\/5\/2024\/09\/202111260016909-4506225676163611-8433614599379192746-n.jpg\",\"datePublished\":\"2021-11-22T08:19:02+00:00\",\"dateModified\":\"2021-11-22T08:19:02+00:00\",\"breadcrumb\":{\"@id\":\"https:\/\/vosgesinfo.fr\/remiremontinfo\/2021\/11\/val-dajol-pierre-balandier-60-ans-de-service-sein-de-lharmonie-jeanne-darc\/#breadcrumb\"},\"inLanguage\":\"fr-FR\",\"potentialAction\":[{\"@type\":\"ReadAction\",\"target\":[\"https:\/\/vosgesinfo.fr\/remiremontinfo\/2021\/11\/val-dajol-pierre-balandier-60-ans-de-service-sein-de-lharmonie-jeanne-darc\/\"]}]},{\"@type\":\"ImageObject\",\"inLanguage\":\"fr-FR\",\"@id\":\"https:\/\/vosgesinfo.fr\/remiremontinfo\/2021\/11\/val-dajol-pierre-balandier-60-ans-de-service-sein-de-lharmonie-jeanne-darc\/#primaryimage\",\"url\":\"https:\/\/vosgesinfo.fr\/app\/uploads\/sites\/5\/2024\/09\/202111260016909-4506225676163611-8433614599379192746-n.jpg\",\"contentUrl\":\"https:\/\/vosgesinfo.fr\/app\/uploads\/sites\/5\/2024\/09\/202111260016909-4506225676163611-8433614599379192746-n.jpg\",\"width\":800,\"height\":580},{\"@type\":\"BreadcrumbList\",\"@id\":\"https:\/\/vosgesinfo.fr\/remiremontinfo\/2021\/11\/val-dajol-pierre-balandier-60-ans-de-service-sein-de-lharmonie-jeanne-darc\/#breadcrumb\",\"itemListElement\":[{\"@type\":\"ListItem\",\"position\":1,\"name\":\"Home\",\"item\":\"https:\/\/vosgesinfo.fr\/remiremontinfo\/\"},{\"@type\":\"ListItem\",\"position\":2,\"name\":\"Le Val d\u2019Ajol\u00a0: Pierre Balandier, 60 ans de service au sein de l\u2019harmonie Jeanne d\u2019Arc\"}]},{\"@type\":\"WebSite\",\"@id\":\"https:\/\/vosgesinfo.fr\/remiremontinfo\/#website\",\"url\":\"https:\/\/vosgesinfo.fr\/remiremontinfo\/\",\"name\":\"Remiremont Info\",\"description\":\"Toute l&#039;actualit\u00e9 de Remiremont\",\"publisher\":{\"@id\":\"https:\/\/vosgesinfo.fr\/remiremontinfo\/#organization\"},\"alternateName\":\"Toute l'actualit\u00e9 de Remiremont\",\"potentialAction\":[{\"@type\":\"SearchAction\",\"target\":{\"@type\":\"EntryPoint\",\"urlTemplate\":\"https:\/\/vosgesinfo.fr\/remiremontinfo\/?s={search_term_string}\"},\"query-input\":\"required name=search_term_string\"}],\"inLanguage\":\"fr-FR\"},{\"@type\":\"Organization\",\"@id\":\"https:\/\/vosgesinfo.fr\/remiremontinfo\/#organization\",\"name\":\"Remiremont Info\",\"url\":\"https:\/\/vosgesinfo.fr\/remiremontinfo\/\",\"logo\":{\"@type\":\"ImageObject\",\"inLanguage\":\"fr-FR\",\"@id\":\"https:\/\/vosgesinfo.fr\/remiremontinfo\/#\/schema\/logo\/image\/\",\"url\":\"https:\/\/vosgesinfo.fr\/app\/uploads\/sites\/5\/2023\/08\/favicon-remiremontinfo.png\",\"contentUrl\":\"https:\/\/vosgesinfo.fr\/app\/uploads\/sites\/5\/2023\/08\/favicon-remiremontinfo.png\",\"width\":512,\"height\":512,\"caption\":\"Remiremont Info\"},\"image\":{\"@id\":\"https:\/\/vosgesinfo.fr\/remiremontinfo\/#\/schema\/logo\/image\/\"},\"sameAs\":[\"https:\/\/www.facebook.com\/remiremontinfo\",\"https:\/\/x.com\/VosgesInfo88\",\"https:\/\/www.youtube.com\/@vosgesinfo\"]},{\"@type\":\"Person\",\"@id\":\"https:\/\/vosgesinfo.fr\/remiremontinfo\/#\/schema\/person\/3bfd164d5218a185b1db68655a265316\",\"name\":\"C D\",\"image\":{\"@type\":\"ImageObject\",\"inLanguage\":\"fr-FR\",\"@id\":\"https:\/\/vosgesinfo.fr\/remiremontinfo\/#\/schema\/person\/image\/\",\"url\":\"https:\/\/secure.gravatar.com\/avatar\/1f9a70007336511a47468b8f1c66f922b8b7cf617b02a31149ada43893a5d48f?s=96&d=mm&r=g\",\"contentUrl\":\"https:\/\/secure.gravatar.com\/avatar\/1f9a70007336511a47468b8f1c66f922b8b7cf617b02a31149ada43893a5d48f?s=96&d=mm&r=g\",\"caption\":\"C D\"},\"url\":\"https:\/\/vosgesinfo.fr\/remiremontinfo\/author\/cedric-drevet\/\"}]}<\/script>\n<!-- \/ Yoast SEO plugin. -->","yoast_head_json":{"title":"Le Val d\u2019Ajol\u00a0: Pierre Balandier, 60 ans de service au sein de l\u2019harmonie Jeanne d\u2019Arc - Remiremont Info","robots":{"index":"index","follow":"follow","max-snippet":"max-snippet:-1","max-image-preview":"max-image-preview:large","max-video-preview":"max-video-preview:-1"},"canonical":"https:\/\/vosgesinfo.fr\/remiremontinfo\/2021\/11\/val-dajol-pierre-balandier-60-ans-de-service-sein-de-lharmonie-jeanne-darc\/","twitter_card":"summary_large_image","twitter_title":"Le Val d\u2019Ajol\u00a0: Pierre Balandier, 60 ans de service au sein de l\u2019harmonie Jeanne d\u2019Arc - Remiremont Info","twitter_description":"Photo de la Mairie du Val d&rsquo;Ajol\u00a0 Ce dimanche, c\u2019\u00e9tait la Sainte-C\u00e9cile. Pour l\u2019occasion, le pr\u00e9sident de l\u2019harmonie Jeanne d\u2019Arc, [&hellip;]","twitter_image":"https:\/\/vosgesinfo.fr\/app\/uploads\/sites\/5\/2024\/09\/202111260016909-4506225676163611-8433614599379192746-n.jpg","twitter_creator":"@VosgesInfo88","twitter_site":"@VosgesInfo88","twitter_misc":{"\u00c9crit par":"C D","Dur\u00e9e de lecture estim\u00e9e":"1 minute"},"schema":{"@context":"https:\/\/schema.org","@graph":[{"@type":"Article","@id":"https:\/\/vosgesinfo.fr\/remiremontinfo\/2021\/11\/val-dajol-pierre-balandier-60-ans-de-service-sein-de-lharmonie-jeanne-darc\/#article","isPartOf":{"@id":"https:\/\/vosgesinfo.fr\/remiremontinfo\/2021\/11\/val-dajol-pierre-balandier-60-ans-de-service-sein-de-lharmonie-jeanne-darc\/"},"author":{"name":"C D","@id":"https:\/\/vosgesinfo.fr\/remiremontinfo\/#\/schema\/person\/3bfd164d5218a185b1db68655a265316"},"headline":"Le Val d\u2019Ajol\u00a0: Pierre Balandier, 60 ans de service au sein de l\u2019harmonie Jeanne d\u2019Arc","datePublished":"2021-11-22T08:19:02+00:00","dateModified":"2021-11-22T08:19:02+00:00","mainEntityOfPage":{"@id":"https:\/\/vosgesinfo.fr\/remiremontinfo\/2021\/11\/val-dajol-pierre-balandier-60-ans-de-service-sein-de-lharmonie-jeanne-darc\/"},"wordCount":220,"commentCount":0,"publisher":{"@id":"https:\/\/vosgesinfo.fr\/remiremontinfo\/#organization"},"image":{"@id":"https:\/\/vosgesinfo.fr\/remiremontinfo\/2021\/11\/val-dajol-pierre-balandier-60-ans-de-service-sein-de-lharmonie-jeanne-darc\/#primaryimage"},"thumbnailUrl":"https:\/\/vosgesinfo.fr\/app\/uploads\/sites\/5\/2024\/09\/202111260016909-4506225676163611-8433614599379192746-n.jpg","keywords":["Harmonie Jeanne-d'Arc","Le Val-d'Ajol","pierre balandier"],"articleSection":["A la Une","Culture","Le Val d'Ajol","Le Val-d'Ajol &amp; son canton"],"inLanguage":"fr-FR","potentialAction":[{"@type":"CommentAction","name":"Comment","target":["https:\/\/vosgesinfo.fr\/remiremontinfo\/2021\/11\/val-dajol-pierre-balandier-60-ans-de-service-sein-de-lharmonie-jeanne-darc\/#respond"]}]},{"@type":"WebPage","@id":"https:\/\/vosgesinfo.fr\/remiremontinfo\/2021\/11\/val-dajol-pierre-balandier-60-ans-de-service-sein-de-lharmonie-jeanne-darc\/","url":"https:\/\/vosgesinfo.fr\/remiremontinfo\/2021\/11\/val-dajol-pierre-balandier-60-ans-de-service-sein-de-lharmonie-jeanne-darc\/","name":"Le Val d\u2019Ajol\u00a0: Pierre Balandier, 60 ans de service au sein de l\u2019harmonie Jeanne d\u2019Arc - Remiremont Info","isPartOf":{"@id":"https:\/\/vosgesinfo.fr\/remiremontinfo\/#website"},"primaryImageOfPage":{"@id":"https:\/\/vosgesinfo.fr\/remiremontinfo\/2021\/11\/val-dajol-pierre-balandier-60-ans-de-service-sein-de-lharmonie-jeanne-darc\/#primaryimage"},"image":{"@id":"https:\/\/vosgesinfo.fr\/remiremontinfo\/2021\/11\/val-dajol-pierre-balandier-60-ans-de-service-sein-de-lharmonie-jeanne-darc\/#primaryimage"},"thumbnailUrl":"https:\/\/vosgesinfo.fr\/app\/uploads\/sites\/5\/2024\/09\/202111260016909-4506225676163611-8433614599379192746-n.jpg","datePublished":"2021-11-22T08:19:02+00:00","dateModified":"2021-11-22T08:19:02+00:00","breadcrumb":{"@id":"https:\/\/vosgesinfo.fr\/remiremontinfo\/2021\/11\/val-dajol-pierre-balandier-60-ans-de-service-sein-de-lharmonie-jeanne-darc\/#breadcrumb"},"inLanguage":"fr-FR","potentialAction":[{"@type":"ReadAction","target":["https:\/\/vosgesinfo.fr\/remiremontinfo\/2021\/11\/val-dajol-pierre-balandier-60-ans-de-service-sein-de-lharmonie-jeanne-darc\/"]}]},{"@type":"ImageObject","inLanguage":"fr-FR","@id":"https:\/\/vosgesinfo.fr\/remiremontinfo\/2021\/11\/val-dajol-pierre-balandier-60-ans-de-service-sein-de-lharmonie-jeanne-darc\/#primaryimage","url":"https:\/\/vosgesinfo.fr\/app\/uploads\/sites\/5\/2024\/09\/202111260016909-4506225676163611-8433614599379192746-n.jpg","contentUrl":"https:\/\/vosgesinfo.fr\/app\/uploads\/sites\/5\/2024\/09\/202111260016909-4506225676163611-8433614599379192746-n.jpg","width":800,"height":580},{"@type":"BreadcrumbList","@id":"https:\/\/vosgesinfo.fr\/remiremontinfo\/2021\/11\/val-dajol-pierre-balandier-60-ans-de-service-sein-de-lharmonie-jeanne-darc\/#breadcrumb","itemListElement":[{"@type":"ListItem","position":1,"name":"Home","item":"https:\/\/vosgesinfo.fr\/remiremontinfo\/"},{"@type":"ListItem","position":2,"name":"Le Val d\u2019Ajol\u00a0: Pierre Balandier, 60 ans de service au sein de l\u2019harmonie Jeanne d\u2019Arc"}]},{"@type":"WebSite","@id":"https:\/\/vosgesinfo.fr\/remiremontinfo\/#website","url":"https:\/\/vosgesinfo.fr\/remiremontinfo\/","name":"Remiremont Info","description":"Toute l&#039;actualit\u00e9 de Remiremont","publisher":{"@id":"https:\/\/vosgesinfo.fr\/remiremontinfo\/#organization"},"alternateName":"Toute l'actualit\u00e9 de Remiremont","potentialAction":[{"@type":"SearchAction","target":{"@type":"EntryPoint","urlTemplate":"https:\/\/vosgesinfo.fr\/remiremontinfo\/?s={search_term_string}"},"query-input":"required name=search_term_string"}],"inLanguage":"fr-FR"},{"@type":"Organization","@id":"https:\/\/vosgesinfo.fr\/remiremontinfo\/#organization","name":"Remiremont Info","url":"https:\/\/vosgesinfo.fr\/remiremontinfo\/","logo":{"@type":"ImageObject","inLanguage":"fr-FR","@id":"https:\/\/vosgesinfo.fr\/remiremontinfo\/#\/schema\/logo\/image\/","url":"https:\/\/vosgesinfo.fr\/app\/uploads\/sites\/5\/2023\/08\/favicon-remiremontinfo.png","contentUrl":"https:\/\/vosgesinfo.fr\/app\/uploads\/sites\/5\/2023\/08\/favicon-remiremontinfo.png","width":512,"height":512,"caption":"Remiremont Info"},"image":{"@id":"https:\/\/vosgesinfo.fr\/remiremontinfo\/#\/schema\/logo\/image\/"},"sameAs":["https:\/\/www.facebook.com\/remiremontinfo","https:\/\/x.com\/VosgesInfo88","https:\/\/www.youtube.com\/@vosgesinfo"]},{"@type":"Person","@id":"https:\/\/vosgesinfo.fr\/remiremontinfo\/#\/schema\/person\/3bfd164d5218a185b1db68655a265316","name":"C D","image":{"@type":"ImageObject","inLanguage":"fr-FR","@id":"https:\/\/vosgesinfo.fr\/remiremontinfo\/#\/schema\/person\/image\/","url":"https:\/\/secure.gravatar.com\/avatar\/1f9a70007336511a47468b8f1c66f922b8b7cf617b02a31149ada43893a5d48f?s=96&d=mm&r=g","contentUrl":"https:\/\/secure.gravatar.com\/avatar\/1f9a70007336511a47468b8f1c66f922b8b7cf617b02a31149ada43893a5d48f?s=96&d=mm&r=g","caption":"C D"},"url":"https:\/\/vosgesinfo.fr\/remiremontinfo\/author\/cedric-drevet\/"}]}},"_links":{"self":[{"href":"https:\/\/vosgesinfo.fr\/remiremontinfo\/wp-json\/wp\/v2\/posts\/49127","targetHints":{"allow":["GET"]}}],"collection":[{"href":"https:\/\/vosgesinfo.fr\/remiremontinfo\/wp-json\/wp\/v2\/posts"}],"about":[{"href":"https:\/\/vosgesinfo.fr\/remiremontinfo\/wp-json\/wp\/v2\/types\/post"}],"author":[{"embeddable":true,"href":"https:\/\/vosgesinfo.fr\/remiremontinfo\/wp-json\/wp\/v2\/users\/407"}],"replies":[{"embeddable":true,"href":"https:\/\/vosgesinfo.fr\/remiremontinfo\/wp-json\/wp\/v2\/comments?post=49127"}],"version-history":[{"count":0,"href":"https:\/\/vosgesinfo.fr\/remiremontinfo\/wp-json\/wp\/v2\/posts\/49127\/revisions"}],"wp:featuredmedia":[{"embeddable":true,"href":"https:\/\/vosgesinfo.fr\/remiremontinfo\/wp-json\/wp\/v2\/media\/49128"}],"wp:attachment":[{"href":"https:\/\/vosgesinfo.fr\/remiremontinfo\/wp-json\/wp\/v2\/media?parent=49127"}],"wp:term":[{"taxonomy":"category","embeddable":true,"href":"https:\/\/vosgesinfo.fr\/remiremontinfo\/wp-json\/wp\/v2\/categories?post=49127"},{"taxonomy":"post_tag","embeddable":true,"href":"https:\/\/vosgesinfo.fr\/remiremontinfo\/wp-json\/wp\/v2\/tags?post=49127"}],"curies":[{"name":"wp","href":"https:\/\/api.w.org\/{rel}","templated":true}]}}