{"id":49133,"date":"2021-11-22T17:46:03","date_gmt":"2021-11-22T16:46:03","guid":{"rendered":"https:\/\/vosgesinfo.fr\/remiremontinfo\/2021\/11\/covid-19-actuellement-1-patient-centre-hospitalier-de-remiremont\/"},"modified":"2021-11-22T17:46:03","modified_gmt":"2021-11-22T16:46:03","slug":"covid-19-actuellement-1-patient-centre-hospitalier-de-remiremont","status":"publish","type":"post","link":"https:\/\/vosgesinfo.fr\/remiremontinfo\/2021\/11\/covid-19-actuellement-1-patient-centre-hospitalier-de-remiremont\/","title":{"rendered":"Covid-19 : actuellement, 1 patient au centre hospitalier de Remiremont"},"content":{"rendered":"<p><a href=\"\/2021\/04\/Annotation-2020-06-12-0913291.png\"><img decoding=\"async\" class=\"alignnone size-full wp-image-313543\" src=\"\/2021\/04\/Annotation-2020-06-12-0913291.png\" alt=\"hopital remiremont\" width=\"800\" height=\"534\" \/><\/a><\/p>\n<p><span style=\"font-size: 10pt;\"><em>Photo d\u2019archives\u00a0<\/em><\/span><\/p>\n<h2><strong><span style=\"font-size: 12pt;\">Il y a quelques jours, la Pr\u00e9fecture des Vosges, dans son point sur la situation sanitaire, affirmait que le d\u00e9partement des Vosges n\u2019\u00e9tait pas \u00e9pargn\u00e9 par la d\u00e9gradation sanitaire observ\u00e9e \u00e0 l\u2019\u00e9chelle r\u00e9gionale et nationale.\u00a0: \u00ab\u00a0Bien que la tension hospitali\u00e8re reste ma\u00eetris\u00e9e dans le d\u00e9partement, le taux d\u2019incidence conna\u00eet quant \u00e0 lui une augmentation significative passant ainsi de 17,5 % fin octobre 2021 \u00e0 79,3 % au 19 novembre 2021\u00a0\u00bb. Voici la situation dans les h\u00f4pitaux spinalien et romarimontain.\u00a0<\/span><\/strong><\/h2>\n<p>D\u2019apr\u00e8s les informations fournies par les Centres Hospitaliers d\u2019Epinal et Remiremont,\u00a0voici les chiffres actuels\u00a0: au Centre Hospitalier d\u2019Epinal, 1 patients Covid est hospitalis\u00e9, aucun en r\u00e9animation ou en unit\u00e9 de surveillance continue. A Remiremont, 1 patient Covid\u00a0est hospitalis\u00e9, aucun en r\u00e9animation ou en unit\u00e9 de surveillance continue. Souhaitons \u00e0 ces patients un rapide r\u00e9tablissement. Le nombre de patient hospitalis\u00e9s pour Covid-19 dans les deux h\u00f4pitaux a diminu\u00e9 depuis la derni\u00e8re communication des CH. L&rsquo;information sera actualis\u00e9e r\u00e9guli\u00e8rement.<\/p>\n<p>&nbsp;<\/p>\n","protected":false},"excerpt":{"rendered":"<p>Photo d\u2019archives\u00a0 Il y a quelques jours, la Pr\u00e9fecture des Vosges, dans son point sur la situation sanitaire, affirmait que [&hellip;]<\/p>\n","protected":false},"author":407,"featured_media":49134,"comment_status":"open","ping_status":"open","sticky":false,"template":"","format":"standard","meta":{"footnotes":""},"categories":[26,1556,35,12],"tags":[2341,44,46],"class_list":["post-49133","post","type-post","status-publish","format-standard","has-post-thumbnail","hentry","category-a-la-une","category-remiremont-remiremont-son-canton-2","category-remiremont-son-canton","category-sante","tag-covid","tag-remiremont","tag-sante"],"acf":[],"yoast_head":"<!-- This site is optimized with the Yoast SEO plugin v22.5 - https:\/\/yoast.com\/wordpress\/plugins\/seo\/ -->\n<title>Covid-19 : actuellement, 1 patient au centre hospitalier de Remiremont - Remiremont Info<\/title>\n<meta name=\"robots\" content=\"index, follow, max-snippet:-1, max-image-preview:large, max-video-preview:-1\" \/>\n<link rel=\"canonical\" href=\"https:\/\/vosgesinfo.fr\/remiremontinfo\/2021\/11\/covid-19-actuellement-1-patient-centre-hospitalier-de-remiremont\/\" \/>\n<meta name=\"twitter:card\" content=\"summary_large_image\" \/>\n<meta name=\"twitter:title\" content=\"Covid-19 : actuellement, 1 patient au centre hospitalier de Remiremont - Remiremont Info\" \/>\n<meta name=\"twitter:description\" content=\"Photo d\u2019archives\u00a0 Il y a quelques jours, la Pr\u00e9fecture des Vosges, dans son point sur la situation sanitaire, affirmait que [&hellip;]\" \/>\n<meta name=\"twitter:image\" content=\"https:\/\/vosgesinfo.fr\/app\/uploads\/sites\/5\/2024\/09\/202104annotation-2020-06-12-0913291-5.png\" \/>\n<meta name=\"twitter:creator\" content=\"@VosgesInfo88\" \/>\n<meta name=\"twitter:site\" content=\"@VosgesInfo88\" \/>\n<meta name=\"twitter:label1\" content=\"\u00c9crit par\" \/>\n\t<meta name=\"twitter:data1\" content=\"C D\" \/>\n\t<meta name=\"twitter:label2\" content=\"Dur\u00e9e de lecture estim\u00e9e\" \/>\n\t<meta name=\"twitter:data2\" content=\"1 minute\" \/>\n<script type=\"application\/ld+json\" class=\"yoast-schema-graph\">{\"@context\":\"https:\/\/schema.org\",\"@graph\":[{\"@type\":\"Article\",\"@id\":\"https:\/\/vosgesinfo.fr\/remiremontinfo\/2021\/11\/covid-19-actuellement-1-patient-centre-hospitalier-de-remiremont\/#article\",\"isPartOf\":{\"@id\":\"https:\/\/vosgesinfo.fr\/remiremontinfo\/2021\/11\/covid-19-actuellement-1-patient-centre-hospitalier-de-remiremont\/\"},\"author\":{\"name\":\"C D\",\"@id\":\"https:\/\/vosgesinfo.fr\/remiremontinfo\/#\/schema\/person\/3bfd164d5218a185b1db68655a265316\"},\"headline\":\"Covid-19 : actuellement, 1 patient au centre hospitalier de Remiremont\",\"datePublished\":\"2021-11-22T16:46:03+00:00\",\"dateModified\":\"2021-11-22T16:46:03+00:00\",\"mainEntityOfPage\":{\"@id\":\"https:\/\/vosgesinfo.fr\/remiremontinfo\/2021\/11\/covid-19-actuellement-1-patient-centre-hospitalier-de-remiremont\/\"},\"wordCount\":185,\"commentCount\":0,\"publisher\":{\"@id\":\"https:\/\/vosgesinfo.fr\/remiremontinfo\/#organization\"},\"image\":{\"@id\":\"https:\/\/vosgesinfo.fr\/remiremontinfo\/2021\/11\/covid-19-actuellement-1-patient-centre-hospitalier-de-remiremont\/#primaryimage\"},\"thumbnailUrl\":\"https:\/\/vosgesinfo.fr\/app\/uploads\/sites\/5\/2024\/09\/202104annotation-2020-06-12-0913291-5.png\",\"keywords\":[\"covid\",\"remiremont\",\"sant\u00e9\"],\"articleSection\":[\"A la Une\",\"Remiremont\",\"Remiremont &amp; son canton\",\"Sant\u00e9\"],\"inLanguage\":\"fr-FR\",\"potentialAction\":[{\"@type\":\"CommentAction\",\"name\":\"Comment\",\"target\":[\"https:\/\/vosgesinfo.fr\/remiremontinfo\/2021\/11\/covid-19-actuellement-1-patient-centre-hospitalier-de-remiremont\/#respond\"]}]},{\"@type\":\"WebPage\",\"@id\":\"https:\/\/vosgesinfo.fr\/remiremontinfo\/2021\/11\/covid-19-actuellement-1-patient-centre-hospitalier-de-remiremont\/\",\"url\":\"https:\/\/vosgesinfo.fr\/remiremontinfo\/2021\/11\/covid-19-actuellement-1-patient-centre-hospitalier-de-remiremont\/\",\"name\":\"Covid-19 : actuellement, 1 patient au centre hospitalier de Remiremont - Remiremont Info\",\"isPartOf\":{\"@id\":\"https:\/\/vosgesinfo.fr\/remiremontinfo\/#website\"},\"primaryImageOfPage\":{\"@id\":\"https:\/\/vosgesinfo.fr\/remiremontinfo\/2021\/11\/covid-19-actuellement-1-patient-centre-hospitalier-de-remiremont\/#primaryimage\"},\"image\":{\"@id\":\"https:\/\/vosgesinfo.fr\/remiremontinfo\/2021\/11\/covid-19-actuellement-1-patient-centre-hospitalier-de-remiremont\/#primaryimage\"},\"thumbnailUrl\":\"https:\/\/vosgesinfo.fr\/app\/uploads\/sites\/5\/2024\/09\/202104annotation-2020-06-12-0913291-5.png\",\"datePublished\":\"2021-11-22T16:46:03+00:00\",\"dateModified\":\"2021-11-22T16:46:03+00:00\",\"breadcrumb\":{\"@id\":\"https:\/\/vosgesinfo.fr\/remiremontinfo\/2021\/11\/covid-19-actuellement-1-patient-centre-hospitalier-de-remiremont\/#breadcrumb\"},\"inLanguage\":\"fr-FR\",\"potentialAction\":[{\"@type\":\"ReadAction\",\"target\":[\"https:\/\/vosgesinfo.fr\/remiremontinfo\/2021\/11\/covid-19-actuellement-1-patient-centre-hospitalier-de-remiremont\/\"]}]},{\"@type\":\"ImageObject\",\"inLanguage\":\"fr-FR\",\"@id\":\"https:\/\/vosgesinfo.fr\/remiremontinfo\/2021\/11\/covid-19-actuellement-1-patient-centre-hospitalier-de-remiremont\/#primaryimage\",\"url\":\"https:\/\/vosgesinfo.fr\/app\/uploads\/sites\/5\/2024\/09\/202104annotation-2020-06-12-0913291-5.png\",\"contentUrl\":\"https:\/\/vosgesinfo.fr\/app\/uploads\/sites\/5\/2024\/09\/202104annotation-2020-06-12-0913291-5.png\",\"width\":800,\"height\":534},{\"@type\":\"BreadcrumbList\",\"@id\":\"https:\/\/vosgesinfo.fr\/remiremontinfo\/2021\/11\/covid-19-actuellement-1-patient-centre-hospitalier-de-remiremont\/#breadcrumb\",\"itemListElement\":[{\"@type\":\"ListItem\",\"position\":1,\"name\":\"Home\",\"item\":\"https:\/\/vosgesinfo.fr\/remiremontinfo\/\"},{\"@type\":\"ListItem\",\"position\":2,\"name\":\"Covid-19 : actuellement, 1 patient au centre hospitalier de Remiremont\"}]},{\"@type\":\"WebSite\",\"@id\":\"https:\/\/vosgesinfo.fr\/remiremontinfo\/#website\",\"url\":\"https:\/\/vosgesinfo.fr\/remiremontinfo\/\",\"name\":\"Remiremont Info\",\"description\":\"Toute l&#039;actualit\u00e9 de Remiremont\",\"publisher\":{\"@id\":\"https:\/\/vosgesinfo.fr\/remiremontinfo\/#organization\"},\"alternateName\":\"Toute l'actualit\u00e9 de Remiremont\",\"potentialAction\":[{\"@type\":\"SearchAction\",\"target\":{\"@type\":\"EntryPoint\",\"urlTemplate\":\"https:\/\/vosgesinfo.fr\/remiremontinfo\/?s={search_term_string}\"},\"query-input\":\"required name=search_term_string\"}],\"inLanguage\":\"fr-FR\"},{\"@type\":\"Organization\",\"@id\":\"https:\/\/vosgesinfo.fr\/remiremontinfo\/#organization\",\"name\":\"Remiremont Info\",\"url\":\"https:\/\/vosgesinfo.fr\/remiremontinfo\/\",\"logo\":{\"@type\":\"ImageObject\",\"inLanguage\":\"fr-FR\",\"@id\":\"https:\/\/vosgesinfo.fr\/remiremontinfo\/#\/schema\/logo\/image\/\",\"url\":\"https:\/\/vosgesinfo.fr\/app\/uploads\/sites\/5\/2023\/08\/favicon-remiremontinfo.png\",\"contentUrl\":\"https:\/\/vosgesinfo.fr\/app\/uploads\/sites\/5\/2023\/08\/favicon-remiremontinfo.png\",\"width\":512,\"height\":512,\"caption\":\"Remiremont Info\"},\"image\":{\"@id\":\"https:\/\/vosgesinfo.fr\/remiremontinfo\/#\/schema\/logo\/image\/\"},\"sameAs\":[\"https:\/\/www.facebook.com\/remiremontinfo\",\"https:\/\/x.com\/VosgesInfo88\",\"https:\/\/www.youtube.com\/@vosgesinfo\"]},{\"@type\":\"Person\",\"@id\":\"https:\/\/vosgesinfo.fr\/remiremontinfo\/#\/schema\/person\/3bfd164d5218a185b1db68655a265316\",\"name\":\"C D\",\"image\":{\"@type\":\"ImageObject\",\"inLanguage\":\"fr-FR\",\"@id\":\"https:\/\/vosgesinfo.fr\/remiremontinfo\/#\/schema\/person\/image\/\",\"url\":\"https:\/\/secure.gravatar.com\/avatar\/1f9a70007336511a47468b8f1c66f922b8b7cf617b02a31149ada43893a5d48f?s=96&d=mm&r=g\",\"contentUrl\":\"https:\/\/secure.gravatar.com\/avatar\/1f9a70007336511a47468b8f1c66f922b8b7cf617b02a31149ada43893a5d48f?s=96&d=mm&r=g\",\"caption\":\"C D\"},\"url\":\"https:\/\/vosgesinfo.fr\/remiremontinfo\/author\/cedric-drevet\/\"}]}<\/script>\n<!-- \/ Yoast SEO plugin. -->","yoast_head_json":{"title":"Covid-19 : actuellement, 1 patient au centre hospitalier de Remiremont - Remiremont Info","robots":{"index":"index","follow":"follow","max-snippet":"max-snippet:-1","max-image-preview":"max-image-preview:large","max-video-preview":"max-video-preview:-1"},"canonical":"https:\/\/vosgesinfo.fr\/remiremontinfo\/2021\/11\/covid-19-actuellement-1-patient-centre-hospitalier-de-remiremont\/","twitter_card":"summary_large_image","twitter_title":"Covid-19 : actuellement, 1 patient au centre hospitalier de Remiremont - Remiremont Info","twitter_description":"Photo d\u2019archives\u00a0 Il y a quelques jours, la Pr\u00e9fecture des Vosges, dans son point sur la situation sanitaire, affirmait que [&hellip;]","twitter_image":"https:\/\/vosgesinfo.fr\/app\/uploads\/sites\/5\/2024\/09\/202104annotation-2020-06-12-0913291-5.png","twitter_creator":"@VosgesInfo88","twitter_site":"@VosgesInfo88","twitter_misc":{"\u00c9crit par":"C D","Dur\u00e9e de lecture estim\u00e9e":"1 minute"},"schema":{"@context":"https:\/\/schema.org","@graph":[{"@type":"Article","@id":"https:\/\/vosgesinfo.fr\/remiremontinfo\/2021\/11\/covid-19-actuellement-1-patient-centre-hospitalier-de-remiremont\/#article","isPartOf":{"@id":"https:\/\/vosgesinfo.fr\/remiremontinfo\/2021\/11\/covid-19-actuellement-1-patient-centre-hospitalier-de-remiremont\/"},"author":{"name":"C D","@id":"https:\/\/vosgesinfo.fr\/remiremontinfo\/#\/schema\/person\/3bfd164d5218a185b1db68655a265316"},"headline":"Covid-19 : actuellement, 1 patient au centre hospitalier de Remiremont","datePublished":"2021-11-22T16:46:03+00:00","dateModified":"2021-11-22T16:46:03+00:00","mainEntityOfPage":{"@id":"https:\/\/vosgesinfo.fr\/remiremontinfo\/2021\/11\/covid-19-actuellement-1-patient-centre-hospitalier-de-remiremont\/"},"wordCount":185,"commentCount":0,"publisher":{"@id":"https:\/\/vosgesinfo.fr\/remiremontinfo\/#organization"},"image":{"@id":"https:\/\/vosgesinfo.fr\/remiremontinfo\/2021\/11\/covid-19-actuellement-1-patient-centre-hospitalier-de-remiremont\/#primaryimage"},"thumbnailUrl":"https:\/\/vosgesinfo.fr\/app\/uploads\/sites\/5\/2024\/09\/202104annotation-2020-06-12-0913291-5.png","keywords":["covid","remiremont","sant\u00e9"],"articleSection":["A la Une","Remiremont","Remiremont &amp; son canton","Sant\u00e9"],"inLanguage":"fr-FR","potentialAction":[{"@type":"CommentAction","name":"Comment","target":["https:\/\/vosgesinfo.fr\/remiremontinfo\/2021\/11\/covid-19-actuellement-1-patient-centre-hospitalier-de-remiremont\/#respond"]}]},{"@type":"WebPage","@id":"https:\/\/vosgesinfo.fr\/remiremontinfo\/2021\/11\/covid-19-actuellement-1-patient-centre-hospitalier-de-remiremont\/","url":"https:\/\/vosgesinfo.fr\/remiremontinfo\/2021\/11\/covid-19-actuellement-1-patient-centre-hospitalier-de-remiremont\/","name":"Covid-19 : actuellement, 1 patient au centre hospitalier de Remiremont - Remiremont Info","isPartOf":{"@id":"https:\/\/vosgesinfo.fr\/remiremontinfo\/#website"},"primaryImageOfPage":{"@id":"https:\/\/vosgesinfo.fr\/remiremontinfo\/2021\/11\/covid-19-actuellement-1-patient-centre-hospitalier-de-remiremont\/#primaryimage"},"image":{"@id":"https:\/\/vosgesinfo.fr\/remiremontinfo\/2021\/11\/covid-19-actuellement-1-patient-centre-hospitalier-de-remiremont\/#primaryimage"},"thumbnailUrl":"https:\/\/vosgesinfo.fr\/app\/uploads\/sites\/5\/2024\/09\/202104annotation-2020-06-12-0913291-5.png","datePublished":"2021-11-22T16:46:03+00:00","dateModified":"2021-11-22T16:46:03+00:00","breadcrumb":{"@id":"https:\/\/vosgesinfo.fr\/remiremontinfo\/2021\/11\/covid-19-actuellement-1-patient-centre-hospitalier-de-remiremont\/#breadcrumb"},"inLanguage":"fr-FR","potentialAction":[{"@type":"ReadAction","target":["https:\/\/vosgesinfo.fr\/remiremontinfo\/2021\/11\/covid-19-actuellement-1-patient-centre-hospitalier-de-remiremont\/"]}]},{"@type":"ImageObject","inLanguage":"fr-FR","@id":"https:\/\/vosgesinfo.fr\/remiremontinfo\/2021\/11\/covid-19-actuellement-1-patient-centre-hospitalier-de-remiremont\/#primaryimage","url":"https:\/\/vosgesinfo.fr\/app\/uploads\/sites\/5\/2024\/09\/202104annotation-2020-06-12-0913291-5.png","contentUrl":"https:\/\/vosgesinfo.fr\/app\/uploads\/sites\/5\/2024\/09\/202104annotation-2020-06-12-0913291-5.png","width":800,"height":534},{"@type":"BreadcrumbList","@id":"https:\/\/vosgesinfo.fr\/remiremontinfo\/2021\/11\/covid-19-actuellement-1-patient-centre-hospitalier-de-remiremont\/#breadcrumb","itemListElement":[{"@type":"ListItem","position":1,"name":"Home","item":"https:\/\/vosgesinfo.fr\/remiremontinfo\/"},{"@type":"ListItem","position":2,"name":"Covid-19 : actuellement, 1 patient au centre hospitalier de Remiremont"}]},{"@type":"WebSite","@id":"https:\/\/vosgesinfo.fr\/remiremontinfo\/#website","url":"https:\/\/vosgesinfo.fr\/remiremontinfo\/","name":"Remiremont Info","description":"Toute l&#039;actualit\u00e9 de Remiremont","publisher":{"@id":"https:\/\/vosgesinfo.fr\/remiremontinfo\/#organization"},"alternateName":"Toute l'actualit\u00e9 de Remiremont","potentialAction":[{"@type":"SearchAction","target":{"@type":"EntryPoint","urlTemplate":"https:\/\/vosgesinfo.fr\/remiremontinfo\/?s={search_term_string}"},"query-input":"required name=search_term_string"}],"inLanguage":"fr-FR"},{"@type":"Organization","@id":"https:\/\/vosgesinfo.fr\/remiremontinfo\/#organization","name":"Remiremont Info","url":"https:\/\/vosgesinfo.fr\/remiremontinfo\/","logo":{"@type":"ImageObject","inLanguage":"fr-FR","@id":"https:\/\/vosgesinfo.fr\/remiremontinfo\/#\/schema\/logo\/image\/","url":"https:\/\/vosgesinfo.fr\/app\/uploads\/sites\/5\/2023\/08\/favicon-remiremontinfo.png","contentUrl":"https:\/\/vosgesinfo.fr\/app\/uploads\/sites\/5\/2023\/08\/favicon-remiremontinfo.png","width":512,"height":512,"caption":"Remiremont Info"},"image":{"@id":"https:\/\/vosgesinfo.fr\/remiremontinfo\/#\/schema\/logo\/image\/"},"sameAs":["https:\/\/www.facebook.com\/remiremontinfo","https:\/\/x.com\/VosgesInfo88","https:\/\/www.youtube.com\/@vosgesinfo"]},{"@type":"Person","@id":"https:\/\/vosgesinfo.fr\/remiremontinfo\/#\/schema\/person\/3bfd164d5218a185b1db68655a265316","name":"C D","image":{"@type":"ImageObject","inLanguage":"fr-FR","@id":"https:\/\/vosgesinfo.fr\/remiremontinfo\/#\/schema\/person\/image\/","url":"https:\/\/secure.gravatar.com\/avatar\/1f9a70007336511a47468b8f1c66f922b8b7cf617b02a31149ada43893a5d48f?s=96&d=mm&r=g","contentUrl":"https:\/\/secure.gravatar.com\/avatar\/1f9a70007336511a47468b8f1c66f922b8b7cf617b02a31149ada43893a5d48f?s=96&d=mm&r=g","caption":"C D"},"url":"https:\/\/vosgesinfo.fr\/remiremontinfo\/author\/cedric-drevet\/"}]}},"_links":{"self":[{"href":"https:\/\/vosgesinfo.fr\/remiremontinfo\/wp-json\/wp\/v2\/posts\/49133","targetHints":{"allow":["GET"]}}],"collection":[{"href":"https:\/\/vosgesinfo.fr\/remiremontinfo\/wp-json\/wp\/v2\/posts"}],"about":[{"href":"https:\/\/vosgesinfo.fr\/remiremontinfo\/wp-json\/wp\/v2\/types\/post"}],"author":[{"embeddable":true,"href":"https:\/\/vosgesinfo.fr\/remiremontinfo\/wp-json\/wp\/v2\/users\/407"}],"replies":[{"embeddable":true,"href":"https:\/\/vosgesinfo.fr\/remiremontinfo\/wp-json\/wp\/v2\/comments?post=49133"}],"version-history":[{"count":0,"href":"https:\/\/vosgesinfo.fr\/remiremontinfo\/wp-json\/wp\/v2\/posts\/49133\/revisions"}],"wp:featuredmedia":[{"embeddable":true,"href":"https:\/\/vosgesinfo.fr\/remiremontinfo\/wp-json\/wp\/v2\/media\/49134"}],"wp:attachment":[{"href":"https:\/\/vosgesinfo.fr\/remiremontinfo\/wp-json\/wp\/v2\/media?parent=49133"}],"wp:term":[{"taxonomy":"category","embeddable":true,"href":"https:\/\/vosgesinfo.fr\/remiremontinfo\/wp-json\/wp\/v2\/categories?post=49133"},{"taxonomy":"post_tag","embeddable":true,"href":"https:\/\/vosgesinfo.fr\/remiremontinfo\/wp-json\/wp\/v2\/tags?post=49133"}],"curies":[{"name":"wp","href":"https:\/\/api.w.org\/{rel}","templated":true}]}}