{"id":49221,"date":"2021-11-24T15:23:13","date_gmt":"2021-11-24T14:23:13","guid":{"rendered":"https:\/\/vosgesinfo.fr\/remiremontinfo\/2021\/11\/gerard-claudel-elu-president-de-cci-vosges-3eme-mandat-consecutif\/"},"modified":"2021-11-24T15:23:13","modified_gmt":"2021-11-24T14:23:13","slug":"gerard-claudel-elu-president-de-cci-vosges-3eme-mandat-consecutif","status":"publish","type":"post","link":"https:\/\/vosgesinfo.fr\/remiremontinfo\/2021\/11\/gerard-claudel-elu-president-de-cci-vosges-3eme-mandat-consecutif\/","title":{"rendered":"G\u00e9rard Claudel \u00e9lu pr\u00e9sident de la CCI des Vosges pour un 3\u00e8me mandat cons\u00e9cutif"},"content":{"rendered":"<p><span style=\"font-size: 12pt;\"><a href=\"\/2021\/11\/AG_CCI88-800x533.jpg\"><img decoding=\"async\" class=\"alignnone size-full wp-image-332384\" src=\"\/2021\/11\/AG_CCI88-800x533.jpg\" alt=\"AG_CCI88-800x533\" width=\"800\" height=\"533\" \/><\/a><\/span><\/p>\n<h2><span style=\"font-size: 12pt;\">La nouvelle Assembl\u00e9e g\u00e9n\u00e9rale de la CCI des Vosges a \u00e9t\u00e9 constitu\u00e9e ce mercredi 24 novembre. A cette occasion, G\u00e9rard Claudel, pr\u00e9sident sortant, a \u00e9t\u00e9 r\u00e9\u00e9lu pour un 3<sup>\u00e8me<\/sup>\u00a0mandat de 5ans cons\u00e9cutif. Un nouveau bureau de 9 membres a \u00e9galement \u00e9t\u00e9 \u00e9lu.<\/span><\/h2>\n<p><span style=\"font-size: 12pt;\">Ce mercredi 24 novembre 2021 se r\u00e9unissaient au si\u00e8ge de la Chambre de Commerce et d\u2019Industrie des Vosges, les 30 repr\u00e9sentants des entreprises vosgiennes r\u00e9cemment \u00e9lus par leurs pairs, qui composent la nouvelle Assembl\u00e9e g\u00e9n\u00e9rale. A cette occasion, cette derni\u00e8re a \u00e9lu son Pr\u00e9sident et les membres de son Bureau.<\/span><\/p>\n<p><span style=\"font-size: 12pt;\">Suite aux r\u00e9centes \u00e9lections qui se sont tenues entre le 27 octobre et le 9 novembre dernier, 30 repr\u00e9sentants b\u00e9n\u00e9voles ont \u00e9t\u00e9 d\u00e9sign\u00e9s pour si\u00e9ger pendant les 5 prochaines ann\u00e9es, au sein de l\u2019Assembl\u00e9e g\u00e9n\u00e9rale de la CCI des Vosges.<\/span><br \/>\n<span style=\"font-size: 12pt;\">Le r\u00f4le de l\u2019Assembl\u00e9e g\u00e9n\u00e9rale est de d\u00e9finir le programme d\u2019actions de la CCI des Vosges et de s\u2019assurer de son application effective. Celle-ci s\u2019est donc rassembl\u00e9e pour la premi\u00e8re fois ce mercredi 24 novembre, pour lancer cette nouvelle mandature et \u00e9lire son Pr\u00e9sident et les membres de de son Bureau, qui en assure la gouvernance.<\/span><\/p>\n<p><span style=\"font-size: 12pt;\">G\u00e9rard CLAUDEL, Pr\u00e9sident sortant, a \u00e9t\u00e9 \u00e9lu pour un troisi\u00e8me mandat cons\u00e9cutif.\u00a0<em>\u00ab Les membres de l\u2019Assembl\u00e9e g\u00e9n\u00e9rale, du Bureau et moi-m\u00eame sommes collectivement et individuellement honor\u00e9s de cette confiance qui nous est accord\u00e9e. Elle nous oblige. Notre Chambre de Commerce et d\u2019Industrie est d\u00e9termin\u00e9e \u00e0 tenir toute sa place dans le soutien et le d\u00e9veloppement de l\u2019\u00e9conomie vosgienne et de son territoire. \u00bb<\/em>\u00a0G\u00e9rard CLAUDEL, Pr\u00e9sident de la CCI des Vosges.<\/span><\/p>\n<p><span style=\"font-size: 12pt;\"><a href=\"https:\/\/epinalinfos.fr\/wp-content\/uploads\/2021\/11\/Bureau_CCI88.jpg\" data-featherlight=\"image\"><img decoding=\"async\" class=\"alignright size-medium wp-image-192440\" src=\"https:\/\/epinalinfos.fr\/wp-content\/uploads\/2021\/11\/Bureau_CCI88-383x255.jpg\" alt=\"Bureau_CCI88\" width=\"383\" height=\"255\" \/><\/a>Outre le Pr\u00e9sident, le Bureau est constitu\u00e9 de 8 autres membres :<\/span><\/p>\n<p><span style=\"font-size: 12pt;\">Mme Anne-Christine FRERE, Vice-Pr\u00e9sidente d\u00e9l\u00e9gu\u00e9e \u2013 CFGS (Saint-Nabord)<\/span><br \/>\n<span style=\"font-size: 12pt;\">\u2013 M. Christophe LEMESLE, Vice-Pr\u00e9sident Commerce \u2013 Opticien Rambervillers<\/span><br \/>\n<span style=\"font-size: 12pt;\">\u2013 Mme Laurence SCHWALM, Vice-Pr\u00e9sidente Service \u2013 Editions Ex aequo (Plombi\u00e8res-les-Bains)<\/span><br \/>\n<span style=\"font-size: 12pt;\">\u2013 Mme Nathalie VAXELAIRE, Vice-Pr\u00e9sidente Industrie \u2013 Soci\u00e9t\u00e9 Trane (Golbey)<\/span><br \/>\n<span style=\"font-size: 12pt;\">\u2013 M. Jean-Louis VAXELAIRE, Tr\u00e9sorier \u2013 Graniterie Petitjean (La Bresse)<\/span><br \/>\n<span style=\"font-size: 12pt;\">\u2013 M. Jean-Fran\u00e7ois HOUILLON, Tr\u00e9sorier adjoint \u2013 Houillon Electricit\u00e9 (Uzemain)<\/span><br \/>\n<span style=\"font-size: 12pt;\">\u2013 M. G\u00e9rard BARRIERE, Secr\u00e9taire \u2013 Trapid-Bigoni (Saulxures-sur-Moselotte)<\/span><br \/>\n<span style=\"font-size: 12pt;\">\u2013 M. David SENOT, Secr\u00e9taire \u2013 Centre du sanitaire et carrelage (Nomexy)<\/span><\/p>\n<h3><span style=\"font-size: 12pt;\">Une Assembl\u00e9e g\u00e9n\u00e9rale renouvel\u00e9e au tiers<\/span><\/h3>\n<p><span style=\"font-size: 12pt;\"><a href=\"https:\/\/epinalinfos.fr\/wp-content\/uploads\/2021\/11\/IMG_9499.jpg\" data-featherlight=\"image\"><img decoding=\"async\" class=\"alignright size-medium wp-image-192441\" src=\"https:\/\/epinalinfos.fr\/wp-content\/uploads\/2021\/11\/IMG_9499-340x255.jpg\" alt=\"IMG_9499\" width=\"340\" height=\"255\" \/><\/a>Parmi les 30 membres \u00e9lus qui composent la nouvelle Assembl\u00e9e g\u00e9n\u00e9rale, 9 sont issus du secteur des services, 14 de l\u2019industrie et 7 du commerce, cette r\u00e9partition correspondant \u00e0 la repr\u00e9sentativit\u00e9 du poids \u00e9conomique de chaque secteur, sur le plan d\u00e9partemental. Sur les 30 membres de l\u2019AG, 10 d\u00e9couvrent ces fonctions.<\/span><br \/>\n<span style=\"font-size: 12pt;\">S\u2019il revient \u00e0 l\u2019Assembl\u00e9e g\u00e9n\u00e9rale qui vient de se constituer, de d\u00e9finir le programme d\u2019actions, le Pr\u00e9sident G\u00e9rard CLAUDEL indique qu\u2019il s\u2019articulera autour de 3 axes :<\/span><\/p>\n<ol>\n<li><span style=\"font-size: 12pt;\">Le relai aupr\u00e8s des entreprises locales de toutes les mesures en lien avec le Plan de relance. Impuls\u00e9 par l\u2019Etat et relay\u00e9 localement par ses partenaires dont le r\u00e9seau des CCI, il comporte de nombreuses actions sur des champs vari\u00e9s comme la transition \u00e9cologique, la transition num\u00e9rique, le suivi des entreprises en difficult\u00e9s, et bien d\u2019autres.<\/span><br \/>\n<span style=\"font-size: 12pt;\">2. L\u2019accompagnement \u00e0 la digitalisation des entreprises vosgiennes et le d\u00e9veloppement du num\u00e9rique dans les Vosges. Le Quai Alpha est aujourd\u2019hui un outil impactant et reconnu sur le plan local mais aussi \u00e0 l\u2019\u00e9chelle de la R\u00e9gion Grand Est. L\u2019objectif est de continuer dans cette voie avec l\u2019ambition de faire des Vosges, une place forte du num\u00e9rique.<\/span><br \/>\n<span style=\"font-size: 12pt;\">3. Le d\u00e9veloppement des \u00e9nergies vertes et notamment de l\u2019hydrog\u00e8ne, avec des projets d\u2019ampleur dans ce domaine sur le plan local, dans le cadre de ce qui devrait \u00eatre une action nationale du r\u00e9seau des CCI.\u00a0<\/span><\/li>\n<\/ol>\n<p>&nbsp;<\/p>\n","protected":false},"excerpt":{"rendered":"<p>La nouvelle Assembl\u00e9e g\u00e9n\u00e9rale de la CCI des Vosges a \u00e9t\u00e9 constitu\u00e9e ce mercredi 24 novembre. A cette occasion, G\u00e9rard [&hellip;]<\/p>\n","protected":false},"author":407,"featured_media":49222,"comment_status":"open","ping_status":"open","sticky":false,"template":"","format":"standard","meta":{"footnotes":""},"categories":[26,5,18],"tags":[463,2177,32],"class_list":["post-49221","post","type-post","status-publish","format-standard","has-post-thumbnail","hentry","category-a-la-une","category-economie","category-vosges","tag-cci","tag-president","tag-vosges"],"acf":[],"yoast_head":"<!-- This site is optimized with the Yoast SEO plugin v22.5 - https:\/\/yoast.com\/wordpress\/plugins\/seo\/ -->\n<title>G\u00e9rard Claudel \u00e9lu pr\u00e9sident de la CCI des Vosges pour un 3\u00e8me mandat cons\u00e9cutif - Remiremont Info<\/title>\n<meta name=\"robots\" content=\"index, follow, max-snippet:-1, max-image-preview:large, max-video-preview:-1\" \/>\n<link rel=\"canonical\" href=\"https:\/\/vosgesinfo.fr\/remiremontinfo\/2021\/11\/gerard-claudel-elu-president-de-cci-vosges-3eme-mandat-consecutif\/\" \/>\n<meta name=\"twitter:card\" content=\"summary_large_image\" \/>\n<meta name=\"twitter:title\" content=\"G\u00e9rard Claudel \u00e9lu pr\u00e9sident de la CCI des Vosges pour un 3\u00e8me mandat cons\u00e9cutif - Remiremont Info\" \/>\n<meta name=\"twitter:description\" content=\"La nouvelle Assembl\u00e9e g\u00e9n\u00e9rale de la CCI des Vosges a \u00e9t\u00e9 constitu\u00e9e ce mercredi 24 novembre. A cette occasion, G\u00e9rard [&hellip;]\" \/>\n<meta name=\"twitter:image\" content=\"https:\/\/vosgesinfo.fr\/app\/uploads\/sites\/5\/2024\/09\/202111ag-cci88-800x533-1.jpg\" \/>\n<meta name=\"twitter:creator\" content=\"@VosgesInfo88\" \/>\n<meta name=\"twitter:site\" content=\"@VosgesInfo88\" \/>\n<meta name=\"twitter:label1\" content=\"\u00c9crit par\" \/>\n\t<meta name=\"twitter:data1\" content=\"C D\" \/>\n\t<meta name=\"twitter:label2\" content=\"Dur\u00e9e de lecture estim\u00e9e\" \/>\n\t<meta name=\"twitter:data2\" content=\"3 minutes\" \/>\n<script type=\"application\/ld+json\" class=\"yoast-schema-graph\">{\"@context\":\"https:\/\/schema.org\",\"@graph\":[{\"@type\":\"Article\",\"@id\":\"https:\/\/vosgesinfo.fr\/remiremontinfo\/2021\/11\/gerard-claudel-elu-president-de-cci-vosges-3eme-mandat-consecutif\/#article\",\"isPartOf\":{\"@id\":\"https:\/\/vosgesinfo.fr\/remiremontinfo\/2021\/11\/gerard-claudel-elu-president-de-cci-vosges-3eme-mandat-consecutif\/\"},\"author\":{\"name\":\"C D\",\"@id\":\"https:\/\/vosgesinfo.fr\/remiremontinfo\/#\/schema\/person\/3bfd164d5218a185b1db68655a265316\"},\"headline\":\"G\u00e9rard Claudel \u00e9lu pr\u00e9sident de la CCI des Vosges pour un 3\u00e8me mandat cons\u00e9cutif\",\"datePublished\":\"2021-11-24T14:23:13+00:00\",\"dateModified\":\"2021-11-24T14:23:13+00:00\",\"mainEntityOfPage\":{\"@id\":\"https:\/\/vosgesinfo.fr\/remiremontinfo\/2021\/11\/gerard-claudel-elu-president-de-cci-vosges-3eme-mandat-consecutif\/\"},\"wordCount\":679,\"commentCount\":0,\"publisher\":{\"@id\":\"https:\/\/vosgesinfo.fr\/remiremontinfo\/#organization\"},\"image\":{\"@id\":\"https:\/\/vosgesinfo.fr\/remiremontinfo\/2021\/11\/gerard-claudel-elu-president-de-cci-vosges-3eme-mandat-consecutif\/#primaryimage\"},\"thumbnailUrl\":\"https:\/\/vosgesinfo.fr\/app\/uploads\/sites\/5\/2024\/09\/202111ag-cci88-800x533-1.jpg\",\"keywords\":[\"cci\",\"Pr\u00e9sident\",\"Vosges\"],\"articleSection\":[\"A la Une\",\"\u00c9conomie\",\"Vosges\"],\"inLanguage\":\"fr-FR\",\"potentialAction\":[{\"@type\":\"CommentAction\",\"name\":\"Comment\",\"target\":[\"https:\/\/vosgesinfo.fr\/remiremontinfo\/2021\/11\/gerard-claudel-elu-president-de-cci-vosges-3eme-mandat-consecutif\/#respond\"]}]},{\"@type\":\"WebPage\",\"@id\":\"https:\/\/vosgesinfo.fr\/remiremontinfo\/2021\/11\/gerard-claudel-elu-president-de-cci-vosges-3eme-mandat-consecutif\/\",\"url\":\"https:\/\/vosgesinfo.fr\/remiremontinfo\/2021\/11\/gerard-claudel-elu-president-de-cci-vosges-3eme-mandat-consecutif\/\",\"name\":\"G\u00e9rard Claudel \u00e9lu pr\u00e9sident de la CCI des Vosges pour un 3\u00e8me mandat cons\u00e9cutif - Remiremont Info\",\"isPartOf\":{\"@id\":\"https:\/\/vosgesinfo.fr\/remiremontinfo\/#website\"},\"primaryImageOfPage\":{\"@id\":\"https:\/\/vosgesinfo.fr\/remiremontinfo\/2021\/11\/gerard-claudel-elu-president-de-cci-vosges-3eme-mandat-consecutif\/#primaryimage\"},\"image\":{\"@id\":\"https:\/\/vosgesinfo.fr\/remiremontinfo\/2021\/11\/gerard-claudel-elu-president-de-cci-vosges-3eme-mandat-consecutif\/#primaryimage\"},\"thumbnailUrl\":\"https:\/\/vosgesinfo.fr\/app\/uploads\/sites\/5\/2024\/09\/202111ag-cci88-800x533-1.jpg\",\"datePublished\":\"2021-11-24T14:23:13+00:00\",\"dateModified\":\"2021-11-24T14:23:13+00:00\",\"breadcrumb\":{\"@id\":\"https:\/\/vosgesinfo.fr\/remiremontinfo\/2021\/11\/gerard-claudel-elu-president-de-cci-vosges-3eme-mandat-consecutif\/#breadcrumb\"},\"inLanguage\":\"fr-FR\",\"potentialAction\":[{\"@type\":\"ReadAction\",\"target\":[\"https:\/\/vosgesinfo.fr\/remiremontinfo\/2021\/11\/gerard-claudel-elu-president-de-cci-vosges-3eme-mandat-consecutif\/\"]}]},{\"@type\":\"ImageObject\",\"inLanguage\":\"fr-FR\",\"@id\":\"https:\/\/vosgesinfo.fr\/remiremontinfo\/2021\/11\/gerard-claudel-elu-president-de-cci-vosges-3eme-mandat-consecutif\/#primaryimage\",\"url\":\"https:\/\/vosgesinfo.fr\/app\/uploads\/sites\/5\/2024\/09\/202111ag-cci88-800x533-1.jpg\",\"contentUrl\":\"https:\/\/vosgesinfo.fr\/app\/uploads\/sites\/5\/2024\/09\/202111ag-cci88-800x533-1.jpg\",\"width\":800,\"height\":533},{\"@type\":\"BreadcrumbList\",\"@id\":\"https:\/\/vosgesinfo.fr\/remiremontinfo\/2021\/11\/gerard-claudel-elu-president-de-cci-vosges-3eme-mandat-consecutif\/#breadcrumb\",\"itemListElement\":[{\"@type\":\"ListItem\",\"position\":1,\"name\":\"Home\",\"item\":\"https:\/\/vosgesinfo.fr\/remiremontinfo\/\"},{\"@type\":\"ListItem\",\"position\":2,\"name\":\"G\u00e9rard Claudel \u00e9lu pr\u00e9sident de la CCI des Vosges pour un 3\u00e8me mandat cons\u00e9cutif\"}]},{\"@type\":\"WebSite\",\"@id\":\"https:\/\/vosgesinfo.fr\/remiremontinfo\/#website\",\"url\":\"https:\/\/vosgesinfo.fr\/remiremontinfo\/\",\"name\":\"Remiremont Info\",\"description\":\"Toute l&#039;actualit\u00e9 de Remiremont\",\"publisher\":{\"@id\":\"https:\/\/vosgesinfo.fr\/remiremontinfo\/#organization\"},\"alternateName\":\"Toute l'actualit\u00e9 de Remiremont\",\"potentialAction\":[{\"@type\":\"SearchAction\",\"target\":{\"@type\":\"EntryPoint\",\"urlTemplate\":\"https:\/\/vosgesinfo.fr\/remiremontinfo\/?s={search_term_string}\"},\"query-input\":\"required name=search_term_string\"}],\"inLanguage\":\"fr-FR\"},{\"@type\":\"Organization\",\"@id\":\"https:\/\/vosgesinfo.fr\/remiremontinfo\/#organization\",\"name\":\"Remiremont Info\",\"url\":\"https:\/\/vosgesinfo.fr\/remiremontinfo\/\",\"logo\":{\"@type\":\"ImageObject\",\"inLanguage\":\"fr-FR\",\"@id\":\"https:\/\/vosgesinfo.fr\/remiremontinfo\/#\/schema\/logo\/image\/\",\"url\":\"https:\/\/vosgesinfo.fr\/app\/uploads\/sites\/5\/2023\/08\/favicon-remiremontinfo.png\",\"contentUrl\":\"https:\/\/vosgesinfo.fr\/app\/uploads\/sites\/5\/2023\/08\/favicon-remiremontinfo.png\",\"width\":512,\"height\":512,\"caption\":\"Remiremont Info\"},\"image\":{\"@id\":\"https:\/\/vosgesinfo.fr\/remiremontinfo\/#\/schema\/logo\/image\/\"},\"sameAs\":[\"https:\/\/www.facebook.com\/remiremontinfo\",\"https:\/\/x.com\/VosgesInfo88\",\"https:\/\/www.youtube.com\/@vosgesinfo\"]},{\"@type\":\"Person\",\"@id\":\"https:\/\/vosgesinfo.fr\/remiremontinfo\/#\/schema\/person\/3bfd164d5218a185b1db68655a265316\",\"name\":\"C D\",\"image\":{\"@type\":\"ImageObject\",\"inLanguage\":\"fr-FR\",\"@id\":\"https:\/\/vosgesinfo.fr\/remiremontinfo\/#\/schema\/person\/image\/\",\"url\":\"https:\/\/secure.gravatar.com\/avatar\/1f9a70007336511a47468b8f1c66f922b8b7cf617b02a31149ada43893a5d48f?s=96&d=mm&r=g\",\"contentUrl\":\"https:\/\/secure.gravatar.com\/avatar\/1f9a70007336511a47468b8f1c66f922b8b7cf617b02a31149ada43893a5d48f?s=96&d=mm&r=g\",\"caption\":\"C D\"},\"url\":\"https:\/\/vosgesinfo.fr\/remiremontinfo\/author\/cedric-drevet\/\"}]}<\/script>\n<!-- \/ Yoast SEO plugin. -->","yoast_head_json":{"title":"G\u00e9rard Claudel \u00e9lu pr\u00e9sident de la CCI des Vosges pour un 3\u00e8me mandat cons\u00e9cutif - Remiremont Info","robots":{"index":"index","follow":"follow","max-snippet":"max-snippet:-1","max-image-preview":"max-image-preview:large","max-video-preview":"max-video-preview:-1"},"canonical":"https:\/\/vosgesinfo.fr\/remiremontinfo\/2021\/11\/gerard-claudel-elu-president-de-cci-vosges-3eme-mandat-consecutif\/","twitter_card":"summary_large_image","twitter_title":"G\u00e9rard Claudel \u00e9lu pr\u00e9sident de la CCI des Vosges pour un 3\u00e8me mandat cons\u00e9cutif - Remiremont Info","twitter_description":"La nouvelle Assembl\u00e9e g\u00e9n\u00e9rale de la CCI des Vosges a \u00e9t\u00e9 constitu\u00e9e ce mercredi 24 novembre. A cette occasion, G\u00e9rard [&hellip;]","twitter_image":"https:\/\/vosgesinfo.fr\/app\/uploads\/sites\/5\/2024\/09\/202111ag-cci88-800x533-1.jpg","twitter_creator":"@VosgesInfo88","twitter_site":"@VosgesInfo88","twitter_misc":{"\u00c9crit par":"C D","Dur\u00e9e de lecture estim\u00e9e":"3 minutes"},"schema":{"@context":"https:\/\/schema.org","@graph":[{"@type":"Article","@id":"https:\/\/vosgesinfo.fr\/remiremontinfo\/2021\/11\/gerard-claudel-elu-president-de-cci-vosges-3eme-mandat-consecutif\/#article","isPartOf":{"@id":"https:\/\/vosgesinfo.fr\/remiremontinfo\/2021\/11\/gerard-claudel-elu-president-de-cci-vosges-3eme-mandat-consecutif\/"},"author":{"name":"C D","@id":"https:\/\/vosgesinfo.fr\/remiremontinfo\/#\/schema\/person\/3bfd164d5218a185b1db68655a265316"},"headline":"G\u00e9rard Claudel \u00e9lu pr\u00e9sident de la CCI des Vosges pour un 3\u00e8me mandat cons\u00e9cutif","datePublished":"2021-11-24T14:23:13+00:00","dateModified":"2021-11-24T14:23:13+00:00","mainEntityOfPage":{"@id":"https:\/\/vosgesinfo.fr\/remiremontinfo\/2021\/11\/gerard-claudel-elu-president-de-cci-vosges-3eme-mandat-consecutif\/"},"wordCount":679,"commentCount":0,"publisher":{"@id":"https:\/\/vosgesinfo.fr\/remiremontinfo\/#organization"},"image":{"@id":"https:\/\/vosgesinfo.fr\/remiremontinfo\/2021\/11\/gerard-claudel-elu-president-de-cci-vosges-3eme-mandat-consecutif\/#primaryimage"},"thumbnailUrl":"https:\/\/vosgesinfo.fr\/app\/uploads\/sites\/5\/2024\/09\/202111ag-cci88-800x533-1.jpg","keywords":["cci","Pr\u00e9sident","Vosges"],"articleSection":["A la Une","\u00c9conomie","Vosges"],"inLanguage":"fr-FR","potentialAction":[{"@type":"CommentAction","name":"Comment","target":["https:\/\/vosgesinfo.fr\/remiremontinfo\/2021\/11\/gerard-claudel-elu-president-de-cci-vosges-3eme-mandat-consecutif\/#respond"]}]},{"@type":"WebPage","@id":"https:\/\/vosgesinfo.fr\/remiremontinfo\/2021\/11\/gerard-claudel-elu-president-de-cci-vosges-3eme-mandat-consecutif\/","url":"https:\/\/vosgesinfo.fr\/remiremontinfo\/2021\/11\/gerard-claudel-elu-president-de-cci-vosges-3eme-mandat-consecutif\/","name":"G\u00e9rard Claudel \u00e9lu pr\u00e9sident de la CCI des Vosges pour un 3\u00e8me mandat cons\u00e9cutif - Remiremont Info","isPartOf":{"@id":"https:\/\/vosgesinfo.fr\/remiremontinfo\/#website"},"primaryImageOfPage":{"@id":"https:\/\/vosgesinfo.fr\/remiremontinfo\/2021\/11\/gerard-claudel-elu-president-de-cci-vosges-3eme-mandat-consecutif\/#primaryimage"},"image":{"@id":"https:\/\/vosgesinfo.fr\/remiremontinfo\/2021\/11\/gerard-claudel-elu-president-de-cci-vosges-3eme-mandat-consecutif\/#primaryimage"},"thumbnailUrl":"https:\/\/vosgesinfo.fr\/app\/uploads\/sites\/5\/2024\/09\/202111ag-cci88-800x533-1.jpg","datePublished":"2021-11-24T14:23:13+00:00","dateModified":"2021-11-24T14:23:13+00:00","breadcrumb":{"@id":"https:\/\/vosgesinfo.fr\/remiremontinfo\/2021\/11\/gerard-claudel-elu-president-de-cci-vosges-3eme-mandat-consecutif\/#breadcrumb"},"inLanguage":"fr-FR","potentialAction":[{"@type":"ReadAction","target":["https:\/\/vosgesinfo.fr\/remiremontinfo\/2021\/11\/gerard-claudel-elu-president-de-cci-vosges-3eme-mandat-consecutif\/"]}]},{"@type":"ImageObject","inLanguage":"fr-FR","@id":"https:\/\/vosgesinfo.fr\/remiremontinfo\/2021\/11\/gerard-claudel-elu-president-de-cci-vosges-3eme-mandat-consecutif\/#primaryimage","url":"https:\/\/vosgesinfo.fr\/app\/uploads\/sites\/5\/2024\/09\/202111ag-cci88-800x533-1.jpg","contentUrl":"https:\/\/vosgesinfo.fr\/app\/uploads\/sites\/5\/2024\/09\/202111ag-cci88-800x533-1.jpg","width":800,"height":533},{"@type":"BreadcrumbList","@id":"https:\/\/vosgesinfo.fr\/remiremontinfo\/2021\/11\/gerard-claudel-elu-president-de-cci-vosges-3eme-mandat-consecutif\/#breadcrumb","itemListElement":[{"@type":"ListItem","position":1,"name":"Home","item":"https:\/\/vosgesinfo.fr\/remiremontinfo\/"},{"@type":"ListItem","position":2,"name":"G\u00e9rard Claudel \u00e9lu pr\u00e9sident de la CCI des Vosges pour un 3\u00e8me mandat cons\u00e9cutif"}]},{"@type":"WebSite","@id":"https:\/\/vosgesinfo.fr\/remiremontinfo\/#website","url":"https:\/\/vosgesinfo.fr\/remiremontinfo\/","name":"Remiremont Info","description":"Toute l&#039;actualit\u00e9 de Remiremont","publisher":{"@id":"https:\/\/vosgesinfo.fr\/remiremontinfo\/#organization"},"alternateName":"Toute l'actualit\u00e9 de Remiremont","potentialAction":[{"@type":"SearchAction","target":{"@type":"EntryPoint","urlTemplate":"https:\/\/vosgesinfo.fr\/remiremontinfo\/?s={search_term_string}"},"query-input":"required name=search_term_string"}],"inLanguage":"fr-FR"},{"@type":"Organization","@id":"https:\/\/vosgesinfo.fr\/remiremontinfo\/#organization","name":"Remiremont Info","url":"https:\/\/vosgesinfo.fr\/remiremontinfo\/","logo":{"@type":"ImageObject","inLanguage":"fr-FR","@id":"https:\/\/vosgesinfo.fr\/remiremontinfo\/#\/schema\/logo\/image\/","url":"https:\/\/vosgesinfo.fr\/app\/uploads\/sites\/5\/2023\/08\/favicon-remiremontinfo.png","contentUrl":"https:\/\/vosgesinfo.fr\/app\/uploads\/sites\/5\/2023\/08\/favicon-remiremontinfo.png","width":512,"height":512,"caption":"Remiremont Info"},"image":{"@id":"https:\/\/vosgesinfo.fr\/remiremontinfo\/#\/schema\/logo\/image\/"},"sameAs":["https:\/\/www.facebook.com\/remiremontinfo","https:\/\/x.com\/VosgesInfo88","https:\/\/www.youtube.com\/@vosgesinfo"]},{"@type":"Person","@id":"https:\/\/vosgesinfo.fr\/remiremontinfo\/#\/schema\/person\/3bfd164d5218a185b1db68655a265316","name":"C D","image":{"@type":"ImageObject","inLanguage":"fr-FR","@id":"https:\/\/vosgesinfo.fr\/remiremontinfo\/#\/schema\/person\/image\/","url":"https:\/\/secure.gravatar.com\/avatar\/1f9a70007336511a47468b8f1c66f922b8b7cf617b02a31149ada43893a5d48f?s=96&d=mm&r=g","contentUrl":"https:\/\/secure.gravatar.com\/avatar\/1f9a70007336511a47468b8f1c66f922b8b7cf617b02a31149ada43893a5d48f?s=96&d=mm&r=g","caption":"C D"},"url":"https:\/\/vosgesinfo.fr\/remiremontinfo\/author\/cedric-drevet\/"}]}},"_links":{"self":[{"href":"https:\/\/vosgesinfo.fr\/remiremontinfo\/wp-json\/wp\/v2\/posts\/49221","targetHints":{"allow":["GET"]}}],"collection":[{"href":"https:\/\/vosgesinfo.fr\/remiremontinfo\/wp-json\/wp\/v2\/posts"}],"about":[{"href":"https:\/\/vosgesinfo.fr\/remiremontinfo\/wp-json\/wp\/v2\/types\/post"}],"author":[{"embeddable":true,"href":"https:\/\/vosgesinfo.fr\/remiremontinfo\/wp-json\/wp\/v2\/users\/407"}],"replies":[{"embeddable":true,"href":"https:\/\/vosgesinfo.fr\/remiremontinfo\/wp-json\/wp\/v2\/comments?post=49221"}],"version-history":[{"count":0,"href":"https:\/\/vosgesinfo.fr\/remiremontinfo\/wp-json\/wp\/v2\/posts\/49221\/revisions"}],"wp:featuredmedia":[{"embeddable":true,"href":"https:\/\/vosgesinfo.fr\/remiremontinfo\/wp-json\/wp\/v2\/media\/49222"}],"wp:attachment":[{"href":"https:\/\/vosgesinfo.fr\/remiremontinfo\/wp-json\/wp\/v2\/media?parent=49221"}],"wp:term":[{"taxonomy":"category","embeddable":true,"href":"https:\/\/vosgesinfo.fr\/remiremontinfo\/wp-json\/wp\/v2\/categories?post=49221"},{"taxonomy":"post_tag","embeddable":true,"href":"https:\/\/vosgesinfo.fr\/remiremontinfo\/wp-json\/wp\/v2\/tags?post=49221"}],"curies":[{"name":"wp","href":"https:\/\/api.w.org\/{rel}","templated":true}]}}