{"id":49447,"date":"2021-11-30T08:22:06","date_gmt":"2021-11-30T07:22:06","guid":{"rendered":"https:\/\/vosgesinfo.fr\/remiremontinfo\/2021\/11\/remiremont-coup-denvoi-festivites-vendredi-3-decembre\/"},"modified":"2021-11-30T08:22:06","modified_gmt":"2021-11-30T07:22:06","slug":"remiremont-coup-denvoi-festivites-vendredi-3-decembre","status":"publish","type":"post","link":"https:\/\/vosgesinfo.fr\/remiremontinfo\/2021\/11\/remiremont-coup-denvoi-festivites-vendredi-3-decembre\/","title":{"rendered":"Remiremont : coup d&rsquo;envoi des festivit\u00e9s ce vendredi 3 d\u00e9cembre"},"content":{"rendered":"\n<p><span style=\"font-size: 10pt;\"><em>Photos de la Mairie de Remiremont\u00a0<\/em><\/span><\/p>\n<h2><span style=\"font-size: 12pt;\"><strong>Le coup d&rsquo;envoi des festivit\u00e9s de fin d&rsquo;ann\u00e9e \u00e0 Remiremont sera donn\u00e9 ce vendredi 3\u00a0d\u00e9cembre avec l&rsquo;inauguration des Chalets de No\u00ebl \u00e0 16h00. Il introduit une petite nouveaut\u00e9 cette ann\u00e9e car il se tiendra place de Lattre de Tassigny. La mise en fonctionnement des illuminations de la commune sera programm\u00e9e au m\u00eame moment.<\/strong><\/span><\/h2>\n<p>Les Chalets de No\u00ebl :<br \/>\n\u2013 Installation place de Lattre de Tassigny ce lundi 29 novembre<br \/>\n\u2013 10 chalets avec des exposants divers : roulement entre associations et artisanat ce qui apporte de la diversit\u00e9.<br \/>\n\u2013 P\u00e9riodes d&rsquo;ouverture :<br \/>\n\u2013 du 3 au 5 d\u00e9cembre 2021 de 11h00 \u00e0 19h00<br \/>\n\u2013 du 10 au 12 d\u00e9cembre 2021 de 11h00 \u00e0 19h00<br \/>\n\u2013 du 17 au 24 d\u00e9cembre 2021 de 11h00 \u00e0 19h00<br \/>\n\u2013 du 26 au 31 d\u00e9cembre 2021 de 12h00 \u00e0 18h00.<\/p>\n<p>Mesures sanitaires : (application des arr\u00eat\u00e9s pr\u00e9fectoraux du 26\/11\/2021)<br \/>\n\u2013 port du masque obligatoire pour les personnes \u00e2g\u00e9es de 11 ans et plus<br \/>\n\u2013 passe sanitaire sera demand\u00e9 dans les chalets proposant de la restauration et consommation de boissons<\/p>\n<p>Concert \u00ab Princesse Mariah chante Disney et No\u00ebl \u00bb du 4 d\u00e9cembre 2021 \u00e0 18h00 :<br \/>\n\u2013 concert gratuit destin\u00e9 aux petits et aux grands \u2013 un cadre familial<br \/>\n\u2013 la place de Lattre de Tassigny sera pi\u00e9tonis\u00e9e le temps du concert de la Fontaine des Dauphins \u00e0 l&rsquo;agence immobili\u00e8re Lotz.<br \/>\n\u2013 Installation d&rsquo;un \u00e9cran avec projections.<\/p>\n<p>D\u00e9fil\u00e9 de la Saint-Nicolas du 5 d\u00e9cembre 2021 \u00e0 partir de 17h00 dans le Centre ville de Remiremont :<br \/>\n\u2013 5 chars dont un provenant de Saint-Nabord<\/p>\n<p>\u2013 Pr\u00e9sence de l&rsquo;Orchestre d&rsquo;Harmonie de Remiremont, des Cents pistons, et des Grognards c\u00f4t\u00e9 musique<br \/>\n\u2013 Pr\u00e9sence des Corr\u00e9vrots et du Twirling Club de Remiremont c\u00f4t\u00e9 associations<br \/>\n\u2013 Port du masque obligatoire pour les personnes \u00e2g\u00e9es de 11 ans et plus (application de l\u2019arr\u00eat\u00e9 pr\u00e9fectoral du 26\/11\/2021).<\/p>\n<p>La Marche des illuminations du 11 d\u00e9cembre :<br \/>\n\u2013 d\u00e9part du Centre Culturel Gilbert Zaug \u00e0 partir de 17h00<br \/>\n\u2013 organisation Club Vosgien<\/p>\n<p>Mini march\u00e9 de No\u00ebl \u00ab les amis de Jules \u00bb \u00e0 l&rsquo;\u00c9cole Jules Ferry les 11 et 12 d\u00e9cembre :<br \/>\n\u2013 pr\u00e9sence \u00e0 la conf\u00e9rence de presse de Madame Fanny CHAUVIN tr\u00e9sori\u00e8re de l&rsquo;association de parents d&rsquo;\u00e9l\u00e8ves. L&rsquo;association organise tout au long de l&rsquo;ann\u00e9e des manifestations pour financer des sorties ou voyages aux enfants.<br \/>\n\u2013 Ventes de :<br \/>\n\u2013 cr\u00eapes, jus de pomme chaud&#8230;<br \/>\n\u2013 sapins de No\u00ebl provenant de Saint-Maurice Sur Moselle (commande possible en contactant l\u2019association depuis la page Facebook : https:\/\/www.facebook.com\/assoamisjules<br \/>\n\u2013 d&rsquo;objets r\u00e9alis\u00e9s par les enfants en classe et des b\u00e9n\u00e9voles<\/p>\n<p>&#8211; Rencontre avec le P\u00e8re No\u00ebl (il sera masqu\u00e9) pour les enfants, prise de photos et \u00e9changes avec les enfants<\/p>\n<p>Show dance des 17 et 18 d\u00e9cembre 2021 :<br \/>\n\u2013 organis\u00e9 par la DMA<br \/>\n\u2013 \u00e0 destination des adolescents principalement<\/p>\n<p>La Corrida des Abbesses du 26 d\u00e9cembre :<br \/>\n\u2013 40\u00e8me \u00e9dition<br \/>\n\u2013 des d\u00e9parts d\u00e8s 15h00 depuis le Centre ville<\/p>\n<p>Le Trail 14\/18 du 30 d\u00e9cembre :<br \/>\n\u2013 d\u00e9part \u00e0 20h00 depuis la Place de Lattre de Tassigny<br \/>\n\u2013 course nature de 9,2km<\/p>\n<p><em>Mairie de Remiremont\u00a0<\/em><\/p>\n","protected":false},"excerpt":{"rendered":"<p>Photos de la Mairie de Remiremont\u00a0 Le coup d&rsquo;envoi des festivit\u00e9s de fin d&rsquo;ann\u00e9e \u00e0 Remiremont sera donn\u00e9 ce vendredi [&hellip;]<\/p>\n","protected":false},"author":407,"featured_media":49448,"comment_status":"open","ping_status":"open","sticky":false,"template":"","format":"standard","meta":{"footnotes":""},"categories":[26,124,1556,35],"tags":[3109,366,460,345,44],"class_list":["post-49447","post","type-post","status-publish","format-standard","has-post-thumbnail","hentry","category-a-la-une","category-fetes","category-remiremont-remiremont-son-canton-2","category-remiremont-son-canton","tag-festivites","tag-fetes","tag-marche-de-noel","tag-noel","tag-remiremont"],"acf":[],"yoast_head":"<!-- This site is optimized with the Yoast SEO plugin v22.5 - https:\/\/yoast.com\/wordpress\/plugins\/seo\/ -->\n<title>Remiremont : coup d&#039;envoi des festivit\u00e9s ce vendredi 3 d\u00e9cembre - Remiremont Info<\/title>\n<meta name=\"robots\" content=\"index, follow, max-snippet:-1, max-image-preview:large, max-video-preview:-1\" \/>\n<link rel=\"canonical\" href=\"https:\/\/vosgesinfo.fr\/remiremontinfo\/2021\/11\/remiremont-coup-denvoi-festivites-vendredi-3-decembre\/\" \/>\n<meta name=\"twitter:card\" content=\"summary_large_image\" \/>\n<meta name=\"twitter:title\" content=\"Remiremont : coup d&#039;envoi des festivit\u00e9s ce vendredi 3 d\u00e9cembre - Remiremont Info\" \/>\n<meta name=\"twitter:description\" content=\"Photos de la Mairie de Remiremont\u00a0 Le coup d&rsquo;envoi des festivit\u00e9s de fin d&rsquo;ann\u00e9e \u00e0 Remiremont sera donn\u00e9 ce vendredi [&hellip;]\" \/>\n<meta name=\"twitter:image\" content=\"https:\/\/vosgesinfo.fr\/app\/uploads\/sites\/5\/2024\/09\/202111img-03351.jpg\" \/>\n<meta name=\"twitter:creator\" content=\"@VosgesInfo88\" \/>\n<meta name=\"twitter:site\" content=\"@VosgesInfo88\" \/>\n<meta name=\"twitter:label1\" content=\"\u00c9crit par\" \/>\n\t<meta name=\"twitter:data1\" content=\"C D\" \/>\n\t<meta name=\"twitter:label2\" content=\"Dur\u00e9e de lecture estim\u00e9e\" \/>\n\t<meta name=\"twitter:data2\" content=\"2 minutes\" \/>\n<script type=\"application\/ld+json\" class=\"yoast-schema-graph\">{\"@context\":\"https:\/\/schema.org\",\"@graph\":[{\"@type\":\"Article\",\"@id\":\"https:\/\/vosgesinfo.fr\/remiremontinfo\/2021\/11\/remiremont-coup-denvoi-festivites-vendredi-3-decembre\/#article\",\"isPartOf\":{\"@id\":\"https:\/\/vosgesinfo.fr\/remiremontinfo\/2021\/11\/remiremont-coup-denvoi-festivites-vendredi-3-decembre\/\"},\"author\":{\"name\":\"C D\",\"@id\":\"https:\/\/vosgesinfo.fr\/remiremontinfo\/#\/schema\/person\/3bfd164d5218a185b1db68655a265316\"},\"headline\":\"Remiremont : coup d&rsquo;envoi des festivit\u00e9s ce vendredi 3 d\u00e9cembre\",\"datePublished\":\"2021-11-30T07:22:06+00:00\",\"dateModified\":\"2021-11-30T07:22:06+00:00\",\"mainEntityOfPage\":{\"@id\":\"https:\/\/vosgesinfo.fr\/remiremontinfo\/2021\/11\/remiremont-coup-denvoi-festivites-vendredi-3-decembre\/\"},\"wordCount\":518,\"commentCount\":0,\"publisher\":{\"@id\":\"https:\/\/vosgesinfo.fr\/remiremontinfo\/#organization\"},\"image\":{\"@id\":\"https:\/\/vosgesinfo.fr\/remiremontinfo\/2021\/11\/remiremont-coup-denvoi-festivites-vendredi-3-decembre\/#primaryimage\"},\"thumbnailUrl\":\"https:\/\/vosgesinfo.fr\/app\/uploads\/sites\/5\/2024\/09\/202111img-03351.jpg\",\"keywords\":[\"festivit\u00e9s\",\"fetes\",\"MARCHE DE NOEL\",\"No\u00ebl\",\"remiremont\"],\"articleSection\":[\"A la Une\",\"F\u00eates\",\"Remiremont\",\"Remiremont &amp; son canton\"],\"inLanguage\":\"fr-FR\",\"potentialAction\":[{\"@type\":\"CommentAction\",\"name\":\"Comment\",\"target\":[\"https:\/\/vosgesinfo.fr\/remiremontinfo\/2021\/11\/remiremont-coup-denvoi-festivites-vendredi-3-decembre\/#respond\"]}]},{\"@type\":\"WebPage\",\"@id\":\"https:\/\/vosgesinfo.fr\/remiremontinfo\/2021\/11\/remiremont-coup-denvoi-festivites-vendredi-3-decembre\/\",\"url\":\"https:\/\/vosgesinfo.fr\/remiremontinfo\/2021\/11\/remiremont-coup-denvoi-festivites-vendredi-3-decembre\/\",\"name\":\"Remiremont : coup d'envoi des festivit\u00e9s ce vendredi 3 d\u00e9cembre - Remiremont Info\",\"isPartOf\":{\"@id\":\"https:\/\/vosgesinfo.fr\/remiremontinfo\/#website\"},\"primaryImageOfPage\":{\"@id\":\"https:\/\/vosgesinfo.fr\/remiremontinfo\/2021\/11\/remiremont-coup-denvoi-festivites-vendredi-3-decembre\/#primaryimage\"},\"image\":{\"@id\":\"https:\/\/vosgesinfo.fr\/remiremontinfo\/2021\/11\/remiremont-coup-denvoi-festivites-vendredi-3-decembre\/#primaryimage\"},\"thumbnailUrl\":\"https:\/\/vosgesinfo.fr\/app\/uploads\/sites\/5\/2024\/09\/202111img-03351.jpg\",\"datePublished\":\"2021-11-30T07:22:06+00:00\",\"dateModified\":\"2021-11-30T07:22:06+00:00\",\"breadcrumb\":{\"@id\":\"https:\/\/vosgesinfo.fr\/remiremontinfo\/2021\/11\/remiremont-coup-denvoi-festivites-vendredi-3-decembre\/#breadcrumb\"},\"inLanguage\":\"fr-FR\",\"potentialAction\":[{\"@type\":\"ReadAction\",\"target\":[\"https:\/\/vosgesinfo.fr\/remiremontinfo\/2021\/11\/remiremont-coup-denvoi-festivites-vendredi-3-decembre\/\"]}]},{\"@type\":\"ImageObject\",\"inLanguage\":\"fr-FR\",\"@id\":\"https:\/\/vosgesinfo.fr\/remiremontinfo\/2021\/11\/remiremont-coup-denvoi-festivites-vendredi-3-decembre\/#primaryimage\",\"url\":\"https:\/\/vosgesinfo.fr\/app\/uploads\/sites\/5\/2024\/09\/202111img-03351.jpg\",\"contentUrl\":\"https:\/\/vosgesinfo.fr\/app\/uploads\/sites\/5\/2024\/09\/202111img-03351.jpg\",\"width\":2000,\"height\":1333},{\"@type\":\"BreadcrumbList\",\"@id\":\"https:\/\/vosgesinfo.fr\/remiremontinfo\/2021\/11\/remiremont-coup-denvoi-festivites-vendredi-3-decembre\/#breadcrumb\",\"itemListElement\":[{\"@type\":\"ListItem\",\"position\":1,\"name\":\"Home\",\"item\":\"https:\/\/vosgesinfo.fr\/remiremontinfo\/\"},{\"@type\":\"ListItem\",\"position\":2,\"name\":\"Remiremont : coup d&rsquo;envoi des festivit\u00e9s ce vendredi 3 d\u00e9cembre\"}]},{\"@type\":\"WebSite\",\"@id\":\"https:\/\/vosgesinfo.fr\/remiremontinfo\/#website\",\"url\":\"https:\/\/vosgesinfo.fr\/remiremontinfo\/\",\"name\":\"Remiremont Info\",\"description\":\"Toute l&#039;actualit\u00e9 de Remiremont\",\"publisher\":{\"@id\":\"https:\/\/vosgesinfo.fr\/remiremontinfo\/#organization\"},\"alternateName\":\"Toute l'actualit\u00e9 de Remiremont\",\"potentialAction\":[{\"@type\":\"SearchAction\",\"target\":{\"@type\":\"EntryPoint\",\"urlTemplate\":\"https:\/\/vosgesinfo.fr\/remiremontinfo\/?s={search_term_string}\"},\"query-input\":\"required name=search_term_string\"}],\"inLanguage\":\"fr-FR\"},{\"@type\":\"Organization\",\"@id\":\"https:\/\/vosgesinfo.fr\/remiremontinfo\/#organization\",\"name\":\"Remiremont Info\",\"url\":\"https:\/\/vosgesinfo.fr\/remiremontinfo\/\",\"logo\":{\"@type\":\"ImageObject\",\"inLanguage\":\"fr-FR\",\"@id\":\"https:\/\/vosgesinfo.fr\/remiremontinfo\/#\/schema\/logo\/image\/\",\"url\":\"https:\/\/vosgesinfo.fr\/app\/uploads\/sites\/5\/2023\/08\/favicon-remiremontinfo.png\",\"contentUrl\":\"https:\/\/vosgesinfo.fr\/app\/uploads\/sites\/5\/2023\/08\/favicon-remiremontinfo.png\",\"width\":512,\"height\":512,\"caption\":\"Remiremont Info\"},\"image\":{\"@id\":\"https:\/\/vosgesinfo.fr\/remiremontinfo\/#\/schema\/logo\/image\/\"},\"sameAs\":[\"https:\/\/www.facebook.com\/remiremontinfo\",\"https:\/\/x.com\/VosgesInfo88\",\"https:\/\/www.youtube.com\/@vosgesinfo\"]},{\"@type\":\"Person\",\"@id\":\"https:\/\/vosgesinfo.fr\/remiremontinfo\/#\/schema\/person\/3bfd164d5218a185b1db68655a265316\",\"name\":\"C D\",\"image\":{\"@type\":\"ImageObject\",\"inLanguage\":\"fr-FR\",\"@id\":\"https:\/\/vosgesinfo.fr\/remiremontinfo\/#\/schema\/person\/image\/\",\"url\":\"https:\/\/secure.gravatar.com\/avatar\/1f9a70007336511a47468b8f1c66f922b8b7cf617b02a31149ada43893a5d48f?s=96&d=mm&r=g\",\"contentUrl\":\"https:\/\/secure.gravatar.com\/avatar\/1f9a70007336511a47468b8f1c66f922b8b7cf617b02a31149ada43893a5d48f?s=96&d=mm&r=g\",\"caption\":\"C D\"},\"url\":\"https:\/\/vosgesinfo.fr\/remiremontinfo\/author\/cedric-drevet\/\"}]}<\/script>\n<!-- \/ Yoast SEO plugin. -->","yoast_head_json":{"title":"Remiremont : coup d'envoi des festivit\u00e9s ce vendredi 3 d\u00e9cembre - Remiremont Info","robots":{"index":"index","follow":"follow","max-snippet":"max-snippet:-1","max-image-preview":"max-image-preview:large","max-video-preview":"max-video-preview:-1"},"canonical":"https:\/\/vosgesinfo.fr\/remiremontinfo\/2021\/11\/remiremont-coup-denvoi-festivites-vendredi-3-decembre\/","twitter_card":"summary_large_image","twitter_title":"Remiremont : coup d'envoi des festivit\u00e9s ce vendredi 3 d\u00e9cembre - Remiremont Info","twitter_description":"Photos de la Mairie de Remiremont\u00a0 Le coup d&rsquo;envoi des festivit\u00e9s de fin d&rsquo;ann\u00e9e \u00e0 Remiremont sera donn\u00e9 ce vendredi [&hellip;]","twitter_image":"https:\/\/vosgesinfo.fr\/app\/uploads\/sites\/5\/2024\/09\/202111img-03351.jpg","twitter_creator":"@VosgesInfo88","twitter_site":"@VosgesInfo88","twitter_misc":{"\u00c9crit par":"C D","Dur\u00e9e de lecture estim\u00e9e":"2 minutes"},"schema":{"@context":"https:\/\/schema.org","@graph":[{"@type":"Article","@id":"https:\/\/vosgesinfo.fr\/remiremontinfo\/2021\/11\/remiremont-coup-denvoi-festivites-vendredi-3-decembre\/#article","isPartOf":{"@id":"https:\/\/vosgesinfo.fr\/remiremontinfo\/2021\/11\/remiremont-coup-denvoi-festivites-vendredi-3-decembre\/"},"author":{"name":"C D","@id":"https:\/\/vosgesinfo.fr\/remiremontinfo\/#\/schema\/person\/3bfd164d5218a185b1db68655a265316"},"headline":"Remiremont : coup d&rsquo;envoi des festivit\u00e9s ce vendredi 3 d\u00e9cembre","datePublished":"2021-11-30T07:22:06+00:00","dateModified":"2021-11-30T07:22:06+00:00","mainEntityOfPage":{"@id":"https:\/\/vosgesinfo.fr\/remiremontinfo\/2021\/11\/remiremont-coup-denvoi-festivites-vendredi-3-decembre\/"},"wordCount":518,"commentCount":0,"publisher":{"@id":"https:\/\/vosgesinfo.fr\/remiremontinfo\/#organization"},"image":{"@id":"https:\/\/vosgesinfo.fr\/remiremontinfo\/2021\/11\/remiremont-coup-denvoi-festivites-vendredi-3-decembre\/#primaryimage"},"thumbnailUrl":"https:\/\/vosgesinfo.fr\/app\/uploads\/sites\/5\/2024\/09\/202111img-03351.jpg","keywords":["festivit\u00e9s","fetes","MARCHE DE NOEL","No\u00ebl","remiremont"],"articleSection":["A la Une","F\u00eates","Remiremont","Remiremont &amp; son canton"],"inLanguage":"fr-FR","potentialAction":[{"@type":"CommentAction","name":"Comment","target":["https:\/\/vosgesinfo.fr\/remiremontinfo\/2021\/11\/remiremont-coup-denvoi-festivites-vendredi-3-decembre\/#respond"]}]},{"@type":"WebPage","@id":"https:\/\/vosgesinfo.fr\/remiremontinfo\/2021\/11\/remiremont-coup-denvoi-festivites-vendredi-3-decembre\/","url":"https:\/\/vosgesinfo.fr\/remiremontinfo\/2021\/11\/remiremont-coup-denvoi-festivites-vendredi-3-decembre\/","name":"Remiremont : coup d'envoi des festivit\u00e9s ce vendredi 3 d\u00e9cembre - Remiremont Info","isPartOf":{"@id":"https:\/\/vosgesinfo.fr\/remiremontinfo\/#website"},"primaryImageOfPage":{"@id":"https:\/\/vosgesinfo.fr\/remiremontinfo\/2021\/11\/remiremont-coup-denvoi-festivites-vendredi-3-decembre\/#primaryimage"},"image":{"@id":"https:\/\/vosgesinfo.fr\/remiremontinfo\/2021\/11\/remiremont-coup-denvoi-festivites-vendredi-3-decembre\/#primaryimage"},"thumbnailUrl":"https:\/\/vosgesinfo.fr\/app\/uploads\/sites\/5\/2024\/09\/202111img-03351.jpg","datePublished":"2021-11-30T07:22:06+00:00","dateModified":"2021-11-30T07:22:06+00:00","breadcrumb":{"@id":"https:\/\/vosgesinfo.fr\/remiremontinfo\/2021\/11\/remiremont-coup-denvoi-festivites-vendredi-3-decembre\/#breadcrumb"},"inLanguage":"fr-FR","potentialAction":[{"@type":"ReadAction","target":["https:\/\/vosgesinfo.fr\/remiremontinfo\/2021\/11\/remiremont-coup-denvoi-festivites-vendredi-3-decembre\/"]}]},{"@type":"ImageObject","inLanguage":"fr-FR","@id":"https:\/\/vosgesinfo.fr\/remiremontinfo\/2021\/11\/remiremont-coup-denvoi-festivites-vendredi-3-decembre\/#primaryimage","url":"https:\/\/vosgesinfo.fr\/app\/uploads\/sites\/5\/2024\/09\/202111img-03351.jpg","contentUrl":"https:\/\/vosgesinfo.fr\/app\/uploads\/sites\/5\/2024\/09\/202111img-03351.jpg","width":2000,"height":1333},{"@type":"BreadcrumbList","@id":"https:\/\/vosgesinfo.fr\/remiremontinfo\/2021\/11\/remiremont-coup-denvoi-festivites-vendredi-3-decembre\/#breadcrumb","itemListElement":[{"@type":"ListItem","position":1,"name":"Home","item":"https:\/\/vosgesinfo.fr\/remiremontinfo\/"},{"@type":"ListItem","position":2,"name":"Remiremont : coup d&rsquo;envoi des festivit\u00e9s ce vendredi 3 d\u00e9cembre"}]},{"@type":"WebSite","@id":"https:\/\/vosgesinfo.fr\/remiremontinfo\/#website","url":"https:\/\/vosgesinfo.fr\/remiremontinfo\/","name":"Remiremont Info","description":"Toute l&#039;actualit\u00e9 de Remiremont","publisher":{"@id":"https:\/\/vosgesinfo.fr\/remiremontinfo\/#organization"},"alternateName":"Toute l'actualit\u00e9 de Remiremont","potentialAction":[{"@type":"SearchAction","target":{"@type":"EntryPoint","urlTemplate":"https:\/\/vosgesinfo.fr\/remiremontinfo\/?s={search_term_string}"},"query-input":"required name=search_term_string"}],"inLanguage":"fr-FR"},{"@type":"Organization","@id":"https:\/\/vosgesinfo.fr\/remiremontinfo\/#organization","name":"Remiremont Info","url":"https:\/\/vosgesinfo.fr\/remiremontinfo\/","logo":{"@type":"ImageObject","inLanguage":"fr-FR","@id":"https:\/\/vosgesinfo.fr\/remiremontinfo\/#\/schema\/logo\/image\/","url":"https:\/\/vosgesinfo.fr\/app\/uploads\/sites\/5\/2023\/08\/favicon-remiremontinfo.png","contentUrl":"https:\/\/vosgesinfo.fr\/app\/uploads\/sites\/5\/2023\/08\/favicon-remiremontinfo.png","width":512,"height":512,"caption":"Remiremont Info"},"image":{"@id":"https:\/\/vosgesinfo.fr\/remiremontinfo\/#\/schema\/logo\/image\/"},"sameAs":["https:\/\/www.facebook.com\/remiremontinfo","https:\/\/x.com\/VosgesInfo88","https:\/\/www.youtube.com\/@vosgesinfo"]},{"@type":"Person","@id":"https:\/\/vosgesinfo.fr\/remiremontinfo\/#\/schema\/person\/3bfd164d5218a185b1db68655a265316","name":"C D","image":{"@type":"ImageObject","inLanguage":"fr-FR","@id":"https:\/\/vosgesinfo.fr\/remiremontinfo\/#\/schema\/person\/image\/","url":"https:\/\/secure.gravatar.com\/avatar\/1f9a70007336511a47468b8f1c66f922b8b7cf617b02a31149ada43893a5d48f?s=96&d=mm&r=g","contentUrl":"https:\/\/secure.gravatar.com\/avatar\/1f9a70007336511a47468b8f1c66f922b8b7cf617b02a31149ada43893a5d48f?s=96&d=mm&r=g","caption":"C D"},"url":"https:\/\/vosgesinfo.fr\/remiremontinfo\/author\/cedric-drevet\/"}]}},"_links":{"self":[{"href":"https:\/\/vosgesinfo.fr\/remiremontinfo\/wp-json\/wp\/v2\/posts\/49447","targetHints":{"allow":["GET"]}}],"collection":[{"href":"https:\/\/vosgesinfo.fr\/remiremontinfo\/wp-json\/wp\/v2\/posts"}],"about":[{"href":"https:\/\/vosgesinfo.fr\/remiremontinfo\/wp-json\/wp\/v2\/types\/post"}],"author":[{"embeddable":true,"href":"https:\/\/vosgesinfo.fr\/remiremontinfo\/wp-json\/wp\/v2\/users\/407"}],"replies":[{"embeddable":true,"href":"https:\/\/vosgesinfo.fr\/remiremontinfo\/wp-json\/wp\/v2\/comments?post=49447"}],"version-history":[{"count":0,"href":"https:\/\/vosgesinfo.fr\/remiremontinfo\/wp-json\/wp\/v2\/posts\/49447\/revisions"}],"wp:featuredmedia":[{"embeddable":true,"href":"https:\/\/vosgesinfo.fr\/remiremontinfo\/wp-json\/wp\/v2\/media\/49448"}],"wp:attachment":[{"href":"https:\/\/vosgesinfo.fr\/remiremontinfo\/wp-json\/wp\/v2\/media?parent=49447"}],"wp:term":[{"taxonomy":"category","embeddable":true,"href":"https:\/\/vosgesinfo.fr\/remiremontinfo\/wp-json\/wp\/v2\/categories?post=49447"},{"taxonomy":"post_tag","embeddable":true,"href":"https:\/\/vosgesinfo.fr\/remiremontinfo\/wp-json\/wp\/v2\/tags?post=49447"}],"curies":[{"name":"wp","href":"https:\/\/api.w.org\/{rel}","templated":true}]}}