{"id":49458,"date":"2021-11-30T09:00:25","date_gmt":"2021-11-30T08:00:25","guid":{"rendered":"https:\/\/vosgesinfo.fr\/remiremontinfo\/2021\/11\/saint-nabord-fabrication-sapin-de-noel-tricot-continue\/"},"modified":"2021-11-30T09:00:25","modified_gmt":"2021-11-30T08:00:25","slug":"saint-nabord-fabrication-sapin-de-noel-tricot-continue","status":"publish","type":"post","link":"https:\/\/vosgesinfo.fr\/remiremontinfo\/2021\/11\/saint-nabord-fabrication-sapin-de-noel-tricot-continue\/","title":{"rendered":"Saint-Nabord : la fabrication du sapin de No\u00ebl en tricot continue"},"content":{"rendered":"<div class=\"kvgmc6g5 cxmmr5t8 oygrvhab hcukyx3x c1et5uql ii04i59q\">\n<div dir=\"auto\">\n\n<\/div>\n<\/div>\n<div class=\"o9v6fnle cxmmr5t8 oygrvhab hcukyx3x c1et5uql ii04i59q\">\n<div dir=\"auto\"><\/div>\n<div dir=\"auto\"><span style=\"font-size: 10pt;\"><em>Photos Mairie de Saint-Nabord\u00a0<\/em><\/span><\/div>\n<h2 dir=\"auto\"><span style=\"font-size: 12pt;\"><strong>Les petites mains navoiriaudes se r\u00e9unissent tous les jeudis apr\u00e8s-midi \u00e0 partir de 14h dans la salle Lorraine du centre socioculturel. Pr\u00e9sid\u00e9e par Claudine Chibel, l\u2019association compte aujourd\u2019hui 10 membres, essentiellement des personnes retrait\u00e9es qui aiment \u00e0 se retrouver pour coudre, broder, tricoter, peindre, fabriquer, p\u00e2tisser, tout en \u00e9changeant avec entrain.\u00a0<\/strong><\/span><\/h2>\n<\/div>\n<div class=\"o9v6fnle cxmmr5t8 oygrvhab hcukyx3x c1et5uql ii04i59q\">\n<div dir=\"auto\">Elles se sont rencontr\u00e9es il y a de nombreuses ann\u00e9es en participant aux ateliers couture mis en place par l\u2019association ESF (\u00e9conomique, sociale et familiale) dans une salle de la mairie. A la dissolution de cette derni\u00e8re, elles d\u00e9cident alors de voler de leurs propres ailes et cr\u00e9ent Les petites mains navoiriaudes en 2015.<\/div>\n<\/div>\n<div class=\"o9v6fnle cxmmr5t8 oygrvhab hcukyx3x c1et5uql ii04i59q\">\n<div dir=\"auto\">Ces reines des arts cr\u00e9atifs n\u2019ont pas attendu l\u2019av\u00e8nement du \u00ab Do It yourself \u00bb pour recycler les tissus ou travailler les mati\u00e8res et le large \u00e9ventail de leurs productions laisse sans voix : bijoux, sacs, \u00e9tuis \u00e0 lunettes, tableaux en 3D, \u00e9charpes, coussins, bo\u00eete en cartonnage, peinture sur soie. La liste est longue et le plaisir d\u2019exp\u00e9rimenter de nouvelles techniques semble sans fin.<\/div>\n<div dir=\"auto\"><\/div>\n<div dir=\"auto\">Ces insatiables bricoleuses ont derni\u00e8rement rejoint l\u2019op\u00e9ration \u00ab 1 sapin, 1 commune, 1 for\u00eat \u00bb qui propose aux communes vosgiennes de r\u00e9aliser un grand sapin compos\u00e9 de carr\u00e9s de laine tricot\u00e9s. Apr\u00e8s avoir confectionn\u00e9, avec les enfants du plan mercredi, les pompons qui serviront de d\u00e9corations pour le futur sapin, les voici affair\u00e9es autour de la table pour tricoter les nombreuses pi\u00e8ces de laine qui constitueront le mat\u00e9riau de base de tout l\u2019habillage de la structure. Des membres du foyer Saphir (h\u00e9bergement pour adultes handicap\u00e9s), \u00e9galement investis dans le projet, viennent r\u00e9guli\u00e8rement les aider. Tout ce petit monde devrait \u00eatre bien occup\u00e9 durant les longs mois d\u2019hiver. Toute personne d\u00e9sireuse de rejoindre l\u2019association peut rencontrer ses membres tous les jeudis apr\u00e8s-midi de 14h \u00e0 16h30 au CSC.<\/div>\n<\/div>\n<div dir=\"auto\"><\/div>\n<div dir=\"auto\"><em>Source : Mairie de Saint-Nabord\u00a0<\/em><\/div>\n<div dir=\"auto\"><\/div>\n<div dir=\"auto\"><\/div>\n<div dir=\"auto\"><\/div>\n","protected":false},"excerpt":{"rendered":"<p>Photos Mairie de Saint-Nabord\u00a0 Les petites mains navoiriaudes se r\u00e9unissent tous les jeudis apr\u00e8s-midi \u00e0 partir de 14h dans la [&hellip;]<\/p>\n","protected":false},"author":407,"featured_media":49459,"comment_status":"open","ping_status":"open","sticky":false,"template":"","format":"standard","meta":{"footnotes":""},"categories":[26,35,100],"tags":[42,346,2979],"class_list":["post-49458","post","type-post","status-publish","format-standard","has-post-thumbnail","hentry","category-a-la-une","category-remiremont-son-canton","category-saint-nabord","tag-saint-nabord","tag-sapin","tag-tricot"],"acf":[],"yoast_head":"<!-- This site is optimized with the Yoast SEO plugin v22.5 - https:\/\/yoast.com\/wordpress\/plugins\/seo\/ -->\n<title>Saint-Nabord : la fabrication du sapin de No\u00ebl en tricot continue - Remiremont Info<\/title>\n<meta name=\"robots\" content=\"index, follow, max-snippet:-1, max-image-preview:large, max-video-preview:-1\" \/>\n<link rel=\"canonical\" href=\"https:\/\/vosgesinfo.fr\/remiremontinfo\/2021\/11\/saint-nabord-fabrication-sapin-de-noel-tricot-continue\/\" \/>\n<meta name=\"twitter:card\" content=\"summary_large_image\" \/>\n<meta name=\"twitter:title\" content=\"Saint-Nabord : la fabrication du sapin de No\u00ebl en tricot continue - Remiremont Info\" \/>\n<meta name=\"twitter:description\" content=\"Photos Mairie de Saint-Nabord\u00a0 Les petites mains navoiriaudes se r\u00e9unissent tous les jeudis apr\u00e8s-midi \u00e0 partir de 14h dans la [&hellip;]\" \/>\n<meta name=\"twitter:image\" content=\"https:\/\/vosgesinfo.fr\/app\/uploads\/sites\/5\/2024\/09\/202111262418768-466271198355269-7680651906842850650-n1.jpg\" \/>\n<meta name=\"twitter:creator\" content=\"@VosgesInfo88\" \/>\n<meta name=\"twitter:site\" content=\"@VosgesInfo88\" \/>\n<meta name=\"twitter:label1\" content=\"\u00c9crit par\" \/>\n\t<meta name=\"twitter:data1\" content=\"C D\" \/>\n\t<meta name=\"twitter:label2\" content=\"Dur\u00e9e de lecture estim\u00e9e\" \/>\n\t<meta name=\"twitter:data2\" content=\"2 minutes\" \/>\n<script type=\"application\/ld+json\" class=\"yoast-schema-graph\">{\"@context\":\"https:\/\/schema.org\",\"@graph\":[{\"@type\":\"Article\",\"@id\":\"https:\/\/vosgesinfo.fr\/remiremontinfo\/2021\/11\/saint-nabord-fabrication-sapin-de-noel-tricot-continue\/#article\",\"isPartOf\":{\"@id\":\"https:\/\/vosgesinfo.fr\/remiremontinfo\/2021\/11\/saint-nabord-fabrication-sapin-de-noel-tricot-continue\/\"},\"author\":{\"name\":\"C D\",\"@id\":\"https:\/\/vosgesinfo.fr\/remiremontinfo\/#\/schema\/person\/3bfd164d5218a185b1db68655a265316\"},\"headline\":\"Saint-Nabord : la fabrication du sapin de No\u00ebl en tricot continue\",\"datePublished\":\"2021-11-30T08:00:25+00:00\",\"dateModified\":\"2021-11-30T08:00:25+00:00\",\"mainEntityOfPage\":{\"@id\":\"https:\/\/vosgesinfo.fr\/remiremontinfo\/2021\/11\/saint-nabord-fabrication-sapin-de-noel-tricot-continue\/\"},\"wordCount\":350,\"commentCount\":0,\"publisher\":{\"@id\":\"https:\/\/vosgesinfo.fr\/remiremontinfo\/#organization\"},\"image\":{\"@id\":\"https:\/\/vosgesinfo.fr\/remiremontinfo\/2021\/11\/saint-nabord-fabrication-sapin-de-noel-tricot-continue\/#primaryimage\"},\"thumbnailUrl\":\"https:\/\/vosgesinfo.fr\/app\/uploads\/sites\/5\/2024\/09\/202111262418768-466271198355269-7680651906842850650-n1.jpg\",\"keywords\":[\"saint-nabord\",\"sapin\",\"tricot\"],\"articleSection\":[\"A la Une\",\"Remiremont &amp; son canton\",\"Saint-Nabord\"],\"inLanguage\":\"fr-FR\",\"potentialAction\":[{\"@type\":\"CommentAction\",\"name\":\"Comment\",\"target\":[\"https:\/\/vosgesinfo.fr\/remiremontinfo\/2021\/11\/saint-nabord-fabrication-sapin-de-noel-tricot-continue\/#respond\"]}]},{\"@type\":\"WebPage\",\"@id\":\"https:\/\/vosgesinfo.fr\/remiremontinfo\/2021\/11\/saint-nabord-fabrication-sapin-de-noel-tricot-continue\/\",\"url\":\"https:\/\/vosgesinfo.fr\/remiremontinfo\/2021\/11\/saint-nabord-fabrication-sapin-de-noel-tricot-continue\/\",\"name\":\"Saint-Nabord : la fabrication du sapin de No\u00ebl en tricot continue - Remiremont Info\",\"isPartOf\":{\"@id\":\"https:\/\/vosgesinfo.fr\/remiremontinfo\/#website\"},\"primaryImageOfPage\":{\"@id\":\"https:\/\/vosgesinfo.fr\/remiremontinfo\/2021\/11\/saint-nabord-fabrication-sapin-de-noel-tricot-continue\/#primaryimage\"},\"image\":{\"@id\":\"https:\/\/vosgesinfo.fr\/remiremontinfo\/2021\/11\/saint-nabord-fabrication-sapin-de-noel-tricot-continue\/#primaryimage\"},\"thumbnailUrl\":\"https:\/\/vosgesinfo.fr\/app\/uploads\/sites\/5\/2024\/09\/202111262418768-466271198355269-7680651906842850650-n1.jpg\",\"datePublished\":\"2021-11-30T08:00:25+00:00\",\"dateModified\":\"2021-11-30T08:00:25+00:00\",\"breadcrumb\":{\"@id\":\"https:\/\/vosgesinfo.fr\/remiremontinfo\/2021\/11\/saint-nabord-fabrication-sapin-de-noel-tricot-continue\/#breadcrumb\"},\"inLanguage\":\"fr-FR\",\"potentialAction\":[{\"@type\":\"ReadAction\",\"target\":[\"https:\/\/vosgesinfo.fr\/remiremontinfo\/2021\/11\/saint-nabord-fabrication-sapin-de-noel-tricot-continue\/\"]}]},{\"@type\":\"ImageObject\",\"inLanguage\":\"fr-FR\",\"@id\":\"https:\/\/vosgesinfo.fr\/remiremontinfo\/2021\/11\/saint-nabord-fabrication-sapin-de-noel-tricot-continue\/#primaryimage\",\"url\":\"https:\/\/vosgesinfo.fr\/app\/uploads\/sites\/5\/2024\/09\/202111262418768-466271198355269-7680651906842850650-n1.jpg\",\"contentUrl\":\"https:\/\/vosgesinfo.fr\/app\/uploads\/sites\/5\/2024\/09\/202111262418768-466271198355269-7680651906842850650-n1.jpg\",\"width\":1679,\"height\":1279},{\"@type\":\"BreadcrumbList\",\"@id\":\"https:\/\/vosgesinfo.fr\/remiremontinfo\/2021\/11\/saint-nabord-fabrication-sapin-de-noel-tricot-continue\/#breadcrumb\",\"itemListElement\":[{\"@type\":\"ListItem\",\"position\":1,\"name\":\"Home\",\"item\":\"https:\/\/vosgesinfo.fr\/remiremontinfo\/\"},{\"@type\":\"ListItem\",\"position\":2,\"name\":\"Saint-Nabord : la fabrication du sapin de No\u00ebl en tricot continue\"}]},{\"@type\":\"WebSite\",\"@id\":\"https:\/\/vosgesinfo.fr\/remiremontinfo\/#website\",\"url\":\"https:\/\/vosgesinfo.fr\/remiremontinfo\/\",\"name\":\"Remiremont Info\",\"description\":\"Toute l&#039;actualit\u00e9 de Remiremont\",\"publisher\":{\"@id\":\"https:\/\/vosgesinfo.fr\/remiremontinfo\/#organization\"},\"alternateName\":\"Toute l'actualit\u00e9 de Remiremont\",\"potentialAction\":[{\"@type\":\"SearchAction\",\"target\":{\"@type\":\"EntryPoint\",\"urlTemplate\":\"https:\/\/vosgesinfo.fr\/remiremontinfo\/?s={search_term_string}\"},\"query-input\":\"required name=search_term_string\"}],\"inLanguage\":\"fr-FR\"},{\"@type\":\"Organization\",\"@id\":\"https:\/\/vosgesinfo.fr\/remiremontinfo\/#organization\",\"name\":\"Remiremont Info\",\"url\":\"https:\/\/vosgesinfo.fr\/remiremontinfo\/\",\"logo\":{\"@type\":\"ImageObject\",\"inLanguage\":\"fr-FR\",\"@id\":\"https:\/\/vosgesinfo.fr\/remiremontinfo\/#\/schema\/logo\/image\/\",\"url\":\"https:\/\/vosgesinfo.fr\/app\/uploads\/sites\/5\/2023\/08\/favicon-remiremontinfo.png\",\"contentUrl\":\"https:\/\/vosgesinfo.fr\/app\/uploads\/sites\/5\/2023\/08\/favicon-remiremontinfo.png\",\"width\":512,\"height\":512,\"caption\":\"Remiremont Info\"},\"image\":{\"@id\":\"https:\/\/vosgesinfo.fr\/remiremontinfo\/#\/schema\/logo\/image\/\"},\"sameAs\":[\"https:\/\/www.facebook.com\/remiremontinfo\",\"https:\/\/x.com\/VosgesInfo88\",\"https:\/\/www.youtube.com\/@vosgesinfo\"]},{\"@type\":\"Person\",\"@id\":\"https:\/\/vosgesinfo.fr\/remiremontinfo\/#\/schema\/person\/3bfd164d5218a185b1db68655a265316\",\"name\":\"C D\",\"image\":{\"@type\":\"ImageObject\",\"inLanguage\":\"fr-FR\",\"@id\":\"https:\/\/vosgesinfo.fr\/remiremontinfo\/#\/schema\/person\/image\/\",\"url\":\"https:\/\/secure.gravatar.com\/avatar\/1f9a70007336511a47468b8f1c66f922b8b7cf617b02a31149ada43893a5d48f?s=96&d=mm&r=g\",\"contentUrl\":\"https:\/\/secure.gravatar.com\/avatar\/1f9a70007336511a47468b8f1c66f922b8b7cf617b02a31149ada43893a5d48f?s=96&d=mm&r=g\",\"caption\":\"C D\"},\"url\":\"https:\/\/vosgesinfo.fr\/remiremontinfo\/author\/cedric-drevet\/\"}]}<\/script>\n<!-- \/ Yoast SEO plugin. -->","yoast_head_json":{"title":"Saint-Nabord : la fabrication du sapin de No\u00ebl en tricot continue - Remiremont Info","robots":{"index":"index","follow":"follow","max-snippet":"max-snippet:-1","max-image-preview":"max-image-preview:large","max-video-preview":"max-video-preview:-1"},"canonical":"https:\/\/vosgesinfo.fr\/remiremontinfo\/2021\/11\/saint-nabord-fabrication-sapin-de-noel-tricot-continue\/","twitter_card":"summary_large_image","twitter_title":"Saint-Nabord : la fabrication du sapin de No\u00ebl en tricot continue - Remiremont Info","twitter_description":"Photos Mairie de Saint-Nabord\u00a0 Les petites mains navoiriaudes se r\u00e9unissent tous les jeudis apr\u00e8s-midi \u00e0 partir de 14h dans la [&hellip;]","twitter_image":"https:\/\/vosgesinfo.fr\/app\/uploads\/sites\/5\/2024\/09\/202111262418768-466271198355269-7680651906842850650-n1.jpg","twitter_creator":"@VosgesInfo88","twitter_site":"@VosgesInfo88","twitter_misc":{"\u00c9crit par":"C D","Dur\u00e9e de lecture estim\u00e9e":"2 minutes"},"schema":{"@context":"https:\/\/schema.org","@graph":[{"@type":"Article","@id":"https:\/\/vosgesinfo.fr\/remiremontinfo\/2021\/11\/saint-nabord-fabrication-sapin-de-noel-tricot-continue\/#article","isPartOf":{"@id":"https:\/\/vosgesinfo.fr\/remiremontinfo\/2021\/11\/saint-nabord-fabrication-sapin-de-noel-tricot-continue\/"},"author":{"name":"C D","@id":"https:\/\/vosgesinfo.fr\/remiremontinfo\/#\/schema\/person\/3bfd164d5218a185b1db68655a265316"},"headline":"Saint-Nabord : la fabrication du sapin de No\u00ebl en tricot continue","datePublished":"2021-11-30T08:00:25+00:00","dateModified":"2021-11-30T08:00:25+00:00","mainEntityOfPage":{"@id":"https:\/\/vosgesinfo.fr\/remiremontinfo\/2021\/11\/saint-nabord-fabrication-sapin-de-noel-tricot-continue\/"},"wordCount":350,"commentCount":0,"publisher":{"@id":"https:\/\/vosgesinfo.fr\/remiremontinfo\/#organization"},"image":{"@id":"https:\/\/vosgesinfo.fr\/remiremontinfo\/2021\/11\/saint-nabord-fabrication-sapin-de-noel-tricot-continue\/#primaryimage"},"thumbnailUrl":"https:\/\/vosgesinfo.fr\/app\/uploads\/sites\/5\/2024\/09\/202111262418768-466271198355269-7680651906842850650-n1.jpg","keywords":["saint-nabord","sapin","tricot"],"articleSection":["A la Une","Remiremont &amp; son canton","Saint-Nabord"],"inLanguage":"fr-FR","potentialAction":[{"@type":"CommentAction","name":"Comment","target":["https:\/\/vosgesinfo.fr\/remiremontinfo\/2021\/11\/saint-nabord-fabrication-sapin-de-noel-tricot-continue\/#respond"]}]},{"@type":"WebPage","@id":"https:\/\/vosgesinfo.fr\/remiremontinfo\/2021\/11\/saint-nabord-fabrication-sapin-de-noel-tricot-continue\/","url":"https:\/\/vosgesinfo.fr\/remiremontinfo\/2021\/11\/saint-nabord-fabrication-sapin-de-noel-tricot-continue\/","name":"Saint-Nabord : la fabrication du sapin de No\u00ebl en tricot continue - Remiremont Info","isPartOf":{"@id":"https:\/\/vosgesinfo.fr\/remiremontinfo\/#website"},"primaryImageOfPage":{"@id":"https:\/\/vosgesinfo.fr\/remiremontinfo\/2021\/11\/saint-nabord-fabrication-sapin-de-noel-tricot-continue\/#primaryimage"},"image":{"@id":"https:\/\/vosgesinfo.fr\/remiremontinfo\/2021\/11\/saint-nabord-fabrication-sapin-de-noel-tricot-continue\/#primaryimage"},"thumbnailUrl":"https:\/\/vosgesinfo.fr\/app\/uploads\/sites\/5\/2024\/09\/202111262418768-466271198355269-7680651906842850650-n1.jpg","datePublished":"2021-11-30T08:00:25+00:00","dateModified":"2021-11-30T08:00:25+00:00","breadcrumb":{"@id":"https:\/\/vosgesinfo.fr\/remiremontinfo\/2021\/11\/saint-nabord-fabrication-sapin-de-noel-tricot-continue\/#breadcrumb"},"inLanguage":"fr-FR","potentialAction":[{"@type":"ReadAction","target":["https:\/\/vosgesinfo.fr\/remiremontinfo\/2021\/11\/saint-nabord-fabrication-sapin-de-noel-tricot-continue\/"]}]},{"@type":"ImageObject","inLanguage":"fr-FR","@id":"https:\/\/vosgesinfo.fr\/remiremontinfo\/2021\/11\/saint-nabord-fabrication-sapin-de-noel-tricot-continue\/#primaryimage","url":"https:\/\/vosgesinfo.fr\/app\/uploads\/sites\/5\/2024\/09\/202111262418768-466271198355269-7680651906842850650-n1.jpg","contentUrl":"https:\/\/vosgesinfo.fr\/app\/uploads\/sites\/5\/2024\/09\/202111262418768-466271198355269-7680651906842850650-n1.jpg","width":1679,"height":1279},{"@type":"BreadcrumbList","@id":"https:\/\/vosgesinfo.fr\/remiremontinfo\/2021\/11\/saint-nabord-fabrication-sapin-de-noel-tricot-continue\/#breadcrumb","itemListElement":[{"@type":"ListItem","position":1,"name":"Home","item":"https:\/\/vosgesinfo.fr\/remiremontinfo\/"},{"@type":"ListItem","position":2,"name":"Saint-Nabord : la fabrication du sapin de No\u00ebl en tricot continue"}]},{"@type":"WebSite","@id":"https:\/\/vosgesinfo.fr\/remiremontinfo\/#website","url":"https:\/\/vosgesinfo.fr\/remiremontinfo\/","name":"Remiremont Info","description":"Toute l&#039;actualit\u00e9 de Remiremont","publisher":{"@id":"https:\/\/vosgesinfo.fr\/remiremontinfo\/#organization"},"alternateName":"Toute l'actualit\u00e9 de Remiremont","potentialAction":[{"@type":"SearchAction","target":{"@type":"EntryPoint","urlTemplate":"https:\/\/vosgesinfo.fr\/remiremontinfo\/?s={search_term_string}"},"query-input":"required name=search_term_string"}],"inLanguage":"fr-FR"},{"@type":"Organization","@id":"https:\/\/vosgesinfo.fr\/remiremontinfo\/#organization","name":"Remiremont Info","url":"https:\/\/vosgesinfo.fr\/remiremontinfo\/","logo":{"@type":"ImageObject","inLanguage":"fr-FR","@id":"https:\/\/vosgesinfo.fr\/remiremontinfo\/#\/schema\/logo\/image\/","url":"https:\/\/vosgesinfo.fr\/app\/uploads\/sites\/5\/2023\/08\/favicon-remiremontinfo.png","contentUrl":"https:\/\/vosgesinfo.fr\/app\/uploads\/sites\/5\/2023\/08\/favicon-remiremontinfo.png","width":512,"height":512,"caption":"Remiremont Info"},"image":{"@id":"https:\/\/vosgesinfo.fr\/remiremontinfo\/#\/schema\/logo\/image\/"},"sameAs":["https:\/\/www.facebook.com\/remiremontinfo","https:\/\/x.com\/VosgesInfo88","https:\/\/www.youtube.com\/@vosgesinfo"]},{"@type":"Person","@id":"https:\/\/vosgesinfo.fr\/remiremontinfo\/#\/schema\/person\/3bfd164d5218a185b1db68655a265316","name":"C D","image":{"@type":"ImageObject","inLanguage":"fr-FR","@id":"https:\/\/vosgesinfo.fr\/remiremontinfo\/#\/schema\/person\/image\/","url":"https:\/\/secure.gravatar.com\/avatar\/1f9a70007336511a47468b8f1c66f922b8b7cf617b02a31149ada43893a5d48f?s=96&d=mm&r=g","contentUrl":"https:\/\/secure.gravatar.com\/avatar\/1f9a70007336511a47468b8f1c66f922b8b7cf617b02a31149ada43893a5d48f?s=96&d=mm&r=g","caption":"C D"},"url":"https:\/\/vosgesinfo.fr\/remiremontinfo\/author\/cedric-drevet\/"}]}},"_links":{"self":[{"href":"https:\/\/vosgesinfo.fr\/remiremontinfo\/wp-json\/wp\/v2\/posts\/49458","targetHints":{"allow":["GET"]}}],"collection":[{"href":"https:\/\/vosgesinfo.fr\/remiremontinfo\/wp-json\/wp\/v2\/posts"}],"about":[{"href":"https:\/\/vosgesinfo.fr\/remiremontinfo\/wp-json\/wp\/v2\/types\/post"}],"author":[{"embeddable":true,"href":"https:\/\/vosgesinfo.fr\/remiremontinfo\/wp-json\/wp\/v2\/users\/407"}],"replies":[{"embeddable":true,"href":"https:\/\/vosgesinfo.fr\/remiremontinfo\/wp-json\/wp\/v2\/comments?post=49458"}],"version-history":[{"count":0,"href":"https:\/\/vosgesinfo.fr\/remiremontinfo\/wp-json\/wp\/v2\/posts\/49458\/revisions"}],"wp:featuredmedia":[{"embeddable":true,"href":"https:\/\/vosgesinfo.fr\/remiremontinfo\/wp-json\/wp\/v2\/media\/49459"}],"wp:attachment":[{"href":"https:\/\/vosgesinfo.fr\/remiremontinfo\/wp-json\/wp\/v2\/media?parent=49458"}],"wp:term":[{"taxonomy":"category","embeddable":true,"href":"https:\/\/vosgesinfo.fr\/remiremontinfo\/wp-json\/wp\/v2\/categories?post=49458"},{"taxonomy":"post_tag","embeddable":true,"href":"https:\/\/vosgesinfo.fr\/remiremontinfo\/wp-json\/wp\/v2\/tags?post=49458"}],"curies":[{"name":"wp","href":"https:\/\/api.w.org\/{rel}","templated":true}]}}