{"id":49469,"date":"2021-11-30T07:20:22","date_gmt":"2021-11-30T06:20:22","guid":{"rendered":"https:\/\/vosgesinfo.fr\/remiremontinfo\/2021\/11\/covid-19-contaminations-explosent-visite-de-plateforme-de-contact-tracing\/"},"modified":"2021-11-30T07:20:22","modified_gmt":"2021-11-30T06:20:22","slug":"covid-19-contaminations-explosent-visite-de-plateforme-de-contact-tracing","status":"publish","type":"post","link":"https:\/\/vosgesinfo.fr\/remiremontinfo\/2021\/11\/covid-19-contaminations-explosent-visite-de-plateforme-de-contact-tracing\/","title":{"rendered":"Covid-19 : alors que les contaminations explosent, visite de la plateforme de Contact Tracing"},"content":{"rendered":"<h2><span style=\"font-size: 12pt;\">Il n\u2019y a plus aucun doute, la cinqui\u00e8me vague de Covid-19 est bien l\u00e0. Dans les Vosges, comme dans toute la France, les contaminations explosent. Dans<strong>\u00a0<\/strong>le d\u00e9partement un taux d\u2019incidence est de 220 nouveaux cas pour 100 000 habitants. Le Pr\u00e9fet des Vosges alerte sur la d\u00e9gradation de la situation sanitaire lors de la visite de la plateforme de Contact Tracing de la CPAM des Vosges, active 7j\/7.\u00a0<\/span><\/h2>\n<p><a href=\"https:\/\/epinalinfos.fr\/wp-content\/uploads\/2021\/11\/contact-tracing-cpam-vosges.jpg\" data-featherlight=\"image\"><img decoding=\"async\" class=\"alignleft size-medium wp-image-192829\" src=\"https:\/\/epinalinfos.fr\/wp-content\/uploads\/2021\/11\/contact-tracing-cpam-vosges-383x255.jpg\" alt=\"contact-tracing-cpam-vosges\" width=\"383\" height=\"255\" \/><\/a>Alors que\u00a0la Haute autorit\u00e9 de Sant\u00e9 pr\u00e9conise d\u00e9sormais la vaccination pour les enfants fragiles de 5 \u00e0 11 ans, ce mardi, la situation sanitaire se d\u00e9grade dans les Vosges. Avec la hausse tr\u00e8s sensible du taux d\u2019incidence au Covid-19 dans le d\u00e9partement des Vosges et devant la menace du nouveau variant\u00a0Omicron, les gestes barri\u00e8res doivent \u00eatre renforc\u00e9s.<\/p>\n<p>&nbsp;<\/p>\n","protected":false},"excerpt":{"rendered":"<p>Il n\u2019y a plus aucun doute, la cinqui\u00e8me vague de Covid-19 est bien l\u00e0. Dans les Vosges, comme dans toute [&hellip;]<\/p>\n","protected":false},"author":407,"featured_media":49470,"comment_status":"open","ping_status":"open","sticky":false,"template":"","format":"standard","meta":{"footnotes":""},"categories":[26,18],"tags":[],"class_list":["post-49469","post","type-post","status-publish","format-standard","has-post-thumbnail","hentry","category-a-la-une","category-vosges"],"acf":[],"yoast_head":"<!-- This site is optimized with the Yoast SEO plugin v22.5 - https:\/\/yoast.com\/wordpress\/plugins\/seo\/ -->\n<title>Covid-19 : alors que les contaminations explosent, visite de la plateforme de Contact Tracing - Remiremont Info<\/title>\n<meta name=\"robots\" content=\"index, follow, max-snippet:-1, max-image-preview:large, max-video-preview:-1\" \/>\n<link rel=\"canonical\" href=\"https:\/\/vosgesinfo.fr\/remiremontinfo\/2021\/11\/covid-19-contaminations-explosent-visite-de-plateforme-de-contact-tracing\/\" \/>\n<meta name=\"twitter:card\" content=\"summary_large_image\" \/>\n<meta name=\"twitter:title\" content=\"Covid-19 : alors que les contaminations explosent, visite de la plateforme de Contact Tracing - Remiremont Info\" \/>\n<meta name=\"twitter:description\" content=\"Il n\u2019y a plus aucun doute, la cinqui\u00e8me vague de Covid-19 est bien l\u00e0. Dans les Vosges, comme dans toute [&hellip;]\" \/>\n<meta name=\"twitter:image\" content=\"https:\/\/vosgesinfo.fr\/app\/uploads\/sites\/5\/2024\/09\/202111contact-tracing-cpam-vosges2.jpg\" \/>\n<meta name=\"twitter:creator\" content=\"@VosgesInfo88\" \/>\n<meta name=\"twitter:site\" content=\"@VosgesInfo88\" \/>\n<meta name=\"twitter:label1\" content=\"\u00c9crit par\" \/>\n\t<meta name=\"twitter:data1\" content=\"C D\" \/>\n\t<meta name=\"twitter:label2\" content=\"Dur\u00e9e de lecture estim\u00e9e\" \/>\n\t<meta name=\"twitter:data2\" content=\"1 minute\" \/>\n<script type=\"application\/ld+json\" class=\"yoast-schema-graph\">{\"@context\":\"https:\/\/schema.org\",\"@graph\":[{\"@type\":\"Article\",\"@id\":\"https:\/\/vosgesinfo.fr\/remiremontinfo\/2021\/11\/covid-19-contaminations-explosent-visite-de-plateforme-de-contact-tracing\/#article\",\"isPartOf\":{\"@id\":\"https:\/\/vosgesinfo.fr\/remiremontinfo\/2021\/11\/covid-19-contaminations-explosent-visite-de-plateforme-de-contact-tracing\/\"},\"author\":{\"name\":\"C D\",\"@id\":\"https:\/\/vosgesinfo.fr\/remiremontinfo\/#\/schema\/person\/3bfd164d5218a185b1db68655a265316\"},\"headline\":\"Covid-19 : alors que les contaminations explosent, visite de la plateforme de Contact Tracing\",\"datePublished\":\"2021-11-30T06:20:22+00:00\",\"dateModified\":\"2021-11-30T06:20:22+00:00\",\"mainEntityOfPage\":{\"@id\":\"https:\/\/vosgesinfo.fr\/remiremontinfo\/2021\/11\/covid-19-contaminations-explosent-visite-de-plateforme-de-contact-tracing\/\"},\"wordCount\":150,\"commentCount\":0,\"publisher\":{\"@id\":\"https:\/\/vosgesinfo.fr\/remiremontinfo\/#organization\"},\"image\":{\"@id\":\"https:\/\/vosgesinfo.fr\/remiremontinfo\/2021\/11\/covid-19-contaminations-explosent-visite-de-plateforme-de-contact-tracing\/#primaryimage\"},\"thumbnailUrl\":\"https:\/\/vosgesinfo.fr\/app\/uploads\/sites\/5\/2024\/09\/202111contact-tracing-cpam-vosges2.jpg\",\"articleSection\":[\"A la Une\",\"Vosges\"],\"inLanguage\":\"fr-FR\",\"potentialAction\":[{\"@type\":\"CommentAction\",\"name\":\"Comment\",\"target\":[\"https:\/\/vosgesinfo.fr\/remiremontinfo\/2021\/11\/covid-19-contaminations-explosent-visite-de-plateforme-de-contact-tracing\/#respond\"]}]},{\"@type\":\"WebPage\",\"@id\":\"https:\/\/vosgesinfo.fr\/remiremontinfo\/2021\/11\/covid-19-contaminations-explosent-visite-de-plateforme-de-contact-tracing\/\",\"url\":\"https:\/\/vosgesinfo.fr\/remiremontinfo\/2021\/11\/covid-19-contaminations-explosent-visite-de-plateforme-de-contact-tracing\/\",\"name\":\"Covid-19 : alors que les contaminations explosent, visite de la plateforme de Contact Tracing - Remiremont Info\",\"isPartOf\":{\"@id\":\"https:\/\/vosgesinfo.fr\/remiremontinfo\/#website\"},\"primaryImageOfPage\":{\"@id\":\"https:\/\/vosgesinfo.fr\/remiremontinfo\/2021\/11\/covid-19-contaminations-explosent-visite-de-plateforme-de-contact-tracing\/#primaryimage\"},\"image\":{\"@id\":\"https:\/\/vosgesinfo.fr\/remiremontinfo\/2021\/11\/covid-19-contaminations-explosent-visite-de-plateforme-de-contact-tracing\/#primaryimage\"},\"thumbnailUrl\":\"https:\/\/vosgesinfo.fr\/app\/uploads\/sites\/5\/2024\/09\/202111contact-tracing-cpam-vosges2.jpg\",\"datePublished\":\"2021-11-30T06:20:22+00:00\",\"dateModified\":\"2021-11-30T06:20:22+00:00\",\"breadcrumb\":{\"@id\":\"https:\/\/vosgesinfo.fr\/remiremontinfo\/2021\/11\/covid-19-contaminations-explosent-visite-de-plateforme-de-contact-tracing\/#breadcrumb\"},\"inLanguage\":\"fr-FR\",\"potentialAction\":[{\"@type\":\"ReadAction\",\"target\":[\"https:\/\/vosgesinfo.fr\/remiremontinfo\/2021\/11\/covid-19-contaminations-explosent-visite-de-plateforme-de-contact-tracing\/\"]}]},{\"@type\":\"ImageObject\",\"inLanguage\":\"fr-FR\",\"@id\":\"https:\/\/vosgesinfo.fr\/remiremontinfo\/2021\/11\/covid-19-contaminations-explosent-visite-de-plateforme-de-contact-tracing\/#primaryimage\",\"url\":\"https:\/\/vosgesinfo.fr\/app\/uploads\/sites\/5\/2024\/09\/202111contact-tracing-cpam-vosges2.jpg\",\"contentUrl\":\"https:\/\/vosgesinfo.fr\/app\/uploads\/sites\/5\/2024\/09\/202111contact-tracing-cpam-vosges2.jpg\",\"width\":800,\"height\":533},{\"@type\":\"BreadcrumbList\",\"@id\":\"https:\/\/vosgesinfo.fr\/remiremontinfo\/2021\/11\/covid-19-contaminations-explosent-visite-de-plateforme-de-contact-tracing\/#breadcrumb\",\"itemListElement\":[{\"@type\":\"ListItem\",\"position\":1,\"name\":\"Home\",\"item\":\"https:\/\/vosgesinfo.fr\/remiremontinfo\/\"},{\"@type\":\"ListItem\",\"position\":2,\"name\":\"Covid-19 : alors que les contaminations explosent, visite de la plateforme de Contact Tracing\"}]},{\"@type\":\"WebSite\",\"@id\":\"https:\/\/vosgesinfo.fr\/remiremontinfo\/#website\",\"url\":\"https:\/\/vosgesinfo.fr\/remiremontinfo\/\",\"name\":\"Remiremont Info\",\"description\":\"Toute l&#039;actualit\u00e9 de Remiremont\",\"publisher\":{\"@id\":\"https:\/\/vosgesinfo.fr\/remiremontinfo\/#organization\"},\"alternateName\":\"Toute l'actualit\u00e9 de Remiremont\",\"potentialAction\":[{\"@type\":\"SearchAction\",\"target\":{\"@type\":\"EntryPoint\",\"urlTemplate\":\"https:\/\/vosgesinfo.fr\/remiremontinfo\/?s={search_term_string}\"},\"query-input\":\"required name=search_term_string\"}],\"inLanguage\":\"fr-FR\"},{\"@type\":\"Organization\",\"@id\":\"https:\/\/vosgesinfo.fr\/remiremontinfo\/#organization\",\"name\":\"Remiremont Info\",\"url\":\"https:\/\/vosgesinfo.fr\/remiremontinfo\/\",\"logo\":{\"@type\":\"ImageObject\",\"inLanguage\":\"fr-FR\",\"@id\":\"https:\/\/vosgesinfo.fr\/remiremontinfo\/#\/schema\/logo\/image\/\",\"url\":\"https:\/\/vosgesinfo.fr\/app\/uploads\/sites\/5\/2023\/08\/favicon-remiremontinfo.png\",\"contentUrl\":\"https:\/\/vosgesinfo.fr\/app\/uploads\/sites\/5\/2023\/08\/favicon-remiremontinfo.png\",\"width\":512,\"height\":512,\"caption\":\"Remiremont Info\"},\"image\":{\"@id\":\"https:\/\/vosgesinfo.fr\/remiremontinfo\/#\/schema\/logo\/image\/\"},\"sameAs\":[\"https:\/\/www.facebook.com\/remiremontinfo\",\"https:\/\/x.com\/VosgesInfo88\",\"https:\/\/www.youtube.com\/@vosgesinfo\"]},{\"@type\":\"Person\",\"@id\":\"https:\/\/vosgesinfo.fr\/remiremontinfo\/#\/schema\/person\/3bfd164d5218a185b1db68655a265316\",\"name\":\"C D\",\"image\":{\"@type\":\"ImageObject\",\"inLanguage\":\"fr-FR\",\"@id\":\"https:\/\/vosgesinfo.fr\/remiremontinfo\/#\/schema\/person\/image\/\",\"url\":\"https:\/\/secure.gravatar.com\/avatar\/1f9a70007336511a47468b8f1c66f922b8b7cf617b02a31149ada43893a5d48f?s=96&d=mm&r=g\",\"contentUrl\":\"https:\/\/secure.gravatar.com\/avatar\/1f9a70007336511a47468b8f1c66f922b8b7cf617b02a31149ada43893a5d48f?s=96&d=mm&r=g\",\"caption\":\"C D\"},\"url\":\"https:\/\/vosgesinfo.fr\/remiremontinfo\/author\/cedric-drevet\/\"}]}<\/script>\n<!-- \/ Yoast SEO plugin. -->","yoast_head_json":{"title":"Covid-19 : alors que les contaminations explosent, visite de la plateforme de Contact Tracing - Remiremont Info","robots":{"index":"index","follow":"follow","max-snippet":"max-snippet:-1","max-image-preview":"max-image-preview:large","max-video-preview":"max-video-preview:-1"},"canonical":"https:\/\/vosgesinfo.fr\/remiremontinfo\/2021\/11\/covid-19-contaminations-explosent-visite-de-plateforme-de-contact-tracing\/","twitter_card":"summary_large_image","twitter_title":"Covid-19 : alors que les contaminations explosent, visite de la plateforme de Contact Tracing - Remiremont Info","twitter_description":"Il n\u2019y a plus aucun doute, la cinqui\u00e8me vague de Covid-19 est bien l\u00e0. Dans les Vosges, comme dans toute [&hellip;]","twitter_image":"https:\/\/vosgesinfo.fr\/app\/uploads\/sites\/5\/2024\/09\/202111contact-tracing-cpam-vosges2.jpg","twitter_creator":"@VosgesInfo88","twitter_site":"@VosgesInfo88","twitter_misc":{"\u00c9crit par":"C D","Dur\u00e9e de lecture estim\u00e9e":"1 minute"},"schema":{"@context":"https:\/\/schema.org","@graph":[{"@type":"Article","@id":"https:\/\/vosgesinfo.fr\/remiremontinfo\/2021\/11\/covid-19-contaminations-explosent-visite-de-plateforme-de-contact-tracing\/#article","isPartOf":{"@id":"https:\/\/vosgesinfo.fr\/remiremontinfo\/2021\/11\/covid-19-contaminations-explosent-visite-de-plateforme-de-contact-tracing\/"},"author":{"name":"C D","@id":"https:\/\/vosgesinfo.fr\/remiremontinfo\/#\/schema\/person\/3bfd164d5218a185b1db68655a265316"},"headline":"Covid-19 : alors que les contaminations explosent, visite de la plateforme de Contact Tracing","datePublished":"2021-11-30T06:20:22+00:00","dateModified":"2021-11-30T06:20:22+00:00","mainEntityOfPage":{"@id":"https:\/\/vosgesinfo.fr\/remiremontinfo\/2021\/11\/covid-19-contaminations-explosent-visite-de-plateforme-de-contact-tracing\/"},"wordCount":150,"commentCount":0,"publisher":{"@id":"https:\/\/vosgesinfo.fr\/remiremontinfo\/#organization"},"image":{"@id":"https:\/\/vosgesinfo.fr\/remiremontinfo\/2021\/11\/covid-19-contaminations-explosent-visite-de-plateforme-de-contact-tracing\/#primaryimage"},"thumbnailUrl":"https:\/\/vosgesinfo.fr\/app\/uploads\/sites\/5\/2024\/09\/202111contact-tracing-cpam-vosges2.jpg","articleSection":["A la Une","Vosges"],"inLanguage":"fr-FR","potentialAction":[{"@type":"CommentAction","name":"Comment","target":["https:\/\/vosgesinfo.fr\/remiremontinfo\/2021\/11\/covid-19-contaminations-explosent-visite-de-plateforme-de-contact-tracing\/#respond"]}]},{"@type":"WebPage","@id":"https:\/\/vosgesinfo.fr\/remiremontinfo\/2021\/11\/covid-19-contaminations-explosent-visite-de-plateforme-de-contact-tracing\/","url":"https:\/\/vosgesinfo.fr\/remiremontinfo\/2021\/11\/covid-19-contaminations-explosent-visite-de-plateforme-de-contact-tracing\/","name":"Covid-19 : alors que les contaminations explosent, visite de la plateforme de Contact Tracing - Remiremont Info","isPartOf":{"@id":"https:\/\/vosgesinfo.fr\/remiremontinfo\/#website"},"primaryImageOfPage":{"@id":"https:\/\/vosgesinfo.fr\/remiremontinfo\/2021\/11\/covid-19-contaminations-explosent-visite-de-plateforme-de-contact-tracing\/#primaryimage"},"image":{"@id":"https:\/\/vosgesinfo.fr\/remiremontinfo\/2021\/11\/covid-19-contaminations-explosent-visite-de-plateforme-de-contact-tracing\/#primaryimage"},"thumbnailUrl":"https:\/\/vosgesinfo.fr\/app\/uploads\/sites\/5\/2024\/09\/202111contact-tracing-cpam-vosges2.jpg","datePublished":"2021-11-30T06:20:22+00:00","dateModified":"2021-11-30T06:20:22+00:00","breadcrumb":{"@id":"https:\/\/vosgesinfo.fr\/remiremontinfo\/2021\/11\/covid-19-contaminations-explosent-visite-de-plateforme-de-contact-tracing\/#breadcrumb"},"inLanguage":"fr-FR","potentialAction":[{"@type":"ReadAction","target":["https:\/\/vosgesinfo.fr\/remiremontinfo\/2021\/11\/covid-19-contaminations-explosent-visite-de-plateforme-de-contact-tracing\/"]}]},{"@type":"ImageObject","inLanguage":"fr-FR","@id":"https:\/\/vosgesinfo.fr\/remiremontinfo\/2021\/11\/covid-19-contaminations-explosent-visite-de-plateforme-de-contact-tracing\/#primaryimage","url":"https:\/\/vosgesinfo.fr\/app\/uploads\/sites\/5\/2024\/09\/202111contact-tracing-cpam-vosges2.jpg","contentUrl":"https:\/\/vosgesinfo.fr\/app\/uploads\/sites\/5\/2024\/09\/202111contact-tracing-cpam-vosges2.jpg","width":800,"height":533},{"@type":"BreadcrumbList","@id":"https:\/\/vosgesinfo.fr\/remiremontinfo\/2021\/11\/covid-19-contaminations-explosent-visite-de-plateforme-de-contact-tracing\/#breadcrumb","itemListElement":[{"@type":"ListItem","position":1,"name":"Home","item":"https:\/\/vosgesinfo.fr\/remiremontinfo\/"},{"@type":"ListItem","position":2,"name":"Covid-19 : alors que les contaminations explosent, visite de la plateforme de Contact Tracing"}]},{"@type":"WebSite","@id":"https:\/\/vosgesinfo.fr\/remiremontinfo\/#website","url":"https:\/\/vosgesinfo.fr\/remiremontinfo\/","name":"Remiremont Info","description":"Toute l&#039;actualit\u00e9 de Remiremont","publisher":{"@id":"https:\/\/vosgesinfo.fr\/remiremontinfo\/#organization"},"alternateName":"Toute l'actualit\u00e9 de Remiremont","potentialAction":[{"@type":"SearchAction","target":{"@type":"EntryPoint","urlTemplate":"https:\/\/vosgesinfo.fr\/remiremontinfo\/?s={search_term_string}"},"query-input":"required name=search_term_string"}],"inLanguage":"fr-FR"},{"@type":"Organization","@id":"https:\/\/vosgesinfo.fr\/remiremontinfo\/#organization","name":"Remiremont Info","url":"https:\/\/vosgesinfo.fr\/remiremontinfo\/","logo":{"@type":"ImageObject","inLanguage":"fr-FR","@id":"https:\/\/vosgesinfo.fr\/remiremontinfo\/#\/schema\/logo\/image\/","url":"https:\/\/vosgesinfo.fr\/app\/uploads\/sites\/5\/2023\/08\/favicon-remiremontinfo.png","contentUrl":"https:\/\/vosgesinfo.fr\/app\/uploads\/sites\/5\/2023\/08\/favicon-remiremontinfo.png","width":512,"height":512,"caption":"Remiremont Info"},"image":{"@id":"https:\/\/vosgesinfo.fr\/remiremontinfo\/#\/schema\/logo\/image\/"},"sameAs":["https:\/\/www.facebook.com\/remiremontinfo","https:\/\/x.com\/VosgesInfo88","https:\/\/www.youtube.com\/@vosgesinfo"]},{"@type":"Person","@id":"https:\/\/vosgesinfo.fr\/remiremontinfo\/#\/schema\/person\/3bfd164d5218a185b1db68655a265316","name":"C D","image":{"@type":"ImageObject","inLanguage":"fr-FR","@id":"https:\/\/vosgesinfo.fr\/remiremontinfo\/#\/schema\/person\/image\/","url":"https:\/\/secure.gravatar.com\/avatar\/1f9a70007336511a47468b8f1c66f922b8b7cf617b02a31149ada43893a5d48f?s=96&d=mm&r=g","contentUrl":"https:\/\/secure.gravatar.com\/avatar\/1f9a70007336511a47468b8f1c66f922b8b7cf617b02a31149ada43893a5d48f?s=96&d=mm&r=g","caption":"C D"},"url":"https:\/\/vosgesinfo.fr\/remiremontinfo\/author\/cedric-drevet\/"}]}},"_links":{"self":[{"href":"https:\/\/vosgesinfo.fr\/remiremontinfo\/wp-json\/wp\/v2\/posts\/49469","targetHints":{"allow":["GET"]}}],"collection":[{"href":"https:\/\/vosgesinfo.fr\/remiremontinfo\/wp-json\/wp\/v2\/posts"}],"about":[{"href":"https:\/\/vosgesinfo.fr\/remiremontinfo\/wp-json\/wp\/v2\/types\/post"}],"author":[{"embeddable":true,"href":"https:\/\/vosgesinfo.fr\/remiremontinfo\/wp-json\/wp\/v2\/users\/407"}],"replies":[{"embeddable":true,"href":"https:\/\/vosgesinfo.fr\/remiremontinfo\/wp-json\/wp\/v2\/comments?post=49469"}],"version-history":[{"count":0,"href":"https:\/\/vosgesinfo.fr\/remiremontinfo\/wp-json\/wp\/v2\/posts\/49469\/revisions"}],"wp:featuredmedia":[{"embeddable":true,"href":"https:\/\/vosgesinfo.fr\/remiremontinfo\/wp-json\/wp\/v2\/media\/49470"}],"wp:attachment":[{"href":"https:\/\/vosgesinfo.fr\/remiremontinfo\/wp-json\/wp\/v2\/media?parent=49469"}],"wp:term":[{"taxonomy":"category","embeddable":true,"href":"https:\/\/vosgesinfo.fr\/remiremontinfo\/wp-json\/wp\/v2\/categories?post=49469"},{"taxonomy":"post_tag","embeddable":true,"href":"https:\/\/vosgesinfo.fr\/remiremontinfo\/wp-json\/wp\/v2\/tags?post=49469"}],"curies":[{"name":"wp","href":"https:\/\/api.w.org\/{rel}","templated":true}]}}