{"id":49674,"date":"2021-12-05T08:59:23","date_gmt":"2021-12-05T07:59:23","guid":{"rendered":"https:\/\/vosgesinfo.fr\/remiremontinfo\/2021\/12\/biathlon-fabien-claude-coequipiers-deuxieme-marche-podium-suede\/"},"modified":"2021-12-05T08:59:23","modified_gmt":"2021-12-05T07:59:23","slug":"biathlon-fabien-claude-coequipiers-deuxieme-marche-podium-suede","status":"publish","type":"post","link":"https:\/\/vosgesinfo.fr\/remiremontinfo\/2021\/12\/biathlon-fabien-claude-coequipiers-deuxieme-marche-podium-suede\/","title":{"rendered":"Biathlon\u00a0: Fabien Claude et ses co\u00e9quipiers sur la deuxi\u00e8me marche du podium en Su\u00e8de"},"content":{"rendered":"<p><a href=\"\/2021\/12\/263716165_334458158490078_5257225373738183571_n.jpg\"><img decoding=\"async\" class=\"alignnone size-large wp-image-333203\" src=\"\/2021\/12\/263716165_334458158490078_5257225373738183571_n-1024x683.jpg\" alt=\"263716165_334458158490078_5257225373738183571_n\" width=\"960\" height=\"640\" \/><\/a><\/p>\n<p><span style=\"font-size: 10pt;\"><em>Photo par <a href=\"https:\/\/www.facebook.com\/profile.php?id=100057776901530\">la page Facebook de Fabien Claude\u00a0<\/a><\/em><\/span><\/p>\n<h2><span style=\"font-size: 12pt;\"><strong>Les Bleus terminent 2\u00e8me du Relais \u00e0 \u00d6stersund\u00a0! Samedi, le groupe form\u00e9 par le vosgien Fabien Claude et ses co\u00e9quipiers Emilien Jacquelin, Simon Desthieux et Quentin Fillon Maillet a termin\u00e9 sur la deuxi\u00e8me marche du podium en Su\u00e8de, dans le cadre de la coupe du monde de biathlon.\u00a0<\/strong><\/span><\/h2>\n<p>La Norv\u00e8ge, consid\u00e9r\u00e9e comme favorite de l\u2019\u00e9preuve, l\u2019emporte. \u00ab\u00a0Premier \u00e0 s\u2019\u00e9lancer sur ce relais, Fabien Claude a fait le travail tr\u00e8s correctement\u00a0\u00bb,\u00a0selon\u00a0<a href=\"https:\/\/www.msn.com\/fr-fr\/sport\/other\/coupe-du-monde-de-biathlon-la-france-termine-2e-du-relais-hommes-c3-a0-c3-b6stersund-la-norv-c3-a8ge-lemporte\/ar-AARsYjp?ocid=uxbndlbing\">FranceInfo.<\/a> \u00ab\u00a0passant le t\u00e9moin \u00e0 Emilien Jacquelin \u00e0 moins d\u2019une seconde du Norv\u00e9gien Sivert Guttorm Bakken et de l\u2019Allemand Erik Lesser. Plus en difficult\u00e9, le Grenoblois r\u00e9alisait cinq fautes sur le pas de tir, de quoi laisser une petite marge \u00e0 Tarjei Boe qui s\u2019envolait en t\u00eate\u00a0\u00bb. Les fran\u00e7ais terminent \u00e0 11&Prime; du premier, mais devant la Russie (46&Prime;).<\/p>\n<p>&nbsp;<\/p>\n","protected":false},"excerpt":{"rendered":"<p>Photo par la page Facebook de Fabien Claude\u00a0 Les Bleus terminent 2\u00e8me du Relais \u00e0 \u00d6stersund\u00a0! Samedi, le groupe form\u00e9 [&hellip;]<\/p>\n","protected":false},"author":407,"featured_media":49675,"comment_status":"open","ping_status":"open","sticky":false,"template":"","format":"standard","meta":{"footnotes":""},"categories":[26,14,18],"tags":[2156,3138,61],"class_list":["post-49674","post","type-post","status-publish","format-standard","has-post-thumbnail","hentry","category-a-la-une","category-sport","category-vosges","tag-biathlon","tag-fabien-claude","tag-sport"],"acf":[],"yoast_head":"<!-- This site is optimized with the Yoast SEO plugin v22.5 - https:\/\/yoast.com\/wordpress\/plugins\/seo\/ -->\n<title>Biathlon\u00a0: Fabien Claude et ses co\u00e9quipiers sur la deuxi\u00e8me marche du podium en Su\u00e8de - Remiremont Info<\/title>\n<meta name=\"robots\" content=\"index, follow, max-snippet:-1, max-image-preview:large, max-video-preview:-1\" \/>\n<link rel=\"canonical\" href=\"https:\/\/vosgesinfo.fr\/remiremontinfo\/2021\/12\/biathlon-fabien-claude-coequipiers-deuxieme-marche-podium-suede\/\" \/>\n<meta name=\"twitter:card\" content=\"summary_large_image\" \/>\n<meta name=\"twitter:title\" content=\"Biathlon\u00a0: Fabien Claude et ses co\u00e9quipiers sur la deuxi\u00e8me marche du podium en Su\u00e8de - Remiremont Info\" \/>\n<meta name=\"twitter:description\" content=\"Photo par la page Facebook de Fabien Claude\u00a0 Les Bleus terminent 2\u00e8me du Relais \u00e0 \u00d6stersund\u00a0! Samedi, le groupe form\u00e9 [&hellip;]\" \/>\n<meta name=\"twitter:image\" content=\"https:\/\/vosgesinfo.fr\/app\/uploads\/sites\/5\/2024\/09\/202112263716165-334458158490078-5257225373738183571-n.jpg\" \/>\n<meta name=\"twitter:creator\" content=\"@VosgesInfo88\" \/>\n<meta name=\"twitter:site\" content=\"@VosgesInfo88\" \/>\n<meta name=\"twitter:label1\" content=\"\u00c9crit par\" \/>\n\t<meta name=\"twitter:data1\" content=\"C D\" \/>\n\t<meta name=\"twitter:label2\" content=\"Dur\u00e9e de lecture estim\u00e9e\" \/>\n\t<meta name=\"twitter:data2\" content=\"1 minute\" \/>\n<script type=\"application\/ld+json\" class=\"yoast-schema-graph\">{\"@context\":\"https:\/\/schema.org\",\"@graph\":[{\"@type\":\"Article\",\"@id\":\"https:\/\/vosgesinfo.fr\/remiremontinfo\/2021\/12\/biathlon-fabien-claude-coequipiers-deuxieme-marche-podium-suede\/#article\",\"isPartOf\":{\"@id\":\"https:\/\/vosgesinfo.fr\/remiremontinfo\/2021\/12\/biathlon-fabien-claude-coequipiers-deuxieme-marche-podium-suede\/\"},\"author\":{\"name\":\"C D\",\"@id\":\"https:\/\/vosgesinfo.fr\/remiremontinfo\/#\/schema\/person\/3bfd164d5218a185b1db68655a265316\"},\"headline\":\"Biathlon\u00a0: Fabien Claude et ses co\u00e9quipiers sur la deuxi\u00e8me marche du podium en Su\u00e8de\",\"datePublished\":\"2021-12-05T07:59:23+00:00\",\"dateModified\":\"2021-12-05T07:59:23+00:00\",\"mainEntityOfPage\":{\"@id\":\"https:\/\/vosgesinfo.fr\/remiremontinfo\/2021\/12\/biathlon-fabien-claude-coequipiers-deuxieme-marche-podium-suede\/\"},\"wordCount\":166,\"commentCount\":0,\"publisher\":{\"@id\":\"https:\/\/vosgesinfo.fr\/remiremontinfo\/#organization\"},\"image\":{\"@id\":\"https:\/\/vosgesinfo.fr\/remiremontinfo\/2021\/12\/biathlon-fabien-claude-coequipiers-deuxieme-marche-podium-suede\/#primaryimage\"},\"thumbnailUrl\":\"https:\/\/vosgesinfo.fr\/app\/uploads\/sites\/5\/2024\/09\/202112263716165-334458158490078-5257225373738183571-n.jpg\",\"keywords\":[\"biathlon\",\"Fabien Claude\",\"sport\"],\"articleSection\":[\"A la Une\",\"Sport\",\"Vosges\"],\"inLanguage\":\"fr-FR\",\"potentialAction\":[{\"@type\":\"CommentAction\",\"name\":\"Comment\",\"target\":[\"https:\/\/vosgesinfo.fr\/remiremontinfo\/2021\/12\/biathlon-fabien-claude-coequipiers-deuxieme-marche-podium-suede\/#respond\"]}]},{\"@type\":\"WebPage\",\"@id\":\"https:\/\/vosgesinfo.fr\/remiremontinfo\/2021\/12\/biathlon-fabien-claude-coequipiers-deuxieme-marche-podium-suede\/\",\"url\":\"https:\/\/vosgesinfo.fr\/remiremontinfo\/2021\/12\/biathlon-fabien-claude-coequipiers-deuxieme-marche-podium-suede\/\",\"name\":\"Biathlon\u00a0: Fabien Claude et ses co\u00e9quipiers sur la deuxi\u00e8me marche du podium en Su\u00e8de - Remiremont Info\",\"isPartOf\":{\"@id\":\"https:\/\/vosgesinfo.fr\/remiremontinfo\/#website\"},\"primaryImageOfPage\":{\"@id\":\"https:\/\/vosgesinfo.fr\/remiremontinfo\/2021\/12\/biathlon-fabien-claude-coequipiers-deuxieme-marche-podium-suede\/#primaryimage\"},\"image\":{\"@id\":\"https:\/\/vosgesinfo.fr\/remiremontinfo\/2021\/12\/biathlon-fabien-claude-coequipiers-deuxieme-marche-podium-suede\/#primaryimage\"},\"thumbnailUrl\":\"https:\/\/vosgesinfo.fr\/app\/uploads\/sites\/5\/2024\/09\/202112263716165-334458158490078-5257225373738183571-n.jpg\",\"datePublished\":\"2021-12-05T07:59:23+00:00\",\"dateModified\":\"2021-12-05T07:59:23+00:00\",\"breadcrumb\":{\"@id\":\"https:\/\/vosgesinfo.fr\/remiremontinfo\/2021\/12\/biathlon-fabien-claude-coequipiers-deuxieme-marche-podium-suede\/#breadcrumb\"},\"inLanguage\":\"fr-FR\",\"potentialAction\":[{\"@type\":\"ReadAction\",\"target\":[\"https:\/\/vosgesinfo.fr\/remiremontinfo\/2021\/12\/biathlon-fabien-claude-coequipiers-deuxieme-marche-podium-suede\/\"]}]},{\"@type\":\"ImageObject\",\"inLanguage\":\"fr-FR\",\"@id\":\"https:\/\/vosgesinfo.fr\/remiremontinfo\/2021\/12\/biathlon-fabien-claude-coequipiers-deuxieme-marche-podium-suede\/#primaryimage\",\"url\":\"https:\/\/vosgesinfo.fr\/app\/uploads\/sites\/5\/2024\/09\/202112263716165-334458158490078-5257225373738183571-n.jpg\",\"contentUrl\":\"https:\/\/vosgesinfo.fr\/app\/uploads\/sites\/5\/2024\/09\/202112263716165-334458158490078-5257225373738183571-n.jpg\",\"width\":1440,\"height\":960},{\"@type\":\"BreadcrumbList\",\"@id\":\"https:\/\/vosgesinfo.fr\/remiremontinfo\/2021\/12\/biathlon-fabien-claude-coequipiers-deuxieme-marche-podium-suede\/#breadcrumb\",\"itemListElement\":[{\"@type\":\"ListItem\",\"position\":1,\"name\":\"Home\",\"item\":\"https:\/\/vosgesinfo.fr\/remiremontinfo\/\"},{\"@type\":\"ListItem\",\"position\":2,\"name\":\"Biathlon\u00a0: Fabien Claude et ses co\u00e9quipiers sur la deuxi\u00e8me marche du podium en Su\u00e8de\"}]},{\"@type\":\"WebSite\",\"@id\":\"https:\/\/vosgesinfo.fr\/remiremontinfo\/#website\",\"url\":\"https:\/\/vosgesinfo.fr\/remiremontinfo\/\",\"name\":\"Remiremont Info\",\"description\":\"Toute l&#039;actualit\u00e9 de Remiremont\",\"publisher\":{\"@id\":\"https:\/\/vosgesinfo.fr\/remiremontinfo\/#organization\"},\"alternateName\":\"Toute l'actualit\u00e9 de Remiremont\",\"potentialAction\":[{\"@type\":\"SearchAction\",\"target\":{\"@type\":\"EntryPoint\",\"urlTemplate\":\"https:\/\/vosgesinfo.fr\/remiremontinfo\/?s={search_term_string}\"},\"query-input\":\"required name=search_term_string\"}],\"inLanguage\":\"fr-FR\"},{\"@type\":\"Organization\",\"@id\":\"https:\/\/vosgesinfo.fr\/remiremontinfo\/#organization\",\"name\":\"Remiremont Info\",\"url\":\"https:\/\/vosgesinfo.fr\/remiremontinfo\/\",\"logo\":{\"@type\":\"ImageObject\",\"inLanguage\":\"fr-FR\",\"@id\":\"https:\/\/vosgesinfo.fr\/remiremontinfo\/#\/schema\/logo\/image\/\",\"url\":\"https:\/\/vosgesinfo.fr\/app\/uploads\/sites\/5\/2023\/08\/favicon-remiremontinfo.png\",\"contentUrl\":\"https:\/\/vosgesinfo.fr\/app\/uploads\/sites\/5\/2023\/08\/favicon-remiremontinfo.png\",\"width\":512,\"height\":512,\"caption\":\"Remiremont Info\"},\"image\":{\"@id\":\"https:\/\/vosgesinfo.fr\/remiremontinfo\/#\/schema\/logo\/image\/\"},\"sameAs\":[\"https:\/\/www.facebook.com\/remiremontinfo\",\"https:\/\/x.com\/VosgesInfo88\",\"https:\/\/www.youtube.com\/@vosgesinfo\"]},{\"@type\":\"Person\",\"@id\":\"https:\/\/vosgesinfo.fr\/remiremontinfo\/#\/schema\/person\/3bfd164d5218a185b1db68655a265316\",\"name\":\"C D\",\"image\":{\"@type\":\"ImageObject\",\"inLanguage\":\"fr-FR\",\"@id\":\"https:\/\/vosgesinfo.fr\/remiremontinfo\/#\/schema\/person\/image\/\",\"url\":\"https:\/\/secure.gravatar.com\/avatar\/1f9a70007336511a47468b8f1c66f922b8b7cf617b02a31149ada43893a5d48f?s=96&d=mm&r=g\",\"contentUrl\":\"https:\/\/secure.gravatar.com\/avatar\/1f9a70007336511a47468b8f1c66f922b8b7cf617b02a31149ada43893a5d48f?s=96&d=mm&r=g\",\"caption\":\"C D\"},\"url\":\"https:\/\/vosgesinfo.fr\/remiremontinfo\/author\/cedric-drevet\/\"}]}<\/script>\n<!-- \/ Yoast SEO plugin. -->","yoast_head_json":{"title":"Biathlon\u00a0: Fabien Claude et ses co\u00e9quipiers sur la deuxi\u00e8me marche du podium en Su\u00e8de - Remiremont Info","robots":{"index":"index","follow":"follow","max-snippet":"max-snippet:-1","max-image-preview":"max-image-preview:large","max-video-preview":"max-video-preview:-1"},"canonical":"https:\/\/vosgesinfo.fr\/remiremontinfo\/2021\/12\/biathlon-fabien-claude-coequipiers-deuxieme-marche-podium-suede\/","twitter_card":"summary_large_image","twitter_title":"Biathlon\u00a0: Fabien Claude et ses co\u00e9quipiers sur la deuxi\u00e8me marche du podium en Su\u00e8de - Remiremont Info","twitter_description":"Photo par la page Facebook de Fabien Claude\u00a0 Les Bleus terminent 2\u00e8me du Relais \u00e0 \u00d6stersund\u00a0! Samedi, le groupe form\u00e9 [&hellip;]","twitter_image":"https:\/\/vosgesinfo.fr\/app\/uploads\/sites\/5\/2024\/09\/202112263716165-334458158490078-5257225373738183571-n.jpg","twitter_creator":"@VosgesInfo88","twitter_site":"@VosgesInfo88","twitter_misc":{"\u00c9crit par":"C D","Dur\u00e9e de lecture estim\u00e9e":"1 minute"},"schema":{"@context":"https:\/\/schema.org","@graph":[{"@type":"Article","@id":"https:\/\/vosgesinfo.fr\/remiremontinfo\/2021\/12\/biathlon-fabien-claude-coequipiers-deuxieme-marche-podium-suede\/#article","isPartOf":{"@id":"https:\/\/vosgesinfo.fr\/remiremontinfo\/2021\/12\/biathlon-fabien-claude-coequipiers-deuxieme-marche-podium-suede\/"},"author":{"name":"C D","@id":"https:\/\/vosgesinfo.fr\/remiremontinfo\/#\/schema\/person\/3bfd164d5218a185b1db68655a265316"},"headline":"Biathlon\u00a0: Fabien Claude et ses co\u00e9quipiers sur la deuxi\u00e8me marche du podium en Su\u00e8de","datePublished":"2021-12-05T07:59:23+00:00","dateModified":"2021-12-05T07:59:23+00:00","mainEntityOfPage":{"@id":"https:\/\/vosgesinfo.fr\/remiremontinfo\/2021\/12\/biathlon-fabien-claude-coequipiers-deuxieme-marche-podium-suede\/"},"wordCount":166,"commentCount":0,"publisher":{"@id":"https:\/\/vosgesinfo.fr\/remiremontinfo\/#organization"},"image":{"@id":"https:\/\/vosgesinfo.fr\/remiremontinfo\/2021\/12\/biathlon-fabien-claude-coequipiers-deuxieme-marche-podium-suede\/#primaryimage"},"thumbnailUrl":"https:\/\/vosgesinfo.fr\/app\/uploads\/sites\/5\/2024\/09\/202112263716165-334458158490078-5257225373738183571-n.jpg","keywords":["biathlon","Fabien Claude","sport"],"articleSection":["A la Une","Sport","Vosges"],"inLanguage":"fr-FR","potentialAction":[{"@type":"CommentAction","name":"Comment","target":["https:\/\/vosgesinfo.fr\/remiremontinfo\/2021\/12\/biathlon-fabien-claude-coequipiers-deuxieme-marche-podium-suede\/#respond"]}]},{"@type":"WebPage","@id":"https:\/\/vosgesinfo.fr\/remiremontinfo\/2021\/12\/biathlon-fabien-claude-coequipiers-deuxieme-marche-podium-suede\/","url":"https:\/\/vosgesinfo.fr\/remiremontinfo\/2021\/12\/biathlon-fabien-claude-coequipiers-deuxieme-marche-podium-suede\/","name":"Biathlon\u00a0: Fabien Claude et ses co\u00e9quipiers sur la deuxi\u00e8me marche du podium en Su\u00e8de - Remiremont Info","isPartOf":{"@id":"https:\/\/vosgesinfo.fr\/remiremontinfo\/#website"},"primaryImageOfPage":{"@id":"https:\/\/vosgesinfo.fr\/remiremontinfo\/2021\/12\/biathlon-fabien-claude-coequipiers-deuxieme-marche-podium-suede\/#primaryimage"},"image":{"@id":"https:\/\/vosgesinfo.fr\/remiremontinfo\/2021\/12\/biathlon-fabien-claude-coequipiers-deuxieme-marche-podium-suede\/#primaryimage"},"thumbnailUrl":"https:\/\/vosgesinfo.fr\/app\/uploads\/sites\/5\/2024\/09\/202112263716165-334458158490078-5257225373738183571-n.jpg","datePublished":"2021-12-05T07:59:23+00:00","dateModified":"2021-12-05T07:59:23+00:00","breadcrumb":{"@id":"https:\/\/vosgesinfo.fr\/remiremontinfo\/2021\/12\/biathlon-fabien-claude-coequipiers-deuxieme-marche-podium-suede\/#breadcrumb"},"inLanguage":"fr-FR","potentialAction":[{"@type":"ReadAction","target":["https:\/\/vosgesinfo.fr\/remiremontinfo\/2021\/12\/biathlon-fabien-claude-coequipiers-deuxieme-marche-podium-suede\/"]}]},{"@type":"ImageObject","inLanguage":"fr-FR","@id":"https:\/\/vosgesinfo.fr\/remiremontinfo\/2021\/12\/biathlon-fabien-claude-coequipiers-deuxieme-marche-podium-suede\/#primaryimage","url":"https:\/\/vosgesinfo.fr\/app\/uploads\/sites\/5\/2024\/09\/202112263716165-334458158490078-5257225373738183571-n.jpg","contentUrl":"https:\/\/vosgesinfo.fr\/app\/uploads\/sites\/5\/2024\/09\/202112263716165-334458158490078-5257225373738183571-n.jpg","width":1440,"height":960},{"@type":"BreadcrumbList","@id":"https:\/\/vosgesinfo.fr\/remiremontinfo\/2021\/12\/biathlon-fabien-claude-coequipiers-deuxieme-marche-podium-suede\/#breadcrumb","itemListElement":[{"@type":"ListItem","position":1,"name":"Home","item":"https:\/\/vosgesinfo.fr\/remiremontinfo\/"},{"@type":"ListItem","position":2,"name":"Biathlon\u00a0: Fabien Claude et ses co\u00e9quipiers sur la deuxi\u00e8me marche du podium en Su\u00e8de"}]},{"@type":"WebSite","@id":"https:\/\/vosgesinfo.fr\/remiremontinfo\/#website","url":"https:\/\/vosgesinfo.fr\/remiremontinfo\/","name":"Remiremont Info","description":"Toute l&#039;actualit\u00e9 de Remiremont","publisher":{"@id":"https:\/\/vosgesinfo.fr\/remiremontinfo\/#organization"},"alternateName":"Toute l'actualit\u00e9 de Remiremont","potentialAction":[{"@type":"SearchAction","target":{"@type":"EntryPoint","urlTemplate":"https:\/\/vosgesinfo.fr\/remiremontinfo\/?s={search_term_string}"},"query-input":"required name=search_term_string"}],"inLanguage":"fr-FR"},{"@type":"Organization","@id":"https:\/\/vosgesinfo.fr\/remiremontinfo\/#organization","name":"Remiremont Info","url":"https:\/\/vosgesinfo.fr\/remiremontinfo\/","logo":{"@type":"ImageObject","inLanguage":"fr-FR","@id":"https:\/\/vosgesinfo.fr\/remiremontinfo\/#\/schema\/logo\/image\/","url":"https:\/\/vosgesinfo.fr\/app\/uploads\/sites\/5\/2023\/08\/favicon-remiremontinfo.png","contentUrl":"https:\/\/vosgesinfo.fr\/app\/uploads\/sites\/5\/2023\/08\/favicon-remiremontinfo.png","width":512,"height":512,"caption":"Remiremont Info"},"image":{"@id":"https:\/\/vosgesinfo.fr\/remiremontinfo\/#\/schema\/logo\/image\/"},"sameAs":["https:\/\/www.facebook.com\/remiremontinfo","https:\/\/x.com\/VosgesInfo88","https:\/\/www.youtube.com\/@vosgesinfo"]},{"@type":"Person","@id":"https:\/\/vosgesinfo.fr\/remiremontinfo\/#\/schema\/person\/3bfd164d5218a185b1db68655a265316","name":"C D","image":{"@type":"ImageObject","inLanguage":"fr-FR","@id":"https:\/\/vosgesinfo.fr\/remiremontinfo\/#\/schema\/person\/image\/","url":"https:\/\/secure.gravatar.com\/avatar\/1f9a70007336511a47468b8f1c66f922b8b7cf617b02a31149ada43893a5d48f?s=96&d=mm&r=g","contentUrl":"https:\/\/secure.gravatar.com\/avatar\/1f9a70007336511a47468b8f1c66f922b8b7cf617b02a31149ada43893a5d48f?s=96&d=mm&r=g","caption":"C D"},"url":"https:\/\/vosgesinfo.fr\/remiremontinfo\/author\/cedric-drevet\/"}]}},"_links":{"self":[{"href":"https:\/\/vosgesinfo.fr\/remiremontinfo\/wp-json\/wp\/v2\/posts\/49674","targetHints":{"allow":["GET"]}}],"collection":[{"href":"https:\/\/vosgesinfo.fr\/remiremontinfo\/wp-json\/wp\/v2\/posts"}],"about":[{"href":"https:\/\/vosgesinfo.fr\/remiremontinfo\/wp-json\/wp\/v2\/types\/post"}],"author":[{"embeddable":true,"href":"https:\/\/vosgesinfo.fr\/remiremontinfo\/wp-json\/wp\/v2\/users\/407"}],"replies":[{"embeddable":true,"href":"https:\/\/vosgesinfo.fr\/remiremontinfo\/wp-json\/wp\/v2\/comments?post=49674"}],"version-history":[{"count":0,"href":"https:\/\/vosgesinfo.fr\/remiremontinfo\/wp-json\/wp\/v2\/posts\/49674\/revisions"}],"wp:featuredmedia":[{"embeddable":true,"href":"https:\/\/vosgesinfo.fr\/remiremontinfo\/wp-json\/wp\/v2\/media\/49675"}],"wp:attachment":[{"href":"https:\/\/vosgesinfo.fr\/remiremontinfo\/wp-json\/wp\/v2\/media?parent=49674"}],"wp:term":[{"taxonomy":"category","embeddable":true,"href":"https:\/\/vosgesinfo.fr\/remiremontinfo\/wp-json\/wp\/v2\/categories?post=49674"},{"taxonomy":"post_tag","embeddable":true,"href":"https:\/\/vosgesinfo.fr\/remiremontinfo\/wp-json\/wp\/v2\/tags?post=49674"}],"curies":[{"name":"wp","href":"https:\/\/api.w.org\/{rel}","templated":true}]}}