{"id":49676,"date":"2021-12-05T06:05:09","date_gmt":"2021-12-05T05:05:09","guid":{"rendered":"https:\/\/vosgesinfo.fr\/remiremontinfo\/2021\/12\/saint-nicolas-defile-rues-de-saint-nabord\/"},"modified":"2021-12-05T06:05:09","modified_gmt":"2021-12-05T05:05:09","slug":"saint-nicolas-defile-rues-de-saint-nabord","status":"publish","type":"post","link":"https:\/\/vosgesinfo.fr\/remiremontinfo\/2021\/12\/saint-nicolas-defile-rues-de-saint-nabord\/","title":{"rendered":"Saint-Nicolas d\u00e9file dans les rues de Saint-Nabord"},"content":{"rendered":"<div class=\"kvgmc6g5 cxmmr5t8 oygrvhab hcukyx3x c1et5uql ii04i59q\">\n<p dir=\"auto\" style=\"text-align: center;\"><a href=\"\/2021\/12\/Capture-d\u2019\u00e9cran-2021-12-05-100400.png\"><img decoding=\"async\" class=\"alignnone size-full wp-image-333214\" src=\"\/2021\/12\/Capture-d\u2019\u00e9cran-2021-12-05-100400.png\" alt=\"Capture d\u2019\u00e9cran 2021-12-05 100400\" width=\"522\" height=\"445\" \/><\/a><\/p>\n<p dir=\"auto\"><span style=\"font-size: 10pt;\"><em>Captures d&rsquo;\u00e9cran de la page Facebook de la Mairie de Saint-Nabord\u00a0<\/em><\/span><\/p>\n<h2 dir=\"auto\"><span style=\"font-size: 12pt;\"><span style=\"font-size: 12pt;\">Saint-Nicolas ouvre le bal des festivit\u00e9s de fin d\u2019ann\u00e9e avec son traditionnel d\u00e9fil\u00e9 dans les villes et villages vosgiens. Il \u00e9tait notamment ce samedi en fin d&rsquo;apr\u00e8s-midi au centre-ville de Saint-Nabord. Un <\/span><span style=\"font-size: 16px;\">\u00e9v\u00e8nement<\/span><span style=\"font-size: 12pt;\">\u00a0organis\u00e9 en collaboration avec l\u2019Union des commer\u00e7ants (UECAN).\u00a0<\/span><\/span><\/h2>\n<div dir=\"auto\">Plus t\u00f4t dans la journ\u00e9e, des animations \u00e9taient propos\u00e9es:\u00a0l\u2019artiste graffeur Cover\u00a0\u00a0animait un\u00a0atelier street art au centre socioculturel de Saint-Nabord et r\u00e9alisait avec les enfants une cr\u00e9ation \u00e9ph\u00e9m\u00e8re et participative sur le th\u00e8me de No\u00ebl. Ouverture d&rsquo;une expo \u00ab\u00a0No\u00ebl\u00a0\u00bb, \u00e9galement. La mairie a rendu hommage aux travaux artistiques r\u00e9alis\u00e9s par les enfants dans le cadre scolaire et p\u00e9riscolaire et inaugure une exposition de grands panneaux et cr\u00e9ations en peinture, collage, mat\u00e9riaux naturels ou recycl\u00e9s. Enfin, place aux chars de Saint-Nicolas, avec l&rsquo;illustration notamment de la l\u00e9gende des trois enfants et du boucher. Saint-Nicolas a salu\u00e9 les spectateurs et surtout les enfants. Le maire de la commune a remis les cl\u00e9s de la ville au Saint \u00e9v\u00eaque.<\/div>\n<\/div>\n<div dir=\"auto\"><\/div>\n<div dir=\"auto\">\n\n<\/div>\n<div class=\"o9v6fnle cxmmr5t8 oygrvhab hcukyx3x c1et5uql ii04i59q\"><\/div>\n<div class=\"o9v6fnle cxmmr5t8 oygrvhab hcukyx3x c1et5uql ii04i59q\"><\/div>\n<div class=\"o9v6fnle cxmmr5t8 oygrvhab hcukyx3x c1et5uql ii04i59q\"><\/div>\n","protected":false},"excerpt":{"rendered":"<p>Captures d&rsquo;\u00e9cran de la page Facebook de la Mairie de Saint-Nabord\u00a0 Saint-Nicolas ouvre le bal des festivit\u00e9s de fin d\u2019ann\u00e9e [&hellip;]<\/p>\n","protected":false},"author":407,"featured_media":49677,"comment_status":"open","ping_status":"open","sticky":false,"template":"","format":"standard","meta":{"footnotes":""},"categories":[26,124,35,100],"tags":[365,42,367],"class_list":["post-49676","post","type-post","status-publish","format-standard","has-post-thumbnail","hentry","category-a-la-une","category-fetes","category-remiremont-son-canton","category-saint-nabord","tag-defile","tag-saint-nabord","tag-saint-nicolas"],"acf":[],"yoast_head":"<!-- This site is optimized with the Yoast SEO plugin v22.5 - https:\/\/yoast.com\/wordpress\/plugins\/seo\/ -->\n<title>Saint-Nicolas d\u00e9file dans les rues de Saint-Nabord - Remiremont Info<\/title>\n<meta name=\"robots\" content=\"index, follow, max-snippet:-1, max-image-preview:large, max-video-preview:-1\" \/>\n<link rel=\"canonical\" href=\"https:\/\/vosgesinfo.fr\/remiremontinfo\/2021\/12\/saint-nicolas-defile-rues-de-saint-nabord\/\" \/>\n<meta name=\"twitter:card\" content=\"summary_large_image\" \/>\n<meta name=\"twitter:title\" content=\"Saint-Nicolas d\u00e9file dans les rues de Saint-Nabord - Remiremont Info\" \/>\n<meta name=\"twitter:description\" content=\"Captures d&rsquo;\u00e9cran de la page Facebook de la Mairie de Saint-Nabord\u00a0 Saint-Nicolas ouvre le bal des festivit\u00e9s de fin d\u2019ann\u00e9e [&hellip;]\" \/>\n<meta name=\"twitter:image\" content=\"https:\/\/vosgesinfo.fr\/app\/uploads\/sites\/5\/2024\/09\/202112capture-decran-2021-12-05-100400.png\" \/>\n<meta name=\"twitter:creator\" content=\"@VosgesInfo88\" \/>\n<meta name=\"twitter:site\" content=\"@VosgesInfo88\" \/>\n<meta name=\"twitter:label1\" content=\"\u00c9crit par\" \/>\n\t<meta name=\"twitter:data1\" content=\"C D\" \/>\n\t<meta name=\"twitter:label2\" content=\"Dur\u00e9e de lecture estim\u00e9e\" \/>\n\t<meta name=\"twitter:data2\" content=\"1 minute\" \/>\n<script type=\"application\/ld+json\" class=\"yoast-schema-graph\">{\"@context\":\"https:\/\/schema.org\",\"@graph\":[{\"@type\":\"Article\",\"@id\":\"https:\/\/vosgesinfo.fr\/remiremontinfo\/2021\/12\/saint-nicolas-defile-rues-de-saint-nabord\/#article\",\"isPartOf\":{\"@id\":\"https:\/\/vosgesinfo.fr\/remiremontinfo\/2021\/12\/saint-nicolas-defile-rues-de-saint-nabord\/\"},\"author\":{\"name\":\"C D\",\"@id\":\"https:\/\/vosgesinfo.fr\/remiremontinfo\/#\/schema\/person\/3bfd164d5218a185b1db68655a265316\"},\"headline\":\"Saint-Nicolas d\u00e9file dans les rues de Saint-Nabord\",\"datePublished\":\"2021-12-05T05:05:09+00:00\",\"dateModified\":\"2021-12-05T05:05:09+00:00\",\"mainEntityOfPage\":{\"@id\":\"https:\/\/vosgesinfo.fr\/remiremontinfo\/2021\/12\/saint-nicolas-defile-rues-de-saint-nabord\/\"},\"wordCount\":218,\"commentCount\":0,\"publisher\":{\"@id\":\"https:\/\/vosgesinfo.fr\/remiremontinfo\/#organization\"},\"image\":{\"@id\":\"https:\/\/vosgesinfo.fr\/remiremontinfo\/2021\/12\/saint-nicolas-defile-rues-de-saint-nabord\/#primaryimage\"},\"thumbnailUrl\":\"https:\/\/vosgesinfo.fr\/app\/uploads\/sites\/5\/2024\/09\/202112capture-decran-2021-12-05-100400.png\",\"keywords\":[\"D\u00e9fil\u00e9\",\"saint-nabord\",\"Saint-Nicolas\"],\"articleSection\":[\"A la Une\",\"F\u00eates\",\"Remiremont &amp; son canton\",\"Saint-Nabord\"],\"inLanguage\":\"fr-FR\",\"potentialAction\":[{\"@type\":\"CommentAction\",\"name\":\"Comment\",\"target\":[\"https:\/\/vosgesinfo.fr\/remiremontinfo\/2021\/12\/saint-nicolas-defile-rues-de-saint-nabord\/#respond\"]}]},{\"@type\":\"WebPage\",\"@id\":\"https:\/\/vosgesinfo.fr\/remiremontinfo\/2021\/12\/saint-nicolas-defile-rues-de-saint-nabord\/\",\"url\":\"https:\/\/vosgesinfo.fr\/remiremontinfo\/2021\/12\/saint-nicolas-defile-rues-de-saint-nabord\/\",\"name\":\"Saint-Nicolas d\u00e9file dans les rues de Saint-Nabord - Remiremont Info\",\"isPartOf\":{\"@id\":\"https:\/\/vosgesinfo.fr\/remiremontinfo\/#website\"},\"primaryImageOfPage\":{\"@id\":\"https:\/\/vosgesinfo.fr\/remiremontinfo\/2021\/12\/saint-nicolas-defile-rues-de-saint-nabord\/#primaryimage\"},\"image\":{\"@id\":\"https:\/\/vosgesinfo.fr\/remiremontinfo\/2021\/12\/saint-nicolas-defile-rues-de-saint-nabord\/#primaryimage\"},\"thumbnailUrl\":\"https:\/\/vosgesinfo.fr\/app\/uploads\/sites\/5\/2024\/09\/202112capture-decran-2021-12-05-100400.png\",\"datePublished\":\"2021-12-05T05:05:09+00:00\",\"dateModified\":\"2021-12-05T05:05:09+00:00\",\"breadcrumb\":{\"@id\":\"https:\/\/vosgesinfo.fr\/remiremontinfo\/2021\/12\/saint-nicolas-defile-rues-de-saint-nabord\/#breadcrumb\"},\"inLanguage\":\"fr-FR\",\"potentialAction\":[{\"@type\":\"ReadAction\",\"target\":[\"https:\/\/vosgesinfo.fr\/remiremontinfo\/2021\/12\/saint-nicolas-defile-rues-de-saint-nabord\/\"]}]},{\"@type\":\"ImageObject\",\"inLanguage\":\"fr-FR\",\"@id\":\"https:\/\/vosgesinfo.fr\/remiremontinfo\/2021\/12\/saint-nicolas-defile-rues-de-saint-nabord\/#primaryimage\",\"url\":\"https:\/\/vosgesinfo.fr\/app\/uploads\/sites\/5\/2024\/09\/202112capture-decran-2021-12-05-100400.png\",\"contentUrl\":\"https:\/\/vosgesinfo.fr\/app\/uploads\/sites\/5\/2024\/09\/202112capture-decran-2021-12-05-100400.png\",\"width\":522,\"height\":445},{\"@type\":\"BreadcrumbList\",\"@id\":\"https:\/\/vosgesinfo.fr\/remiremontinfo\/2021\/12\/saint-nicolas-defile-rues-de-saint-nabord\/#breadcrumb\",\"itemListElement\":[{\"@type\":\"ListItem\",\"position\":1,\"name\":\"Home\",\"item\":\"https:\/\/vosgesinfo.fr\/remiremontinfo\/\"},{\"@type\":\"ListItem\",\"position\":2,\"name\":\"Saint-Nicolas d\u00e9file dans les rues de Saint-Nabord\"}]},{\"@type\":\"WebSite\",\"@id\":\"https:\/\/vosgesinfo.fr\/remiremontinfo\/#website\",\"url\":\"https:\/\/vosgesinfo.fr\/remiremontinfo\/\",\"name\":\"Remiremont Info\",\"description\":\"Toute l&#039;actualit\u00e9 de Remiremont\",\"publisher\":{\"@id\":\"https:\/\/vosgesinfo.fr\/remiremontinfo\/#organization\"},\"alternateName\":\"Toute l'actualit\u00e9 de Remiremont\",\"potentialAction\":[{\"@type\":\"SearchAction\",\"target\":{\"@type\":\"EntryPoint\",\"urlTemplate\":\"https:\/\/vosgesinfo.fr\/remiremontinfo\/?s={search_term_string}\"},\"query-input\":\"required name=search_term_string\"}],\"inLanguage\":\"fr-FR\"},{\"@type\":\"Organization\",\"@id\":\"https:\/\/vosgesinfo.fr\/remiremontinfo\/#organization\",\"name\":\"Remiremont Info\",\"url\":\"https:\/\/vosgesinfo.fr\/remiremontinfo\/\",\"logo\":{\"@type\":\"ImageObject\",\"inLanguage\":\"fr-FR\",\"@id\":\"https:\/\/vosgesinfo.fr\/remiremontinfo\/#\/schema\/logo\/image\/\",\"url\":\"https:\/\/vosgesinfo.fr\/app\/uploads\/sites\/5\/2023\/08\/favicon-remiremontinfo.png\",\"contentUrl\":\"https:\/\/vosgesinfo.fr\/app\/uploads\/sites\/5\/2023\/08\/favicon-remiremontinfo.png\",\"width\":512,\"height\":512,\"caption\":\"Remiremont Info\"},\"image\":{\"@id\":\"https:\/\/vosgesinfo.fr\/remiremontinfo\/#\/schema\/logo\/image\/\"},\"sameAs\":[\"https:\/\/www.facebook.com\/remiremontinfo\",\"https:\/\/x.com\/VosgesInfo88\",\"https:\/\/www.youtube.com\/@vosgesinfo\"]},{\"@type\":\"Person\",\"@id\":\"https:\/\/vosgesinfo.fr\/remiremontinfo\/#\/schema\/person\/3bfd164d5218a185b1db68655a265316\",\"name\":\"C D\",\"image\":{\"@type\":\"ImageObject\",\"inLanguage\":\"fr-FR\",\"@id\":\"https:\/\/vosgesinfo.fr\/remiremontinfo\/#\/schema\/person\/image\/\",\"url\":\"https:\/\/secure.gravatar.com\/avatar\/1f9a70007336511a47468b8f1c66f922b8b7cf617b02a31149ada43893a5d48f?s=96&d=mm&r=g\",\"contentUrl\":\"https:\/\/secure.gravatar.com\/avatar\/1f9a70007336511a47468b8f1c66f922b8b7cf617b02a31149ada43893a5d48f?s=96&d=mm&r=g\",\"caption\":\"C D\"},\"url\":\"https:\/\/vosgesinfo.fr\/remiremontinfo\/author\/cedric-drevet\/\"}]}<\/script>\n<!-- \/ Yoast SEO plugin. -->","yoast_head_json":{"title":"Saint-Nicolas d\u00e9file dans les rues de Saint-Nabord - Remiremont Info","robots":{"index":"index","follow":"follow","max-snippet":"max-snippet:-1","max-image-preview":"max-image-preview:large","max-video-preview":"max-video-preview:-1"},"canonical":"https:\/\/vosgesinfo.fr\/remiremontinfo\/2021\/12\/saint-nicolas-defile-rues-de-saint-nabord\/","twitter_card":"summary_large_image","twitter_title":"Saint-Nicolas d\u00e9file dans les rues de Saint-Nabord - Remiremont Info","twitter_description":"Captures d&rsquo;\u00e9cran de la page Facebook de la Mairie de Saint-Nabord\u00a0 Saint-Nicolas ouvre le bal des festivit\u00e9s de fin d\u2019ann\u00e9e [&hellip;]","twitter_image":"https:\/\/vosgesinfo.fr\/app\/uploads\/sites\/5\/2024\/09\/202112capture-decran-2021-12-05-100400.png","twitter_creator":"@VosgesInfo88","twitter_site":"@VosgesInfo88","twitter_misc":{"\u00c9crit par":"C D","Dur\u00e9e de lecture estim\u00e9e":"1 minute"},"schema":{"@context":"https:\/\/schema.org","@graph":[{"@type":"Article","@id":"https:\/\/vosgesinfo.fr\/remiremontinfo\/2021\/12\/saint-nicolas-defile-rues-de-saint-nabord\/#article","isPartOf":{"@id":"https:\/\/vosgesinfo.fr\/remiremontinfo\/2021\/12\/saint-nicolas-defile-rues-de-saint-nabord\/"},"author":{"name":"C D","@id":"https:\/\/vosgesinfo.fr\/remiremontinfo\/#\/schema\/person\/3bfd164d5218a185b1db68655a265316"},"headline":"Saint-Nicolas d\u00e9file dans les rues de Saint-Nabord","datePublished":"2021-12-05T05:05:09+00:00","dateModified":"2021-12-05T05:05:09+00:00","mainEntityOfPage":{"@id":"https:\/\/vosgesinfo.fr\/remiremontinfo\/2021\/12\/saint-nicolas-defile-rues-de-saint-nabord\/"},"wordCount":218,"commentCount":0,"publisher":{"@id":"https:\/\/vosgesinfo.fr\/remiremontinfo\/#organization"},"image":{"@id":"https:\/\/vosgesinfo.fr\/remiremontinfo\/2021\/12\/saint-nicolas-defile-rues-de-saint-nabord\/#primaryimage"},"thumbnailUrl":"https:\/\/vosgesinfo.fr\/app\/uploads\/sites\/5\/2024\/09\/202112capture-decran-2021-12-05-100400.png","keywords":["D\u00e9fil\u00e9","saint-nabord","Saint-Nicolas"],"articleSection":["A la Une","F\u00eates","Remiremont &amp; son canton","Saint-Nabord"],"inLanguage":"fr-FR","potentialAction":[{"@type":"CommentAction","name":"Comment","target":["https:\/\/vosgesinfo.fr\/remiremontinfo\/2021\/12\/saint-nicolas-defile-rues-de-saint-nabord\/#respond"]}]},{"@type":"WebPage","@id":"https:\/\/vosgesinfo.fr\/remiremontinfo\/2021\/12\/saint-nicolas-defile-rues-de-saint-nabord\/","url":"https:\/\/vosgesinfo.fr\/remiremontinfo\/2021\/12\/saint-nicolas-defile-rues-de-saint-nabord\/","name":"Saint-Nicolas d\u00e9file dans les rues de Saint-Nabord - Remiremont Info","isPartOf":{"@id":"https:\/\/vosgesinfo.fr\/remiremontinfo\/#website"},"primaryImageOfPage":{"@id":"https:\/\/vosgesinfo.fr\/remiremontinfo\/2021\/12\/saint-nicolas-defile-rues-de-saint-nabord\/#primaryimage"},"image":{"@id":"https:\/\/vosgesinfo.fr\/remiremontinfo\/2021\/12\/saint-nicolas-defile-rues-de-saint-nabord\/#primaryimage"},"thumbnailUrl":"https:\/\/vosgesinfo.fr\/app\/uploads\/sites\/5\/2024\/09\/202112capture-decran-2021-12-05-100400.png","datePublished":"2021-12-05T05:05:09+00:00","dateModified":"2021-12-05T05:05:09+00:00","breadcrumb":{"@id":"https:\/\/vosgesinfo.fr\/remiremontinfo\/2021\/12\/saint-nicolas-defile-rues-de-saint-nabord\/#breadcrumb"},"inLanguage":"fr-FR","potentialAction":[{"@type":"ReadAction","target":["https:\/\/vosgesinfo.fr\/remiremontinfo\/2021\/12\/saint-nicolas-defile-rues-de-saint-nabord\/"]}]},{"@type":"ImageObject","inLanguage":"fr-FR","@id":"https:\/\/vosgesinfo.fr\/remiremontinfo\/2021\/12\/saint-nicolas-defile-rues-de-saint-nabord\/#primaryimage","url":"https:\/\/vosgesinfo.fr\/app\/uploads\/sites\/5\/2024\/09\/202112capture-decran-2021-12-05-100400.png","contentUrl":"https:\/\/vosgesinfo.fr\/app\/uploads\/sites\/5\/2024\/09\/202112capture-decran-2021-12-05-100400.png","width":522,"height":445},{"@type":"BreadcrumbList","@id":"https:\/\/vosgesinfo.fr\/remiremontinfo\/2021\/12\/saint-nicolas-defile-rues-de-saint-nabord\/#breadcrumb","itemListElement":[{"@type":"ListItem","position":1,"name":"Home","item":"https:\/\/vosgesinfo.fr\/remiremontinfo\/"},{"@type":"ListItem","position":2,"name":"Saint-Nicolas d\u00e9file dans les rues de Saint-Nabord"}]},{"@type":"WebSite","@id":"https:\/\/vosgesinfo.fr\/remiremontinfo\/#website","url":"https:\/\/vosgesinfo.fr\/remiremontinfo\/","name":"Remiremont Info","description":"Toute l&#039;actualit\u00e9 de Remiremont","publisher":{"@id":"https:\/\/vosgesinfo.fr\/remiremontinfo\/#organization"},"alternateName":"Toute l'actualit\u00e9 de Remiremont","potentialAction":[{"@type":"SearchAction","target":{"@type":"EntryPoint","urlTemplate":"https:\/\/vosgesinfo.fr\/remiremontinfo\/?s={search_term_string}"},"query-input":"required name=search_term_string"}],"inLanguage":"fr-FR"},{"@type":"Organization","@id":"https:\/\/vosgesinfo.fr\/remiremontinfo\/#organization","name":"Remiremont Info","url":"https:\/\/vosgesinfo.fr\/remiremontinfo\/","logo":{"@type":"ImageObject","inLanguage":"fr-FR","@id":"https:\/\/vosgesinfo.fr\/remiremontinfo\/#\/schema\/logo\/image\/","url":"https:\/\/vosgesinfo.fr\/app\/uploads\/sites\/5\/2023\/08\/favicon-remiremontinfo.png","contentUrl":"https:\/\/vosgesinfo.fr\/app\/uploads\/sites\/5\/2023\/08\/favicon-remiremontinfo.png","width":512,"height":512,"caption":"Remiremont Info"},"image":{"@id":"https:\/\/vosgesinfo.fr\/remiremontinfo\/#\/schema\/logo\/image\/"},"sameAs":["https:\/\/www.facebook.com\/remiremontinfo","https:\/\/x.com\/VosgesInfo88","https:\/\/www.youtube.com\/@vosgesinfo"]},{"@type":"Person","@id":"https:\/\/vosgesinfo.fr\/remiremontinfo\/#\/schema\/person\/3bfd164d5218a185b1db68655a265316","name":"C D","image":{"@type":"ImageObject","inLanguage":"fr-FR","@id":"https:\/\/vosgesinfo.fr\/remiremontinfo\/#\/schema\/person\/image\/","url":"https:\/\/secure.gravatar.com\/avatar\/1f9a70007336511a47468b8f1c66f922b8b7cf617b02a31149ada43893a5d48f?s=96&d=mm&r=g","contentUrl":"https:\/\/secure.gravatar.com\/avatar\/1f9a70007336511a47468b8f1c66f922b8b7cf617b02a31149ada43893a5d48f?s=96&d=mm&r=g","caption":"C D"},"url":"https:\/\/vosgesinfo.fr\/remiremontinfo\/author\/cedric-drevet\/"}]}},"_links":{"self":[{"href":"https:\/\/vosgesinfo.fr\/remiremontinfo\/wp-json\/wp\/v2\/posts\/49676","targetHints":{"allow":["GET"]}}],"collection":[{"href":"https:\/\/vosgesinfo.fr\/remiremontinfo\/wp-json\/wp\/v2\/posts"}],"about":[{"href":"https:\/\/vosgesinfo.fr\/remiremontinfo\/wp-json\/wp\/v2\/types\/post"}],"author":[{"embeddable":true,"href":"https:\/\/vosgesinfo.fr\/remiremontinfo\/wp-json\/wp\/v2\/users\/407"}],"replies":[{"embeddable":true,"href":"https:\/\/vosgesinfo.fr\/remiremontinfo\/wp-json\/wp\/v2\/comments?post=49676"}],"version-history":[{"count":0,"href":"https:\/\/vosgesinfo.fr\/remiremontinfo\/wp-json\/wp\/v2\/posts\/49676\/revisions"}],"wp:featuredmedia":[{"embeddable":true,"href":"https:\/\/vosgesinfo.fr\/remiremontinfo\/wp-json\/wp\/v2\/media\/49677"}],"wp:attachment":[{"href":"https:\/\/vosgesinfo.fr\/remiremontinfo\/wp-json\/wp\/v2\/media?parent=49676"}],"wp:term":[{"taxonomy":"category","embeddable":true,"href":"https:\/\/vosgesinfo.fr\/remiremontinfo\/wp-json\/wp\/v2\/categories?post=49676"},{"taxonomy":"post_tag","embeddable":true,"href":"https:\/\/vosgesinfo.fr\/remiremontinfo\/wp-json\/wp\/v2\/tags?post=49676"}],"curies":[{"name":"wp","href":"https:\/\/api.w.org\/{rel}","templated":true}]}}