{"id":49708,"date":"2021-12-06T08:06:48","date_gmt":"2021-12-06T07:06:48","guid":{"rendered":"https:\/\/vosgesinfo.fr\/remiremontinfo\/2021\/12\/festival-international-film-fantastique-edition-numerique-mediatiquement-porteuse\/"},"modified":"2021-12-06T08:06:48","modified_gmt":"2021-12-06T07:06:48","slug":"festival-international-film-fantastique-edition-numerique-mediatiquement-porteuse","status":"publish","type":"post","link":"https:\/\/vosgesinfo.fr\/remiremontinfo\/2021\/12\/festival-international-film-fantastique-edition-numerique-mediatiquement-porteuse\/","title":{"rendered":"Festival International du Film Fantastique : une \u00e9dition num\u00e9rique m\u00e9diatiquement porteuse"},"content":{"rendered":"<h3>Jeudi soir avait lieu l\u2019assembl\u00e9e g\u00e9n\u00e9rale de l\u2019association du festival International du Film Fantastique de G\u00e9rardmer. Une r\u00e9union en pr\u00e9sentielle programm\u00e9e \u00e0 la Villa Monplaisir, pour le plus grand plaisir du pr\u00e9sident Pierre Sachot et des b\u00e9n\u00e9voles pr\u00e9sents.<\/h3>\n<p>L\u2019heure \u00e9tait donc au bilan et d\u2019un point de vue artistique, il est plus que satisfaisant, comme l\u2019a r\u00e9sum\u00e9 Anthony Humbertclaude lors de son allocution. Lors de cette \u00e9dition 202 100% num\u00e9rique, 37 films ont \u00e9t\u00e9 diffus\u00e9s en tout et pour tout, dont des avant-premi\u00e8res et des in\u00e9dits. Les films ont \u00e9t\u00e9 visionn\u00e9s, le public a vot\u00e9, les jurys long-m\u00e9trages et court-m\u00e9trages ont pu \u00eatre constitu\u00e9s et ils ont d\u00e9lib\u00e9r\u00e9. Pour m\u00e9moire, ils \u00e9taient pr\u00e9sid\u00e9s respectivement par le r\u00e9alisateur Bertrand Bonello et l\u2019acteur Pio Marma\u00ef. Plusieurs temps forts ont pu \u00eatre propos\u00e9s avec notamment 14 rencontres num\u00e9riques en compagnie des r\u00e9alisateurs, un Forum FNAC et une Master Class avec le r\u00e9alisateur John Landis. Plusieurs clips promotionnels en faveur de G\u00e9rardmer ont \u00e9galement \u00e9t\u00e9 tourn\u00e9s et projet\u00e9s avant chaque \u00ab\u00a0s\u00e9ance\u00a0\u00bb afin de promouvoir la destination et bien ancrer le festival dans ses racines vosgiennes aux yeux des festivaliers. Au final, 33 640 acc\u00e8s ont \u00e9t\u00e9 enregistr\u00e9s (\u00e0 raison de 2 ou 3 personnes devant leur \u00e9cran, faites le calcul\u2026) sur l\u2019ensemble du festival dont la moyenne en pr\u00e9sentiel tourne habituellement autour des 45 000 entr\u00e9es.<\/p>\n","protected":false},"excerpt":{"rendered":"<p>Jeudi soir avait lieu l\u2019assembl\u00e9e g\u00e9n\u00e9rale de l\u2019association du festival International du Film Fantastique de G\u00e9rardmer. Une r\u00e9union en pr\u00e9sentielle [&hellip;]<\/p>\n","protected":false},"author":407,"featured_media":49709,"comment_status":"open","ping_status":"open","sticky":false,"template":"","format":"standard","meta":{"footnotes":""},"categories":[26,4,18],"tags":[3139,63,32],"class_list":["post-49708","post","type-post","status-publish","format-standard","has-post-thumbnail","hentry","category-a-la-une","category-culture","category-vosges","tag-festival-fantstique","tag-gerardmer","tag-vosges"],"acf":[],"yoast_head":"<!-- This site is optimized with the Yoast SEO plugin v22.5 - https:\/\/yoast.com\/wordpress\/plugins\/seo\/ -->\n<title>Festival International du Film Fantastique : une \u00e9dition num\u00e9rique m\u00e9diatiquement porteuse - Remiremont Info<\/title>\n<meta name=\"robots\" content=\"index, follow, max-snippet:-1, max-image-preview:large, max-video-preview:-1\" \/>\n<link rel=\"canonical\" href=\"https:\/\/vosgesinfo.fr\/remiremontinfo\/2021\/12\/festival-international-film-fantastique-edition-numerique-mediatiquement-porteuse\/\" \/>\n<meta name=\"twitter:card\" content=\"summary_large_image\" \/>\n<meta name=\"twitter:title\" content=\"Festival International du Film Fantastique : une \u00e9dition num\u00e9rique m\u00e9diatiquement porteuse - Remiremont Info\" \/>\n<meta name=\"twitter:description\" content=\"Jeudi soir avait lieu l\u2019assembl\u00e9e g\u00e9n\u00e9rale de l\u2019association du festival International du Film Fantastique de G\u00e9rardmer. Une r\u00e9union en pr\u00e9sentielle [&hellip;]\" \/>\n<meta name=\"twitter:image\" content=\"https:\/\/vosgesinfo.fr\/app\/uploads\/sites\/5\/2024\/09\/202112ag-festival-2021.jpg\" \/>\n<meta name=\"twitter:creator\" content=\"@VosgesInfo88\" \/>\n<meta name=\"twitter:site\" content=\"@VosgesInfo88\" \/>\n<meta name=\"twitter:label1\" content=\"\u00c9crit par\" \/>\n\t<meta name=\"twitter:data1\" content=\"C D\" \/>\n\t<meta name=\"twitter:label2\" content=\"Dur\u00e9e de lecture estim\u00e9e\" \/>\n\t<meta name=\"twitter:data2\" content=\"1 minute\" \/>\n<script type=\"application\/ld+json\" class=\"yoast-schema-graph\">{\"@context\":\"https:\/\/schema.org\",\"@graph\":[{\"@type\":\"Article\",\"@id\":\"https:\/\/vosgesinfo.fr\/remiremontinfo\/2021\/12\/festival-international-film-fantastique-edition-numerique-mediatiquement-porteuse\/#article\",\"isPartOf\":{\"@id\":\"https:\/\/vosgesinfo.fr\/remiremontinfo\/2021\/12\/festival-international-film-fantastique-edition-numerique-mediatiquement-porteuse\/\"},\"author\":{\"name\":\"C D\",\"@id\":\"https:\/\/vosgesinfo.fr\/remiremontinfo\/#\/schema\/person\/3bfd164d5218a185b1db68655a265316\"},\"headline\":\"Festival International du Film Fantastique : une \u00e9dition num\u00e9rique m\u00e9diatiquement porteuse\",\"datePublished\":\"2021-12-06T07:06:48+00:00\",\"dateModified\":\"2021-12-06T07:06:48+00:00\",\"mainEntityOfPage\":{\"@id\":\"https:\/\/vosgesinfo.fr\/remiremontinfo\/2021\/12\/festival-international-film-fantastique-edition-numerique-mediatiquement-porteuse\/\"},\"wordCount\":267,\"commentCount\":0,\"publisher\":{\"@id\":\"https:\/\/vosgesinfo.fr\/remiremontinfo\/#organization\"},\"image\":{\"@id\":\"https:\/\/vosgesinfo.fr\/remiremontinfo\/2021\/12\/festival-international-film-fantastique-edition-numerique-mediatiquement-porteuse\/#primaryimage\"},\"thumbnailUrl\":\"https:\/\/vosgesinfo.fr\/app\/uploads\/sites\/5\/2024\/09\/202112ag-festival-2021.jpg\",\"keywords\":[\"festival fantstique\",\"g\u00e9rardmer\",\"Vosges\"],\"articleSection\":[\"A la Une\",\"Culture\",\"Vosges\"],\"inLanguage\":\"fr-FR\",\"potentialAction\":[{\"@type\":\"CommentAction\",\"name\":\"Comment\",\"target\":[\"https:\/\/vosgesinfo.fr\/remiremontinfo\/2021\/12\/festival-international-film-fantastique-edition-numerique-mediatiquement-porteuse\/#respond\"]}]},{\"@type\":\"WebPage\",\"@id\":\"https:\/\/vosgesinfo.fr\/remiremontinfo\/2021\/12\/festival-international-film-fantastique-edition-numerique-mediatiquement-porteuse\/\",\"url\":\"https:\/\/vosgesinfo.fr\/remiremontinfo\/2021\/12\/festival-international-film-fantastique-edition-numerique-mediatiquement-porteuse\/\",\"name\":\"Festival International du Film Fantastique : une \u00e9dition num\u00e9rique m\u00e9diatiquement porteuse - Remiremont Info\",\"isPartOf\":{\"@id\":\"https:\/\/vosgesinfo.fr\/remiremontinfo\/#website\"},\"primaryImageOfPage\":{\"@id\":\"https:\/\/vosgesinfo.fr\/remiremontinfo\/2021\/12\/festival-international-film-fantastique-edition-numerique-mediatiquement-porteuse\/#primaryimage\"},\"image\":{\"@id\":\"https:\/\/vosgesinfo.fr\/remiremontinfo\/2021\/12\/festival-international-film-fantastique-edition-numerique-mediatiquement-porteuse\/#primaryimage\"},\"thumbnailUrl\":\"https:\/\/vosgesinfo.fr\/app\/uploads\/sites\/5\/2024\/09\/202112ag-festival-2021.jpg\",\"datePublished\":\"2021-12-06T07:06:48+00:00\",\"dateModified\":\"2021-12-06T07:06:48+00:00\",\"breadcrumb\":{\"@id\":\"https:\/\/vosgesinfo.fr\/remiremontinfo\/2021\/12\/festival-international-film-fantastique-edition-numerique-mediatiquement-porteuse\/#breadcrumb\"},\"inLanguage\":\"fr-FR\",\"potentialAction\":[{\"@type\":\"ReadAction\",\"target\":[\"https:\/\/vosgesinfo.fr\/remiremontinfo\/2021\/12\/festival-international-film-fantastique-edition-numerique-mediatiquement-porteuse\/\"]}]},{\"@type\":\"ImageObject\",\"inLanguage\":\"fr-FR\",\"@id\":\"https:\/\/vosgesinfo.fr\/remiremontinfo\/2021\/12\/festival-international-film-fantastique-edition-numerique-mediatiquement-porteuse\/#primaryimage\",\"url\":\"https:\/\/vosgesinfo.fr\/app\/uploads\/sites\/5\/2024\/09\/202112ag-festival-2021.jpg\",\"contentUrl\":\"https:\/\/vosgesinfo.fr\/app\/uploads\/sites\/5\/2024\/09\/202112ag-festival-2021.jpg\",\"width\":1600,\"height\":1200},{\"@type\":\"BreadcrumbList\",\"@id\":\"https:\/\/vosgesinfo.fr\/remiremontinfo\/2021\/12\/festival-international-film-fantastique-edition-numerique-mediatiquement-porteuse\/#breadcrumb\",\"itemListElement\":[{\"@type\":\"ListItem\",\"position\":1,\"name\":\"Home\",\"item\":\"https:\/\/vosgesinfo.fr\/remiremontinfo\/\"},{\"@type\":\"ListItem\",\"position\":2,\"name\":\"Festival International du Film Fantastique : une \u00e9dition num\u00e9rique m\u00e9diatiquement porteuse\"}]},{\"@type\":\"WebSite\",\"@id\":\"https:\/\/vosgesinfo.fr\/remiremontinfo\/#website\",\"url\":\"https:\/\/vosgesinfo.fr\/remiremontinfo\/\",\"name\":\"Remiremont Info\",\"description\":\"Toute l&#039;actualit\u00e9 de Remiremont\",\"publisher\":{\"@id\":\"https:\/\/vosgesinfo.fr\/remiremontinfo\/#organization\"},\"alternateName\":\"Toute l'actualit\u00e9 de Remiremont\",\"potentialAction\":[{\"@type\":\"SearchAction\",\"target\":{\"@type\":\"EntryPoint\",\"urlTemplate\":\"https:\/\/vosgesinfo.fr\/remiremontinfo\/?s={search_term_string}\"},\"query-input\":\"required name=search_term_string\"}],\"inLanguage\":\"fr-FR\"},{\"@type\":\"Organization\",\"@id\":\"https:\/\/vosgesinfo.fr\/remiremontinfo\/#organization\",\"name\":\"Remiremont Info\",\"url\":\"https:\/\/vosgesinfo.fr\/remiremontinfo\/\",\"logo\":{\"@type\":\"ImageObject\",\"inLanguage\":\"fr-FR\",\"@id\":\"https:\/\/vosgesinfo.fr\/remiremontinfo\/#\/schema\/logo\/image\/\",\"url\":\"https:\/\/vosgesinfo.fr\/app\/uploads\/sites\/5\/2023\/08\/favicon-remiremontinfo.png\",\"contentUrl\":\"https:\/\/vosgesinfo.fr\/app\/uploads\/sites\/5\/2023\/08\/favicon-remiremontinfo.png\",\"width\":512,\"height\":512,\"caption\":\"Remiremont Info\"},\"image\":{\"@id\":\"https:\/\/vosgesinfo.fr\/remiremontinfo\/#\/schema\/logo\/image\/\"},\"sameAs\":[\"https:\/\/www.facebook.com\/remiremontinfo\",\"https:\/\/x.com\/VosgesInfo88\",\"https:\/\/www.youtube.com\/@vosgesinfo\"]},{\"@type\":\"Person\",\"@id\":\"https:\/\/vosgesinfo.fr\/remiremontinfo\/#\/schema\/person\/3bfd164d5218a185b1db68655a265316\",\"name\":\"C D\",\"image\":{\"@type\":\"ImageObject\",\"inLanguage\":\"fr-FR\",\"@id\":\"https:\/\/vosgesinfo.fr\/remiremontinfo\/#\/schema\/person\/image\/\",\"url\":\"https:\/\/secure.gravatar.com\/avatar\/1f9a70007336511a47468b8f1c66f922b8b7cf617b02a31149ada43893a5d48f?s=96&d=mm&r=g\",\"contentUrl\":\"https:\/\/secure.gravatar.com\/avatar\/1f9a70007336511a47468b8f1c66f922b8b7cf617b02a31149ada43893a5d48f?s=96&d=mm&r=g\",\"caption\":\"C D\"},\"url\":\"https:\/\/vosgesinfo.fr\/remiremontinfo\/author\/cedric-drevet\/\"}]}<\/script>\n<!-- \/ Yoast SEO plugin. -->","yoast_head_json":{"title":"Festival International du Film Fantastique : une \u00e9dition num\u00e9rique m\u00e9diatiquement porteuse - Remiremont Info","robots":{"index":"index","follow":"follow","max-snippet":"max-snippet:-1","max-image-preview":"max-image-preview:large","max-video-preview":"max-video-preview:-1"},"canonical":"https:\/\/vosgesinfo.fr\/remiremontinfo\/2021\/12\/festival-international-film-fantastique-edition-numerique-mediatiquement-porteuse\/","twitter_card":"summary_large_image","twitter_title":"Festival International du Film Fantastique : une \u00e9dition num\u00e9rique m\u00e9diatiquement porteuse - Remiremont Info","twitter_description":"Jeudi soir avait lieu l\u2019assembl\u00e9e g\u00e9n\u00e9rale de l\u2019association du festival International du Film Fantastique de G\u00e9rardmer. Une r\u00e9union en pr\u00e9sentielle [&hellip;]","twitter_image":"https:\/\/vosgesinfo.fr\/app\/uploads\/sites\/5\/2024\/09\/202112ag-festival-2021.jpg","twitter_creator":"@VosgesInfo88","twitter_site":"@VosgesInfo88","twitter_misc":{"\u00c9crit par":"C D","Dur\u00e9e de lecture estim\u00e9e":"1 minute"},"schema":{"@context":"https:\/\/schema.org","@graph":[{"@type":"Article","@id":"https:\/\/vosgesinfo.fr\/remiremontinfo\/2021\/12\/festival-international-film-fantastique-edition-numerique-mediatiquement-porteuse\/#article","isPartOf":{"@id":"https:\/\/vosgesinfo.fr\/remiremontinfo\/2021\/12\/festival-international-film-fantastique-edition-numerique-mediatiquement-porteuse\/"},"author":{"name":"C D","@id":"https:\/\/vosgesinfo.fr\/remiremontinfo\/#\/schema\/person\/3bfd164d5218a185b1db68655a265316"},"headline":"Festival International du Film Fantastique : une \u00e9dition num\u00e9rique m\u00e9diatiquement porteuse","datePublished":"2021-12-06T07:06:48+00:00","dateModified":"2021-12-06T07:06:48+00:00","mainEntityOfPage":{"@id":"https:\/\/vosgesinfo.fr\/remiremontinfo\/2021\/12\/festival-international-film-fantastique-edition-numerique-mediatiquement-porteuse\/"},"wordCount":267,"commentCount":0,"publisher":{"@id":"https:\/\/vosgesinfo.fr\/remiremontinfo\/#organization"},"image":{"@id":"https:\/\/vosgesinfo.fr\/remiremontinfo\/2021\/12\/festival-international-film-fantastique-edition-numerique-mediatiquement-porteuse\/#primaryimage"},"thumbnailUrl":"https:\/\/vosgesinfo.fr\/app\/uploads\/sites\/5\/2024\/09\/202112ag-festival-2021.jpg","keywords":["festival fantstique","g\u00e9rardmer","Vosges"],"articleSection":["A la Une","Culture","Vosges"],"inLanguage":"fr-FR","potentialAction":[{"@type":"CommentAction","name":"Comment","target":["https:\/\/vosgesinfo.fr\/remiremontinfo\/2021\/12\/festival-international-film-fantastique-edition-numerique-mediatiquement-porteuse\/#respond"]}]},{"@type":"WebPage","@id":"https:\/\/vosgesinfo.fr\/remiremontinfo\/2021\/12\/festival-international-film-fantastique-edition-numerique-mediatiquement-porteuse\/","url":"https:\/\/vosgesinfo.fr\/remiremontinfo\/2021\/12\/festival-international-film-fantastique-edition-numerique-mediatiquement-porteuse\/","name":"Festival International du Film Fantastique : une \u00e9dition num\u00e9rique m\u00e9diatiquement porteuse - Remiremont Info","isPartOf":{"@id":"https:\/\/vosgesinfo.fr\/remiremontinfo\/#website"},"primaryImageOfPage":{"@id":"https:\/\/vosgesinfo.fr\/remiremontinfo\/2021\/12\/festival-international-film-fantastique-edition-numerique-mediatiquement-porteuse\/#primaryimage"},"image":{"@id":"https:\/\/vosgesinfo.fr\/remiremontinfo\/2021\/12\/festival-international-film-fantastique-edition-numerique-mediatiquement-porteuse\/#primaryimage"},"thumbnailUrl":"https:\/\/vosgesinfo.fr\/app\/uploads\/sites\/5\/2024\/09\/202112ag-festival-2021.jpg","datePublished":"2021-12-06T07:06:48+00:00","dateModified":"2021-12-06T07:06:48+00:00","breadcrumb":{"@id":"https:\/\/vosgesinfo.fr\/remiremontinfo\/2021\/12\/festival-international-film-fantastique-edition-numerique-mediatiquement-porteuse\/#breadcrumb"},"inLanguage":"fr-FR","potentialAction":[{"@type":"ReadAction","target":["https:\/\/vosgesinfo.fr\/remiremontinfo\/2021\/12\/festival-international-film-fantastique-edition-numerique-mediatiquement-porteuse\/"]}]},{"@type":"ImageObject","inLanguage":"fr-FR","@id":"https:\/\/vosgesinfo.fr\/remiremontinfo\/2021\/12\/festival-international-film-fantastique-edition-numerique-mediatiquement-porteuse\/#primaryimage","url":"https:\/\/vosgesinfo.fr\/app\/uploads\/sites\/5\/2024\/09\/202112ag-festival-2021.jpg","contentUrl":"https:\/\/vosgesinfo.fr\/app\/uploads\/sites\/5\/2024\/09\/202112ag-festival-2021.jpg","width":1600,"height":1200},{"@type":"BreadcrumbList","@id":"https:\/\/vosgesinfo.fr\/remiremontinfo\/2021\/12\/festival-international-film-fantastique-edition-numerique-mediatiquement-porteuse\/#breadcrumb","itemListElement":[{"@type":"ListItem","position":1,"name":"Home","item":"https:\/\/vosgesinfo.fr\/remiremontinfo\/"},{"@type":"ListItem","position":2,"name":"Festival International du Film Fantastique : une \u00e9dition num\u00e9rique m\u00e9diatiquement porteuse"}]},{"@type":"WebSite","@id":"https:\/\/vosgesinfo.fr\/remiremontinfo\/#website","url":"https:\/\/vosgesinfo.fr\/remiremontinfo\/","name":"Remiremont Info","description":"Toute l&#039;actualit\u00e9 de Remiremont","publisher":{"@id":"https:\/\/vosgesinfo.fr\/remiremontinfo\/#organization"},"alternateName":"Toute l'actualit\u00e9 de Remiremont","potentialAction":[{"@type":"SearchAction","target":{"@type":"EntryPoint","urlTemplate":"https:\/\/vosgesinfo.fr\/remiremontinfo\/?s={search_term_string}"},"query-input":"required name=search_term_string"}],"inLanguage":"fr-FR"},{"@type":"Organization","@id":"https:\/\/vosgesinfo.fr\/remiremontinfo\/#organization","name":"Remiremont Info","url":"https:\/\/vosgesinfo.fr\/remiremontinfo\/","logo":{"@type":"ImageObject","inLanguage":"fr-FR","@id":"https:\/\/vosgesinfo.fr\/remiremontinfo\/#\/schema\/logo\/image\/","url":"https:\/\/vosgesinfo.fr\/app\/uploads\/sites\/5\/2023\/08\/favicon-remiremontinfo.png","contentUrl":"https:\/\/vosgesinfo.fr\/app\/uploads\/sites\/5\/2023\/08\/favicon-remiremontinfo.png","width":512,"height":512,"caption":"Remiremont Info"},"image":{"@id":"https:\/\/vosgesinfo.fr\/remiremontinfo\/#\/schema\/logo\/image\/"},"sameAs":["https:\/\/www.facebook.com\/remiremontinfo","https:\/\/x.com\/VosgesInfo88","https:\/\/www.youtube.com\/@vosgesinfo"]},{"@type":"Person","@id":"https:\/\/vosgesinfo.fr\/remiremontinfo\/#\/schema\/person\/3bfd164d5218a185b1db68655a265316","name":"C D","image":{"@type":"ImageObject","inLanguage":"fr-FR","@id":"https:\/\/vosgesinfo.fr\/remiremontinfo\/#\/schema\/person\/image\/","url":"https:\/\/secure.gravatar.com\/avatar\/1f9a70007336511a47468b8f1c66f922b8b7cf617b02a31149ada43893a5d48f?s=96&d=mm&r=g","contentUrl":"https:\/\/secure.gravatar.com\/avatar\/1f9a70007336511a47468b8f1c66f922b8b7cf617b02a31149ada43893a5d48f?s=96&d=mm&r=g","caption":"C D"},"url":"https:\/\/vosgesinfo.fr\/remiremontinfo\/author\/cedric-drevet\/"}]}},"_links":{"self":[{"href":"https:\/\/vosgesinfo.fr\/remiremontinfo\/wp-json\/wp\/v2\/posts\/49708","targetHints":{"allow":["GET"]}}],"collection":[{"href":"https:\/\/vosgesinfo.fr\/remiremontinfo\/wp-json\/wp\/v2\/posts"}],"about":[{"href":"https:\/\/vosgesinfo.fr\/remiremontinfo\/wp-json\/wp\/v2\/types\/post"}],"author":[{"embeddable":true,"href":"https:\/\/vosgesinfo.fr\/remiremontinfo\/wp-json\/wp\/v2\/users\/407"}],"replies":[{"embeddable":true,"href":"https:\/\/vosgesinfo.fr\/remiremontinfo\/wp-json\/wp\/v2\/comments?post=49708"}],"version-history":[{"count":0,"href":"https:\/\/vosgesinfo.fr\/remiremontinfo\/wp-json\/wp\/v2\/posts\/49708\/revisions"}],"wp:featuredmedia":[{"embeddable":true,"href":"https:\/\/vosgesinfo.fr\/remiremontinfo\/wp-json\/wp\/v2\/media\/49709"}],"wp:attachment":[{"href":"https:\/\/vosgesinfo.fr\/remiremontinfo\/wp-json\/wp\/v2\/media?parent=49708"}],"wp:term":[{"taxonomy":"category","embeddable":true,"href":"https:\/\/vosgesinfo.fr\/remiremontinfo\/wp-json\/wp\/v2\/categories?post=49708"},{"taxonomy":"post_tag","embeddable":true,"href":"https:\/\/vosgesinfo.fr\/remiremontinfo\/wp-json\/wp\/v2\/tags?post=49708"}],"curies":[{"name":"wp","href":"https:\/\/api.w.org\/{rel}","templated":true}]}}