{"id":49710,"date":"2021-12-06T10:57:04","date_gmt":"2021-12-06T09:57:04","guid":{"rendered":"https:\/\/vosgesinfo.fr\/remiremontinfo\/2021\/12\/odeur-de-gaz-a-saint-nabord-quartier-boucle-lelectricite-coupee\/"},"modified":"2021-12-06T10:57:04","modified_gmt":"2021-12-06T09:57:04","slug":"odeur-de-gaz-a-saint-nabord-quartier-boucle-lelectricite-coupee","status":"publish","type":"post","link":"https:\/\/vosgesinfo.fr\/remiremontinfo\/2021\/12\/odeur-de-gaz-a-saint-nabord-quartier-boucle-lelectricite-coupee\/","title":{"rendered":"Odeur de gaz \u00e0 Saint-Nabord : un quartier boucl\u00e9, l&rsquo;\u00e9lectricit\u00e9 coup\u00e9e"},"content":{"rendered":"<h2 style=\"text-align: center;\"><a href=\"\/2021\/12\/DSC_0374.jpg\"><img decoding=\"async\" class=\"alignnone size-large wp-image-333257\" src=\"\/2021\/12\/DSC_0374-1024x681.jpg\" alt=\"DSC_0374\" width=\"960\" height=\"638\" \/><\/a><\/h2>\n<h2><span style=\"font-size: 12pt;\"><strong>Ce lundi matin, peu avant 10h, les secours ont \u00e9t\u00e9 alert\u00e9s d\u2019une forte odeur de gaz dans un secteur de Saint-Nabord compris entre la rue des 4 vents et la rue du centre. Une trentaine de sapeurs pompiers s\u2019est engag\u00e9e sur les lieux, ainsi que des membres de la Police Nationale et de GRDF.<\/strong><\/span><\/h2>\n<p>La fuite de gaz ne vient pas, semble-t-il \u00e0 l\u2019heure actuelle, de l\u2019habilitation premi\u00e8rement inspect\u00e9e. Une partie du quartier a \u00e9t\u00e9 boucl\u00e9, des rubalises ont \u00e9t\u00e9 mises en place pour avertir les pi\u00e9tons et automobilistes s\u2019approchant du secteur. Les habitants de plusieurs maisons ont \u00e9t\u00e9 \u00e9vacu\u00e9s. Les sapeurs pompiers vont aller inspecter les domiciles, et vont peut-\u00eatre se trouver oblig\u00e9s de forcer l\u2019entr\u00e9e de trois d\u2019entre eux. L\u2019\u00e9lectricit\u00e9 a \u00e9t\u00e9 coup\u00e9e sur tout un secteur de Saint-Nabord, comprenant notamment l\u2019\u00e9cole toute proche, une pharmacie et un cabinet de dentiste. Concernant la pharmacie, un groupe \u00e9lectrog\u00e8ne va \u00eatre install\u00e9 pour alimenter un frigo afin que les doses de vaccins stock\u00e9es soient pr\u00e9serv\u00e9es. A l\u2019heure actuelle, les secours s\u2019activent pour trouver l\u2019origine de l\u2019odeur suspecte. Il est recommand\u00e9 d\u2019\u00e9viter le secteur. Des moyens pour lutter contre les incendies ont \u00e9t\u00e9 d\u00e9ploy\u00e9s au cas o\u00f9 une explosion se produirait ou un incendie se d\u00e9clarerait. Le maire de la commune s\u2019est \u00e9galement rendu sur les lieux. L\u2019op\u00e9ration peut durer plusieurs heures.<\/p>\n\n","protected":false},"excerpt":{"rendered":"<p>Ce lundi matin, peu avant 10h, les secours ont \u00e9t\u00e9 alert\u00e9s d\u2019une forte odeur de gaz dans un secteur de [&hellip;]<\/p>\n","protected":false},"author":407,"featured_media":49711,"comment_status":"open","ping_status":"open","sticky":false,"template":"","format":"standard","meta":{"footnotes":""},"categories":[26,8,35,100],"tags":[2841,768,3140,148,42],"class_list":["post-49710","post","type-post","status-publish","format-standard","has-post-thumbnail","hentry","category-a-la-une","category-faits-divers","category-remiremont-son-canton","category-saint-nabord","tag-fuite","tag-gaz","tag-odeur","tag-pompiers","tag-saint-nabord"],"acf":[],"yoast_head":"<!-- This site is optimized with the Yoast SEO plugin v22.5 - https:\/\/yoast.com\/wordpress\/plugins\/seo\/ -->\n<title>Odeur de gaz \u00e0 Saint-Nabord : un quartier boucl\u00e9, l&#039;\u00e9lectricit\u00e9 coup\u00e9e - Remiremont Info<\/title>\n<meta name=\"robots\" content=\"index, follow, max-snippet:-1, max-image-preview:large, max-video-preview:-1\" \/>\n<link rel=\"canonical\" href=\"https:\/\/vosgesinfo.fr\/remiremontinfo\/2021\/12\/odeur-de-gaz-a-saint-nabord-quartier-boucle-lelectricite-coupee\/\" \/>\n<meta name=\"twitter:card\" content=\"summary_large_image\" \/>\n<meta name=\"twitter:title\" content=\"Odeur de gaz \u00e0 Saint-Nabord : un quartier boucl\u00e9, l&#039;\u00e9lectricit\u00e9 coup\u00e9e - Remiremont Info\" \/>\n<meta name=\"twitter:description\" content=\"Ce lundi matin, peu avant 10h, les secours ont \u00e9t\u00e9 alert\u00e9s d\u2019une forte odeur de gaz dans un secteur de [&hellip;]\" \/>\n<meta name=\"twitter:image\" content=\"https:\/\/vosgesinfo.fr\/app\/uploads\/sites\/5\/2024\/09\/202112dsc-03861.jpg\" \/>\n<meta name=\"twitter:creator\" content=\"@VosgesInfo88\" \/>\n<meta name=\"twitter:site\" content=\"@VosgesInfo88\" \/>\n<meta name=\"twitter:label1\" content=\"\u00c9crit par\" \/>\n\t<meta name=\"twitter:data1\" content=\"C D\" \/>\n\t<meta name=\"twitter:label2\" content=\"Dur\u00e9e de lecture estim\u00e9e\" \/>\n\t<meta name=\"twitter:data2\" content=\"1 minute\" \/>\n<script type=\"application\/ld+json\" class=\"yoast-schema-graph\">{\"@context\":\"https:\/\/schema.org\",\"@graph\":[{\"@type\":\"Article\",\"@id\":\"https:\/\/vosgesinfo.fr\/remiremontinfo\/2021\/12\/odeur-de-gaz-a-saint-nabord-quartier-boucle-lelectricite-coupee\/#article\",\"isPartOf\":{\"@id\":\"https:\/\/vosgesinfo.fr\/remiremontinfo\/2021\/12\/odeur-de-gaz-a-saint-nabord-quartier-boucle-lelectricite-coupee\/\"},\"author\":{\"name\":\"C D\",\"@id\":\"https:\/\/vosgesinfo.fr\/remiremontinfo\/#\/schema\/person\/3bfd164d5218a185b1db68655a265316\"},\"headline\":\"Odeur de gaz \u00e0 Saint-Nabord : un quartier boucl\u00e9, l&rsquo;\u00e9lectricit\u00e9 coup\u00e9e\",\"datePublished\":\"2021-12-06T09:57:04+00:00\",\"dateModified\":\"2021-12-06T09:57:04+00:00\",\"mainEntityOfPage\":{\"@id\":\"https:\/\/vosgesinfo.fr\/remiremontinfo\/2021\/12\/odeur-de-gaz-a-saint-nabord-quartier-boucle-lelectricite-coupee\/\"},\"wordCount\":272,\"commentCount\":0,\"publisher\":{\"@id\":\"https:\/\/vosgesinfo.fr\/remiremontinfo\/#organization\"},\"image\":{\"@id\":\"https:\/\/vosgesinfo.fr\/remiremontinfo\/2021\/12\/odeur-de-gaz-a-saint-nabord-quartier-boucle-lelectricite-coupee\/#primaryimage\"},\"thumbnailUrl\":\"https:\/\/vosgesinfo.fr\/app\/uploads\/sites\/5\/2024\/09\/202112dsc-03861.jpg\",\"keywords\":[\"fuite\",\"gaz\",\"odeur\",\"pompiers\",\"saint-nabord\"],\"articleSection\":[\"A la Une\",\"Faits-divers\",\"Remiremont &amp; son canton\",\"Saint-Nabord\"],\"inLanguage\":\"fr-FR\",\"potentialAction\":[{\"@type\":\"CommentAction\",\"name\":\"Comment\",\"target\":[\"https:\/\/vosgesinfo.fr\/remiremontinfo\/2021\/12\/odeur-de-gaz-a-saint-nabord-quartier-boucle-lelectricite-coupee\/#respond\"]}]},{\"@type\":\"WebPage\",\"@id\":\"https:\/\/vosgesinfo.fr\/remiremontinfo\/2021\/12\/odeur-de-gaz-a-saint-nabord-quartier-boucle-lelectricite-coupee\/\",\"url\":\"https:\/\/vosgesinfo.fr\/remiremontinfo\/2021\/12\/odeur-de-gaz-a-saint-nabord-quartier-boucle-lelectricite-coupee\/\",\"name\":\"Odeur de gaz \u00e0 Saint-Nabord : un quartier boucl\u00e9, l'\u00e9lectricit\u00e9 coup\u00e9e - Remiremont Info\",\"isPartOf\":{\"@id\":\"https:\/\/vosgesinfo.fr\/remiremontinfo\/#website\"},\"primaryImageOfPage\":{\"@id\":\"https:\/\/vosgesinfo.fr\/remiremontinfo\/2021\/12\/odeur-de-gaz-a-saint-nabord-quartier-boucle-lelectricite-coupee\/#primaryimage\"},\"image\":{\"@id\":\"https:\/\/vosgesinfo.fr\/remiremontinfo\/2021\/12\/odeur-de-gaz-a-saint-nabord-quartier-boucle-lelectricite-coupee\/#primaryimage\"},\"thumbnailUrl\":\"https:\/\/vosgesinfo.fr\/app\/uploads\/sites\/5\/2024\/09\/202112dsc-03861.jpg\",\"datePublished\":\"2021-12-06T09:57:04+00:00\",\"dateModified\":\"2021-12-06T09:57:04+00:00\",\"breadcrumb\":{\"@id\":\"https:\/\/vosgesinfo.fr\/remiremontinfo\/2021\/12\/odeur-de-gaz-a-saint-nabord-quartier-boucle-lelectricite-coupee\/#breadcrumb\"},\"inLanguage\":\"fr-FR\",\"potentialAction\":[{\"@type\":\"ReadAction\",\"target\":[\"https:\/\/vosgesinfo.fr\/remiremontinfo\/2021\/12\/odeur-de-gaz-a-saint-nabord-quartier-boucle-lelectricite-coupee\/\"]}]},{\"@type\":\"ImageObject\",\"inLanguage\":\"fr-FR\",\"@id\":\"https:\/\/vosgesinfo.fr\/remiremontinfo\/2021\/12\/odeur-de-gaz-a-saint-nabord-quartier-boucle-lelectricite-coupee\/#primaryimage\",\"url\":\"https:\/\/vosgesinfo.fr\/app\/uploads\/sites\/5\/2024\/09\/202112dsc-03861.jpg\",\"contentUrl\":\"https:\/\/vosgesinfo.fr\/app\/uploads\/sites\/5\/2024\/09\/202112dsc-03861.jpg\",\"width\":1600,\"height\":1064},{\"@type\":\"BreadcrumbList\",\"@id\":\"https:\/\/vosgesinfo.fr\/remiremontinfo\/2021\/12\/odeur-de-gaz-a-saint-nabord-quartier-boucle-lelectricite-coupee\/#breadcrumb\",\"itemListElement\":[{\"@type\":\"ListItem\",\"position\":1,\"name\":\"Home\",\"item\":\"https:\/\/vosgesinfo.fr\/remiremontinfo\/\"},{\"@type\":\"ListItem\",\"position\":2,\"name\":\"Odeur de gaz \u00e0 Saint-Nabord : un quartier boucl\u00e9, l&rsquo;\u00e9lectricit\u00e9 coup\u00e9e\"}]},{\"@type\":\"WebSite\",\"@id\":\"https:\/\/vosgesinfo.fr\/remiremontinfo\/#website\",\"url\":\"https:\/\/vosgesinfo.fr\/remiremontinfo\/\",\"name\":\"Remiremont Info\",\"description\":\"Toute l&#039;actualit\u00e9 de Remiremont\",\"publisher\":{\"@id\":\"https:\/\/vosgesinfo.fr\/remiremontinfo\/#organization\"},\"alternateName\":\"Toute l'actualit\u00e9 de Remiremont\",\"potentialAction\":[{\"@type\":\"SearchAction\",\"target\":{\"@type\":\"EntryPoint\",\"urlTemplate\":\"https:\/\/vosgesinfo.fr\/remiremontinfo\/?s={search_term_string}\"},\"query-input\":\"required name=search_term_string\"}],\"inLanguage\":\"fr-FR\"},{\"@type\":\"Organization\",\"@id\":\"https:\/\/vosgesinfo.fr\/remiremontinfo\/#organization\",\"name\":\"Remiremont Info\",\"url\":\"https:\/\/vosgesinfo.fr\/remiremontinfo\/\",\"logo\":{\"@type\":\"ImageObject\",\"inLanguage\":\"fr-FR\",\"@id\":\"https:\/\/vosgesinfo.fr\/remiremontinfo\/#\/schema\/logo\/image\/\",\"url\":\"https:\/\/vosgesinfo.fr\/app\/uploads\/sites\/5\/2023\/08\/favicon-remiremontinfo.png\",\"contentUrl\":\"https:\/\/vosgesinfo.fr\/app\/uploads\/sites\/5\/2023\/08\/favicon-remiremontinfo.png\",\"width\":512,\"height\":512,\"caption\":\"Remiremont Info\"},\"image\":{\"@id\":\"https:\/\/vosgesinfo.fr\/remiremontinfo\/#\/schema\/logo\/image\/\"},\"sameAs\":[\"https:\/\/www.facebook.com\/remiremontinfo\",\"https:\/\/x.com\/VosgesInfo88\",\"https:\/\/www.youtube.com\/@vosgesinfo\"]},{\"@type\":\"Person\",\"@id\":\"https:\/\/vosgesinfo.fr\/remiremontinfo\/#\/schema\/person\/3bfd164d5218a185b1db68655a265316\",\"name\":\"C D\",\"image\":{\"@type\":\"ImageObject\",\"inLanguage\":\"fr-FR\",\"@id\":\"https:\/\/vosgesinfo.fr\/remiremontinfo\/#\/schema\/person\/image\/\",\"url\":\"https:\/\/secure.gravatar.com\/avatar\/1f9a70007336511a47468b8f1c66f922b8b7cf617b02a31149ada43893a5d48f?s=96&d=mm&r=g\",\"contentUrl\":\"https:\/\/secure.gravatar.com\/avatar\/1f9a70007336511a47468b8f1c66f922b8b7cf617b02a31149ada43893a5d48f?s=96&d=mm&r=g\",\"caption\":\"C D\"},\"url\":\"https:\/\/vosgesinfo.fr\/remiremontinfo\/author\/cedric-drevet\/\"}]}<\/script>\n<!-- \/ Yoast SEO plugin. -->","yoast_head_json":{"title":"Odeur de gaz \u00e0 Saint-Nabord : un quartier boucl\u00e9, l'\u00e9lectricit\u00e9 coup\u00e9e - Remiremont Info","robots":{"index":"index","follow":"follow","max-snippet":"max-snippet:-1","max-image-preview":"max-image-preview:large","max-video-preview":"max-video-preview:-1"},"canonical":"https:\/\/vosgesinfo.fr\/remiremontinfo\/2021\/12\/odeur-de-gaz-a-saint-nabord-quartier-boucle-lelectricite-coupee\/","twitter_card":"summary_large_image","twitter_title":"Odeur de gaz \u00e0 Saint-Nabord : un quartier boucl\u00e9, l'\u00e9lectricit\u00e9 coup\u00e9e - Remiremont Info","twitter_description":"Ce lundi matin, peu avant 10h, les secours ont \u00e9t\u00e9 alert\u00e9s d\u2019une forte odeur de gaz dans un secteur de [&hellip;]","twitter_image":"https:\/\/vosgesinfo.fr\/app\/uploads\/sites\/5\/2024\/09\/202112dsc-03861.jpg","twitter_creator":"@VosgesInfo88","twitter_site":"@VosgesInfo88","twitter_misc":{"\u00c9crit par":"C D","Dur\u00e9e de lecture estim\u00e9e":"1 minute"},"schema":{"@context":"https:\/\/schema.org","@graph":[{"@type":"Article","@id":"https:\/\/vosgesinfo.fr\/remiremontinfo\/2021\/12\/odeur-de-gaz-a-saint-nabord-quartier-boucle-lelectricite-coupee\/#article","isPartOf":{"@id":"https:\/\/vosgesinfo.fr\/remiremontinfo\/2021\/12\/odeur-de-gaz-a-saint-nabord-quartier-boucle-lelectricite-coupee\/"},"author":{"name":"C D","@id":"https:\/\/vosgesinfo.fr\/remiremontinfo\/#\/schema\/person\/3bfd164d5218a185b1db68655a265316"},"headline":"Odeur de gaz \u00e0 Saint-Nabord : un quartier boucl\u00e9, l&rsquo;\u00e9lectricit\u00e9 coup\u00e9e","datePublished":"2021-12-06T09:57:04+00:00","dateModified":"2021-12-06T09:57:04+00:00","mainEntityOfPage":{"@id":"https:\/\/vosgesinfo.fr\/remiremontinfo\/2021\/12\/odeur-de-gaz-a-saint-nabord-quartier-boucle-lelectricite-coupee\/"},"wordCount":272,"commentCount":0,"publisher":{"@id":"https:\/\/vosgesinfo.fr\/remiremontinfo\/#organization"},"image":{"@id":"https:\/\/vosgesinfo.fr\/remiremontinfo\/2021\/12\/odeur-de-gaz-a-saint-nabord-quartier-boucle-lelectricite-coupee\/#primaryimage"},"thumbnailUrl":"https:\/\/vosgesinfo.fr\/app\/uploads\/sites\/5\/2024\/09\/202112dsc-03861.jpg","keywords":["fuite","gaz","odeur","pompiers","saint-nabord"],"articleSection":["A la Une","Faits-divers","Remiremont &amp; son canton","Saint-Nabord"],"inLanguage":"fr-FR","potentialAction":[{"@type":"CommentAction","name":"Comment","target":["https:\/\/vosgesinfo.fr\/remiremontinfo\/2021\/12\/odeur-de-gaz-a-saint-nabord-quartier-boucle-lelectricite-coupee\/#respond"]}]},{"@type":"WebPage","@id":"https:\/\/vosgesinfo.fr\/remiremontinfo\/2021\/12\/odeur-de-gaz-a-saint-nabord-quartier-boucle-lelectricite-coupee\/","url":"https:\/\/vosgesinfo.fr\/remiremontinfo\/2021\/12\/odeur-de-gaz-a-saint-nabord-quartier-boucle-lelectricite-coupee\/","name":"Odeur de gaz \u00e0 Saint-Nabord : un quartier boucl\u00e9, l'\u00e9lectricit\u00e9 coup\u00e9e - Remiremont Info","isPartOf":{"@id":"https:\/\/vosgesinfo.fr\/remiremontinfo\/#website"},"primaryImageOfPage":{"@id":"https:\/\/vosgesinfo.fr\/remiremontinfo\/2021\/12\/odeur-de-gaz-a-saint-nabord-quartier-boucle-lelectricite-coupee\/#primaryimage"},"image":{"@id":"https:\/\/vosgesinfo.fr\/remiremontinfo\/2021\/12\/odeur-de-gaz-a-saint-nabord-quartier-boucle-lelectricite-coupee\/#primaryimage"},"thumbnailUrl":"https:\/\/vosgesinfo.fr\/app\/uploads\/sites\/5\/2024\/09\/202112dsc-03861.jpg","datePublished":"2021-12-06T09:57:04+00:00","dateModified":"2021-12-06T09:57:04+00:00","breadcrumb":{"@id":"https:\/\/vosgesinfo.fr\/remiremontinfo\/2021\/12\/odeur-de-gaz-a-saint-nabord-quartier-boucle-lelectricite-coupee\/#breadcrumb"},"inLanguage":"fr-FR","potentialAction":[{"@type":"ReadAction","target":["https:\/\/vosgesinfo.fr\/remiremontinfo\/2021\/12\/odeur-de-gaz-a-saint-nabord-quartier-boucle-lelectricite-coupee\/"]}]},{"@type":"ImageObject","inLanguage":"fr-FR","@id":"https:\/\/vosgesinfo.fr\/remiremontinfo\/2021\/12\/odeur-de-gaz-a-saint-nabord-quartier-boucle-lelectricite-coupee\/#primaryimage","url":"https:\/\/vosgesinfo.fr\/app\/uploads\/sites\/5\/2024\/09\/202112dsc-03861.jpg","contentUrl":"https:\/\/vosgesinfo.fr\/app\/uploads\/sites\/5\/2024\/09\/202112dsc-03861.jpg","width":1600,"height":1064},{"@type":"BreadcrumbList","@id":"https:\/\/vosgesinfo.fr\/remiremontinfo\/2021\/12\/odeur-de-gaz-a-saint-nabord-quartier-boucle-lelectricite-coupee\/#breadcrumb","itemListElement":[{"@type":"ListItem","position":1,"name":"Home","item":"https:\/\/vosgesinfo.fr\/remiremontinfo\/"},{"@type":"ListItem","position":2,"name":"Odeur de gaz \u00e0 Saint-Nabord : un quartier boucl\u00e9, l&rsquo;\u00e9lectricit\u00e9 coup\u00e9e"}]},{"@type":"WebSite","@id":"https:\/\/vosgesinfo.fr\/remiremontinfo\/#website","url":"https:\/\/vosgesinfo.fr\/remiremontinfo\/","name":"Remiremont Info","description":"Toute l&#039;actualit\u00e9 de Remiremont","publisher":{"@id":"https:\/\/vosgesinfo.fr\/remiremontinfo\/#organization"},"alternateName":"Toute l'actualit\u00e9 de Remiremont","potentialAction":[{"@type":"SearchAction","target":{"@type":"EntryPoint","urlTemplate":"https:\/\/vosgesinfo.fr\/remiremontinfo\/?s={search_term_string}"},"query-input":"required name=search_term_string"}],"inLanguage":"fr-FR"},{"@type":"Organization","@id":"https:\/\/vosgesinfo.fr\/remiremontinfo\/#organization","name":"Remiremont Info","url":"https:\/\/vosgesinfo.fr\/remiremontinfo\/","logo":{"@type":"ImageObject","inLanguage":"fr-FR","@id":"https:\/\/vosgesinfo.fr\/remiremontinfo\/#\/schema\/logo\/image\/","url":"https:\/\/vosgesinfo.fr\/app\/uploads\/sites\/5\/2023\/08\/favicon-remiremontinfo.png","contentUrl":"https:\/\/vosgesinfo.fr\/app\/uploads\/sites\/5\/2023\/08\/favicon-remiremontinfo.png","width":512,"height":512,"caption":"Remiremont Info"},"image":{"@id":"https:\/\/vosgesinfo.fr\/remiremontinfo\/#\/schema\/logo\/image\/"},"sameAs":["https:\/\/www.facebook.com\/remiremontinfo","https:\/\/x.com\/VosgesInfo88","https:\/\/www.youtube.com\/@vosgesinfo"]},{"@type":"Person","@id":"https:\/\/vosgesinfo.fr\/remiremontinfo\/#\/schema\/person\/3bfd164d5218a185b1db68655a265316","name":"C D","image":{"@type":"ImageObject","inLanguage":"fr-FR","@id":"https:\/\/vosgesinfo.fr\/remiremontinfo\/#\/schema\/person\/image\/","url":"https:\/\/secure.gravatar.com\/avatar\/1f9a70007336511a47468b8f1c66f922b8b7cf617b02a31149ada43893a5d48f?s=96&d=mm&r=g","contentUrl":"https:\/\/secure.gravatar.com\/avatar\/1f9a70007336511a47468b8f1c66f922b8b7cf617b02a31149ada43893a5d48f?s=96&d=mm&r=g","caption":"C D"},"url":"https:\/\/vosgesinfo.fr\/remiremontinfo\/author\/cedric-drevet\/"}]}},"_links":{"self":[{"href":"https:\/\/vosgesinfo.fr\/remiremontinfo\/wp-json\/wp\/v2\/posts\/49710","targetHints":{"allow":["GET"]}}],"collection":[{"href":"https:\/\/vosgesinfo.fr\/remiremontinfo\/wp-json\/wp\/v2\/posts"}],"about":[{"href":"https:\/\/vosgesinfo.fr\/remiremontinfo\/wp-json\/wp\/v2\/types\/post"}],"author":[{"embeddable":true,"href":"https:\/\/vosgesinfo.fr\/remiremontinfo\/wp-json\/wp\/v2\/users\/407"}],"replies":[{"embeddable":true,"href":"https:\/\/vosgesinfo.fr\/remiremontinfo\/wp-json\/wp\/v2\/comments?post=49710"}],"version-history":[{"count":0,"href":"https:\/\/vosgesinfo.fr\/remiremontinfo\/wp-json\/wp\/v2\/posts\/49710\/revisions"}],"wp:featuredmedia":[{"embeddable":true,"href":"https:\/\/vosgesinfo.fr\/remiremontinfo\/wp-json\/wp\/v2\/media\/49711"}],"wp:attachment":[{"href":"https:\/\/vosgesinfo.fr\/remiremontinfo\/wp-json\/wp\/v2\/media?parent=49710"}],"wp:term":[{"taxonomy":"category","embeddable":true,"href":"https:\/\/vosgesinfo.fr\/remiremontinfo\/wp-json\/wp\/v2\/categories?post=49710"},{"taxonomy":"post_tag","embeddable":true,"href":"https:\/\/vosgesinfo.fr\/remiremontinfo\/wp-json\/wp\/v2\/tags?post=49710"}],"curies":[{"name":"wp","href":"https:\/\/api.w.org\/{rel}","templated":true}]}}