{"id":49740,"date":"2021-12-06T08:32:26","date_gmt":"2021-12-06T07:32:26","guid":{"rendered":"https:\/\/vosgesinfo.fr\/remiremontinfo\/2021\/12\/val-dajol-saint-nicolas-pere-fouettard-arrivent-side\/"},"modified":"2021-12-06T08:32:26","modified_gmt":"2021-12-06T07:32:26","slug":"val-dajol-saint-nicolas-pere-fouettard-arrivent-side","status":"publish","type":"post","link":"https:\/\/vosgesinfo.fr\/remiremontinfo\/2021\/12\/val-dajol-saint-nicolas-pere-fouettard-arrivent-side\/","title":{"rendered":"Le Val d&rsquo;Ajol: Saint Nicolas et le p\u00e8re Fouettard arrivent dans un side car"},"content":{"rendered":"\n<p dir=\"auto\"><span style=\"font-size: 10pt;\"><em>Photos par la Mairie du Val d&rsquo;Ajol\u00a0<\/em><\/span><\/p>\n<h2 dir=\"auto\"><span style=\"font-size: 12pt;\"><strong>C&rsquo;est la p\u00e9riode des d\u00e9fil\u00e9s et des visites d&rsquo;\u00e9coles \u00e0 l&rsquo;occasion de la Saint-Nicolas. Au Val d&rsquo;Ajol,\u00a0arriv\u00e9e originale et remarqu\u00e9e du Saint patron des lorrains et des \u00e9coliers\u00a0et du p\u00e8re Fouettard, dans un side car et sous une boule g\u00e9ante et \u00e9clair\u00e9e ! La tradition de la remise des cl\u00e9s de la ville par le maire Anne Girardin \u00e0 Saint Nicolas a \u00e9t\u00e9 respect\u00e9e avant d&rsquo;entamer le tour du Val d&rsquo;Ajol.\u00a0<\/strong><\/span><\/h2>\n<div dir=\"auto\">\u00a0Le cort\u00e8ge, avec de tr\u00e8s nombreux enfants s&rsquo;est dirig\u00e9 vers la salle des f\u00eates, apr\u00e8s avoir fait un tour en ville. Un grand succ\u00e8s pour saint Nicolas qui s&rsquo;\u00e9tait fait attendre. P\u00e8re Fouettard et le boucher ont moins de succ\u00e8s, bien \u00e9videmment.<\/div>\n","protected":false},"excerpt":{"rendered":"<p>Photos par la Mairie du Val d&rsquo;Ajol\u00a0 C&rsquo;est la p\u00e9riode des d\u00e9fil\u00e9s et des visites d&rsquo;\u00e9coles \u00e0 l&rsquo;occasion de la [&hellip;]<\/p>\n","protected":false},"author":407,"featured_media":49741,"comment_status":"open","ping_status":"open","sticky":false,"template":"","format":"standard","meta":{"footnotes":""},"categories":[26,124,121,82],"tags":[365,367,123],"class_list":["post-49740","post","type-post","status-publish","format-standard","has-post-thumbnail","hentry","category-a-la-une","category-fetes","category-le-val-dajol-le-val-dajol-son-canton","category-le-val-dajol-son-canton","tag-defile","tag-saint-nicolas","tag-val-dajol"],"acf":[],"yoast_head":"<!-- This site is optimized with the Yoast SEO plugin v22.5 - https:\/\/yoast.com\/wordpress\/plugins\/seo\/ -->\n<title>Le Val d&#039;Ajol: Saint Nicolas et le p\u00e8re Fouettard arrivent dans un side car - Remiremont Info<\/title>\n<meta name=\"robots\" content=\"index, follow, max-snippet:-1, max-image-preview:large, max-video-preview:-1\" \/>\n<link rel=\"canonical\" href=\"https:\/\/vosgesinfo.fr\/remiremontinfo\/2021\/12\/val-dajol-saint-nicolas-pere-fouettard-arrivent-side\/\" \/>\n<meta name=\"twitter:card\" content=\"summary_large_image\" \/>\n<meta name=\"twitter:title\" content=\"Le Val d&#039;Ajol: Saint Nicolas et le p\u00e8re Fouettard arrivent dans un side car - Remiremont Info\" \/>\n<meta name=\"twitter:description\" content=\"Photos par la Mairie du Val d&rsquo;Ajol\u00a0 C&rsquo;est la p\u00e9riode des d\u00e9fil\u00e9s et des visites d&rsquo;\u00e9coles \u00e0 l&rsquo;occasion de la [&hellip;]\" \/>\n<meta name=\"twitter:image\" content=\"https:\/\/vosgesinfo.fr\/app\/uploads\/sites\/5\/2024\/09\/202112262513802-4551772028275642-1955862001887454320-n1.jpg\" \/>\n<meta name=\"twitter:creator\" content=\"@VosgesInfo88\" \/>\n<meta name=\"twitter:site\" content=\"@VosgesInfo88\" \/>\n<meta name=\"twitter:label1\" content=\"\u00c9crit par\" \/>\n\t<meta name=\"twitter:data1\" content=\"C D\" \/>\n\t<meta name=\"twitter:label2\" content=\"Dur\u00e9e de lecture estim\u00e9e\" \/>\n\t<meta name=\"twitter:data2\" content=\"1 minute\" \/>\n<script type=\"application\/ld+json\" class=\"yoast-schema-graph\">{\"@context\":\"https:\/\/schema.org\",\"@graph\":[{\"@type\":\"Article\",\"@id\":\"https:\/\/vosgesinfo.fr\/remiremontinfo\/2021\/12\/val-dajol-saint-nicolas-pere-fouettard-arrivent-side\/#article\",\"isPartOf\":{\"@id\":\"https:\/\/vosgesinfo.fr\/remiremontinfo\/2021\/12\/val-dajol-saint-nicolas-pere-fouettard-arrivent-side\/\"},\"author\":{\"name\":\"C D\",\"@id\":\"https:\/\/vosgesinfo.fr\/remiremontinfo\/#\/schema\/person\/3bfd164d5218a185b1db68655a265316\"},\"headline\":\"Le Val d&rsquo;Ajol: Saint Nicolas et le p\u00e8re Fouettard arrivent dans un side car\",\"datePublished\":\"2021-12-06T07:32:26+00:00\",\"dateModified\":\"2021-12-06T07:32:26+00:00\",\"mainEntityOfPage\":{\"@id\":\"https:\/\/vosgesinfo.fr\/remiremontinfo\/2021\/12\/val-dajol-saint-nicolas-pere-fouettard-arrivent-side\/\"},\"wordCount\":169,\"commentCount\":0,\"publisher\":{\"@id\":\"https:\/\/vosgesinfo.fr\/remiremontinfo\/#organization\"},\"image\":{\"@id\":\"https:\/\/vosgesinfo.fr\/remiremontinfo\/2021\/12\/val-dajol-saint-nicolas-pere-fouettard-arrivent-side\/#primaryimage\"},\"thumbnailUrl\":\"https:\/\/vosgesinfo.fr\/app\/uploads\/sites\/5\/2024\/09\/202112262513802-4551772028275642-1955862001887454320-n1.jpg\",\"keywords\":[\"D\u00e9fil\u00e9\",\"Saint-Nicolas\",\"val d'ajol\"],\"articleSection\":[\"A la Une\",\"F\u00eates\",\"Le Val d'Ajol\",\"Le Val-d'Ajol &amp; son canton\"],\"inLanguage\":\"fr-FR\",\"potentialAction\":[{\"@type\":\"CommentAction\",\"name\":\"Comment\",\"target\":[\"https:\/\/vosgesinfo.fr\/remiremontinfo\/2021\/12\/val-dajol-saint-nicolas-pere-fouettard-arrivent-side\/#respond\"]}]},{\"@type\":\"WebPage\",\"@id\":\"https:\/\/vosgesinfo.fr\/remiremontinfo\/2021\/12\/val-dajol-saint-nicolas-pere-fouettard-arrivent-side\/\",\"url\":\"https:\/\/vosgesinfo.fr\/remiremontinfo\/2021\/12\/val-dajol-saint-nicolas-pere-fouettard-arrivent-side\/\",\"name\":\"Le Val d'Ajol: Saint Nicolas et le p\u00e8re Fouettard arrivent dans un side car - Remiremont Info\",\"isPartOf\":{\"@id\":\"https:\/\/vosgesinfo.fr\/remiremontinfo\/#website\"},\"primaryImageOfPage\":{\"@id\":\"https:\/\/vosgesinfo.fr\/remiremontinfo\/2021\/12\/val-dajol-saint-nicolas-pere-fouettard-arrivent-side\/#primaryimage\"},\"image\":{\"@id\":\"https:\/\/vosgesinfo.fr\/remiremontinfo\/2021\/12\/val-dajol-saint-nicolas-pere-fouettard-arrivent-side\/#primaryimage\"},\"thumbnailUrl\":\"https:\/\/vosgesinfo.fr\/app\/uploads\/sites\/5\/2024\/09\/202112262513802-4551772028275642-1955862001887454320-n1.jpg\",\"datePublished\":\"2021-12-06T07:32:26+00:00\",\"dateModified\":\"2021-12-06T07:32:26+00:00\",\"breadcrumb\":{\"@id\":\"https:\/\/vosgesinfo.fr\/remiremontinfo\/2021\/12\/val-dajol-saint-nicolas-pere-fouettard-arrivent-side\/#breadcrumb\"},\"inLanguage\":\"fr-FR\",\"potentialAction\":[{\"@type\":\"ReadAction\",\"target\":[\"https:\/\/vosgesinfo.fr\/remiremontinfo\/2021\/12\/val-dajol-saint-nicolas-pere-fouettard-arrivent-side\/\"]}]},{\"@type\":\"ImageObject\",\"inLanguage\":\"fr-FR\",\"@id\":\"https:\/\/vosgesinfo.fr\/remiremontinfo\/2021\/12\/val-dajol-saint-nicolas-pere-fouettard-arrivent-side\/#primaryimage\",\"url\":\"https:\/\/vosgesinfo.fr\/app\/uploads\/sites\/5\/2024\/09\/202112262513802-4551772028275642-1955862001887454320-n1.jpg\",\"contentUrl\":\"https:\/\/vosgesinfo.fr\/app\/uploads\/sites\/5\/2024\/09\/202112262513802-4551772028275642-1955862001887454320-n1.jpg\",\"width\":1536,\"height\":1184},{\"@type\":\"BreadcrumbList\",\"@id\":\"https:\/\/vosgesinfo.fr\/remiremontinfo\/2021\/12\/val-dajol-saint-nicolas-pere-fouettard-arrivent-side\/#breadcrumb\",\"itemListElement\":[{\"@type\":\"ListItem\",\"position\":1,\"name\":\"Home\",\"item\":\"https:\/\/vosgesinfo.fr\/remiremontinfo\/\"},{\"@type\":\"ListItem\",\"position\":2,\"name\":\"Le Val d&rsquo;Ajol: Saint Nicolas et le p\u00e8re Fouettard arrivent dans un side car\"}]},{\"@type\":\"WebSite\",\"@id\":\"https:\/\/vosgesinfo.fr\/remiremontinfo\/#website\",\"url\":\"https:\/\/vosgesinfo.fr\/remiremontinfo\/\",\"name\":\"Remiremont Info\",\"description\":\"Toute l&#039;actualit\u00e9 de Remiremont\",\"publisher\":{\"@id\":\"https:\/\/vosgesinfo.fr\/remiremontinfo\/#organization\"},\"alternateName\":\"Toute l'actualit\u00e9 de Remiremont\",\"potentialAction\":[{\"@type\":\"SearchAction\",\"target\":{\"@type\":\"EntryPoint\",\"urlTemplate\":\"https:\/\/vosgesinfo.fr\/remiremontinfo\/?s={search_term_string}\"},\"query-input\":\"required name=search_term_string\"}],\"inLanguage\":\"fr-FR\"},{\"@type\":\"Organization\",\"@id\":\"https:\/\/vosgesinfo.fr\/remiremontinfo\/#organization\",\"name\":\"Remiremont Info\",\"url\":\"https:\/\/vosgesinfo.fr\/remiremontinfo\/\",\"logo\":{\"@type\":\"ImageObject\",\"inLanguage\":\"fr-FR\",\"@id\":\"https:\/\/vosgesinfo.fr\/remiremontinfo\/#\/schema\/logo\/image\/\",\"url\":\"https:\/\/vosgesinfo.fr\/app\/uploads\/sites\/5\/2023\/08\/favicon-remiremontinfo.png\",\"contentUrl\":\"https:\/\/vosgesinfo.fr\/app\/uploads\/sites\/5\/2023\/08\/favicon-remiremontinfo.png\",\"width\":512,\"height\":512,\"caption\":\"Remiremont Info\"},\"image\":{\"@id\":\"https:\/\/vosgesinfo.fr\/remiremontinfo\/#\/schema\/logo\/image\/\"},\"sameAs\":[\"https:\/\/www.facebook.com\/remiremontinfo\",\"https:\/\/x.com\/VosgesInfo88\",\"https:\/\/www.youtube.com\/@vosgesinfo\"]},{\"@type\":\"Person\",\"@id\":\"https:\/\/vosgesinfo.fr\/remiremontinfo\/#\/schema\/person\/3bfd164d5218a185b1db68655a265316\",\"name\":\"C D\",\"image\":{\"@type\":\"ImageObject\",\"inLanguage\":\"fr-FR\",\"@id\":\"https:\/\/vosgesinfo.fr\/remiremontinfo\/#\/schema\/person\/image\/\",\"url\":\"https:\/\/secure.gravatar.com\/avatar\/1f9a70007336511a47468b8f1c66f922b8b7cf617b02a31149ada43893a5d48f?s=96&d=mm&r=g\",\"contentUrl\":\"https:\/\/secure.gravatar.com\/avatar\/1f9a70007336511a47468b8f1c66f922b8b7cf617b02a31149ada43893a5d48f?s=96&d=mm&r=g\",\"caption\":\"C D\"},\"url\":\"https:\/\/vosgesinfo.fr\/remiremontinfo\/author\/cedric-drevet\/\"}]}<\/script>\n<!-- \/ Yoast SEO plugin. -->","yoast_head_json":{"title":"Le Val d'Ajol: Saint Nicolas et le p\u00e8re Fouettard arrivent dans un side car - Remiremont Info","robots":{"index":"index","follow":"follow","max-snippet":"max-snippet:-1","max-image-preview":"max-image-preview:large","max-video-preview":"max-video-preview:-1"},"canonical":"https:\/\/vosgesinfo.fr\/remiremontinfo\/2021\/12\/val-dajol-saint-nicolas-pere-fouettard-arrivent-side\/","twitter_card":"summary_large_image","twitter_title":"Le Val d'Ajol: Saint Nicolas et le p\u00e8re Fouettard arrivent dans un side car - Remiremont Info","twitter_description":"Photos par la Mairie du Val d&rsquo;Ajol\u00a0 C&rsquo;est la p\u00e9riode des d\u00e9fil\u00e9s et des visites d&rsquo;\u00e9coles \u00e0 l&rsquo;occasion de la [&hellip;]","twitter_image":"https:\/\/vosgesinfo.fr\/app\/uploads\/sites\/5\/2024\/09\/202112262513802-4551772028275642-1955862001887454320-n1.jpg","twitter_creator":"@VosgesInfo88","twitter_site":"@VosgesInfo88","twitter_misc":{"\u00c9crit par":"C D","Dur\u00e9e de lecture estim\u00e9e":"1 minute"},"schema":{"@context":"https:\/\/schema.org","@graph":[{"@type":"Article","@id":"https:\/\/vosgesinfo.fr\/remiremontinfo\/2021\/12\/val-dajol-saint-nicolas-pere-fouettard-arrivent-side\/#article","isPartOf":{"@id":"https:\/\/vosgesinfo.fr\/remiremontinfo\/2021\/12\/val-dajol-saint-nicolas-pere-fouettard-arrivent-side\/"},"author":{"name":"C D","@id":"https:\/\/vosgesinfo.fr\/remiremontinfo\/#\/schema\/person\/3bfd164d5218a185b1db68655a265316"},"headline":"Le Val d&rsquo;Ajol: Saint Nicolas et le p\u00e8re Fouettard arrivent dans un side car","datePublished":"2021-12-06T07:32:26+00:00","dateModified":"2021-12-06T07:32:26+00:00","mainEntityOfPage":{"@id":"https:\/\/vosgesinfo.fr\/remiremontinfo\/2021\/12\/val-dajol-saint-nicolas-pere-fouettard-arrivent-side\/"},"wordCount":169,"commentCount":0,"publisher":{"@id":"https:\/\/vosgesinfo.fr\/remiremontinfo\/#organization"},"image":{"@id":"https:\/\/vosgesinfo.fr\/remiremontinfo\/2021\/12\/val-dajol-saint-nicolas-pere-fouettard-arrivent-side\/#primaryimage"},"thumbnailUrl":"https:\/\/vosgesinfo.fr\/app\/uploads\/sites\/5\/2024\/09\/202112262513802-4551772028275642-1955862001887454320-n1.jpg","keywords":["D\u00e9fil\u00e9","Saint-Nicolas","val d'ajol"],"articleSection":["A la Une","F\u00eates","Le Val d'Ajol","Le Val-d'Ajol &amp; son canton"],"inLanguage":"fr-FR","potentialAction":[{"@type":"CommentAction","name":"Comment","target":["https:\/\/vosgesinfo.fr\/remiremontinfo\/2021\/12\/val-dajol-saint-nicolas-pere-fouettard-arrivent-side\/#respond"]}]},{"@type":"WebPage","@id":"https:\/\/vosgesinfo.fr\/remiremontinfo\/2021\/12\/val-dajol-saint-nicolas-pere-fouettard-arrivent-side\/","url":"https:\/\/vosgesinfo.fr\/remiremontinfo\/2021\/12\/val-dajol-saint-nicolas-pere-fouettard-arrivent-side\/","name":"Le Val d'Ajol: Saint Nicolas et le p\u00e8re Fouettard arrivent dans un side car - Remiremont Info","isPartOf":{"@id":"https:\/\/vosgesinfo.fr\/remiremontinfo\/#website"},"primaryImageOfPage":{"@id":"https:\/\/vosgesinfo.fr\/remiremontinfo\/2021\/12\/val-dajol-saint-nicolas-pere-fouettard-arrivent-side\/#primaryimage"},"image":{"@id":"https:\/\/vosgesinfo.fr\/remiremontinfo\/2021\/12\/val-dajol-saint-nicolas-pere-fouettard-arrivent-side\/#primaryimage"},"thumbnailUrl":"https:\/\/vosgesinfo.fr\/app\/uploads\/sites\/5\/2024\/09\/202112262513802-4551772028275642-1955862001887454320-n1.jpg","datePublished":"2021-12-06T07:32:26+00:00","dateModified":"2021-12-06T07:32:26+00:00","breadcrumb":{"@id":"https:\/\/vosgesinfo.fr\/remiremontinfo\/2021\/12\/val-dajol-saint-nicolas-pere-fouettard-arrivent-side\/#breadcrumb"},"inLanguage":"fr-FR","potentialAction":[{"@type":"ReadAction","target":["https:\/\/vosgesinfo.fr\/remiremontinfo\/2021\/12\/val-dajol-saint-nicolas-pere-fouettard-arrivent-side\/"]}]},{"@type":"ImageObject","inLanguage":"fr-FR","@id":"https:\/\/vosgesinfo.fr\/remiremontinfo\/2021\/12\/val-dajol-saint-nicolas-pere-fouettard-arrivent-side\/#primaryimage","url":"https:\/\/vosgesinfo.fr\/app\/uploads\/sites\/5\/2024\/09\/202112262513802-4551772028275642-1955862001887454320-n1.jpg","contentUrl":"https:\/\/vosgesinfo.fr\/app\/uploads\/sites\/5\/2024\/09\/202112262513802-4551772028275642-1955862001887454320-n1.jpg","width":1536,"height":1184},{"@type":"BreadcrumbList","@id":"https:\/\/vosgesinfo.fr\/remiremontinfo\/2021\/12\/val-dajol-saint-nicolas-pere-fouettard-arrivent-side\/#breadcrumb","itemListElement":[{"@type":"ListItem","position":1,"name":"Home","item":"https:\/\/vosgesinfo.fr\/remiremontinfo\/"},{"@type":"ListItem","position":2,"name":"Le Val d&rsquo;Ajol: Saint Nicolas et le p\u00e8re Fouettard arrivent dans un side car"}]},{"@type":"WebSite","@id":"https:\/\/vosgesinfo.fr\/remiremontinfo\/#website","url":"https:\/\/vosgesinfo.fr\/remiremontinfo\/","name":"Remiremont Info","description":"Toute l&#039;actualit\u00e9 de Remiremont","publisher":{"@id":"https:\/\/vosgesinfo.fr\/remiremontinfo\/#organization"},"alternateName":"Toute l'actualit\u00e9 de Remiremont","potentialAction":[{"@type":"SearchAction","target":{"@type":"EntryPoint","urlTemplate":"https:\/\/vosgesinfo.fr\/remiremontinfo\/?s={search_term_string}"},"query-input":"required name=search_term_string"}],"inLanguage":"fr-FR"},{"@type":"Organization","@id":"https:\/\/vosgesinfo.fr\/remiremontinfo\/#organization","name":"Remiremont Info","url":"https:\/\/vosgesinfo.fr\/remiremontinfo\/","logo":{"@type":"ImageObject","inLanguage":"fr-FR","@id":"https:\/\/vosgesinfo.fr\/remiremontinfo\/#\/schema\/logo\/image\/","url":"https:\/\/vosgesinfo.fr\/app\/uploads\/sites\/5\/2023\/08\/favicon-remiremontinfo.png","contentUrl":"https:\/\/vosgesinfo.fr\/app\/uploads\/sites\/5\/2023\/08\/favicon-remiremontinfo.png","width":512,"height":512,"caption":"Remiremont Info"},"image":{"@id":"https:\/\/vosgesinfo.fr\/remiremontinfo\/#\/schema\/logo\/image\/"},"sameAs":["https:\/\/www.facebook.com\/remiremontinfo","https:\/\/x.com\/VosgesInfo88","https:\/\/www.youtube.com\/@vosgesinfo"]},{"@type":"Person","@id":"https:\/\/vosgesinfo.fr\/remiremontinfo\/#\/schema\/person\/3bfd164d5218a185b1db68655a265316","name":"C D","image":{"@type":"ImageObject","inLanguage":"fr-FR","@id":"https:\/\/vosgesinfo.fr\/remiremontinfo\/#\/schema\/person\/image\/","url":"https:\/\/secure.gravatar.com\/avatar\/1f9a70007336511a47468b8f1c66f922b8b7cf617b02a31149ada43893a5d48f?s=96&d=mm&r=g","contentUrl":"https:\/\/secure.gravatar.com\/avatar\/1f9a70007336511a47468b8f1c66f922b8b7cf617b02a31149ada43893a5d48f?s=96&d=mm&r=g","caption":"C D"},"url":"https:\/\/vosgesinfo.fr\/remiremontinfo\/author\/cedric-drevet\/"}]}},"_links":{"self":[{"href":"https:\/\/vosgesinfo.fr\/remiremontinfo\/wp-json\/wp\/v2\/posts\/49740","targetHints":{"allow":["GET"]}}],"collection":[{"href":"https:\/\/vosgesinfo.fr\/remiremontinfo\/wp-json\/wp\/v2\/posts"}],"about":[{"href":"https:\/\/vosgesinfo.fr\/remiremontinfo\/wp-json\/wp\/v2\/types\/post"}],"author":[{"embeddable":true,"href":"https:\/\/vosgesinfo.fr\/remiremontinfo\/wp-json\/wp\/v2\/users\/407"}],"replies":[{"embeddable":true,"href":"https:\/\/vosgesinfo.fr\/remiremontinfo\/wp-json\/wp\/v2\/comments?post=49740"}],"version-history":[{"count":0,"href":"https:\/\/vosgesinfo.fr\/remiremontinfo\/wp-json\/wp\/v2\/posts\/49740\/revisions"}],"wp:featuredmedia":[{"embeddable":true,"href":"https:\/\/vosgesinfo.fr\/remiremontinfo\/wp-json\/wp\/v2\/media\/49741"}],"wp:attachment":[{"href":"https:\/\/vosgesinfo.fr\/remiremontinfo\/wp-json\/wp\/v2\/media?parent=49740"}],"wp:term":[{"taxonomy":"category","embeddable":true,"href":"https:\/\/vosgesinfo.fr\/remiremontinfo\/wp-json\/wp\/v2\/categories?post=49740"},{"taxonomy":"post_tag","embeddable":true,"href":"https:\/\/vosgesinfo.fr\/remiremontinfo\/wp-json\/wp\/v2\/tags?post=49740"}],"curies":[{"name":"wp","href":"https:\/\/api.w.org\/{rel}","templated":true}]}}