{"id":49751,"date":"2021-12-06T07:49:12","date_gmt":"2021-12-06T06:49:12","guid":{"rendered":"https:\/\/vosgesinfo.fr\/remiremontinfo\/2021\/12\/saint-nicolas-patron-lorrains-ecoliers\/"},"modified":"2021-12-06T07:49:12","modified_gmt":"2021-12-06T06:49:12","slug":"saint-nicolas-patron-lorrains-ecoliers","status":"publish","type":"post","link":"https:\/\/vosgesinfo.fr\/remiremontinfo\/2021\/12\/saint-nicolas-patron-lorrains-ecoliers\/","title":{"rendered":"Qui est Saint-Nicolas, patron des Lorrains et des \u00e9coliers ?"},"content":{"rendered":"<p style=\"text-align: center;\"><a href=\"\/2021\/12\/Capture-d\u2019e\u0301cran-2019-12-06-a\u0300-11.59.09.png\"><img decoding=\"async\" class=\"alignnone size-full wp-image-333328\" src=\"\/2021\/12\/Capture-d\u2019e\u0301cran-2019-12-06-a\u0300-11.59.09.png\" alt=\"Capture-d\u2019e\u0301cran-2019-12-06-a\u0300-11.59.09\" width=\"800\" height=\"638\" \/><\/a><\/p>\n<p><span style=\"font-size: 10pt;\"><em>Saint Nicolas arr\u00eatant le bourreau, Ilia R\u00e9pine, 1888<\/em><\/span><\/p>\n<h2><span style=\"font-size: 12pt;\"><strong>En ce 6 d\u00e9cembre, les Lorrains f\u00eatent leur saint patron. L\u2019illustre personnage d\u00e9file dans les rues des villes et villages des Vosges, va\u00a0\u00e0 la rencontre des \u00e9coliers, et on retrouve son effigie, en chocolat, sur des pains d\u2019\u00e9pice. Quelle fut sa vie aux 2\u00e8me et 3\u00e8me si\u00e8cle ? Nicolas fut \u00e9v\u00eaque de Myre, et de nombreux r\u00e9cits et l\u00e9gendes entourent sa vie. Un de ces \u00e9v\u00e9nements le lie notamment au fameux \u00ab p\u00e8re fouettard \u00bb, qui l\u2019accompagne dans les d\u00e9fil\u00e9s.\u00a0<\/strong><\/span><\/h2>\n<p><em>\u00ab Nous ne savons que peu de choses de lui \u00bb<\/em>, <em>\u00ab Il naquit en Asie Mineure, devint \u00e9v\u00eaque de Myre et, \u00e0 ce titre, il assiste et souscrit au concile de Nic\u00e9e en 325. Par contre, sa vie posthume est beaucoup plus riche, gr\u00e2ce aux l\u00e9gendes sans doute fond\u00e9es sur la r\u00e9putation de sa bont\u00e9 envers les pauvres et les enfants. Son tombeau devient un lieu de p\u00e8lerinage, d\u2019abord \u00e0 Myre, puis \u00e0 Bari en Italie o\u00f9 ses reliques furent transport\u00e9es au XIe si\u00e8cle pour les prot\u00e9ger des Musulmans. Chaque ann\u00e9e, des d\u00e9l\u00e9gations des \u00c9glises orthodoxes, particuli\u00e8rement de Russie, viennent se joindre au p\u00e8lerinage des catholiques latins, en une rencontre \u0153cum\u00e9nique significative\u00a0\u00bb.\u00a0<\/em>Claude Kevers-Pascalis, dans son ouvrage \u00ab Saint Nicolas, l\u00e9gende ou histoire ? \u00bb, pr\u00e9sente le saint homme comme un \u00ab ami de la jeunesse \u00bb, un \u00ab d\u00e9fenseur de la justice \u00bb, ou encore comme un \u00ab protecteur des victimes de l\u2019existence \u00bb.<\/p>\n<p>Le \u00ab bon saint Nicolas \u00bb est invoqu\u00e9 aussi bien en Orient o\u00f9 il est le patron des Russes, qu\u2019en Occident o\u00f9 il est le patron des enfants et, si l\u2019on peut parler ainsi, l\u2019anc\u00eatre du P\u00e8re No\u00ebl. Il est f\u00eat\u00e9 le 9 mai par les \u00c9glises d\u2019Orient. Un internaute nous signale:\u00a0<em>\u00ab St Nicolas honor\u00e9 en Lorraine est aussi le protecteur des filles \u00e0 marier et des prisonniers. Deux \u00e9pisodes de sa l\u00e9gende: l\u2019un explique qu\u2019il fournit secr\u00e8tement une dot \u00e0 trois s\u0153urs dont le p\u00e8re trop pauvre ne pouvait les marier, l\u2019autre rapporte qu\u2019il exau\u00e7a les pri\u00e8res du seigneur de R\u00e9chicourt (actuelle Moselle), prisonnier en Terre Sainte depuis des ann\u00e9es, qui se retrouva miraculeusement lib\u00e9r\u00e9 de ses cha\u00eenes sur le parvis de la basilique \u00e0 St Nicolas de Port (Meurthe-et-Moselle) \u00bb.<\/em><\/p>\n<p><iframe loading=\"lazy\" src=\"\/\/www.youtube.com\/embed\/LTd5CTZtuXE\" width=\"425\" height=\"350\" allowfullscreen=\"allowfullscreen\"><\/iframe><\/p>\n<p><span style=\"font-size: 10pt;\"><em>Procession ancestrale, Saint-Nicolas-de-Port, 2018<\/em><\/span><\/p>\n<p>Dans son livre \u00ab Saint-Nicolas, l\u00e9gende ou histoire\u00a0?\u00a0\u00bb, Claude Kevers Pascalis pr\u00e9sente, entre autres r\u00e9cits et l\u00e9gendes, un \u00e9v\u00e9nement de la vie du Saint rapport\u00e9 par l\u2019historien Gerardo Cioffari\u00a0<em>\u00ab\u00a0vers l\u2019an 332\u00a0\u00bb<\/em>. Par son action, l\u2019\u00e9v\u00eaque de Myre aurait r\u00e9ussi \u00e0 faire baisser le niveau des imp\u00f4ts dans sa ville, en rencontrant Constantin.<em>\u00a0\u00ab\u00a0Les conseillers de l\u2019empereur l\u2019avaient r\u00e9cemment incit\u00e9 \u00e0 faire pr\u00e9lever par ses questeurs un nouveau tribut payable exclusivement en pi\u00e8ces d\u2019or et d\u2019argent, contrairement \u00e0 l\u2019usage pr\u00e9c\u00e9dent, selon lequel les contribuables pouvaient s\u2019acquitter de leur d\u00fb \u00e0 l\u2019aide de b\u00e9tail, de bl\u00e9, de marchandises ou d\u2019objets divers cr\u00e9\u00e9s gr\u00e2ce \u00e0 leur labeur\u00a0\u00bb.<\/em><\/p>\n<p>L\u2019\u00e9v\u00eaque, se tenant r\u00e9guli\u00e8rement au courant de ce qui se passait dans l\u2019empire n\u2019ignorait pas que\u00a0<em>\u00ab dans chaque cit\u00e9, \u00e0 l\u2019\u00e9ch\u00e9ance du paiement des tributs, s\u2019\u00e9levaient des pleurs et des lamentations. Les plus pauvres, qui ne pouvaient payer, \u00e9taient d\u00e9pouill\u00e9s, des m\u00e8res en arrivaient \u00e0 vendre leurs enfants, et des p\u00e8res \u00e0 prostituer leurs filles\u00a0\u00bb<\/em>. Se d\u00e9pla\u00e7ant en personne pour rencontrer l\u2019empereur, Nicolas obtint de lui l\u2019all\u00e9gement des imp\u00f4ts dans sa province. Il fut si convaincant que Constantin lui laissa fixer lui m\u00eame le niveau de pr\u00e9l\u00e8vement.\u00a0Voici l\u2019une de ces histoires nombreuses dans lesquelles Saint Nicolas se montre un \u00ab ami de la jeunesse \u00bb, un \u00ab d\u00e9fenseur de la justice \u00bb, un \u00ab protecteur des victimes de l\u2019existence \u00bb.<\/p>\n<p style=\"text-align: center;\"><a href=\"\/2021\/12\/Capture-d\u2019\u00e9cran-2020-12-06-103546.png\"><img decoding=\"async\" class=\"alignnone size-full wp-image-333329\" src=\"\/2021\/12\/Capture-d\u2019\u00e9cran-2020-12-06-103546.png\" alt=\"Capture-d\u2019\u00e9cran-2020-12-06-103546\" width=\"800\" height=\"523\" \/><\/a><\/p>\n<p><span style=\"font-size: 10pt;\"><em>\u2013 Partie du Polittico Guidalotti de Fra Angelico repr\u00e9sentant le bapt\u00eame, un pr\u00eache et la dotation des trois jeunes filles<\/em><\/span><\/p>\n<p><span style=\"font-size: 10pt;\"><em>\u2013 Photo de la Basilique de Saint-Nicolas par Antoine Taveneaux, CC BY-SA 3.0<\/em><\/span><\/p>\n<p><span style=\"font-size: 10pt;\"><em>\u2013 Saint Nicolas et les trois officiers. Peinture de 1485, \u00e9glise Sainte-Marie de\u00a0M\u00fchlhausen,\u00a0Allemagne.\u00a0<\/em><\/span><\/p>\n<div class=\"really_simple_share really_simple_share_button robots-nocontent snap_nopreview\"><\/div>\n","protected":false},"excerpt":{"rendered":"<p>Saint Nicolas arr\u00eatant le bourreau, Ilia R\u00e9pine, 1888 En ce 6 d\u00e9cembre, les Lorrains f\u00eatent leur saint patron. L\u2019illustre personnage [&hellip;]<\/p>\n","protected":false},"author":407,"featured_media":49752,"comment_status":"open","ping_status":"open","sticky":false,"template":"","format":"standard","meta":{"footnotes":""},"categories":[26,124,86],"tags":[75,3143,367],"class_list":["post-49751","post","type-post","status-publish","format-standard","has-post-thumbnail","hentry","category-a-la-une","category-fetes","category-histoire","tag-histoire","tag-saint","tag-saint-nicolas"],"acf":[],"yoast_head":"<!-- This site is optimized with the Yoast SEO plugin v22.5 - https:\/\/yoast.com\/wordpress\/plugins\/seo\/ -->\n<title>Qui est Saint-Nicolas, patron des Lorrains et des \u00e9coliers ? - Remiremont Info<\/title>\n<meta name=\"robots\" content=\"index, follow, max-snippet:-1, max-image-preview:large, max-video-preview:-1\" \/>\n<link rel=\"canonical\" href=\"https:\/\/vosgesinfo.fr\/remiremontinfo\/2021\/12\/saint-nicolas-patron-lorrains-ecoliers\/\" \/>\n<meta name=\"twitter:card\" content=\"summary_large_image\" \/>\n<meta name=\"twitter:title\" content=\"Qui est Saint-Nicolas, patron des Lorrains et des \u00e9coliers ? - Remiremont Info\" \/>\n<meta name=\"twitter:description\" content=\"Saint Nicolas arr\u00eatant le bourreau, Ilia R\u00e9pine, 1888 En ce 6 d\u00e9cembre, les Lorrains f\u00eatent leur saint patron. L\u2019illustre personnage [&hellip;]\" \/>\n<meta name=\"twitter:image\" content=\"https:\/\/vosgesinfo.fr\/app\/uploads\/sites\/5\/2024\/09\/202112capture-decran-2021-12-06-130313.png\" \/>\n<meta name=\"twitter:creator\" content=\"@VosgesInfo88\" \/>\n<meta name=\"twitter:site\" content=\"@VosgesInfo88\" \/>\n<meta name=\"twitter:label1\" content=\"\u00c9crit par\" \/>\n\t<meta name=\"twitter:data1\" content=\"C D\" \/>\n\t<meta name=\"twitter:label2\" content=\"Dur\u00e9e de lecture estim\u00e9e\" \/>\n\t<meta name=\"twitter:data2\" content=\"4 minutes\" \/>\n<script type=\"application\/ld+json\" class=\"yoast-schema-graph\">{\"@context\":\"https:\/\/schema.org\",\"@graph\":[{\"@type\":\"Article\",\"@id\":\"https:\/\/vosgesinfo.fr\/remiremontinfo\/2021\/12\/saint-nicolas-patron-lorrains-ecoliers\/#article\",\"isPartOf\":{\"@id\":\"https:\/\/vosgesinfo.fr\/remiremontinfo\/2021\/12\/saint-nicolas-patron-lorrains-ecoliers\/\"},\"author\":{\"name\":\"C D\",\"@id\":\"https:\/\/vosgesinfo.fr\/remiremontinfo\/#\/schema\/person\/3bfd164d5218a185b1db68655a265316\"},\"headline\":\"Qui est Saint-Nicolas, patron des Lorrains et des \u00e9coliers ?\",\"datePublished\":\"2021-12-06T06:49:12+00:00\",\"dateModified\":\"2021-12-06T06:49:12+00:00\",\"mainEntityOfPage\":{\"@id\":\"https:\/\/vosgesinfo.fr\/remiremontinfo\/2021\/12\/saint-nicolas-patron-lorrains-ecoliers\/\"},\"wordCount\":728,\"commentCount\":0,\"publisher\":{\"@id\":\"https:\/\/vosgesinfo.fr\/remiremontinfo\/#organization\"},\"image\":{\"@id\":\"https:\/\/vosgesinfo.fr\/remiremontinfo\/2021\/12\/saint-nicolas-patron-lorrains-ecoliers\/#primaryimage\"},\"thumbnailUrl\":\"https:\/\/vosgesinfo.fr\/app\/uploads\/sites\/5\/2024\/09\/202112capture-decran-2021-12-06-130313.png\",\"keywords\":[\"Histoire\",\"saint\",\"Saint-Nicolas\"],\"articleSection\":[\"A la Une\",\"F\u00eates\",\"Histoire\"],\"inLanguage\":\"fr-FR\",\"potentialAction\":[{\"@type\":\"CommentAction\",\"name\":\"Comment\",\"target\":[\"https:\/\/vosgesinfo.fr\/remiremontinfo\/2021\/12\/saint-nicolas-patron-lorrains-ecoliers\/#respond\"]}]},{\"@type\":\"WebPage\",\"@id\":\"https:\/\/vosgesinfo.fr\/remiremontinfo\/2021\/12\/saint-nicolas-patron-lorrains-ecoliers\/\",\"url\":\"https:\/\/vosgesinfo.fr\/remiremontinfo\/2021\/12\/saint-nicolas-patron-lorrains-ecoliers\/\",\"name\":\"Qui est Saint-Nicolas, patron des Lorrains et des \u00e9coliers ? - Remiremont Info\",\"isPartOf\":{\"@id\":\"https:\/\/vosgesinfo.fr\/remiremontinfo\/#website\"},\"primaryImageOfPage\":{\"@id\":\"https:\/\/vosgesinfo.fr\/remiremontinfo\/2021\/12\/saint-nicolas-patron-lorrains-ecoliers\/#primaryimage\"},\"image\":{\"@id\":\"https:\/\/vosgesinfo.fr\/remiremontinfo\/2021\/12\/saint-nicolas-patron-lorrains-ecoliers\/#primaryimage\"},\"thumbnailUrl\":\"https:\/\/vosgesinfo.fr\/app\/uploads\/sites\/5\/2024\/09\/202112capture-decran-2021-12-06-130313.png\",\"datePublished\":\"2021-12-06T06:49:12+00:00\",\"dateModified\":\"2021-12-06T06:49:12+00:00\",\"breadcrumb\":{\"@id\":\"https:\/\/vosgesinfo.fr\/remiremontinfo\/2021\/12\/saint-nicolas-patron-lorrains-ecoliers\/#breadcrumb\"},\"inLanguage\":\"fr-FR\",\"potentialAction\":[{\"@type\":\"ReadAction\",\"target\":[\"https:\/\/vosgesinfo.fr\/remiremontinfo\/2021\/12\/saint-nicolas-patron-lorrains-ecoliers\/\"]}]},{\"@type\":\"ImageObject\",\"inLanguage\":\"fr-FR\",\"@id\":\"https:\/\/vosgesinfo.fr\/remiremontinfo\/2021\/12\/saint-nicolas-patron-lorrains-ecoliers\/#primaryimage\",\"url\":\"https:\/\/vosgesinfo.fr\/app\/uploads\/sites\/5\/2024\/09\/202112capture-decran-2021-12-06-130313.png\",\"contentUrl\":\"https:\/\/vosgesinfo.fr\/app\/uploads\/sites\/5\/2024\/09\/202112capture-decran-2021-12-06-130313.png\",\"width\":907,\"height\":667},{\"@type\":\"BreadcrumbList\",\"@id\":\"https:\/\/vosgesinfo.fr\/remiremontinfo\/2021\/12\/saint-nicolas-patron-lorrains-ecoliers\/#breadcrumb\",\"itemListElement\":[{\"@type\":\"ListItem\",\"position\":1,\"name\":\"Home\",\"item\":\"https:\/\/vosgesinfo.fr\/remiremontinfo\/\"},{\"@type\":\"ListItem\",\"position\":2,\"name\":\"Qui est Saint-Nicolas, patron des Lorrains et des \u00e9coliers ?\"}]},{\"@type\":\"WebSite\",\"@id\":\"https:\/\/vosgesinfo.fr\/remiremontinfo\/#website\",\"url\":\"https:\/\/vosgesinfo.fr\/remiremontinfo\/\",\"name\":\"Remiremont Info\",\"description\":\"Toute l&#039;actualit\u00e9 de Remiremont\",\"publisher\":{\"@id\":\"https:\/\/vosgesinfo.fr\/remiremontinfo\/#organization\"},\"alternateName\":\"Toute l'actualit\u00e9 de Remiremont\",\"potentialAction\":[{\"@type\":\"SearchAction\",\"target\":{\"@type\":\"EntryPoint\",\"urlTemplate\":\"https:\/\/vosgesinfo.fr\/remiremontinfo\/?s={search_term_string}\"},\"query-input\":\"required name=search_term_string\"}],\"inLanguage\":\"fr-FR\"},{\"@type\":\"Organization\",\"@id\":\"https:\/\/vosgesinfo.fr\/remiremontinfo\/#organization\",\"name\":\"Remiremont Info\",\"url\":\"https:\/\/vosgesinfo.fr\/remiremontinfo\/\",\"logo\":{\"@type\":\"ImageObject\",\"inLanguage\":\"fr-FR\",\"@id\":\"https:\/\/vosgesinfo.fr\/remiremontinfo\/#\/schema\/logo\/image\/\",\"url\":\"https:\/\/vosgesinfo.fr\/app\/uploads\/sites\/5\/2023\/08\/favicon-remiremontinfo.png\",\"contentUrl\":\"https:\/\/vosgesinfo.fr\/app\/uploads\/sites\/5\/2023\/08\/favicon-remiremontinfo.png\",\"width\":512,\"height\":512,\"caption\":\"Remiremont Info\"},\"image\":{\"@id\":\"https:\/\/vosgesinfo.fr\/remiremontinfo\/#\/schema\/logo\/image\/\"},\"sameAs\":[\"https:\/\/www.facebook.com\/remiremontinfo\",\"https:\/\/x.com\/VosgesInfo88\",\"https:\/\/www.youtube.com\/@vosgesinfo\"]},{\"@type\":\"Person\",\"@id\":\"https:\/\/vosgesinfo.fr\/remiremontinfo\/#\/schema\/person\/3bfd164d5218a185b1db68655a265316\",\"name\":\"C D\",\"image\":{\"@type\":\"ImageObject\",\"inLanguage\":\"fr-FR\",\"@id\":\"https:\/\/vosgesinfo.fr\/remiremontinfo\/#\/schema\/person\/image\/\",\"url\":\"https:\/\/secure.gravatar.com\/avatar\/1f9a70007336511a47468b8f1c66f922b8b7cf617b02a31149ada43893a5d48f?s=96&d=mm&r=g\",\"contentUrl\":\"https:\/\/secure.gravatar.com\/avatar\/1f9a70007336511a47468b8f1c66f922b8b7cf617b02a31149ada43893a5d48f?s=96&d=mm&r=g\",\"caption\":\"C D\"},\"url\":\"https:\/\/vosgesinfo.fr\/remiremontinfo\/author\/cedric-drevet\/\"}]}<\/script>\n<!-- \/ Yoast SEO plugin. -->","yoast_head_json":{"title":"Qui est Saint-Nicolas, patron des Lorrains et des \u00e9coliers ? - Remiremont Info","robots":{"index":"index","follow":"follow","max-snippet":"max-snippet:-1","max-image-preview":"max-image-preview:large","max-video-preview":"max-video-preview:-1"},"canonical":"https:\/\/vosgesinfo.fr\/remiremontinfo\/2021\/12\/saint-nicolas-patron-lorrains-ecoliers\/","twitter_card":"summary_large_image","twitter_title":"Qui est Saint-Nicolas, patron des Lorrains et des \u00e9coliers ? - Remiremont Info","twitter_description":"Saint Nicolas arr\u00eatant le bourreau, Ilia R\u00e9pine, 1888 En ce 6 d\u00e9cembre, les Lorrains f\u00eatent leur saint patron. L\u2019illustre personnage [&hellip;]","twitter_image":"https:\/\/vosgesinfo.fr\/app\/uploads\/sites\/5\/2024\/09\/202112capture-decran-2021-12-06-130313.png","twitter_creator":"@VosgesInfo88","twitter_site":"@VosgesInfo88","twitter_misc":{"\u00c9crit par":"C D","Dur\u00e9e de lecture estim\u00e9e":"4 minutes"},"schema":{"@context":"https:\/\/schema.org","@graph":[{"@type":"Article","@id":"https:\/\/vosgesinfo.fr\/remiremontinfo\/2021\/12\/saint-nicolas-patron-lorrains-ecoliers\/#article","isPartOf":{"@id":"https:\/\/vosgesinfo.fr\/remiremontinfo\/2021\/12\/saint-nicolas-patron-lorrains-ecoliers\/"},"author":{"name":"C D","@id":"https:\/\/vosgesinfo.fr\/remiremontinfo\/#\/schema\/person\/3bfd164d5218a185b1db68655a265316"},"headline":"Qui est Saint-Nicolas, patron des Lorrains et des \u00e9coliers ?","datePublished":"2021-12-06T06:49:12+00:00","dateModified":"2021-12-06T06:49:12+00:00","mainEntityOfPage":{"@id":"https:\/\/vosgesinfo.fr\/remiremontinfo\/2021\/12\/saint-nicolas-patron-lorrains-ecoliers\/"},"wordCount":728,"commentCount":0,"publisher":{"@id":"https:\/\/vosgesinfo.fr\/remiremontinfo\/#organization"},"image":{"@id":"https:\/\/vosgesinfo.fr\/remiremontinfo\/2021\/12\/saint-nicolas-patron-lorrains-ecoliers\/#primaryimage"},"thumbnailUrl":"https:\/\/vosgesinfo.fr\/app\/uploads\/sites\/5\/2024\/09\/202112capture-decran-2021-12-06-130313.png","keywords":["Histoire","saint","Saint-Nicolas"],"articleSection":["A la Une","F\u00eates","Histoire"],"inLanguage":"fr-FR","potentialAction":[{"@type":"CommentAction","name":"Comment","target":["https:\/\/vosgesinfo.fr\/remiremontinfo\/2021\/12\/saint-nicolas-patron-lorrains-ecoliers\/#respond"]}]},{"@type":"WebPage","@id":"https:\/\/vosgesinfo.fr\/remiremontinfo\/2021\/12\/saint-nicolas-patron-lorrains-ecoliers\/","url":"https:\/\/vosgesinfo.fr\/remiremontinfo\/2021\/12\/saint-nicolas-patron-lorrains-ecoliers\/","name":"Qui est Saint-Nicolas, patron des Lorrains et des \u00e9coliers ? - Remiremont Info","isPartOf":{"@id":"https:\/\/vosgesinfo.fr\/remiremontinfo\/#website"},"primaryImageOfPage":{"@id":"https:\/\/vosgesinfo.fr\/remiremontinfo\/2021\/12\/saint-nicolas-patron-lorrains-ecoliers\/#primaryimage"},"image":{"@id":"https:\/\/vosgesinfo.fr\/remiremontinfo\/2021\/12\/saint-nicolas-patron-lorrains-ecoliers\/#primaryimage"},"thumbnailUrl":"https:\/\/vosgesinfo.fr\/app\/uploads\/sites\/5\/2024\/09\/202112capture-decran-2021-12-06-130313.png","datePublished":"2021-12-06T06:49:12+00:00","dateModified":"2021-12-06T06:49:12+00:00","breadcrumb":{"@id":"https:\/\/vosgesinfo.fr\/remiremontinfo\/2021\/12\/saint-nicolas-patron-lorrains-ecoliers\/#breadcrumb"},"inLanguage":"fr-FR","potentialAction":[{"@type":"ReadAction","target":["https:\/\/vosgesinfo.fr\/remiremontinfo\/2021\/12\/saint-nicolas-patron-lorrains-ecoliers\/"]}]},{"@type":"ImageObject","inLanguage":"fr-FR","@id":"https:\/\/vosgesinfo.fr\/remiremontinfo\/2021\/12\/saint-nicolas-patron-lorrains-ecoliers\/#primaryimage","url":"https:\/\/vosgesinfo.fr\/app\/uploads\/sites\/5\/2024\/09\/202112capture-decran-2021-12-06-130313.png","contentUrl":"https:\/\/vosgesinfo.fr\/app\/uploads\/sites\/5\/2024\/09\/202112capture-decran-2021-12-06-130313.png","width":907,"height":667},{"@type":"BreadcrumbList","@id":"https:\/\/vosgesinfo.fr\/remiremontinfo\/2021\/12\/saint-nicolas-patron-lorrains-ecoliers\/#breadcrumb","itemListElement":[{"@type":"ListItem","position":1,"name":"Home","item":"https:\/\/vosgesinfo.fr\/remiremontinfo\/"},{"@type":"ListItem","position":2,"name":"Qui est Saint-Nicolas, patron des Lorrains et des \u00e9coliers ?"}]},{"@type":"WebSite","@id":"https:\/\/vosgesinfo.fr\/remiremontinfo\/#website","url":"https:\/\/vosgesinfo.fr\/remiremontinfo\/","name":"Remiremont Info","description":"Toute l&#039;actualit\u00e9 de Remiremont","publisher":{"@id":"https:\/\/vosgesinfo.fr\/remiremontinfo\/#organization"},"alternateName":"Toute l'actualit\u00e9 de Remiremont","potentialAction":[{"@type":"SearchAction","target":{"@type":"EntryPoint","urlTemplate":"https:\/\/vosgesinfo.fr\/remiremontinfo\/?s={search_term_string}"},"query-input":"required name=search_term_string"}],"inLanguage":"fr-FR"},{"@type":"Organization","@id":"https:\/\/vosgesinfo.fr\/remiremontinfo\/#organization","name":"Remiremont Info","url":"https:\/\/vosgesinfo.fr\/remiremontinfo\/","logo":{"@type":"ImageObject","inLanguage":"fr-FR","@id":"https:\/\/vosgesinfo.fr\/remiremontinfo\/#\/schema\/logo\/image\/","url":"https:\/\/vosgesinfo.fr\/app\/uploads\/sites\/5\/2023\/08\/favicon-remiremontinfo.png","contentUrl":"https:\/\/vosgesinfo.fr\/app\/uploads\/sites\/5\/2023\/08\/favicon-remiremontinfo.png","width":512,"height":512,"caption":"Remiremont Info"},"image":{"@id":"https:\/\/vosgesinfo.fr\/remiremontinfo\/#\/schema\/logo\/image\/"},"sameAs":["https:\/\/www.facebook.com\/remiremontinfo","https:\/\/x.com\/VosgesInfo88","https:\/\/www.youtube.com\/@vosgesinfo"]},{"@type":"Person","@id":"https:\/\/vosgesinfo.fr\/remiremontinfo\/#\/schema\/person\/3bfd164d5218a185b1db68655a265316","name":"C D","image":{"@type":"ImageObject","inLanguage":"fr-FR","@id":"https:\/\/vosgesinfo.fr\/remiremontinfo\/#\/schema\/person\/image\/","url":"https:\/\/secure.gravatar.com\/avatar\/1f9a70007336511a47468b8f1c66f922b8b7cf617b02a31149ada43893a5d48f?s=96&d=mm&r=g","contentUrl":"https:\/\/secure.gravatar.com\/avatar\/1f9a70007336511a47468b8f1c66f922b8b7cf617b02a31149ada43893a5d48f?s=96&d=mm&r=g","caption":"C D"},"url":"https:\/\/vosgesinfo.fr\/remiremontinfo\/author\/cedric-drevet\/"}]}},"_links":{"self":[{"href":"https:\/\/vosgesinfo.fr\/remiremontinfo\/wp-json\/wp\/v2\/posts\/49751","targetHints":{"allow":["GET"]}}],"collection":[{"href":"https:\/\/vosgesinfo.fr\/remiremontinfo\/wp-json\/wp\/v2\/posts"}],"about":[{"href":"https:\/\/vosgesinfo.fr\/remiremontinfo\/wp-json\/wp\/v2\/types\/post"}],"author":[{"embeddable":true,"href":"https:\/\/vosgesinfo.fr\/remiremontinfo\/wp-json\/wp\/v2\/users\/407"}],"replies":[{"embeddable":true,"href":"https:\/\/vosgesinfo.fr\/remiremontinfo\/wp-json\/wp\/v2\/comments?post=49751"}],"version-history":[{"count":0,"href":"https:\/\/vosgesinfo.fr\/remiremontinfo\/wp-json\/wp\/v2\/posts\/49751\/revisions"}],"wp:featuredmedia":[{"embeddable":true,"href":"https:\/\/vosgesinfo.fr\/remiremontinfo\/wp-json\/wp\/v2\/media\/49752"}],"wp:attachment":[{"href":"https:\/\/vosgesinfo.fr\/remiremontinfo\/wp-json\/wp\/v2\/media?parent=49751"}],"wp:term":[{"taxonomy":"category","embeddable":true,"href":"https:\/\/vosgesinfo.fr\/remiremontinfo\/wp-json\/wp\/v2\/categories?post=49751"},{"taxonomy":"post_tag","embeddable":true,"href":"https:\/\/vosgesinfo.fr\/remiremontinfo\/wp-json\/wp\/v2\/tags?post=49751"}],"curies":[{"name":"wp","href":"https:\/\/api.w.org\/{rel}","templated":true}]}}