{"id":49786,"date":"2021-12-08T06:08:38","date_gmt":"2021-12-08T05:08:38","guid":{"rendered":"https:\/\/vosgesinfo.fr\/remiremontinfo\/2021\/12\/vosges-signature-premier-contrat-de-securite-integree\/"},"modified":"2021-12-08T06:08:38","modified_gmt":"2021-12-08T05:08:38","slug":"vosges-signature-premier-contrat-de-securite-integree","status":"publish","type":"post","link":"https:\/\/vosgesinfo.fr\/remiremontinfo\/2021\/12\/vosges-signature-premier-contrat-de-securite-integree\/","title":{"rendered":"Vosges : signature du premier \u00ab\u00a0Contrat de S\u00e9curit\u00e9 Int\u00e9gr\u00e9e\u00a0\u00bb"},"content":{"rendered":"<h2><span style=\"font-size: 12pt;\"><strong>Le premier Contrat de S\u00e9curit\u00e9 Int\u00e9gr\u00e9e \u2013 CSI \u2013 du d\u00e9partement a \u00e9t\u00e9 sign\u00e9 ce mardi soir au Grand Salon de l\u2019H\u00f4tel de Ville de Saint-Di\u00e9-des-Vosges, par le maire David Valence et le pr\u00e9fet Yves Seguy.<\/strong><\/span><\/h2>\n<p><span style=\"font-size: 12pt;\">Inaugur\u00e9 par Toulouse le 9 octobre 2020, le CSI se d\u00e9finit comme\u00a0<em>\u00ab\u00a0un nouvel outil partenarial afin de pr\u00e9venir et lutter contre les ph\u00e9nom\u00e8nes de d\u00e9linquance, et de participer ainsi \u00e0 la tranquillit\u00e9 publique au sein des collectivit\u00e9s.\u00a0\u00bb<\/em>\u00a0Ce contrat, sign\u00e9 jusqu\u2019en 2026, instaure des engagements mutuels en mati\u00e8re de tranquillit\u00e9 publique et de s\u00e9curit\u00e9 entre la collectivit\u00e9 signataire et l\u2019Etat, en consacrant des moyens suppl\u00e9mentaires tout en garantissant la mise en place d\u2019outils de pr\u00e9vention renforc\u00e9s. Le CSI s\u2019axe autour de 7 volets\u00a0: s\u00e9curit\u00e9 int\u00e9rieure, justice, pr\u00e9vention de la d\u00e9linquance, mineurs, \u00e9ducation nationale, radicalisation et s\u00e9paratisme, transport.\u00a0<\/span><\/p>\n<p>&nbsp;<\/p>\n","protected":false},"excerpt":{"rendered":"<p>Le premier Contrat de S\u00e9curit\u00e9 Int\u00e9gr\u00e9e \u2013 CSI \u2013 du d\u00e9partement a \u00e9t\u00e9 sign\u00e9 ce mardi soir au Grand Salon [&hellip;]<\/p>\n","protected":false},"author":407,"featured_media":49787,"comment_status":"open","ping_status":"open","sticky":false,"template":"","format":"standard","meta":{"footnotes":""},"categories":[26,95,18],"tags":[3149,118,32],"class_list":["post-49786","post","type-post","status-publish","format-standard","has-post-thumbnail","hentry","category-a-la-une","category-securite","category-vosges","tag-csi","tag-securite","tag-vosges"],"acf":[],"yoast_head":"<!-- This site is optimized with the Yoast SEO plugin v22.5 - https:\/\/yoast.com\/wordpress\/plugins\/seo\/ -->\n<title>Vosges : signature du premier &quot;Contrat de S\u00e9curit\u00e9 Int\u00e9gr\u00e9e&quot; - Remiremont Info<\/title>\n<meta name=\"robots\" content=\"index, follow, max-snippet:-1, max-image-preview:large, max-video-preview:-1\" \/>\n<link rel=\"canonical\" href=\"https:\/\/vosgesinfo.fr\/remiremontinfo\/2021\/12\/vosges-signature-premier-contrat-de-securite-integree\/\" \/>\n<meta name=\"twitter:card\" content=\"summary_large_image\" \/>\n<meta name=\"twitter:title\" content=\"Vosges : signature du premier &quot;Contrat de S\u00e9curit\u00e9 Int\u00e9gr\u00e9e&quot; - Remiremont Info\" \/>\n<meta name=\"twitter:description\" content=\"Le premier Contrat de S\u00e9curit\u00e9 Int\u00e9gr\u00e9e \u2013 CSI \u2013 du d\u00e9partement a \u00e9t\u00e9 sign\u00e9 ce mardi soir au Grand Salon [&hellip;]\" \/>\n<meta name=\"twitter:image\" content=\"https:\/\/vosgesinfo.fr\/app\/uploads\/sites\/5\/2024\/09\/202112signature-contrat-securite-integree-sddv-4.jpg\" \/>\n<meta name=\"twitter:creator\" content=\"@VosgesInfo88\" \/>\n<meta name=\"twitter:site\" content=\"@VosgesInfo88\" \/>\n<meta name=\"twitter:label1\" content=\"\u00c9crit par\" \/>\n\t<meta name=\"twitter:data1\" content=\"C D\" \/>\n\t<meta name=\"twitter:label2\" content=\"Dur\u00e9e de lecture estim\u00e9e\" \/>\n\t<meta name=\"twitter:data2\" content=\"1 minute\" \/>\n<script type=\"application\/ld+json\" class=\"yoast-schema-graph\">{\"@context\":\"https:\/\/schema.org\",\"@graph\":[{\"@type\":\"Article\",\"@id\":\"https:\/\/vosgesinfo.fr\/remiremontinfo\/2021\/12\/vosges-signature-premier-contrat-de-securite-integree\/#article\",\"isPartOf\":{\"@id\":\"https:\/\/vosgesinfo.fr\/remiremontinfo\/2021\/12\/vosges-signature-premier-contrat-de-securite-integree\/\"},\"author\":{\"name\":\"C D\",\"@id\":\"https:\/\/vosgesinfo.fr\/remiremontinfo\/#\/schema\/person\/3bfd164d5218a185b1db68655a265316\"},\"headline\":\"Vosges : signature du premier \u00ab\u00a0Contrat de S\u00e9curit\u00e9 Int\u00e9gr\u00e9e\u00a0\u00bb\",\"datePublished\":\"2021-12-08T05:08:38+00:00\",\"dateModified\":\"2021-12-08T05:08:38+00:00\",\"mainEntityOfPage\":{\"@id\":\"https:\/\/vosgesinfo.fr\/remiremontinfo\/2021\/12\/vosges-signature-premier-contrat-de-securite-integree\/\"},\"wordCount\":167,\"commentCount\":0,\"publisher\":{\"@id\":\"https:\/\/vosgesinfo.fr\/remiremontinfo\/#organization\"},\"image\":{\"@id\":\"https:\/\/vosgesinfo.fr\/remiremontinfo\/2021\/12\/vosges-signature-premier-contrat-de-securite-integree\/#primaryimage\"},\"thumbnailUrl\":\"https:\/\/vosgesinfo.fr\/app\/uploads\/sites\/5\/2024\/09\/202112signature-contrat-securite-integree-sddv-4.jpg\",\"keywords\":[\"csi\",\"S\u00e9curit\u00e9\",\"Vosges\"],\"articleSection\":[\"A la Une\",\"S\u00e9curit\u00e9\",\"Vosges\"],\"inLanguage\":\"fr-FR\",\"potentialAction\":[{\"@type\":\"CommentAction\",\"name\":\"Comment\",\"target\":[\"https:\/\/vosgesinfo.fr\/remiremontinfo\/2021\/12\/vosges-signature-premier-contrat-de-securite-integree\/#respond\"]}]},{\"@type\":\"WebPage\",\"@id\":\"https:\/\/vosgesinfo.fr\/remiremontinfo\/2021\/12\/vosges-signature-premier-contrat-de-securite-integree\/\",\"url\":\"https:\/\/vosgesinfo.fr\/remiremontinfo\/2021\/12\/vosges-signature-premier-contrat-de-securite-integree\/\",\"name\":\"Vosges : signature du premier \\\"Contrat de S\u00e9curit\u00e9 Int\u00e9gr\u00e9e\\\" - Remiremont Info\",\"isPartOf\":{\"@id\":\"https:\/\/vosgesinfo.fr\/remiremontinfo\/#website\"},\"primaryImageOfPage\":{\"@id\":\"https:\/\/vosgesinfo.fr\/remiremontinfo\/2021\/12\/vosges-signature-premier-contrat-de-securite-integree\/#primaryimage\"},\"image\":{\"@id\":\"https:\/\/vosgesinfo.fr\/remiremontinfo\/2021\/12\/vosges-signature-premier-contrat-de-securite-integree\/#primaryimage\"},\"thumbnailUrl\":\"https:\/\/vosgesinfo.fr\/app\/uploads\/sites\/5\/2024\/09\/202112signature-contrat-securite-integree-sddv-4.jpg\",\"datePublished\":\"2021-12-08T05:08:38+00:00\",\"dateModified\":\"2021-12-08T05:08:38+00:00\",\"breadcrumb\":{\"@id\":\"https:\/\/vosgesinfo.fr\/remiremontinfo\/2021\/12\/vosges-signature-premier-contrat-de-securite-integree\/#breadcrumb\"},\"inLanguage\":\"fr-FR\",\"potentialAction\":[{\"@type\":\"ReadAction\",\"target\":[\"https:\/\/vosgesinfo.fr\/remiremontinfo\/2021\/12\/vosges-signature-premier-contrat-de-securite-integree\/\"]}]},{\"@type\":\"ImageObject\",\"inLanguage\":\"fr-FR\",\"@id\":\"https:\/\/vosgesinfo.fr\/remiremontinfo\/2021\/12\/vosges-signature-premier-contrat-de-securite-integree\/#primaryimage\",\"url\":\"https:\/\/vosgesinfo.fr\/app\/uploads\/sites\/5\/2024\/09\/202112signature-contrat-securite-integree-sddv-4.jpg\",\"contentUrl\":\"https:\/\/vosgesinfo.fr\/app\/uploads\/sites\/5\/2024\/09\/202112signature-contrat-securite-integree-sddv-4.jpg\",\"width\":1600,\"height\":1205},{\"@type\":\"BreadcrumbList\",\"@id\":\"https:\/\/vosgesinfo.fr\/remiremontinfo\/2021\/12\/vosges-signature-premier-contrat-de-securite-integree\/#breadcrumb\",\"itemListElement\":[{\"@type\":\"ListItem\",\"position\":1,\"name\":\"Home\",\"item\":\"https:\/\/vosgesinfo.fr\/remiremontinfo\/\"},{\"@type\":\"ListItem\",\"position\":2,\"name\":\"Vosges : signature du premier \u00ab\u00a0Contrat de S\u00e9curit\u00e9 Int\u00e9gr\u00e9e\u00a0\u00bb\"}]},{\"@type\":\"WebSite\",\"@id\":\"https:\/\/vosgesinfo.fr\/remiremontinfo\/#website\",\"url\":\"https:\/\/vosgesinfo.fr\/remiremontinfo\/\",\"name\":\"Remiremont Info\",\"description\":\"Toute l&#039;actualit\u00e9 de Remiremont\",\"publisher\":{\"@id\":\"https:\/\/vosgesinfo.fr\/remiremontinfo\/#organization\"},\"alternateName\":\"Toute l'actualit\u00e9 de Remiremont\",\"potentialAction\":[{\"@type\":\"SearchAction\",\"target\":{\"@type\":\"EntryPoint\",\"urlTemplate\":\"https:\/\/vosgesinfo.fr\/remiremontinfo\/?s={search_term_string}\"},\"query-input\":\"required name=search_term_string\"}],\"inLanguage\":\"fr-FR\"},{\"@type\":\"Organization\",\"@id\":\"https:\/\/vosgesinfo.fr\/remiremontinfo\/#organization\",\"name\":\"Remiremont Info\",\"url\":\"https:\/\/vosgesinfo.fr\/remiremontinfo\/\",\"logo\":{\"@type\":\"ImageObject\",\"inLanguage\":\"fr-FR\",\"@id\":\"https:\/\/vosgesinfo.fr\/remiremontinfo\/#\/schema\/logo\/image\/\",\"url\":\"https:\/\/vosgesinfo.fr\/app\/uploads\/sites\/5\/2023\/08\/favicon-remiremontinfo.png\",\"contentUrl\":\"https:\/\/vosgesinfo.fr\/app\/uploads\/sites\/5\/2023\/08\/favicon-remiremontinfo.png\",\"width\":512,\"height\":512,\"caption\":\"Remiremont Info\"},\"image\":{\"@id\":\"https:\/\/vosgesinfo.fr\/remiremontinfo\/#\/schema\/logo\/image\/\"},\"sameAs\":[\"https:\/\/www.facebook.com\/remiremontinfo\",\"https:\/\/x.com\/VosgesInfo88\",\"https:\/\/www.youtube.com\/@vosgesinfo\"]},{\"@type\":\"Person\",\"@id\":\"https:\/\/vosgesinfo.fr\/remiremontinfo\/#\/schema\/person\/3bfd164d5218a185b1db68655a265316\",\"name\":\"C D\",\"image\":{\"@type\":\"ImageObject\",\"inLanguage\":\"fr-FR\",\"@id\":\"https:\/\/vosgesinfo.fr\/remiremontinfo\/#\/schema\/person\/image\/\",\"url\":\"https:\/\/secure.gravatar.com\/avatar\/1f9a70007336511a47468b8f1c66f922b8b7cf617b02a31149ada43893a5d48f?s=96&d=mm&r=g\",\"contentUrl\":\"https:\/\/secure.gravatar.com\/avatar\/1f9a70007336511a47468b8f1c66f922b8b7cf617b02a31149ada43893a5d48f?s=96&d=mm&r=g\",\"caption\":\"C D\"},\"url\":\"https:\/\/vosgesinfo.fr\/remiremontinfo\/author\/cedric-drevet\/\"}]}<\/script>\n<!-- \/ Yoast SEO plugin. -->","yoast_head_json":{"title":"Vosges : signature du premier \"Contrat de S\u00e9curit\u00e9 Int\u00e9gr\u00e9e\" - Remiremont Info","robots":{"index":"index","follow":"follow","max-snippet":"max-snippet:-1","max-image-preview":"max-image-preview:large","max-video-preview":"max-video-preview:-1"},"canonical":"https:\/\/vosgesinfo.fr\/remiremontinfo\/2021\/12\/vosges-signature-premier-contrat-de-securite-integree\/","twitter_card":"summary_large_image","twitter_title":"Vosges : signature du premier \"Contrat de S\u00e9curit\u00e9 Int\u00e9gr\u00e9e\" - Remiremont Info","twitter_description":"Le premier Contrat de S\u00e9curit\u00e9 Int\u00e9gr\u00e9e \u2013 CSI \u2013 du d\u00e9partement a \u00e9t\u00e9 sign\u00e9 ce mardi soir au Grand Salon [&hellip;]","twitter_image":"https:\/\/vosgesinfo.fr\/app\/uploads\/sites\/5\/2024\/09\/202112signature-contrat-securite-integree-sddv-4.jpg","twitter_creator":"@VosgesInfo88","twitter_site":"@VosgesInfo88","twitter_misc":{"\u00c9crit par":"C D","Dur\u00e9e de lecture estim\u00e9e":"1 minute"},"schema":{"@context":"https:\/\/schema.org","@graph":[{"@type":"Article","@id":"https:\/\/vosgesinfo.fr\/remiremontinfo\/2021\/12\/vosges-signature-premier-contrat-de-securite-integree\/#article","isPartOf":{"@id":"https:\/\/vosgesinfo.fr\/remiremontinfo\/2021\/12\/vosges-signature-premier-contrat-de-securite-integree\/"},"author":{"name":"C D","@id":"https:\/\/vosgesinfo.fr\/remiremontinfo\/#\/schema\/person\/3bfd164d5218a185b1db68655a265316"},"headline":"Vosges : signature du premier \u00ab\u00a0Contrat de S\u00e9curit\u00e9 Int\u00e9gr\u00e9e\u00a0\u00bb","datePublished":"2021-12-08T05:08:38+00:00","dateModified":"2021-12-08T05:08:38+00:00","mainEntityOfPage":{"@id":"https:\/\/vosgesinfo.fr\/remiremontinfo\/2021\/12\/vosges-signature-premier-contrat-de-securite-integree\/"},"wordCount":167,"commentCount":0,"publisher":{"@id":"https:\/\/vosgesinfo.fr\/remiremontinfo\/#organization"},"image":{"@id":"https:\/\/vosgesinfo.fr\/remiremontinfo\/2021\/12\/vosges-signature-premier-contrat-de-securite-integree\/#primaryimage"},"thumbnailUrl":"https:\/\/vosgesinfo.fr\/app\/uploads\/sites\/5\/2024\/09\/202112signature-contrat-securite-integree-sddv-4.jpg","keywords":["csi","S\u00e9curit\u00e9","Vosges"],"articleSection":["A la Une","S\u00e9curit\u00e9","Vosges"],"inLanguage":"fr-FR","potentialAction":[{"@type":"CommentAction","name":"Comment","target":["https:\/\/vosgesinfo.fr\/remiremontinfo\/2021\/12\/vosges-signature-premier-contrat-de-securite-integree\/#respond"]}]},{"@type":"WebPage","@id":"https:\/\/vosgesinfo.fr\/remiremontinfo\/2021\/12\/vosges-signature-premier-contrat-de-securite-integree\/","url":"https:\/\/vosgesinfo.fr\/remiremontinfo\/2021\/12\/vosges-signature-premier-contrat-de-securite-integree\/","name":"Vosges : signature du premier \"Contrat de S\u00e9curit\u00e9 Int\u00e9gr\u00e9e\" - Remiremont Info","isPartOf":{"@id":"https:\/\/vosgesinfo.fr\/remiremontinfo\/#website"},"primaryImageOfPage":{"@id":"https:\/\/vosgesinfo.fr\/remiremontinfo\/2021\/12\/vosges-signature-premier-contrat-de-securite-integree\/#primaryimage"},"image":{"@id":"https:\/\/vosgesinfo.fr\/remiremontinfo\/2021\/12\/vosges-signature-premier-contrat-de-securite-integree\/#primaryimage"},"thumbnailUrl":"https:\/\/vosgesinfo.fr\/app\/uploads\/sites\/5\/2024\/09\/202112signature-contrat-securite-integree-sddv-4.jpg","datePublished":"2021-12-08T05:08:38+00:00","dateModified":"2021-12-08T05:08:38+00:00","breadcrumb":{"@id":"https:\/\/vosgesinfo.fr\/remiremontinfo\/2021\/12\/vosges-signature-premier-contrat-de-securite-integree\/#breadcrumb"},"inLanguage":"fr-FR","potentialAction":[{"@type":"ReadAction","target":["https:\/\/vosgesinfo.fr\/remiremontinfo\/2021\/12\/vosges-signature-premier-contrat-de-securite-integree\/"]}]},{"@type":"ImageObject","inLanguage":"fr-FR","@id":"https:\/\/vosgesinfo.fr\/remiremontinfo\/2021\/12\/vosges-signature-premier-contrat-de-securite-integree\/#primaryimage","url":"https:\/\/vosgesinfo.fr\/app\/uploads\/sites\/5\/2024\/09\/202112signature-contrat-securite-integree-sddv-4.jpg","contentUrl":"https:\/\/vosgesinfo.fr\/app\/uploads\/sites\/5\/2024\/09\/202112signature-contrat-securite-integree-sddv-4.jpg","width":1600,"height":1205},{"@type":"BreadcrumbList","@id":"https:\/\/vosgesinfo.fr\/remiremontinfo\/2021\/12\/vosges-signature-premier-contrat-de-securite-integree\/#breadcrumb","itemListElement":[{"@type":"ListItem","position":1,"name":"Home","item":"https:\/\/vosgesinfo.fr\/remiremontinfo\/"},{"@type":"ListItem","position":2,"name":"Vosges : signature du premier \u00ab\u00a0Contrat de S\u00e9curit\u00e9 Int\u00e9gr\u00e9e\u00a0\u00bb"}]},{"@type":"WebSite","@id":"https:\/\/vosgesinfo.fr\/remiremontinfo\/#website","url":"https:\/\/vosgesinfo.fr\/remiremontinfo\/","name":"Remiremont Info","description":"Toute l&#039;actualit\u00e9 de Remiremont","publisher":{"@id":"https:\/\/vosgesinfo.fr\/remiremontinfo\/#organization"},"alternateName":"Toute l'actualit\u00e9 de Remiremont","potentialAction":[{"@type":"SearchAction","target":{"@type":"EntryPoint","urlTemplate":"https:\/\/vosgesinfo.fr\/remiremontinfo\/?s={search_term_string}"},"query-input":"required name=search_term_string"}],"inLanguage":"fr-FR"},{"@type":"Organization","@id":"https:\/\/vosgesinfo.fr\/remiremontinfo\/#organization","name":"Remiremont Info","url":"https:\/\/vosgesinfo.fr\/remiremontinfo\/","logo":{"@type":"ImageObject","inLanguage":"fr-FR","@id":"https:\/\/vosgesinfo.fr\/remiremontinfo\/#\/schema\/logo\/image\/","url":"https:\/\/vosgesinfo.fr\/app\/uploads\/sites\/5\/2023\/08\/favicon-remiremontinfo.png","contentUrl":"https:\/\/vosgesinfo.fr\/app\/uploads\/sites\/5\/2023\/08\/favicon-remiremontinfo.png","width":512,"height":512,"caption":"Remiremont Info"},"image":{"@id":"https:\/\/vosgesinfo.fr\/remiremontinfo\/#\/schema\/logo\/image\/"},"sameAs":["https:\/\/www.facebook.com\/remiremontinfo","https:\/\/x.com\/VosgesInfo88","https:\/\/www.youtube.com\/@vosgesinfo"]},{"@type":"Person","@id":"https:\/\/vosgesinfo.fr\/remiremontinfo\/#\/schema\/person\/3bfd164d5218a185b1db68655a265316","name":"C D","image":{"@type":"ImageObject","inLanguage":"fr-FR","@id":"https:\/\/vosgesinfo.fr\/remiremontinfo\/#\/schema\/person\/image\/","url":"https:\/\/secure.gravatar.com\/avatar\/1f9a70007336511a47468b8f1c66f922b8b7cf617b02a31149ada43893a5d48f?s=96&d=mm&r=g","contentUrl":"https:\/\/secure.gravatar.com\/avatar\/1f9a70007336511a47468b8f1c66f922b8b7cf617b02a31149ada43893a5d48f?s=96&d=mm&r=g","caption":"C D"},"url":"https:\/\/vosgesinfo.fr\/remiremontinfo\/author\/cedric-drevet\/"}]}},"_links":{"self":[{"href":"https:\/\/vosgesinfo.fr\/remiremontinfo\/wp-json\/wp\/v2\/posts\/49786","targetHints":{"allow":["GET"]}}],"collection":[{"href":"https:\/\/vosgesinfo.fr\/remiremontinfo\/wp-json\/wp\/v2\/posts"}],"about":[{"href":"https:\/\/vosgesinfo.fr\/remiremontinfo\/wp-json\/wp\/v2\/types\/post"}],"author":[{"embeddable":true,"href":"https:\/\/vosgesinfo.fr\/remiremontinfo\/wp-json\/wp\/v2\/users\/407"}],"replies":[{"embeddable":true,"href":"https:\/\/vosgesinfo.fr\/remiremontinfo\/wp-json\/wp\/v2\/comments?post=49786"}],"version-history":[{"count":0,"href":"https:\/\/vosgesinfo.fr\/remiremontinfo\/wp-json\/wp\/v2\/posts\/49786\/revisions"}],"wp:featuredmedia":[{"embeddable":true,"href":"https:\/\/vosgesinfo.fr\/remiremontinfo\/wp-json\/wp\/v2\/media\/49787"}],"wp:attachment":[{"href":"https:\/\/vosgesinfo.fr\/remiremontinfo\/wp-json\/wp\/v2\/media?parent=49786"}],"wp:term":[{"taxonomy":"category","embeddable":true,"href":"https:\/\/vosgesinfo.fr\/remiremontinfo\/wp-json\/wp\/v2\/categories?post=49786"},{"taxonomy":"post_tag","embeddable":true,"href":"https:\/\/vosgesinfo.fr\/remiremontinfo\/wp-json\/wp\/v2\/tags?post=49786"}],"curies":[{"name":"wp","href":"https:\/\/api.w.org\/{rel}","templated":true}]}}