{"id":498,"date":"2023-08-26T23:41:24","date_gmt":"2023-08-26T21:41:24","guid":{"rendered":"https:\/\/vosgesinfo.fr\/remiremontinfo\/2023\/08\/retour-arriere-que-sest-il-passe-le-27-aout\/"},"modified":"2023-08-26T23:41:24","modified_gmt":"2023-08-26T21:41:24","slug":"retour-arriere-que-sest-il-passe-le-27-aout","status":"publish","type":"post","link":"https:\/\/vosgesinfo.fr\/remiremontinfo\/2023\/08\/retour-arriere-que-sest-il-passe-le-27-aout\/","title":{"rendered":"Retour arri\u00e8re : Que s&rsquo;est-il pass\u00e9 le 27 ao\u00fbt ?"},"content":{"rendered":"<p>C&rsquo;est la journ\u00e9e mondiale pour la fin du sp\u00e9cisme (Id\u00e9ologie visant \u00e0 \u00e9tablir une hi\u00e9rarchie entre les esp\u00e8ces, sp\u00e9cialement les humains par rapport aux animaux), chaque vingt-sept ao\u00fbt. C&rsquo;est \u00e9galement la F\u00eate nationale en Moldavie.\u00a0<a href=\"https:\/\/vosgesinfo.fr\/app\/uploads\/sites\/5\/2023\/08\/darry-cowl.jpg\"><img decoding=\"async\" class=\"alignright size-full wp-image-375525\" src=\"https:\/\/vosgesinfo.fr\/app\/uploads\/sites\/5\/2023\/08\/darry-cowl.jpg\" alt=\"Darry Cowl\" width=\"190\" height=\"253\" \/><\/a><a href=\"https:\/\/remiremontinfo.fr\/wp-content\/uploads\/2023\/08\/Vincent-Auriol.jpg\"><img decoding=\"async\" class=\"alignright size-medium wp-image-375524\" src=\"https:\/\/vosgesinfo.fr\/app\/uploads\/sites\/5\/2023\/08\/vincent-auriol.jpg\" alt=\"Vincent Auriol\" width=\"191\" height=\"255\" \/><\/a><\/p>\n<p>Nous f\u00eatons les Monique et ses variantes Monica et Monkia. Bonne f\u00eate \u00e9galement aux Gu\u00e9rin.<\/p>\n<p>Ils sont n\u00e9s un 27 ao\u00fbt :\u00a0Charles Stewart Rolls (constructeur automobile britannique) 1877.\u00a0Vincent Auriol (homme politique fran\u00e7ais)1903.\u00a0 Lyndon B. Johnson (homme politique am\u00e9ricain) 1908.\u00a0Raymond Couty (math\u00e9maticien fran\u00e7ais) 1916.\u00a0Darry Cowl (com\u00e9dien fran\u00e7ais) 1925. Philippe Labro (journaliste fran\u00e7ais) 1936.\u00a0Cesaria Evora (chanteuse capverdienne) 1941.\u00a0Gerhard Berger (pilote automobile autrichien) 1959&#8230;<\/p>\n<p>1664 :\u00a0Fondation par Colbert de la Compagnie fran\u00e7aise des Indes orientales. 1916 : Alger est bombard\u00e9e par une flotte anglo-n\u00e9erlandaise afin de mettre fin au pillage des navires europ\u00e9ens et am\u00e9ricains orchestr\u00e9e par le dey d\u2019Alger. 1896 :\u00a0Zanzibar est le th\u00e9\u00e2tre de la guerre la plus courte de l\u2019histoire : 38 minutes. Opposant le<a href=\"https:\/\/remiremontinfo.fr\/wp-content\/uploads\/2023\/08\/cesaria-evora.jpg\"><img decoding=\"async\" class=\"alignright size-medium wp-image-375526\" src=\"https:\/\/vosgesinfo.fr\/app\/uploads\/sites\/5\/2023\/08\/cesaria-evora.jpg\" alt=\"cesaria-evora\" width=\"255\" height=\"255\" \/><\/a> Royaume-Uni \u00e0 Zanzibar, le bombardement du palais d\u00e9buta \u00e0 9h02 pour se terminer \u00e0 9h40, faisant 500 victimes du c\u00f4t\u00e9 zanzibarite, et un seul bless\u00e9 du c\u00f4t\u00e9 britannique. 1924 :\u00a0Le dirigeable \u00e0 structure rigide Zeppelin USS Los Angeles, immatricul\u00e9 ZR-3, et donn\u00e9 aux Etats-Unis par le\u00a0gouvernement allemand au titre de r\u00e9parations de guerre fait son premier vol. Mesurant 200 m\u00e8tres de long et 27 de\u00a0diam\u00e8tre, il peut emporter 20 passagers sur une distance d\u00e9passant les 9000km. 1928 :\u00a0Soixante trois pays signent \u00e0 Paris un pacte dit Pacte Briand-Kellogg ou Pacte de Paris. Condamnant le recours \u00e0 la guerre en r\u00e8glement des diff\u00e9rends internationaux et comme instrument de politique nationale. Voulu par Aristide Briand et Frank Kellogg, il n\u2019aura que peu d\u2019impact en Europe, m\u00eame si il obtient un accueil enthousiaste aux Etats-Unis. 2017 :\u00a0La petite Ma\u00ebllys de Araujo alors \u00e2g\u00e9e de huit ans, est enlev\u00e9e durant une r\u00e9ception de mariage, dans la salle des f\u00eates de Pont-de-Beauvoisin en Is\u00e8re. L\u2019assassin reconnaitra les faits le 14 f\u00e9vrier 2018.<\/p>\n","protected":false},"excerpt":{"rendered":"<p>C&rsquo;est la journ\u00e9e mondiale pour la fin du sp\u00e9cisme (Id\u00e9ologie visant \u00e0 \u00e9tablir une hi\u00e9rarchie entre les esp\u00e8ces, sp\u00e9cialement les [&hellip;]<\/p>\n","protected":false},"author":412,"featured_media":499,"comment_status":"open","ping_status":"open","sticky":false,"template":"","format":"standard","meta":{"footnotes":""},"categories":[26,86,43,35,18],"tags":[75,44,32],"class_list":["post-498","post","type-post","status-publish","format-standard","has-post-thumbnail","hentry","category-a-la-une","category-histoire","category-remiremont-remiremont-son-canton","category-remiremont-son-canton","category-vosges","tag-histoire","tag-remiremont","tag-vosges"],"acf":[],"yoast_head":"<!-- This site is optimized with the Yoast SEO plugin v22.5 - https:\/\/yoast.com\/wordpress\/plugins\/seo\/ -->\n<title>Retour arri\u00e8re : Que s&#039;est-il pass\u00e9 le 27 ao\u00fbt ? - Remiremont Info<\/title>\n<meta name=\"robots\" content=\"index, follow, max-snippet:-1, max-image-preview:large, max-video-preview:-1\" \/>\n<link rel=\"canonical\" href=\"https:\/\/vosgesinfo.fr\/remiremontinfo\/2023\/08\/retour-arriere-que-sest-il-passe-le-27-aout\/\" \/>\n<meta name=\"twitter:card\" content=\"summary_large_image\" \/>\n<meta name=\"twitter:title\" content=\"Retour arri\u00e8re : Que s&#039;est-il pass\u00e9 le 27 ao\u00fbt ? - Remiremont Info\" \/>\n<meta name=\"twitter:description\" content=\"C&rsquo;est la journ\u00e9e mondiale pour la fin du sp\u00e9cisme (Id\u00e9ologie visant \u00e0 \u00e9tablir une hi\u00e9rarchie entre les esp\u00e8ces, sp\u00e9cialement les [&hellip;]\" \/>\n<meta name=\"twitter:image\" content=\"https:\/\/vosgesinfo.fr\/app\/uploads\/sites\/5\/2023\/08\/27-aout.jpg\" \/>\n<meta name=\"twitter:creator\" content=\"@VosgesInfo88\" \/>\n<meta name=\"twitter:site\" content=\"@VosgesInfo88\" \/>\n<meta name=\"twitter:label1\" content=\"\u00c9crit par\" \/>\n\t<meta name=\"twitter:data1\" content=\"Stany Maurice\" \/>\n\t<meta name=\"twitter:label2\" content=\"Dur\u00e9e de lecture estim\u00e9e\" \/>\n\t<meta name=\"twitter:data2\" content=\"2 minutes\" \/>\n<script type=\"application\/ld+json\" class=\"yoast-schema-graph\">{\"@context\":\"https:\/\/schema.org\",\"@graph\":[{\"@type\":\"Article\",\"@id\":\"https:\/\/vosgesinfo.fr\/remiremontinfo\/2023\/08\/retour-arriere-que-sest-il-passe-le-27-aout\/#article\",\"isPartOf\":{\"@id\":\"https:\/\/vosgesinfo.fr\/remiremontinfo\/2023\/08\/retour-arriere-que-sest-il-passe-le-27-aout\/\"},\"author\":{\"name\":\"Stany Maurice\",\"@id\":\"https:\/\/vosgesinfo.fr\/remiremontinfo\/#\/schema\/person\/bec388675ce53b5a637aec04392f977e\"},\"headline\":\"Retour arri\u00e8re : Que s&rsquo;est-il pass\u00e9 le 27 ao\u00fbt ?\",\"datePublished\":\"2023-08-26T21:41:24+00:00\",\"dateModified\":\"2023-08-26T21:41:24+00:00\",\"mainEntityOfPage\":{\"@id\":\"https:\/\/vosgesinfo.fr\/remiremontinfo\/2023\/08\/retour-arriere-que-sest-il-passe-le-27-aout\/\"},\"wordCount\":355,\"commentCount\":0,\"publisher\":{\"@id\":\"https:\/\/vosgesinfo.fr\/remiremontinfo\/#organization\"},\"image\":{\"@id\":\"https:\/\/vosgesinfo.fr\/remiremontinfo\/2023\/08\/retour-arriere-que-sest-il-passe-le-27-aout\/#primaryimage\"},\"thumbnailUrl\":\"https:\/\/vosgesinfo.fr\/app\/uploads\/sites\/5\/2023\/08\/27-aout.jpg\",\"keywords\":[\"Histoire\",\"remiremont\",\"Vosges\"],\"articleSection\":[\"A la Une\",\"Histoire\",\"Remiremont\",\"Remiremont &amp; son canton\",\"Vosges\"],\"inLanguage\":\"fr-FR\",\"potentialAction\":[{\"@type\":\"CommentAction\",\"name\":\"Comment\",\"target\":[\"https:\/\/vosgesinfo.fr\/remiremontinfo\/2023\/08\/retour-arriere-que-sest-il-passe-le-27-aout\/#respond\"]}]},{\"@type\":\"WebPage\",\"@id\":\"https:\/\/vosgesinfo.fr\/remiremontinfo\/2023\/08\/retour-arriere-que-sest-il-passe-le-27-aout\/\",\"url\":\"https:\/\/vosgesinfo.fr\/remiremontinfo\/2023\/08\/retour-arriere-que-sest-il-passe-le-27-aout\/\",\"name\":\"Retour arri\u00e8re : Que s'est-il pass\u00e9 le 27 ao\u00fbt ? - Remiremont Info\",\"isPartOf\":{\"@id\":\"https:\/\/vosgesinfo.fr\/remiremontinfo\/#website\"},\"primaryImageOfPage\":{\"@id\":\"https:\/\/vosgesinfo.fr\/remiremontinfo\/2023\/08\/retour-arriere-que-sest-il-passe-le-27-aout\/#primaryimage\"},\"image\":{\"@id\":\"https:\/\/vosgesinfo.fr\/remiremontinfo\/2023\/08\/retour-arriere-que-sest-il-passe-le-27-aout\/#primaryimage\"},\"thumbnailUrl\":\"https:\/\/vosgesinfo.fr\/app\/uploads\/sites\/5\/2023\/08\/27-aout.jpg\",\"datePublished\":\"2023-08-26T21:41:24+00:00\",\"dateModified\":\"2023-08-26T21:41:24+00:00\",\"breadcrumb\":{\"@id\":\"https:\/\/vosgesinfo.fr\/remiremontinfo\/2023\/08\/retour-arriere-que-sest-il-passe-le-27-aout\/#breadcrumb\"},\"inLanguage\":\"fr-FR\",\"potentialAction\":[{\"@type\":\"ReadAction\",\"target\":[\"https:\/\/vosgesinfo.fr\/remiremontinfo\/2023\/08\/retour-arriere-que-sest-il-passe-le-27-aout\/\"]}]},{\"@type\":\"ImageObject\",\"inLanguage\":\"fr-FR\",\"@id\":\"https:\/\/vosgesinfo.fr\/remiremontinfo\/2023\/08\/retour-arriere-que-sest-il-passe-le-27-aout\/#primaryimage\",\"url\":\"https:\/\/vosgesinfo.fr\/app\/uploads\/sites\/5\/2023\/08\/27-aout.jpg\",\"contentUrl\":\"https:\/\/vosgesinfo.fr\/app\/uploads\/sites\/5\/2023\/08\/27-aout.jpg\",\"width\":600,\"height\":634},{\"@type\":\"BreadcrumbList\",\"@id\":\"https:\/\/vosgesinfo.fr\/remiremontinfo\/2023\/08\/retour-arriere-que-sest-il-passe-le-27-aout\/#breadcrumb\",\"itemListElement\":[{\"@type\":\"ListItem\",\"position\":1,\"name\":\"Home\",\"item\":\"https:\/\/vosgesinfo.fr\/remiremontinfo\/\"},{\"@type\":\"ListItem\",\"position\":2,\"name\":\"Retour arri\u00e8re : Que s&rsquo;est-il pass\u00e9 le 27 ao\u00fbt ?\"}]},{\"@type\":\"WebSite\",\"@id\":\"https:\/\/vosgesinfo.fr\/remiremontinfo\/#website\",\"url\":\"https:\/\/vosgesinfo.fr\/remiremontinfo\/\",\"name\":\"Remiremont Info\",\"description\":\"Toute l&#039;actualit\u00e9 de Remiremont\",\"publisher\":{\"@id\":\"https:\/\/vosgesinfo.fr\/remiremontinfo\/#organization\"},\"alternateName\":\"Toute l'actualit\u00e9 de Remiremont\",\"potentialAction\":[{\"@type\":\"SearchAction\",\"target\":{\"@type\":\"EntryPoint\",\"urlTemplate\":\"https:\/\/vosgesinfo.fr\/remiremontinfo\/?s={search_term_string}\"},\"query-input\":\"required name=search_term_string\"}],\"inLanguage\":\"fr-FR\"},{\"@type\":\"Organization\",\"@id\":\"https:\/\/vosgesinfo.fr\/remiremontinfo\/#organization\",\"name\":\"Remiremont Info\",\"url\":\"https:\/\/vosgesinfo.fr\/remiremontinfo\/\",\"logo\":{\"@type\":\"ImageObject\",\"inLanguage\":\"fr-FR\",\"@id\":\"https:\/\/vosgesinfo.fr\/remiremontinfo\/#\/schema\/logo\/image\/\",\"url\":\"https:\/\/vosgesinfo.fr\/app\/uploads\/sites\/5\/2023\/08\/favicon-remiremontinfo.png\",\"contentUrl\":\"https:\/\/vosgesinfo.fr\/app\/uploads\/sites\/5\/2023\/08\/favicon-remiremontinfo.png\",\"width\":512,\"height\":512,\"caption\":\"Remiremont Info\"},\"image\":{\"@id\":\"https:\/\/vosgesinfo.fr\/remiremontinfo\/#\/schema\/logo\/image\/\"},\"sameAs\":[\"https:\/\/www.facebook.com\/remiremontinfo\",\"https:\/\/x.com\/VosgesInfo88\",\"https:\/\/www.youtube.com\/@vosgesinfo\"]},{\"@type\":\"Person\",\"@id\":\"https:\/\/vosgesinfo.fr\/remiremontinfo\/#\/schema\/person\/bec388675ce53b5a637aec04392f977e\",\"name\":\"Stany Maurice\",\"image\":{\"@type\":\"ImageObject\",\"inLanguage\":\"fr-FR\",\"@id\":\"https:\/\/vosgesinfo.fr\/remiremontinfo\/#\/schema\/person\/image\/\",\"url\":\"https:\/\/secure.gravatar.com\/avatar\/68520b0c74251371bd10958bd19c3ce39a212093b8fff0dc3edbfcfddd089807?s=96&d=mm&r=g\",\"contentUrl\":\"https:\/\/secure.gravatar.com\/avatar\/68520b0c74251371bd10958bd19c3ce39a212093b8fff0dc3edbfcfddd089807?s=96&d=mm&r=g\",\"caption\":\"Stany Maurice\"},\"url\":\"https:\/\/vosgesinfo.fr\/remiremontinfo\/author\/s-maurice\/\"}]}<\/script>\n<!-- \/ Yoast SEO plugin. -->","yoast_head_json":{"title":"Retour arri\u00e8re : Que s'est-il pass\u00e9 le 27 ao\u00fbt ? - Remiremont Info","robots":{"index":"index","follow":"follow","max-snippet":"max-snippet:-1","max-image-preview":"max-image-preview:large","max-video-preview":"max-video-preview:-1"},"canonical":"https:\/\/vosgesinfo.fr\/remiremontinfo\/2023\/08\/retour-arriere-que-sest-il-passe-le-27-aout\/","twitter_card":"summary_large_image","twitter_title":"Retour arri\u00e8re : Que s'est-il pass\u00e9 le 27 ao\u00fbt ? - Remiremont Info","twitter_description":"C&rsquo;est la journ\u00e9e mondiale pour la fin du sp\u00e9cisme (Id\u00e9ologie visant \u00e0 \u00e9tablir une hi\u00e9rarchie entre les esp\u00e8ces, sp\u00e9cialement les [&hellip;]","twitter_image":"https:\/\/vosgesinfo.fr\/app\/uploads\/sites\/5\/2023\/08\/27-aout.jpg","twitter_creator":"@VosgesInfo88","twitter_site":"@VosgesInfo88","twitter_misc":{"\u00c9crit par":"Stany Maurice","Dur\u00e9e de lecture estim\u00e9e":"2 minutes"},"schema":{"@context":"https:\/\/schema.org","@graph":[{"@type":"Article","@id":"https:\/\/vosgesinfo.fr\/remiremontinfo\/2023\/08\/retour-arriere-que-sest-il-passe-le-27-aout\/#article","isPartOf":{"@id":"https:\/\/vosgesinfo.fr\/remiremontinfo\/2023\/08\/retour-arriere-que-sest-il-passe-le-27-aout\/"},"author":{"name":"Stany Maurice","@id":"https:\/\/vosgesinfo.fr\/remiremontinfo\/#\/schema\/person\/bec388675ce53b5a637aec04392f977e"},"headline":"Retour arri\u00e8re : Que s&rsquo;est-il pass\u00e9 le 27 ao\u00fbt ?","datePublished":"2023-08-26T21:41:24+00:00","dateModified":"2023-08-26T21:41:24+00:00","mainEntityOfPage":{"@id":"https:\/\/vosgesinfo.fr\/remiremontinfo\/2023\/08\/retour-arriere-que-sest-il-passe-le-27-aout\/"},"wordCount":355,"commentCount":0,"publisher":{"@id":"https:\/\/vosgesinfo.fr\/remiremontinfo\/#organization"},"image":{"@id":"https:\/\/vosgesinfo.fr\/remiremontinfo\/2023\/08\/retour-arriere-que-sest-il-passe-le-27-aout\/#primaryimage"},"thumbnailUrl":"https:\/\/vosgesinfo.fr\/app\/uploads\/sites\/5\/2023\/08\/27-aout.jpg","keywords":["Histoire","remiremont","Vosges"],"articleSection":["A la Une","Histoire","Remiremont","Remiremont &amp; son canton","Vosges"],"inLanguage":"fr-FR","potentialAction":[{"@type":"CommentAction","name":"Comment","target":["https:\/\/vosgesinfo.fr\/remiremontinfo\/2023\/08\/retour-arriere-que-sest-il-passe-le-27-aout\/#respond"]}]},{"@type":"WebPage","@id":"https:\/\/vosgesinfo.fr\/remiremontinfo\/2023\/08\/retour-arriere-que-sest-il-passe-le-27-aout\/","url":"https:\/\/vosgesinfo.fr\/remiremontinfo\/2023\/08\/retour-arriere-que-sest-il-passe-le-27-aout\/","name":"Retour arri\u00e8re : Que s'est-il pass\u00e9 le 27 ao\u00fbt ? - Remiremont Info","isPartOf":{"@id":"https:\/\/vosgesinfo.fr\/remiremontinfo\/#website"},"primaryImageOfPage":{"@id":"https:\/\/vosgesinfo.fr\/remiremontinfo\/2023\/08\/retour-arriere-que-sest-il-passe-le-27-aout\/#primaryimage"},"image":{"@id":"https:\/\/vosgesinfo.fr\/remiremontinfo\/2023\/08\/retour-arriere-que-sest-il-passe-le-27-aout\/#primaryimage"},"thumbnailUrl":"https:\/\/vosgesinfo.fr\/app\/uploads\/sites\/5\/2023\/08\/27-aout.jpg","datePublished":"2023-08-26T21:41:24+00:00","dateModified":"2023-08-26T21:41:24+00:00","breadcrumb":{"@id":"https:\/\/vosgesinfo.fr\/remiremontinfo\/2023\/08\/retour-arriere-que-sest-il-passe-le-27-aout\/#breadcrumb"},"inLanguage":"fr-FR","potentialAction":[{"@type":"ReadAction","target":["https:\/\/vosgesinfo.fr\/remiremontinfo\/2023\/08\/retour-arriere-que-sest-il-passe-le-27-aout\/"]}]},{"@type":"ImageObject","inLanguage":"fr-FR","@id":"https:\/\/vosgesinfo.fr\/remiremontinfo\/2023\/08\/retour-arriere-que-sest-il-passe-le-27-aout\/#primaryimage","url":"https:\/\/vosgesinfo.fr\/app\/uploads\/sites\/5\/2023\/08\/27-aout.jpg","contentUrl":"https:\/\/vosgesinfo.fr\/app\/uploads\/sites\/5\/2023\/08\/27-aout.jpg","width":600,"height":634},{"@type":"BreadcrumbList","@id":"https:\/\/vosgesinfo.fr\/remiremontinfo\/2023\/08\/retour-arriere-que-sest-il-passe-le-27-aout\/#breadcrumb","itemListElement":[{"@type":"ListItem","position":1,"name":"Home","item":"https:\/\/vosgesinfo.fr\/remiremontinfo\/"},{"@type":"ListItem","position":2,"name":"Retour arri\u00e8re : Que s&rsquo;est-il pass\u00e9 le 27 ao\u00fbt ?"}]},{"@type":"WebSite","@id":"https:\/\/vosgesinfo.fr\/remiremontinfo\/#website","url":"https:\/\/vosgesinfo.fr\/remiremontinfo\/","name":"Remiremont Info","description":"Toute l&#039;actualit\u00e9 de Remiremont","publisher":{"@id":"https:\/\/vosgesinfo.fr\/remiremontinfo\/#organization"},"alternateName":"Toute l'actualit\u00e9 de Remiremont","potentialAction":[{"@type":"SearchAction","target":{"@type":"EntryPoint","urlTemplate":"https:\/\/vosgesinfo.fr\/remiremontinfo\/?s={search_term_string}"},"query-input":"required name=search_term_string"}],"inLanguage":"fr-FR"},{"@type":"Organization","@id":"https:\/\/vosgesinfo.fr\/remiremontinfo\/#organization","name":"Remiremont Info","url":"https:\/\/vosgesinfo.fr\/remiremontinfo\/","logo":{"@type":"ImageObject","inLanguage":"fr-FR","@id":"https:\/\/vosgesinfo.fr\/remiremontinfo\/#\/schema\/logo\/image\/","url":"https:\/\/vosgesinfo.fr\/app\/uploads\/sites\/5\/2023\/08\/favicon-remiremontinfo.png","contentUrl":"https:\/\/vosgesinfo.fr\/app\/uploads\/sites\/5\/2023\/08\/favicon-remiremontinfo.png","width":512,"height":512,"caption":"Remiremont Info"},"image":{"@id":"https:\/\/vosgesinfo.fr\/remiremontinfo\/#\/schema\/logo\/image\/"},"sameAs":["https:\/\/www.facebook.com\/remiremontinfo","https:\/\/x.com\/VosgesInfo88","https:\/\/www.youtube.com\/@vosgesinfo"]},{"@type":"Person","@id":"https:\/\/vosgesinfo.fr\/remiremontinfo\/#\/schema\/person\/bec388675ce53b5a637aec04392f977e","name":"Stany Maurice","image":{"@type":"ImageObject","inLanguage":"fr-FR","@id":"https:\/\/vosgesinfo.fr\/remiremontinfo\/#\/schema\/person\/image\/","url":"https:\/\/secure.gravatar.com\/avatar\/68520b0c74251371bd10958bd19c3ce39a212093b8fff0dc3edbfcfddd089807?s=96&d=mm&r=g","contentUrl":"https:\/\/secure.gravatar.com\/avatar\/68520b0c74251371bd10958bd19c3ce39a212093b8fff0dc3edbfcfddd089807?s=96&d=mm&r=g","caption":"Stany Maurice"},"url":"https:\/\/vosgesinfo.fr\/remiremontinfo\/author\/s-maurice\/"}]}},"_links":{"self":[{"href":"https:\/\/vosgesinfo.fr\/remiremontinfo\/wp-json\/wp\/v2\/posts\/498","targetHints":{"allow":["GET"]}}],"collection":[{"href":"https:\/\/vosgesinfo.fr\/remiremontinfo\/wp-json\/wp\/v2\/posts"}],"about":[{"href":"https:\/\/vosgesinfo.fr\/remiremontinfo\/wp-json\/wp\/v2\/types\/post"}],"author":[{"embeddable":true,"href":"https:\/\/vosgesinfo.fr\/remiremontinfo\/wp-json\/wp\/v2\/users\/412"}],"replies":[{"embeddable":true,"href":"https:\/\/vosgesinfo.fr\/remiremontinfo\/wp-json\/wp\/v2\/comments?post=498"}],"version-history":[{"count":0,"href":"https:\/\/vosgesinfo.fr\/remiremontinfo\/wp-json\/wp\/v2\/posts\/498\/revisions"}],"wp:featuredmedia":[{"embeddable":true,"href":"https:\/\/vosgesinfo.fr\/remiremontinfo\/wp-json\/wp\/v2\/media\/499"}],"wp:attachment":[{"href":"https:\/\/vosgesinfo.fr\/remiremontinfo\/wp-json\/wp\/v2\/media?parent=498"}],"wp:term":[{"taxonomy":"category","embeddable":true,"href":"https:\/\/vosgesinfo.fr\/remiremontinfo\/wp-json\/wp\/v2\/categories?post=498"},{"taxonomy":"post_tag","embeddable":true,"href":"https:\/\/vosgesinfo.fr\/remiremontinfo\/wp-json\/wp\/v2\/tags?post=498"}],"curies":[{"name":"wp","href":"https:\/\/api.w.org\/{rel}","templated":true}]}}