{"id":5025,"date":"2024-03-14T06:00:55","date_gmt":"2024-03-14T05:00:55","guid":{"rendered":"https:\/\/vosgesinfo.fr\/remiremontinfo\/?p=5025"},"modified":"2024-03-13T19:35:22","modified_gmt":"2024-03-13T18:35:22","slug":"deuxieme-edition-nationale-de-la-semaine-des-metiers-du-tourisme","status":"publish","type":"post","link":"https:\/\/vosgesinfo.fr\/remiremontinfo\/2024\/03\/deuxieme-edition-nationale-de-la-semaine-des-metiers-du-tourisme\/","title":{"rendered":"Deuxi\u00e8me \u00e9dition nationale de la semaine des m\u00e9tiers du tourisme"},"content":{"rendered":"<p><img decoding=\"async\" class=\"size-large wp-image-5026 aligncenter\" src=\"https:\/\/vosgesinfo.fr\/app\/uploads\/sites\/5\/2024\/03\/semaine-du-tourisme-rencontre-producteurs-4-1024x683.jpg\" alt=\"\" width=\"1024\" height=\"683\" srcset=\"https:\/\/vosgesinfo.fr\/app\/uploads\/sites\/5\/2024\/03\/semaine-du-tourisme-rencontre-producteurs-4-1024x683.jpg 1024w, https:\/\/vosgesinfo.fr\/app\/uploads\/sites\/5\/2024\/03\/semaine-du-tourisme-rencontre-producteurs-4-300x200.jpg 300w, https:\/\/vosgesinfo.fr\/app\/uploads\/sites\/5\/2024\/03\/semaine-du-tourisme-rencontre-producteurs-4-768x512.jpg 768w, https:\/\/vosgesinfo.fr\/app\/uploads\/sites\/5\/2024\/03\/semaine-du-tourisme-rencontre-producteurs-4-1536x1024.jpg 1536w, https:\/\/vosgesinfo.fr\/app\/uploads\/sites\/5\/2024\/03\/semaine-du-tourisme-rencontre-producteurs-4-2048x1365.jpg 2048w\" sizes=\"(max-width: 1024px) 100vw, 1024px\" \/><\/p>\n<p>&nbsp;<\/p>\n<p><strong>Dans le cadre de la deuxi\u00e8me \u00e9dition nationale de la semaine des m\u00e9tiers du tourisme, l\u2019OT (Office du Tourisme) de Remiremont-Plombi\u00e8res organisait ce mercredi apr\u00e8s-midi une rencontre avec les producteurs.<\/strong><\/p>\n<p>Cette semaine a d\u00e9but\u00e9 lundi par un \u00ab\u00a0Forum et Jobs Dating sur les m\u00e9tiers du tourisme\u00a0\u00bb qui a \u00e9t\u00e9 tr\u00e8s appr\u00e9ci\u00e9 des jeunes et moins jeunes en recherche d\u2019orientation, d\u2019une exp\u00e9rience ou dans le cadre de reconversion professionnelle. Il faut savoir que de nombreux emplois \u00e0 Remiremont ou dans les environs sont vacants dans l\u2019accueil, l\u2019h\u00f4tellerie, la restauration mais aussi de fa\u00e7on plus saisonni\u00e8re dans l\u2019agriculture.<\/p>\n<p>Mardi a connu une op\u00e9ration \u00ab Portes ouvertes de l\u2019Office du Tourisme \u00bb, l\u2019occasion de rencontrer l\u2019\u00e9quipe de l\u2019OT en d\u00e9couvrant les multiples facettes des m\u00e9tiers du tourisme. Ce mercredi l\u2019Office du tourisme a souhait\u00e9 faire le lien entre tourisme, d\u00e9veloppement durable et producteurs locaux. Ainsi une ferme de producteur, La Ferme de Reherrey a accueilli durant tout l\u2019apr\u00e8s-midi, curieux et amateurs de bons produits pour pr\u00e9senter sa production et ses sp\u00e9cificit\u00e9s.<\/p>\n<p>La ferme situ\u00e9e \u00e0 Vecoux date de 1704 et c\u2019est la 12<sup>\u00e8me<\/sup> g\u00e9n\u00e9ration qui aujourd\u2019hui propose sa production. Cette ferme, certifi\u00e9e en Agriculture Biologique, produit principalement de la viande de veaux. En parall\u00e8le toute une activit\u00e9 d\u2019accueil a \u00e9t\u00e9 d\u00e9velopp\u00e9e avec un g\u00eete, un agr\u00e9ment \u00ab\u00a0ferme p\u00e9dagogique\u00a0\u00bb des gouters et anniversaires \u00e0 la ferme ainsi qu\u2019une activit\u00e9 \u00ab\u00a0m\u00e9diation par l\u2019animal\u00a0\u00bb. C\u2019est \u00e0 ce titre que le cochon d\u2019inde \u00ab\u00a0Noisette\u00a0\u00bb faisait la vedette aujourd\u2019hui (voir photo).<\/p>\n<div id=\"attachment_5030\" style=\"width: 310px\" class=\"wp-caption alignright\"><img decoding=\"async\" aria-describedby=\"caption-attachment-5030\" class=\"size-medium wp-image-5030\" src=\"https:\/\/vosgesinfo.fr\/app\/uploads\/sites\/5\/2024\/03\/semaine-du-tourisme-rencontre-producteurs-9-300x200.jpg\" alt=\"\" width=\"300\" height=\"200\" srcset=\"https:\/\/vosgesinfo.fr\/app\/uploads\/sites\/5\/2024\/03\/semaine-du-tourisme-rencontre-producteurs-9-300x200.jpg 300w, https:\/\/vosgesinfo.fr\/app\/uploads\/sites\/5\/2024\/03\/semaine-du-tourisme-rencontre-producteurs-9-1024x683.jpg 1024w, https:\/\/vosgesinfo.fr\/app\/uploads\/sites\/5\/2024\/03\/semaine-du-tourisme-rencontre-producteurs-9-768x512.jpg 768w, https:\/\/vosgesinfo.fr\/app\/uploads\/sites\/5\/2024\/03\/semaine-du-tourisme-rencontre-producteurs-9-1536x1024.jpg 1536w, https:\/\/vosgesinfo.fr\/app\/uploads\/sites\/5\/2024\/03\/semaine-du-tourisme-rencontre-producteurs-9-2048x1365.jpg 2048w\" sizes=\"(max-width: 300px) 100vw, 300px\" \/><p id=\"caption-attachment-5030\" class=\"wp-caption-text\">Noisette la petite vedette du jour<\/p><\/div>\n<p>Chaque visiteur a pu repartir avec Le guide des producteurs locaux tr\u00e8s justement sous-titr\u00e9 \u00ab circuits courts, respect et partage \u00bb. La semaine se poursuivra avec jeudi de 15h00 \u00e0 17h00, une table ronde \u00ab\u00a0Tourisme et d\u00e9veloppement durable\u00a0\u00bb au Centre Culturel Gilbert Zaug, en compagnie du Parc Naturel R\u00e9gional des Ballons des Vosges, du Club Vosgien et de l\u2019H\u00f4tel restaurant la Vigotte.<\/p>\n<p>Cette semaine se cl\u00f4turera vendredi matin \u00e0 Plombi\u00e8res et samedi apr\u00e8s-midi \u00e0 Remiremont par le lancement du \u00ab\u00a0Club des Ambassadeurs\u00a0\u00bb.<\/p>\n<div id=\"attachment_5033\" style=\"width: 310px\" class=\"wp-caption aligncenter\"><img decoding=\"async\" aria-describedby=\"caption-attachment-5033\" class=\"wp-image-5033 size-medium\" src=\"https:\/\/vosgesinfo.fr\/app\/uploads\/sites\/5\/2024\/03\/semaine-du-tourisme-rencontre-producteurs-6-300x200.jpg\" alt=\"\" width=\"300\" height=\"200\" srcset=\"https:\/\/vosgesinfo.fr\/app\/uploads\/sites\/5\/2024\/03\/semaine-du-tourisme-rencontre-producteurs-6-300x200.jpg 300w, https:\/\/vosgesinfo.fr\/app\/uploads\/sites\/5\/2024\/03\/semaine-du-tourisme-rencontre-producteurs-6-1024x683.jpg 1024w, https:\/\/vosgesinfo.fr\/app\/uploads\/sites\/5\/2024\/03\/semaine-du-tourisme-rencontre-producteurs-6-768x512.jpg 768w, https:\/\/vosgesinfo.fr\/app\/uploads\/sites\/5\/2024\/03\/semaine-du-tourisme-rencontre-producteurs-6-1536x1024.jpg 1536w, https:\/\/vosgesinfo.fr\/app\/uploads\/sites\/5\/2024\/03\/semaine-du-tourisme-rencontre-producteurs-6-2048x1365.jpg 2048w\" sizes=\"(max-width: 300px) 100vw, 300px\" \/><p id=\"caption-attachment-5033\" class=\"wp-caption-text\">Les offres d&#8217;emploi disponibles&#8230;<\/p><\/div>\n<p>&nbsp;<\/p>\n<p>PM<\/p>\n","protected":false},"excerpt":{"rendered":"<p>&nbsp; Dans le cadre de la deuxi\u00e8me \u00e9dition nationale de la semaine des m\u00e9tiers du tourisme, l\u2019OT (Office du Tourisme) [&hellip;]<\/p>\n","protected":false},"author":413,"featured_media":5026,"comment_status":"open","ping_status":"open","sticky":false,"template":"","format":"standard","meta":{"footnotes":""},"categories":[26,102,35],"tags":[522],"class_list":["post-5025","post","type-post","status-publish","format-standard","has-post-thumbnail","hentry","category-a-la-une","category-plombieres-les-bains","category-remiremont-son-canton","tag-office-du-tourisme"],"acf":[],"yoast_head":"<!-- This site is optimized with the Yoast SEO plugin v22.5 - https:\/\/yoast.com\/wordpress\/plugins\/seo\/ -->\n<title>Deuxi\u00e8me \u00e9dition nationale de la semaine des m\u00e9tiers du tourisme - Remiremont Info<\/title>\n<meta name=\"robots\" content=\"index, follow, max-snippet:-1, max-image-preview:large, max-video-preview:-1\" \/>\n<link rel=\"canonical\" href=\"https:\/\/vosgesinfo.fr\/remiremontinfo\/2024\/03\/deuxieme-edition-nationale-de-la-semaine-des-metiers-du-tourisme\/\" \/>\n<meta name=\"twitter:card\" content=\"summary_large_image\" \/>\n<meta name=\"twitter:title\" content=\"Deuxi\u00e8me \u00e9dition nationale de la semaine des m\u00e9tiers du tourisme - Remiremont Info\" \/>\n<meta name=\"twitter:description\" content=\"&nbsp; Dans le cadre de la deuxi\u00e8me \u00e9dition nationale de la semaine des m\u00e9tiers du tourisme, l\u2019OT (Office du Tourisme) [&hellip;]\" \/>\n<meta name=\"twitter:image\" content=\"https:\/\/vosgesinfo.fr\/app\/uploads\/sites\/5\/2024\/03\/semaine-du-tourisme-rencontre-producteurs-4-scaled.jpg\" \/>\n<meta name=\"twitter:creator\" content=\"@VosgesInfo88\" \/>\n<meta name=\"twitter:site\" content=\"@VosgesInfo88\" \/>\n<meta name=\"twitter:label1\" content=\"\u00c9crit par\" \/>\n\t<meta name=\"twitter:data1\" content=\"P.M\" \/>\n\t<meta name=\"twitter:label2\" content=\"Dur\u00e9e de lecture estim\u00e9e\" \/>\n\t<meta name=\"twitter:data2\" content=\"2 minutes\" \/>\n<script type=\"application\/ld+json\" class=\"yoast-schema-graph\">{\"@context\":\"https:\/\/schema.org\",\"@graph\":[{\"@type\":\"Article\",\"@id\":\"https:\/\/vosgesinfo.fr\/remiremontinfo\/2024\/03\/deuxieme-edition-nationale-de-la-semaine-des-metiers-du-tourisme\/#article\",\"isPartOf\":{\"@id\":\"https:\/\/vosgesinfo.fr\/remiremontinfo\/2024\/03\/deuxieme-edition-nationale-de-la-semaine-des-metiers-du-tourisme\/\"},\"author\":{\"name\":\"P.M\",\"@id\":\"https:\/\/vosgesinfo.fr\/remiremontinfo\/#\/schema\/person\/a6fd2dde36da20be3679f2058b94c5b8\"},\"headline\":\"Deuxi\u00e8me \u00e9dition nationale de la semaine des m\u00e9tiers du tourisme\",\"datePublished\":\"2024-03-14T05:00:55+00:00\",\"dateModified\":\"2024-03-13T18:35:22+00:00\",\"mainEntityOfPage\":{\"@id\":\"https:\/\/vosgesinfo.fr\/remiremontinfo\/2024\/03\/deuxieme-edition-nationale-de-la-semaine-des-metiers-du-tourisme\/\"},\"wordCount\":412,\"commentCount\":0,\"publisher\":{\"@id\":\"https:\/\/vosgesinfo.fr\/remiremontinfo\/#organization\"},\"image\":{\"@id\":\"https:\/\/vosgesinfo.fr\/remiremontinfo\/2024\/03\/deuxieme-edition-nationale-de-la-semaine-des-metiers-du-tourisme\/#primaryimage\"},\"thumbnailUrl\":\"https:\/\/vosgesinfo.fr\/app\/uploads\/sites\/5\/2024\/03\/semaine-du-tourisme-rencontre-producteurs-4-scaled.jpg\",\"keywords\":[\"Office du tourisme\"],\"articleSection\":[\"A la Une\",\"Plombi\u00e8res-l\u00e8s-Bains\",\"Remiremont &amp; son canton\"],\"inLanguage\":\"fr-FR\",\"potentialAction\":[{\"@type\":\"CommentAction\",\"name\":\"Comment\",\"target\":[\"https:\/\/vosgesinfo.fr\/remiremontinfo\/2024\/03\/deuxieme-edition-nationale-de-la-semaine-des-metiers-du-tourisme\/#respond\"]}]},{\"@type\":\"WebPage\",\"@id\":\"https:\/\/vosgesinfo.fr\/remiremontinfo\/2024\/03\/deuxieme-edition-nationale-de-la-semaine-des-metiers-du-tourisme\/\",\"url\":\"https:\/\/vosgesinfo.fr\/remiremontinfo\/2024\/03\/deuxieme-edition-nationale-de-la-semaine-des-metiers-du-tourisme\/\",\"name\":\"Deuxi\u00e8me \u00e9dition nationale de la semaine des m\u00e9tiers du tourisme - Remiremont Info\",\"isPartOf\":{\"@id\":\"https:\/\/vosgesinfo.fr\/remiremontinfo\/#website\"},\"primaryImageOfPage\":{\"@id\":\"https:\/\/vosgesinfo.fr\/remiremontinfo\/2024\/03\/deuxieme-edition-nationale-de-la-semaine-des-metiers-du-tourisme\/#primaryimage\"},\"image\":{\"@id\":\"https:\/\/vosgesinfo.fr\/remiremontinfo\/2024\/03\/deuxieme-edition-nationale-de-la-semaine-des-metiers-du-tourisme\/#primaryimage\"},\"thumbnailUrl\":\"https:\/\/vosgesinfo.fr\/app\/uploads\/sites\/5\/2024\/03\/semaine-du-tourisme-rencontre-producteurs-4-scaled.jpg\",\"datePublished\":\"2024-03-14T05:00:55+00:00\",\"dateModified\":\"2024-03-13T18:35:22+00:00\",\"breadcrumb\":{\"@id\":\"https:\/\/vosgesinfo.fr\/remiremontinfo\/2024\/03\/deuxieme-edition-nationale-de-la-semaine-des-metiers-du-tourisme\/#breadcrumb\"},\"inLanguage\":\"fr-FR\",\"potentialAction\":[{\"@type\":\"ReadAction\",\"target\":[\"https:\/\/vosgesinfo.fr\/remiremontinfo\/2024\/03\/deuxieme-edition-nationale-de-la-semaine-des-metiers-du-tourisme\/\"]}]},{\"@type\":\"ImageObject\",\"inLanguage\":\"fr-FR\",\"@id\":\"https:\/\/vosgesinfo.fr\/remiremontinfo\/2024\/03\/deuxieme-edition-nationale-de-la-semaine-des-metiers-du-tourisme\/#primaryimage\",\"url\":\"https:\/\/vosgesinfo.fr\/app\/uploads\/sites\/5\/2024\/03\/semaine-du-tourisme-rencontre-producteurs-4-scaled.jpg\",\"contentUrl\":\"https:\/\/vosgesinfo.fr\/app\/uploads\/sites\/5\/2024\/03\/semaine-du-tourisme-rencontre-producteurs-4-scaled.jpg\",\"width\":2560,\"height\":1707},{\"@type\":\"BreadcrumbList\",\"@id\":\"https:\/\/vosgesinfo.fr\/remiremontinfo\/2024\/03\/deuxieme-edition-nationale-de-la-semaine-des-metiers-du-tourisme\/#breadcrumb\",\"itemListElement\":[{\"@type\":\"ListItem\",\"position\":1,\"name\":\"Home\",\"item\":\"https:\/\/vosgesinfo.fr\/remiremontinfo\/\"},{\"@type\":\"ListItem\",\"position\":2,\"name\":\"Deuxi\u00e8me \u00e9dition nationale de la semaine des m\u00e9tiers du tourisme\"}]},{\"@type\":\"WebSite\",\"@id\":\"https:\/\/vosgesinfo.fr\/remiremontinfo\/#website\",\"url\":\"https:\/\/vosgesinfo.fr\/remiremontinfo\/\",\"name\":\"Remiremont Info\",\"description\":\"Toute l&#039;actualit\u00e9 de Remiremont\",\"publisher\":{\"@id\":\"https:\/\/vosgesinfo.fr\/remiremontinfo\/#organization\"},\"alternateName\":\"Toute l'actualit\u00e9 de Remiremont\",\"potentialAction\":[{\"@type\":\"SearchAction\",\"target\":{\"@type\":\"EntryPoint\",\"urlTemplate\":\"https:\/\/vosgesinfo.fr\/remiremontinfo\/?s={search_term_string}\"},\"query-input\":\"required name=search_term_string\"}],\"inLanguage\":\"fr-FR\"},{\"@type\":\"Organization\",\"@id\":\"https:\/\/vosgesinfo.fr\/remiremontinfo\/#organization\",\"name\":\"Remiremont Info\",\"url\":\"https:\/\/vosgesinfo.fr\/remiremontinfo\/\",\"logo\":{\"@type\":\"ImageObject\",\"inLanguage\":\"fr-FR\",\"@id\":\"https:\/\/vosgesinfo.fr\/remiremontinfo\/#\/schema\/logo\/image\/\",\"url\":\"https:\/\/vosgesinfo.fr\/app\/uploads\/sites\/5\/2023\/08\/favicon-remiremontinfo.png\",\"contentUrl\":\"https:\/\/vosgesinfo.fr\/app\/uploads\/sites\/5\/2023\/08\/favicon-remiremontinfo.png\",\"width\":512,\"height\":512,\"caption\":\"Remiremont Info\"},\"image\":{\"@id\":\"https:\/\/vosgesinfo.fr\/remiremontinfo\/#\/schema\/logo\/image\/\"},\"sameAs\":[\"https:\/\/www.facebook.com\/remiremontinfo\",\"https:\/\/x.com\/VosgesInfo88\",\"https:\/\/www.youtube.com\/@vosgesinfo\"]},{\"@type\":\"Person\",\"@id\":\"https:\/\/vosgesinfo.fr\/remiremontinfo\/#\/schema\/person\/a6fd2dde36da20be3679f2058b94c5b8\",\"name\":\"P.M\",\"image\":{\"@type\":\"ImageObject\",\"inLanguage\":\"fr-FR\",\"@id\":\"https:\/\/vosgesinfo.fr\/remiremontinfo\/#\/schema\/person\/image\/\",\"url\":\"https:\/\/secure.gravatar.com\/avatar\/db38f6ef38bb165f6f4d352563f264129673ed4536984fbbcddf700bd12f8a9a?s=96&d=mm&r=g\",\"contentUrl\":\"https:\/\/secure.gravatar.com\/avatar\/db38f6ef38bb165f6f4d352563f264129673ed4536984fbbcddf700bd12f8a9a?s=96&d=mm&r=g\",\"caption\":\"P.M\"},\"url\":\"https:\/\/vosgesinfo.fr\/remiremontinfo\/author\/p-mangel88\/\"}]}<\/script>\n<!-- \/ Yoast SEO plugin. -->","yoast_head_json":{"title":"Deuxi\u00e8me \u00e9dition nationale de la semaine des m\u00e9tiers du tourisme - Remiremont Info","robots":{"index":"index","follow":"follow","max-snippet":"max-snippet:-1","max-image-preview":"max-image-preview:large","max-video-preview":"max-video-preview:-1"},"canonical":"https:\/\/vosgesinfo.fr\/remiremontinfo\/2024\/03\/deuxieme-edition-nationale-de-la-semaine-des-metiers-du-tourisme\/","twitter_card":"summary_large_image","twitter_title":"Deuxi\u00e8me \u00e9dition nationale de la semaine des m\u00e9tiers du tourisme - Remiremont Info","twitter_description":"&nbsp; Dans le cadre de la deuxi\u00e8me \u00e9dition nationale de la semaine des m\u00e9tiers du tourisme, l\u2019OT (Office du Tourisme) [&hellip;]","twitter_image":"https:\/\/vosgesinfo.fr\/app\/uploads\/sites\/5\/2024\/03\/semaine-du-tourisme-rencontre-producteurs-4-scaled.jpg","twitter_creator":"@VosgesInfo88","twitter_site":"@VosgesInfo88","twitter_misc":{"\u00c9crit par":"P.M","Dur\u00e9e de lecture estim\u00e9e":"2 minutes"},"schema":{"@context":"https:\/\/schema.org","@graph":[{"@type":"Article","@id":"https:\/\/vosgesinfo.fr\/remiremontinfo\/2024\/03\/deuxieme-edition-nationale-de-la-semaine-des-metiers-du-tourisme\/#article","isPartOf":{"@id":"https:\/\/vosgesinfo.fr\/remiremontinfo\/2024\/03\/deuxieme-edition-nationale-de-la-semaine-des-metiers-du-tourisme\/"},"author":{"name":"P.M","@id":"https:\/\/vosgesinfo.fr\/remiremontinfo\/#\/schema\/person\/a6fd2dde36da20be3679f2058b94c5b8"},"headline":"Deuxi\u00e8me \u00e9dition nationale de la semaine des m\u00e9tiers du tourisme","datePublished":"2024-03-14T05:00:55+00:00","dateModified":"2024-03-13T18:35:22+00:00","mainEntityOfPage":{"@id":"https:\/\/vosgesinfo.fr\/remiremontinfo\/2024\/03\/deuxieme-edition-nationale-de-la-semaine-des-metiers-du-tourisme\/"},"wordCount":412,"commentCount":0,"publisher":{"@id":"https:\/\/vosgesinfo.fr\/remiremontinfo\/#organization"},"image":{"@id":"https:\/\/vosgesinfo.fr\/remiremontinfo\/2024\/03\/deuxieme-edition-nationale-de-la-semaine-des-metiers-du-tourisme\/#primaryimage"},"thumbnailUrl":"https:\/\/vosgesinfo.fr\/app\/uploads\/sites\/5\/2024\/03\/semaine-du-tourisme-rencontre-producteurs-4-scaled.jpg","keywords":["Office du tourisme"],"articleSection":["A la Une","Plombi\u00e8res-l\u00e8s-Bains","Remiremont &amp; son canton"],"inLanguage":"fr-FR","potentialAction":[{"@type":"CommentAction","name":"Comment","target":["https:\/\/vosgesinfo.fr\/remiremontinfo\/2024\/03\/deuxieme-edition-nationale-de-la-semaine-des-metiers-du-tourisme\/#respond"]}]},{"@type":"WebPage","@id":"https:\/\/vosgesinfo.fr\/remiremontinfo\/2024\/03\/deuxieme-edition-nationale-de-la-semaine-des-metiers-du-tourisme\/","url":"https:\/\/vosgesinfo.fr\/remiremontinfo\/2024\/03\/deuxieme-edition-nationale-de-la-semaine-des-metiers-du-tourisme\/","name":"Deuxi\u00e8me \u00e9dition nationale de la semaine des m\u00e9tiers du tourisme - Remiremont Info","isPartOf":{"@id":"https:\/\/vosgesinfo.fr\/remiremontinfo\/#website"},"primaryImageOfPage":{"@id":"https:\/\/vosgesinfo.fr\/remiremontinfo\/2024\/03\/deuxieme-edition-nationale-de-la-semaine-des-metiers-du-tourisme\/#primaryimage"},"image":{"@id":"https:\/\/vosgesinfo.fr\/remiremontinfo\/2024\/03\/deuxieme-edition-nationale-de-la-semaine-des-metiers-du-tourisme\/#primaryimage"},"thumbnailUrl":"https:\/\/vosgesinfo.fr\/app\/uploads\/sites\/5\/2024\/03\/semaine-du-tourisme-rencontre-producteurs-4-scaled.jpg","datePublished":"2024-03-14T05:00:55+00:00","dateModified":"2024-03-13T18:35:22+00:00","breadcrumb":{"@id":"https:\/\/vosgesinfo.fr\/remiremontinfo\/2024\/03\/deuxieme-edition-nationale-de-la-semaine-des-metiers-du-tourisme\/#breadcrumb"},"inLanguage":"fr-FR","potentialAction":[{"@type":"ReadAction","target":["https:\/\/vosgesinfo.fr\/remiremontinfo\/2024\/03\/deuxieme-edition-nationale-de-la-semaine-des-metiers-du-tourisme\/"]}]},{"@type":"ImageObject","inLanguage":"fr-FR","@id":"https:\/\/vosgesinfo.fr\/remiremontinfo\/2024\/03\/deuxieme-edition-nationale-de-la-semaine-des-metiers-du-tourisme\/#primaryimage","url":"https:\/\/vosgesinfo.fr\/app\/uploads\/sites\/5\/2024\/03\/semaine-du-tourisme-rencontre-producteurs-4-scaled.jpg","contentUrl":"https:\/\/vosgesinfo.fr\/app\/uploads\/sites\/5\/2024\/03\/semaine-du-tourisme-rencontre-producteurs-4-scaled.jpg","width":2560,"height":1707},{"@type":"BreadcrumbList","@id":"https:\/\/vosgesinfo.fr\/remiremontinfo\/2024\/03\/deuxieme-edition-nationale-de-la-semaine-des-metiers-du-tourisme\/#breadcrumb","itemListElement":[{"@type":"ListItem","position":1,"name":"Home","item":"https:\/\/vosgesinfo.fr\/remiremontinfo\/"},{"@type":"ListItem","position":2,"name":"Deuxi\u00e8me \u00e9dition nationale de la semaine des m\u00e9tiers du tourisme"}]},{"@type":"WebSite","@id":"https:\/\/vosgesinfo.fr\/remiremontinfo\/#website","url":"https:\/\/vosgesinfo.fr\/remiremontinfo\/","name":"Remiremont Info","description":"Toute l&#039;actualit\u00e9 de Remiremont","publisher":{"@id":"https:\/\/vosgesinfo.fr\/remiremontinfo\/#organization"},"alternateName":"Toute l'actualit\u00e9 de Remiremont","potentialAction":[{"@type":"SearchAction","target":{"@type":"EntryPoint","urlTemplate":"https:\/\/vosgesinfo.fr\/remiremontinfo\/?s={search_term_string}"},"query-input":"required name=search_term_string"}],"inLanguage":"fr-FR"},{"@type":"Organization","@id":"https:\/\/vosgesinfo.fr\/remiremontinfo\/#organization","name":"Remiremont Info","url":"https:\/\/vosgesinfo.fr\/remiremontinfo\/","logo":{"@type":"ImageObject","inLanguage":"fr-FR","@id":"https:\/\/vosgesinfo.fr\/remiremontinfo\/#\/schema\/logo\/image\/","url":"https:\/\/vosgesinfo.fr\/app\/uploads\/sites\/5\/2023\/08\/favicon-remiremontinfo.png","contentUrl":"https:\/\/vosgesinfo.fr\/app\/uploads\/sites\/5\/2023\/08\/favicon-remiremontinfo.png","width":512,"height":512,"caption":"Remiremont Info"},"image":{"@id":"https:\/\/vosgesinfo.fr\/remiremontinfo\/#\/schema\/logo\/image\/"},"sameAs":["https:\/\/www.facebook.com\/remiremontinfo","https:\/\/x.com\/VosgesInfo88","https:\/\/www.youtube.com\/@vosgesinfo"]},{"@type":"Person","@id":"https:\/\/vosgesinfo.fr\/remiremontinfo\/#\/schema\/person\/a6fd2dde36da20be3679f2058b94c5b8","name":"P.M","image":{"@type":"ImageObject","inLanguage":"fr-FR","@id":"https:\/\/vosgesinfo.fr\/remiremontinfo\/#\/schema\/person\/image\/","url":"https:\/\/secure.gravatar.com\/avatar\/db38f6ef38bb165f6f4d352563f264129673ed4536984fbbcddf700bd12f8a9a?s=96&d=mm&r=g","contentUrl":"https:\/\/secure.gravatar.com\/avatar\/db38f6ef38bb165f6f4d352563f264129673ed4536984fbbcddf700bd12f8a9a?s=96&d=mm&r=g","caption":"P.M"},"url":"https:\/\/vosgesinfo.fr\/remiremontinfo\/author\/p-mangel88\/"}]}},"_links":{"self":[{"href":"https:\/\/vosgesinfo.fr\/remiremontinfo\/wp-json\/wp\/v2\/posts\/5025","targetHints":{"allow":["GET"]}}],"collection":[{"href":"https:\/\/vosgesinfo.fr\/remiremontinfo\/wp-json\/wp\/v2\/posts"}],"about":[{"href":"https:\/\/vosgesinfo.fr\/remiremontinfo\/wp-json\/wp\/v2\/types\/post"}],"author":[{"embeddable":true,"href":"https:\/\/vosgesinfo.fr\/remiremontinfo\/wp-json\/wp\/v2\/users\/413"}],"replies":[{"embeddable":true,"href":"https:\/\/vosgesinfo.fr\/remiremontinfo\/wp-json\/wp\/v2\/comments?post=5025"}],"version-history":[{"count":7,"href":"https:\/\/vosgesinfo.fr\/remiremontinfo\/wp-json\/wp\/v2\/posts\/5025\/revisions"}],"predecessor-version":[{"id":5037,"href":"https:\/\/vosgesinfo.fr\/remiremontinfo\/wp-json\/wp\/v2\/posts\/5025\/revisions\/5037"}],"wp:featuredmedia":[{"embeddable":true,"href":"https:\/\/vosgesinfo.fr\/remiremontinfo\/wp-json\/wp\/v2\/media\/5026"}],"wp:attachment":[{"href":"https:\/\/vosgesinfo.fr\/remiremontinfo\/wp-json\/wp\/v2\/media?parent=5025"}],"wp:term":[{"taxonomy":"category","embeddable":true,"href":"https:\/\/vosgesinfo.fr\/remiremontinfo\/wp-json\/wp\/v2\/categories?post=5025"},{"taxonomy":"post_tag","embeddable":true,"href":"https:\/\/vosgesinfo.fr\/remiremontinfo\/wp-json\/wp\/v2\/tags?post=5025"}],"curies":[{"name":"wp","href":"https:\/\/api.w.org\/{rel}","templated":true}]}}