{"id":50353,"date":"2021-12-22T09:45:55","date_gmt":"2021-12-22T08:45:55","guid":{"rendered":"https:\/\/vosgesinfo.fr\/remiremontinfo\/2021\/12\/deploiement-de-fibre-a-rupt-moselle\/"},"modified":"2021-12-22T09:45:55","modified_gmt":"2021-12-22T08:45:55","slug":"deploiement-de-fibre-a-rupt-moselle","status":"publish","type":"post","link":"https:\/\/vosgesinfo.fr\/remiremontinfo\/2021\/12\/deploiement-de-fibre-a-rupt-moselle\/","title":{"rendered":"D\u00e9ploiement de la fibre \u00e0 Rupt-sur-Moselle"},"content":{"rendered":"<p><a href=\"\/2021\/12\/Fibre_Optique-800x424.jpg\"><img decoding=\"async\" class=\"alignnone size-full wp-image-334455\" src=\"\/2021\/12\/Fibre_Optique-800x424.jpg\" alt=\"Fibre_Optique-800x424\" width=\"800\" height=\"424\" \/><\/a><\/p>\n<p><span style=\"font-size: 10pt;\"><em>Photo d\u2019illustration\u00a0<\/em><\/span><\/p>\n<div class=\"kvgmc6g5 cxmmr5t8 oygrvhab hcukyx3x c1et5uql ii04i59q\">\n<h2 dir=\"auto\"><span style=\"font-size: 12pt;\"><strong>Rupt-sur-Moselle, comme l\u2019ensemble de la Communaut\u00e9 de communes des Ballons des Hautes Vosges, est int\u00e9gralement ouvert \u00e0 la fibre. Pour r\u00e9pondre aux questions des administr\u00e9s sur l\u2019\u00e9ligibilit\u00e9 de leur adresse \u00e0 la fibre, la municipalit\u00e9 pr\u00e9sente 3 situations particuli\u00e8res :<\/strong><\/span><\/h2>\n<div dir=\"auto\"><\/div>\n<div dir=\"auto\">&#8211;\u00a0Des adresses en zone agglom\u00e9r\u00e9e avec des blocages li\u00e9es \u00e0 la r\u00e9utilisation des appuis d\u2019Enedis ou d\u2019Orange (y compris sur Le dessus de Rupt), \u00e0 des acc\u00e8s en copropri\u00e9t\u00e9 ou des autorisations de fa\u00e7ade ; ces situations se r\u00e9sorberont progressivement dans les semaines \u00e0 venir.<\/div>\n<div dir=\"auto\">&#8211;\u00a0Des adresses un peu \u00e9loign\u00e9es des derni\u00e8res maisons, dites \u00ab raccordement long \u00bb, peuvent \u00eatre raccord\u00e9es \u00e0 la fibre avec des op\u00e9rateurs alternatifs (la liste est disponible sur le site de Losange), car les op\u00e9rateurs Bouygues, Free, Orange et SFR ne reconnaissent pas aujourd\u2019hui ces prises dans leur mod\u00e8le industriel (probl\u00e8me national).<\/div>\n<div dir=\"auto\">&#8211;\u00a0Les adresses r\u00e9ellement isol\u00e9es qui sont class\u00e9es en raccordement long ou raccordement \u00e0 la demande, sur le site internet de Losange <a class=\"oajrlxb2 g5ia77u1 qu0x051f esr5mh6w e9989ue4 r7d6kgcz rq0escxv nhd2j8a9 nc684nl6 p7hjln8o kvgmc6g5 cxmmr5t8 oygrvhab hcukyx3x jb3vyjys rz4wbd8a qt6c0cv9 a8nywdso i1ao9s8h esuyzwwr f1sip0of lzcic4wl gpro0wi8 py34i1dx\" tabindex=\"0\" href=\"http:\/\/www.losange-fibre.fr\/?fbclid=IwAR1rPpP3jzfV-0lhPG0WARHF6msdqslLkrrk6veOHQp1HU8EPnEOrA7QUK0\" target=\"_blank\" rel=\"nofollow noopener\">www.losange-fibre.fr<\/a> les administr\u00e9s auront en retour un formulaire de pr\u00e9-commande \u00e0 remplir pour engager les travaux avant qu\u2019un op\u00e9rateur accepte de les raccorder.<\/div>\n<\/div>\n<div class=\"cxmmr5t8 oygrvhab hcukyx3x c1et5uql o9v6fnle ii04i59q\">\n<div dir=\"auto\"><\/div>\n<div dir=\"auto\">Si vous souhaitez vous raccorder \u00e0 la fibre, losange invite les administr\u00e9s \u00e0 proc\u00e9der comme suit :<\/div>\n<div dir=\"auto\">Consulter le site internet <a class=\"oajrlxb2 g5ia77u1 qu0x051f esr5mh6w e9989ue4 r7d6kgcz rq0escxv nhd2j8a9 nc684nl6 p7hjln8o kvgmc6g5 cxmmr5t8 oygrvhab hcukyx3x jb3vyjys rz4wbd8a qt6c0cv9 a8nywdso i1ao9s8h esuyzwwr f1sip0of lzcic4wl gpro0wi8 py34i1dx\" tabindex=\"0\" href=\"https:\/\/l.facebook.com\/l.php?u=http%3A%2F%2Fwww.losange-fibre.fr%2F%3Ffbclid%3DIwAR3t096KjNg2vT-w2ZOwMC5M65NGMmNzwLcAx9Ju_IJwleSuLu0KhZj-aPI&amp;h=AT3Bn-ToZB7My235Tl1RCgo3LHKjXC8Mb4ZwhVY8IlwrtA2uu7hcXELAQKtqLknuhYbycMLuxn_jwENe7Z3VoC9F8n9foAZGBvYfuFlwivLL9MOI4jsnwUB0kFYSoSrG4C8lhsoNw2krrpkYLMj6&amp;__tn__=-UK-R&amp;c[0]=AT3V52vlyXBlN_lvKgjc2elDvInposW5xiLdGeE-WyTI5SfqH967ziQDmQvZ8GJL4IfIEIjeSaRsdrVghhjIjH-0bIjm2hquwjp16AJTGn0WPelKBPHazgq2kLdKGoV70ccNqze09ZxlKvgLt9hJtQeUQXty48V_bqwtE67HwlN9miE\" target=\"_blank\" rel=\"nofollow noopener\">www.losange-fibre.fr<\/a> ; les adresses incompl\u00e8tes ou les raccordements \u00e0 la demande font alors l\u2019objet d\u2019une interface particuli\u00e8re.<\/div>\n<\/div>\n<div dir=\"auto\"><\/div>\n<div dir=\"auto\"><em>Source : Mairie de Rupt-sur-Moselle\u00a0<\/em><\/div>\n","protected":false},"excerpt":{"rendered":"<p>Photo d\u2019illustration\u00a0 Rupt-sur-Moselle, comme l\u2019ensemble de la Communaut\u00e9 de communes des Ballons des Hautes Vosges, est int\u00e9gralement ouvert \u00e0 la [&hellip;]<\/p>\n","protected":false},"author":407,"featured_media":50354,"comment_status":"open","ping_status":"open","sticky":false,"template":"","format":"standard","meta":{"footnotes":""},"categories":[26,37,250],"tags":[1650,2596,310],"class_list":["post-50353","post","type-post","status-publish","format-standard","has-post-thumbnail","hentry","category-a-la-une","category-le-thillot-son-canton","category-rupt-sur-moselle","tag-fibre","tag-internet","tag-rupt-sur-moselle"],"acf":[],"yoast_head":"<!-- This site is optimized with the Yoast SEO plugin v22.5 - https:\/\/yoast.com\/wordpress\/plugins\/seo\/ -->\n<title>D\u00e9ploiement de la fibre \u00e0 Rupt-sur-Moselle - Remiremont Info<\/title>\n<meta name=\"robots\" content=\"index, follow, max-snippet:-1, max-image-preview:large, max-video-preview:-1\" \/>\n<link rel=\"canonical\" href=\"https:\/\/vosgesinfo.fr\/remiremontinfo\/2021\/12\/deploiement-de-fibre-a-rupt-moselle\/\" \/>\n<meta name=\"twitter:card\" content=\"summary_large_image\" \/>\n<meta name=\"twitter:title\" content=\"D\u00e9ploiement de la fibre \u00e0 Rupt-sur-Moselle - Remiremont Info\" \/>\n<meta name=\"twitter:description\" content=\"Photo d\u2019illustration\u00a0 Rupt-sur-Moselle, comme l\u2019ensemble de la Communaut\u00e9 de communes des Ballons des Hautes Vosges, est int\u00e9gralement ouvert \u00e0 la [&hellip;]\" \/>\n<meta name=\"twitter:image\" content=\"https:\/\/vosgesinfo.fr\/app\/uploads\/sites\/5\/2024\/09\/202112fibre-optique-800x424-1.jpg\" \/>\n<meta name=\"twitter:creator\" content=\"@VosgesInfo88\" \/>\n<meta name=\"twitter:site\" content=\"@VosgesInfo88\" \/>\n<meta name=\"twitter:label1\" content=\"\u00c9crit par\" \/>\n\t<meta name=\"twitter:data1\" content=\"C D\" \/>\n\t<meta name=\"twitter:label2\" content=\"Dur\u00e9e de lecture estim\u00e9e\" \/>\n\t<meta name=\"twitter:data2\" content=\"1 minute\" \/>\n<script type=\"application\/ld+json\" class=\"yoast-schema-graph\">{\"@context\":\"https:\/\/schema.org\",\"@graph\":[{\"@type\":\"Article\",\"@id\":\"https:\/\/vosgesinfo.fr\/remiremontinfo\/2021\/12\/deploiement-de-fibre-a-rupt-moselle\/#article\",\"isPartOf\":{\"@id\":\"https:\/\/vosgesinfo.fr\/remiremontinfo\/2021\/12\/deploiement-de-fibre-a-rupt-moselle\/\"},\"author\":{\"name\":\"C D\",\"@id\":\"https:\/\/vosgesinfo.fr\/remiremontinfo\/#\/schema\/person\/3bfd164d5218a185b1db68655a265316\"},\"headline\":\"D\u00e9ploiement de la fibre \u00e0 Rupt-sur-Moselle\",\"datePublished\":\"2021-12-22T08:45:55+00:00\",\"dateModified\":\"2021-12-22T08:45:55+00:00\",\"mainEntityOfPage\":{\"@id\":\"https:\/\/vosgesinfo.fr\/remiremontinfo\/2021\/12\/deploiement-de-fibre-a-rupt-moselle\/\"},\"wordCount\":259,\"commentCount\":0,\"publisher\":{\"@id\":\"https:\/\/vosgesinfo.fr\/remiremontinfo\/#organization\"},\"image\":{\"@id\":\"https:\/\/vosgesinfo.fr\/remiremontinfo\/2021\/12\/deploiement-de-fibre-a-rupt-moselle\/#primaryimage\"},\"thumbnailUrl\":\"https:\/\/vosgesinfo.fr\/app\/uploads\/sites\/5\/2024\/09\/202112fibre-optique-800x424-1.jpg\",\"keywords\":[\"fibre\",\"Internet\",\"rupt-sur-moselle\"],\"articleSection\":[\"A la Une\",\"Le Thillot &amp; son canton\",\"Rupt-Sur-Moselle\"],\"inLanguage\":\"fr-FR\",\"potentialAction\":[{\"@type\":\"CommentAction\",\"name\":\"Comment\",\"target\":[\"https:\/\/vosgesinfo.fr\/remiremontinfo\/2021\/12\/deploiement-de-fibre-a-rupt-moselle\/#respond\"]}]},{\"@type\":\"WebPage\",\"@id\":\"https:\/\/vosgesinfo.fr\/remiremontinfo\/2021\/12\/deploiement-de-fibre-a-rupt-moselle\/\",\"url\":\"https:\/\/vosgesinfo.fr\/remiremontinfo\/2021\/12\/deploiement-de-fibre-a-rupt-moselle\/\",\"name\":\"D\u00e9ploiement de la fibre \u00e0 Rupt-sur-Moselle - Remiremont Info\",\"isPartOf\":{\"@id\":\"https:\/\/vosgesinfo.fr\/remiremontinfo\/#website\"},\"primaryImageOfPage\":{\"@id\":\"https:\/\/vosgesinfo.fr\/remiremontinfo\/2021\/12\/deploiement-de-fibre-a-rupt-moselle\/#primaryimage\"},\"image\":{\"@id\":\"https:\/\/vosgesinfo.fr\/remiremontinfo\/2021\/12\/deploiement-de-fibre-a-rupt-moselle\/#primaryimage\"},\"thumbnailUrl\":\"https:\/\/vosgesinfo.fr\/app\/uploads\/sites\/5\/2024\/09\/202112fibre-optique-800x424-1.jpg\",\"datePublished\":\"2021-12-22T08:45:55+00:00\",\"dateModified\":\"2021-12-22T08:45:55+00:00\",\"breadcrumb\":{\"@id\":\"https:\/\/vosgesinfo.fr\/remiremontinfo\/2021\/12\/deploiement-de-fibre-a-rupt-moselle\/#breadcrumb\"},\"inLanguage\":\"fr-FR\",\"potentialAction\":[{\"@type\":\"ReadAction\",\"target\":[\"https:\/\/vosgesinfo.fr\/remiremontinfo\/2021\/12\/deploiement-de-fibre-a-rupt-moselle\/\"]}]},{\"@type\":\"ImageObject\",\"inLanguage\":\"fr-FR\",\"@id\":\"https:\/\/vosgesinfo.fr\/remiremontinfo\/2021\/12\/deploiement-de-fibre-a-rupt-moselle\/#primaryimage\",\"url\":\"https:\/\/vosgesinfo.fr\/app\/uploads\/sites\/5\/2024\/09\/202112fibre-optique-800x424-1.jpg\",\"contentUrl\":\"https:\/\/vosgesinfo.fr\/app\/uploads\/sites\/5\/2024\/09\/202112fibre-optique-800x424-1.jpg\",\"width\":800,\"height\":424},{\"@type\":\"BreadcrumbList\",\"@id\":\"https:\/\/vosgesinfo.fr\/remiremontinfo\/2021\/12\/deploiement-de-fibre-a-rupt-moselle\/#breadcrumb\",\"itemListElement\":[{\"@type\":\"ListItem\",\"position\":1,\"name\":\"Home\",\"item\":\"https:\/\/vosgesinfo.fr\/remiremontinfo\/\"},{\"@type\":\"ListItem\",\"position\":2,\"name\":\"D\u00e9ploiement de la fibre \u00e0 Rupt-sur-Moselle\"}]},{\"@type\":\"WebSite\",\"@id\":\"https:\/\/vosgesinfo.fr\/remiremontinfo\/#website\",\"url\":\"https:\/\/vosgesinfo.fr\/remiremontinfo\/\",\"name\":\"Remiremont Info\",\"description\":\"Toute l&#039;actualit\u00e9 de Remiremont\",\"publisher\":{\"@id\":\"https:\/\/vosgesinfo.fr\/remiremontinfo\/#organization\"},\"alternateName\":\"Toute l'actualit\u00e9 de Remiremont\",\"potentialAction\":[{\"@type\":\"SearchAction\",\"target\":{\"@type\":\"EntryPoint\",\"urlTemplate\":\"https:\/\/vosgesinfo.fr\/remiremontinfo\/?s={search_term_string}\"},\"query-input\":\"required name=search_term_string\"}],\"inLanguage\":\"fr-FR\"},{\"@type\":\"Organization\",\"@id\":\"https:\/\/vosgesinfo.fr\/remiremontinfo\/#organization\",\"name\":\"Remiremont Info\",\"url\":\"https:\/\/vosgesinfo.fr\/remiremontinfo\/\",\"logo\":{\"@type\":\"ImageObject\",\"inLanguage\":\"fr-FR\",\"@id\":\"https:\/\/vosgesinfo.fr\/remiremontinfo\/#\/schema\/logo\/image\/\",\"url\":\"https:\/\/vosgesinfo.fr\/app\/uploads\/sites\/5\/2023\/08\/favicon-remiremontinfo.png\",\"contentUrl\":\"https:\/\/vosgesinfo.fr\/app\/uploads\/sites\/5\/2023\/08\/favicon-remiremontinfo.png\",\"width\":512,\"height\":512,\"caption\":\"Remiremont Info\"},\"image\":{\"@id\":\"https:\/\/vosgesinfo.fr\/remiremontinfo\/#\/schema\/logo\/image\/\"},\"sameAs\":[\"https:\/\/www.facebook.com\/remiremontinfo\",\"https:\/\/x.com\/VosgesInfo88\",\"https:\/\/www.youtube.com\/@vosgesinfo\"]},{\"@type\":\"Person\",\"@id\":\"https:\/\/vosgesinfo.fr\/remiremontinfo\/#\/schema\/person\/3bfd164d5218a185b1db68655a265316\",\"name\":\"C D\",\"image\":{\"@type\":\"ImageObject\",\"inLanguage\":\"fr-FR\",\"@id\":\"https:\/\/vosgesinfo.fr\/remiremontinfo\/#\/schema\/person\/image\/\",\"url\":\"https:\/\/secure.gravatar.com\/avatar\/1f9a70007336511a47468b8f1c66f922b8b7cf617b02a31149ada43893a5d48f?s=96&d=mm&r=g\",\"contentUrl\":\"https:\/\/secure.gravatar.com\/avatar\/1f9a70007336511a47468b8f1c66f922b8b7cf617b02a31149ada43893a5d48f?s=96&d=mm&r=g\",\"caption\":\"C D\"},\"url\":\"https:\/\/vosgesinfo.fr\/remiremontinfo\/author\/cedric-drevet\/\"}]}<\/script>\n<!-- \/ Yoast SEO plugin. -->","yoast_head_json":{"title":"D\u00e9ploiement de la fibre \u00e0 Rupt-sur-Moselle - Remiremont Info","robots":{"index":"index","follow":"follow","max-snippet":"max-snippet:-1","max-image-preview":"max-image-preview:large","max-video-preview":"max-video-preview:-1"},"canonical":"https:\/\/vosgesinfo.fr\/remiremontinfo\/2021\/12\/deploiement-de-fibre-a-rupt-moselle\/","twitter_card":"summary_large_image","twitter_title":"D\u00e9ploiement de la fibre \u00e0 Rupt-sur-Moselle - Remiremont Info","twitter_description":"Photo d\u2019illustration\u00a0 Rupt-sur-Moselle, comme l\u2019ensemble de la Communaut\u00e9 de communes des Ballons des Hautes Vosges, est int\u00e9gralement ouvert \u00e0 la [&hellip;]","twitter_image":"https:\/\/vosgesinfo.fr\/app\/uploads\/sites\/5\/2024\/09\/202112fibre-optique-800x424-1.jpg","twitter_creator":"@VosgesInfo88","twitter_site":"@VosgesInfo88","twitter_misc":{"\u00c9crit par":"C D","Dur\u00e9e de lecture estim\u00e9e":"1 minute"},"schema":{"@context":"https:\/\/schema.org","@graph":[{"@type":"Article","@id":"https:\/\/vosgesinfo.fr\/remiremontinfo\/2021\/12\/deploiement-de-fibre-a-rupt-moselle\/#article","isPartOf":{"@id":"https:\/\/vosgesinfo.fr\/remiremontinfo\/2021\/12\/deploiement-de-fibre-a-rupt-moselle\/"},"author":{"name":"C D","@id":"https:\/\/vosgesinfo.fr\/remiremontinfo\/#\/schema\/person\/3bfd164d5218a185b1db68655a265316"},"headline":"D\u00e9ploiement de la fibre \u00e0 Rupt-sur-Moselle","datePublished":"2021-12-22T08:45:55+00:00","dateModified":"2021-12-22T08:45:55+00:00","mainEntityOfPage":{"@id":"https:\/\/vosgesinfo.fr\/remiremontinfo\/2021\/12\/deploiement-de-fibre-a-rupt-moselle\/"},"wordCount":259,"commentCount":0,"publisher":{"@id":"https:\/\/vosgesinfo.fr\/remiremontinfo\/#organization"},"image":{"@id":"https:\/\/vosgesinfo.fr\/remiremontinfo\/2021\/12\/deploiement-de-fibre-a-rupt-moselle\/#primaryimage"},"thumbnailUrl":"https:\/\/vosgesinfo.fr\/app\/uploads\/sites\/5\/2024\/09\/202112fibre-optique-800x424-1.jpg","keywords":["fibre","Internet","rupt-sur-moselle"],"articleSection":["A la Une","Le Thillot &amp; son canton","Rupt-Sur-Moselle"],"inLanguage":"fr-FR","potentialAction":[{"@type":"CommentAction","name":"Comment","target":["https:\/\/vosgesinfo.fr\/remiremontinfo\/2021\/12\/deploiement-de-fibre-a-rupt-moselle\/#respond"]}]},{"@type":"WebPage","@id":"https:\/\/vosgesinfo.fr\/remiremontinfo\/2021\/12\/deploiement-de-fibre-a-rupt-moselle\/","url":"https:\/\/vosgesinfo.fr\/remiremontinfo\/2021\/12\/deploiement-de-fibre-a-rupt-moselle\/","name":"D\u00e9ploiement de la fibre \u00e0 Rupt-sur-Moselle - Remiremont Info","isPartOf":{"@id":"https:\/\/vosgesinfo.fr\/remiremontinfo\/#website"},"primaryImageOfPage":{"@id":"https:\/\/vosgesinfo.fr\/remiremontinfo\/2021\/12\/deploiement-de-fibre-a-rupt-moselle\/#primaryimage"},"image":{"@id":"https:\/\/vosgesinfo.fr\/remiremontinfo\/2021\/12\/deploiement-de-fibre-a-rupt-moselle\/#primaryimage"},"thumbnailUrl":"https:\/\/vosgesinfo.fr\/app\/uploads\/sites\/5\/2024\/09\/202112fibre-optique-800x424-1.jpg","datePublished":"2021-12-22T08:45:55+00:00","dateModified":"2021-12-22T08:45:55+00:00","breadcrumb":{"@id":"https:\/\/vosgesinfo.fr\/remiremontinfo\/2021\/12\/deploiement-de-fibre-a-rupt-moselle\/#breadcrumb"},"inLanguage":"fr-FR","potentialAction":[{"@type":"ReadAction","target":["https:\/\/vosgesinfo.fr\/remiremontinfo\/2021\/12\/deploiement-de-fibre-a-rupt-moselle\/"]}]},{"@type":"ImageObject","inLanguage":"fr-FR","@id":"https:\/\/vosgesinfo.fr\/remiremontinfo\/2021\/12\/deploiement-de-fibre-a-rupt-moselle\/#primaryimage","url":"https:\/\/vosgesinfo.fr\/app\/uploads\/sites\/5\/2024\/09\/202112fibre-optique-800x424-1.jpg","contentUrl":"https:\/\/vosgesinfo.fr\/app\/uploads\/sites\/5\/2024\/09\/202112fibre-optique-800x424-1.jpg","width":800,"height":424},{"@type":"BreadcrumbList","@id":"https:\/\/vosgesinfo.fr\/remiremontinfo\/2021\/12\/deploiement-de-fibre-a-rupt-moselle\/#breadcrumb","itemListElement":[{"@type":"ListItem","position":1,"name":"Home","item":"https:\/\/vosgesinfo.fr\/remiremontinfo\/"},{"@type":"ListItem","position":2,"name":"D\u00e9ploiement de la fibre \u00e0 Rupt-sur-Moselle"}]},{"@type":"WebSite","@id":"https:\/\/vosgesinfo.fr\/remiremontinfo\/#website","url":"https:\/\/vosgesinfo.fr\/remiremontinfo\/","name":"Remiremont Info","description":"Toute l&#039;actualit\u00e9 de Remiremont","publisher":{"@id":"https:\/\/vosgesinfo.fr\/remiremontinfo\/#organization"},"alternateName":"Toute l'actualit\u00e9 de Remiremont","potentialAction":[{"@type":"SearchAction","target":{"@type":"EntryPoint","urlTemplate":"https:\/\/vosgesinfo.fr\/remiremontinfo\/?s={search_term_string}"},"query-input":"required name=search_term_string"}],"inLanguage":"fr-FR"},{"@type":"Organization","@id":"https:\/\/vosgesinfo.fr\/remiremontinfo\/#organization","name":"Remiremont Info","url":"https:\/\/vosgesinfo.fr\/remiremontinfo\/","logo":{"@type":"ImageObject","inLanguage":"fr-FR","@id":"https:\/\/vosgesinfo.fr\/remiremontinfo\/#\/schema\/logo\/image\/","url":"https:\/\/vosgesinfo.fr\/app\/uploads\/sites\/5\/2023\/08\/favicon-remiremontinfo.png","contentUrl":"https:\/\/vosgesinfo.fr\/app\/uploads\/sites\/5\/2023\/08\/favicon-remiremontinfo.png","width":512,"height":512,"caption":"Remiremont Info"},"image":{"@id":"https:\/\/vosgesinfo.fr\/remiremontinfo\/#\/schema\/logo\/image\/"},"sameAs":["https:\/\/www.facebook.com\/remiremontinfo","https:\/\/x.com\/VosgesInfo88","https:\/\/www.youtube.com\/@vosgesinfo"]},{"@type":"Person","@id":"https:\/\/vosgesinfo.fr\/remiremontinfo\/#\/schema\/person\/3bfd164d5218a185b1db68655a265316","name":"C D","image":{"@type":"ImageObject","inLanguage":"fr-FR","@id":"https:\/\/vosgesinfo.fr\/remiremontinfo\/#\/schema\/person\/image\/","url":"https:\/\/secure.gravatar.com\/avatar\/1f9a70007336511a47468b8f1c66f922b8b7cf617b02a31149ada43893a5d48f?s=96&d=mm&r=g","contentUrl":"https:\/\/secure.gravatar.com\/avatar\/1f9a70007336511a47468b8f1c66f922b8b7cf617b02a31149ada43893a5d48f?s=96&d=mm&r=g","caption":"C D"},"url":"https:\/\/vosgesinfo.fr\/remiremontinfo\/author\/cedric-drevet\/"}]}},"_links":{"self":[{"href":"https:\/\/vosgesinfo.fr\/remiremontinfo\/wp-json\/wp\/v2\/posts\/50353","targetHints":{"allow":["GET"]}}],"collection":[{"href":"https:\/\/vosgesinfo.fr\/remiremontinfo\/wp-json\/wp\/v2\/posts"}],"about":[{"href":"https:\/\/vosgesinfo.fr\/remiremontinfo\/wp-json\/wp\/v2\/types\/post"}],"author":[{"embeddable":true,"href":"https:\/\/vosgesinfo.fr\/remiremontinfo\/wp-json\/wp\/v2\/users\/407"}],"replies":[{"embeddable":true,"href":"https:\/\/vosgesinfo.fr\/remiremontinfo\/wp-json\/wp\/v2\/comments?post=50353"}],"version-history":[{"count":0,"href":"https:\/\/vosgesinfo.fr\/remiremontinfo\/wp-json\/wp\/v2\/posts\/50353\/revisions"}],"wp:featuredmedia":[{"embeddable":true,"href":"https:\/\/vosgesinfo.fr\/remiremontinfo\/wp-json\/wp\/v2\/media\/50354"}],"wp:attachment":[{"href":"https:\/\/vosgesinfo.fr\/remiremontinfo\/wp-json\/wp\/v2\/media?parent=50353"}],"wp:term":[{"taxonomy":"category","embeddable":true,"href":"https:\/\/vosgesinfo.fr\/remiremontinfo\/wp-json\/wp\/v2\/categories?post=50353"},{"taxonomy":"post_tag","embeddable":true,"href":"https:\/\/vosgesinfo.fr\/remiremontinfo\/wp-json\/wp\/v2\/tags?post=50353"}],"curies":[{"name":"wp","href":"https:\/\/api.w.org\/{rel}","templated":true}]}}