{"id":505,"date":"2023-08-27T00:52:16","date_gmt":"2023-08-26T22:52:16","guid":{"rendered":"https:\/\/vosgesinfo.fr\/remiremontinfo\/2023\/08\/la-derniere-danse-pour-les-quartiers-dete-a-remiremont\/"},"modified":"2023-08-27T00:52:16","modified_gmt":"2023-08-26T22:52:16","slug":"la-derniere-danse-pour-les-quartiers-dete-a-remiremont","status":"publish","type":"post","link":"https:\/\/vosgesinfo.fr\/remiremontinfo\/2023\/08\/la-derniere-danse-pour-les-quartiers-dete-a-remiremont\/","title":{"rendered":"La derni\u00e8re danse pour \u00ab\u00a0les Quartiers d&rsquo;\u00e9t\u00e9\u00a0\u00bb \u00e0 Remiremont"},"content":{"rendered":"<p>Dans le cadre de l&rsquo;op\u00e9ration des Quartiers d&rsquo;\u00e9t\u00e9 initi\u00e9e par la pr\u00e9fecture avec le soutien de la communaut\u00e9 de commune et de la ville de Remiremont,<a href=\"https:\/\/remiremontinfo.fr\/wp-content\/uploads\/2023\/08\/FestiBal-4.jpg\"><img decoding=\"async\" class=\"alignright size-medium wp-image-375535\" src=\"https:\/\/vosgesinfo.fr\/app\/uploads\/sites\/5\/2023\/08\/festibal-4.jpg\" alt=\"Festi'Bal 4\" width=\"255\" height=\"255\" \/><\/a> \u00e9tait organis\u00e9 ce samedi en fin d&rsquo;apr\u00e8s midi au quartier du Rhumont le Festi&rsquo;Bal, f\u00eate de quartier venant clore ce dispositif d\u00e9clin\u00e9 tout l&rsquo;\u00e9t\u00e9 par les m\u00e9diateurs de ville.\u00a0Au programme\u00a0: musique, danses, animations, jeux pour enfants et diverses activit\u00e9s pour une ambiance festive et conviviale.<\/p>\n<p>Pendant que les b\u00e9n\u00e9voles des associations organisatrices s&rsquo;affairaient \u00e0 la cuisine \u00e9ph\u00e9m\u00e8re et au service, Marianne, la m\u00e9diatrice de ville et coordinatrice pour la soir\u00e9e, s&rsquo;assurait du bon fonctionnement du dispositif. Pour accompagner les convives et les enfants occup\u00e9s sur l&rsquo;aire de jeux,\u00a0\u00e9taient pr\u00e9sents notamment Daniel N&rsquo;DAO pr\u00e9sident de la DMA et Th\u00e9o SEILLIER pr\u00e9sident du comit\u00e9 des\u00a0f\u00eates, bient\u00f4t rejoints par le s\u00e9nateur Jean HINGRAY.\u00a0Une soir\u00e9e r\u00e9ussie \u00e0 la vue de l&rsquo;affluence d&rsquo;un public d\u00e9cid\u00e9 \u00e0 partag\u00e9 un agr\u00e9able moment de partage en toute convivialit\u00e9, au son de la programmation\u00a0 musicale du DJ.<\/p>\n<p>&nbsp;<\/p>\n<p><a href=\"https:\/\/remiremontinfo.fr\/wp-content\/uploads\/2023\/08\/Festibal-3.jpg\"><img decoding=\"async\" class=\"alignright size-medium wp-image-375532\" src=\"https:\/\/vosgesinfo.fr\/app\/uploads\/sites\/5\/2023\/08\/festibal-3.jpg\" alt=\"Festi'bal 3\" width=\"255\" height=\"255\" \/><\/a><\/p>\n<p><a href=\"https:\/\/remiremontinfo.fr\/wp-content\/uploads\/2023\/08\/FestiBal-6.jpg\"><img decoding=\"async\" class=\"alignright size-medium wp-image-375539\" src=\"https:\/\/vosgesinfo.fr\/app\/uploads\/sites\/5\/2023\/08\/festibal-6.jpg\" alt=\"Festi'Bal 6\" width=\"255\" height=\"255\" \/><\/a><\/p>\n<p><a href=\"https:\/\/remiremontinfo.fr\/wp-content\/uploads\/2023\/08\/FestiBal-2.jpg\"><img decoding=\"async\" class=\"alignright size-medium wp-image-375534\" src=\"https:\/\/vosgesinfo.fr\/app\/uploads\/sites\/5\/2023\/08\/festibal-2.jpg\" alt=\"Festi'Bal 2\" width=\"255\" height=\"255\" \/><\/a><\/p>\n<p>&nbsp;<\/p>\n<p><a href=\"https:\/\/remiremontinfo.fr\/wp-content\/uploads\/2023\/08\/FestiBal-1.jpg\"><img decoding=\"async\" class=\"alignright size-medium wp-image-375533\" src=\"https:\/\/vosgesinfo.fr\/app\/uploads\/sites\/5\/2023\/08\/festibal-1.jpg\" alt=\"Festi'Bal 1\" width=\"255\" height=\"255\" \/><\/a><\/p>\n<p>&nbsp;<\/p>\n<p>&nbsp;<\/p>\n<p>&nbsp;<\/p>\n","protected":false},"excerpt":{"rendered":"<p>Dans le cadre de l&rsquo;op\u00e9ration des Quartiers d&rsquo;\u00e9t\u00e9 initi\u00e9e par la pr\u00e9fecture avec le soutien de la communaut\u00e9 de commune [&hellip;]<\/p>\n","protected":false},"author":412,"featured_media":501,"comment_status":"open","ping_status":"open","sticky":false,"template":"","format":"standard","meta":{"footnotes":""},"categories":[26,43,35,17,18],"tags":[137,44,32],"class_list":["post-505","post","type-post","status-publish","format-standard","has-post-thumbnail","hentry","category-a-la-une","category-remiremont-remiremont-son-canton","category-remiremont-son-canton","category-vie-associative","category-vosges","tag-associations","tag-remiremont","tag-vosges"],"acf":[],"yoast_head":"<!-- This site is optimized with the Yoast SEO plugin v22.5 - https:\/\/yoast.com\/wordpress\/plugins\/seo\/ -->\n<title>La derni\u00e8re danse pour &quot;les Quartiers d&#039;\u00e9t\u00e9&quot; \u00e0 Remiremont - Remiremont Info<\/title>\n<meta name=\"robots\" content=\"index, follow, max-snippet:-1, max-image-preview:large, max-video-preview:-1\" \/>\n<link rel=\"canonical\" href=\"https:\/\/vosgesinfo.fr\/remiremontinfo\/2023\/08\/la-derniere-danse-pour-les-quartiers-dete-a-remiremont\/\" \/>\n<meta name=\"twitter:card\" content=\"summary_large_image\" \/>\n<meta name=\"twitter:title\" content=\"La derni\u00e8re danse pour &quot;les Quartiers d&#039;\u00e9t\u00e9&quot; \u00e0 Remiremont - Remiremont Info\" \/>\n<meta name=\"twitter:description\" content=\"Dans le cadre de l&rsquo;op\u00e9ration des Quartiers d&rsquo;\u00e9t\u00e9 initi\u00e9e par la pr\u00e9fecture avec le soutien de la communaut\u00e9 de commune [&hellip;]\" \/>\n<meta name=\"twitter:image\" content=\"https:\/\/vosgesinfo.fr\/app\/uploads\/sites\/5\/2023\/08\/festibal-3.jpg\" \/>\n<meta name=\"twitter:creator\" content=\"@VosgesInfo88\" \/>\n<meta name=\"twitter:site\" content=\"@VosgesInfo88\" \/>\n<meta name=\"twitter:label1\" content=\"\u00c9crit par\" \/>\n\t<meta name=\"twitter:data1\" content=\"Stany Maurice\" \/>\n\t<meta name=\"twitter:label2\" content=\"Dur\u00e9e de lecture estim\u00e9e\" \/>\n\t<meta name=\"twitter:data2\" content=\"1 minute\" \/>\n<script type=\"application\/ld+json\" class=\"yoast-schema-graph\">{\"@context\":\"https:\/\/schema.org\",\"@graph\":[{\"@type\":\"Article\",\"@id\":\"https:\/\/vosgesinfo.fr\/remiremontinfo\/2023\/08\/la-derniere-danse-pour-les-quartiers-dete-a-remiremont\/#article\",\"isPartOf\":{\"@id\":\"https:\/\/vosgesinfo.fr\/remiremontinfo\/2023\/08\/la-derniere-danse-pour-les-quartiers-dete-a-remiremont\/\"},\"author\":{\"name\":\"Stany Maurice\",\"@id\":\"https:\/\/vosgesinfo.fr\/remiremontinfo\/#\/schema\/person\/bec388675ce53b5a637aec04392f977e\"},\"headline\":\"La derni\u00e8re danse pour \u00ab\u00a0les Quartiers d&rsquo;\u00e9t\u00e9\u00a0\u00bb \u00e0 Remiremont\",\"datePublished\":\"2023-08-26T22:52:16+00:00\",\"dateModified\":\"2023-08-26T22:52:16+00:00\",\"mainEntityOfPage\":{\"@id\":\"https:\/\/vosgesinfo.fr\/remiremontinfo\/2023\/08\/la-derniere-danse-pour-les-quartiers-dete-a-remiremont\/\"},\"wordCount\":217,\"commentCount\":0,\"publisher\":{\"@id\":\"https:\/\/vosgesinfo.fr\/remiremontinfo\/#organization\"},\"image\":{\"@id\":\"https:\/\/vosgesinfo.fr\/remiremontinfo\/2023\/08\/la-derniere-danse-pour-les-quartiers-dete-a-remiremont\/#primaryimage\"},\"thumbnailUrl\":\"https:\/\/vosgesinfo.fr\/app\/uploads\/sites\/5\/2023\/08\/festibal-3.jpg\",\"keywords\":[\"associations\",\"remiremont\",\"Vosges\"],\"articleSection\":[\"A la Une\",\"Remiremont\",\"Remiremont &amp; son canton\",\"Vie associative\",\"Vosges\"],\"inLanguage\":\"fr-FR\",\"potentialAction\":[{\"@type\":\"CommentAction\",\"name\":\"Comment\",\"target\":[\"https:\/\/vosgesinfo.fr\/remiremontinfo\/2023\/08\/la-derniere-danse-pour-les-quartiers-dete-a-remiremont\/#respond\"]}]},{\"@type\":\"WebPage\",\"@id\":\"https:\/\/vosgesinfo.fr\/remiremontinfo\/2023\/08\/la-derniere-danse-pour-les-quartiers-dete-a-remiremont\/\",\"url\":\"https:\/\/vosgesinfo.fr\/remiremontinfo\/2023\/08\/la-derniere-danse-pour-les-quartiers-dete-a-remiremont\/\",\"name\":\"La derni\u00e8re danse pour \\\"les Quartiers d'\u00e9t\u00e9\\\" \u00e0 Remiremont - Remiremont Info\",\"isPartOf\":{\"@id\":\"https:\/\/vosgesinfo.fr\/remiremontinfo\/#website\"},\"primaryImageOfPage\":{\"@id\":\"https:\/\/vosgesinfo.fr\/remiremontinfo\/2023\/08\/la-derniere-danse-pour-les-quartiers-dete-a-remiremont\/#primaryimage\"},\"image\":{\"@id\":\"https:\/\/vosgesinfo.fr\/remiremontinfo\/2023\/08\/la-derniere-danse-pour-les-quartiers-dete-a-remiremont\/#primaryimage\"},\"thumbnailUrl\":\"https:\/\/vosgesinfo.fr\/app\/uploads\/sites\/5\/2023\/08\/festibal-3.jpg\",\"datePublished\":\"2023-08-26T22:52:16+00:00\",\"dateModified\":\"2023-08-26T22:52:16+00:00\",\"breadcrumb\":{\"@id\":\"https:\/\/vosgesinfo.fr\/remiremontinfo\/2023\/08\/la-derniere-danse-pour-les-quartiers-dete-a-remiremont\/#breadcrumb\"},\"inLanguage\":\"fr-FR\",\"potentialAction\":[{\"@type\":\"ReadAction\",\"target\":[\"https:\/\/vosgesinfo.fr\/remiremontinfo\/2023\/08\/la-derniere-danse-pour-les-quartiers-dete-a-remiremont\/\"]}]},{\"@type\":\"ImageObject\",\"inLanguage\":\"fr-FR\",\"@id\":\"https:\/\/vosgesinfo.fr\/remiremontinfo\/2023\/08\/la-derniere-danse-pour-les-quartiers-dete-a-remiremont\/#primaryimage\",\"url\":\"https:\/\/vosgesinfo.fr\/app\/uploads\/sites\/5\/2023\/08\/festibal-3.jpg\",\"contentUrl\":\"https:\/\/vosgesinfo.fr\/app\/uploads\/sites\/5\/2023\/08\/festibal-3.jpg\",\"width\":1080,\"height\":1080},{\"@type\":\"BreadcrumbList\",\"@id\":\"https:\/\/vosgesinfo.fr\/remiremontinfo\/2023\/08\/la-derniere-danse-pour-les-quartiers-dete-a-remiremont\/#breadcrumb\",\"itemListElement\":[{\"@type\":\"ListItem\",\"position\":1,\"name\":\"Home\",\"item\":\"https:\/\/vosgesinfo.fr\/remiremontinfo\/\"},{\"@type\":\"ListItem\",\"position\":2,\"name\":\"La derni\u00e8re danse pour \u00ab\u00a0les Quartiers d&rsquo;\u00e9t\u00e9\u00a0\u00bb \u00e0 Remiremont\"}]},{\"@type\":\"WebSite\",\"@id\":\"https:\/\/vosgesinfo.fr\/remiremontinfo\/#website\",\"url\":\"https:\/\/vosgesinfo.fr\/remiremontinfo\/\",\"name\":\"Remiremont Info\",\"description\":\"Toute l&#039;actualit\u00e9 de Remiremont\",\"publisher\":{\"@id\":\"https:\/\/vosgesinfo.fr\/remiremontinfo\/#organization\"},\"alternateName\":\"Toute l'actualit\u00e9 de Remiremont\",\"potentialAction\":[{\"@type\":\"SearchAction\",\"target\":{\"@type\":\"EntryPoint\",\"urlTemplate\":\"https:\/\/vosgesinfo.fr\/remiremontinfo\/?s={search_term_string}\"},\"query-input\":\"required name=search_term_string\"}],\"inLanguage\":\"fr-FR\"},{\"@type\":\"Organization\",\"@id\":\"https:\/\/vosgesinfo.fr\/remiremontinfo\/#organization\",\"name\":\"Remiremont Info\",\"url\":\"https:\/\/vosgesinfo.fr\/remiremontinfo\/\",\"logo\":{\"@type\":\"ImageObject\",\"inLanguage\":\"fr-FR\",\"@id\":\"https:\/\/vosgesinfo.fr\/remiremontinfo\/#\/schema\/logo\/image\/\",\"url\":\"https:\/\/vosgesinfo.fr\/app\/uploads\/sites\/5\/2023\/08\/favicon-remiremontinfo.png\",\"contentUrl\":\"https:\/\/vosgesinfo.fr\/app\/uploads\/sites\/5\/2023\/08\/favicon-remiremontinfo.png\",\"width\":512,\"height\":512,\"caption\":\"Remiremont Info\"},\"image\":{\"@id\":\"https:\/\/vosgesinfo.fr\/remiremontinfo\/#\/schema\/logo\/image\/\"},\"sameAs\":[\"https:\/\/www.facebook.com\/remiremontinfo\",\"https:\/\/x.com\/VosgesInfo88\",\"https:\/\/www.youtube.com\/@vosgesinfo\"]},{\"@type\":\"Person\",\"@id\":\"https:\/\/vosgesinfo.fr\/remiremontinfo\/#\/schema\/person\/bec388675ce53b5a637aec04392f977e\",\"name\":\"Stany Maurice\",\"image\":{\"@type\":\"ImageObject\",\"inLanguage\":\"fr-FR\",\"@id\":\"https:\/\/vosgesinfo.fr\/remiremontinfo\/#\/schema\/person\/image\/\",\"url\":\"https:\/\/secure.gravatar.com\/avatar\/68520b0c74251371bd10958bd19c3ce39a212093b8fff0dc3edbfcfddd089807?s=96&d=mm&r=g\",\"contentUrl\":\"https:\/\/secure.gravatar.com\/avatar\/68520b0c74251371bd10958bd19c3ce39a212093b8fff0dc3edbfcfddd089807?s=96&d=mm&r=g\",\"caption\":\"Stany Maurice\"},\"url\":\"https:\/\/vosgesinfo.fr\/remiremontinfo\/author\/s-maurice\/\"}]}<\/script>\n<!-- \/ Yoast SEO plugin. -->","yoast_head_json":{"title":"La derni\u00e8re danse pour \"les Quartiers d'\u00e9t\u00e9\" \u00e0 Remiremont - Remiremont Info","robots":{"index":"index","follow":"follow","max-snippet":"max-snippet:-1","max-image-preview":"max-image-preview:large","max-video-preview":"max-video-preview:-1"},"canonical":"https:\/\/vosgesinfo.fr\/remiremontinfo\/2023\/08\/la-derniere-danse-pour-les-quartiers-dete-a-remiremont\/","twitter_card":"summary_large_image","twitter_title":"La derni\u00e8re danse pour \"les Quartiers d'\u00e9t\u00e9\" \u00e0 Remiremont - Remiremont Info","twitter_description":"Dans le cadre de l&rsquo;op\u00e9ration des Quartiers d&rsquo;\u00e9t\u00e9 initi\u00e9e par la pr\u00e9fecture avec le soutien de la communaut\u00e9 de commune [&hellip;]","twitter_image":"https:\/\/vosgesinfo.fr\/app\/uploads\/sites\/5\/2023\/08\/festibal-3.jpg","twitter_creator":"@VosgesInfo88","twitter_site":"@VosgesInfo88","twitter_misc":{"\u00c9crit par":"Stany Maurice","Dur\u00e9e de lecture estim\u00e9e":"1 minute"},"schema":{"@context":"https:\/\/schema.org","@graph":[{"@type":"Article","@id":"https:\/\/vosgesinfo.fr\/remiremontinfo\/2023\/08\/la-derniere-danse-pour-les-quartiers-dete-a-remiremont\/#article","isPartOf":{"@id":"https:\/\/vosgesinfo.fr\/remiremontinfo\/2023\/08\/la-derniere-danse-pour-les-quartiers-dete-a-remiremont\/"},"author":{"name":"Stany Maurice","@id":"https:\/\/vosgesinfo.fr\/remiremontinfo\/#\/schema\/person\/bec388675ce53b5a637aec04392f977e"},"headline":"La derni\u00e8re danse pour \u00ab\u00a0les Quartiers d&rsquo;\u00e9t\u00e9\u00a0\u00bb \u00e0 Remiremont","datePublished":"2023-08-26T22:52:16+00:00","dateModified":"2023-08-26T22:52:16+00:00","mainEntityOfPage":{"@id":"https:\/\/vosgesinfo.fr\/remiremontinfo\/2023\/08\/la-derniere-danse-pour-les-quartiers-dete-a-remiremont\/"},"wordCount":217,"commentCount":0,"publisher":{"@id":"https:\/\/vosgesinfo.fr\/remiremontinfo\/#organization"},"image":{"@id":"https:\/\/vosgesinfo.fr\/remiremontinfo\/2023\/08\/la-derniere-danse-pour-les-quartiers-dete-a-remiremont\/#primaryimage"},"thumbnailUrl":"https:\/\/vosgesinfo.fr\/app\/uploads\/sites\/5\/2023\/08\/festibal-3.jpg","keywords":["associations","remiremont","Vosges"],"articleSection":["A la Une","Remiremont","Remiremont &amp; son canton","Vie associative","Vosges"],"inLanguage":"fr-FR","potentialAction":[{"@type":"CommentAction","name":"Comment","target":["https:\/\/vosgesinfo.fr\/remiremontinfo\/2023\/08\/la-derniere-danse-pour-les-quartiers-dete-a-remiremont\/#respond"]}]},{"@type":"WebPage","@id":"https:\/\/vosgesinfo.fr\/remiremontinfo\/2023\/08\/la-derniere-danse-pour-les-quartiers-dete-a-remiremont\/","url":"https:\/\/vosgesinfo.fr\/remiremontinfo\/2023\/08\/la-derniere-danse-pour-les-quartiers-dete-a-remiremont\/","name":"La derni\u00e8re danse pour \"les Quartiers d'\u00e9t\u00e9\" \u00e0 Remiremont - Remiremont Info","isPartOf":{"@id":"https:\/\/vosgesinfo.fr\/remiremontinfo\/#website"},"primaryImageOfPage":{"@id":"https:\/\/vosgesinfo.fr\/remiremontinfo\/2023\/08\/la-derniere-danse-pour-les-quartiers-dete-a-remiremont\/#primaryimage"},"image":{"@id":"https:\/\/vosgesinfo.fr\/remiremontinfo\/2023\/08\/la-derniere-danse-pour-les-quartiers-dete-a-remiremont\/#primaryimage"},"thumbnailUrl":"https:\/\/vosgesinfo.fr\/app\/uploads\/sites\/5\/2023\/08\/festibal-3.jpg","datePublished":"2023-08-26T22:52:16+00:00","dateModified":"2023-08-26T22:52:16+00:00","breadcrumb":{"@id":"https:\/\/vosgesinfo.fr\/remiremontinfo\/2023\/08\/la-derniere-danse-pour-les-quartiers-dete-a-remiremont\/#breadcrumb"},"inLanguage":"fr-FR","potentialAction":[{"@type":"ReadAction","target":["https:\/\/vosgesinfo.fr\/remiremontinfo\/2023\/08\/la-derniere-danse-pour-les-quartiers-dete-a-remiremont\/"]}]},{"@type":"ImageObject","inLanguage":"fr-FR","@id":"https:\/\/vosgesinfo.fr\/remiremontinfo\/2023\/08\/la-derniere-danse-pour-les-quartiers-dete-a-remiremont\/#primaryimage","url":"https:\/\/vosgesinfo.fr\/app\/uploads\/sites\/5\/2023\/08\/festibal-3.jpg","contentUrl":"https:\/\/vosgesinfo.fr\/app\/uploads\/sites\/5\/2023\/08\/festibal-3.jpg","width":1080,"height":1080},{"@type":"BreadcrumbList","@id":"https:\/\/vosgesinfo.fr\/remiremontinfo\/2023\/08\/la-derniere-danse-pour-les-quartiers-dete-a-remiremont\/#breadcrumb","itemListElement":[{"@type":"ListItem","position":1,"name":"Home","item":"https:\/\/vosgesinfo.fr\/remiremontinfo\/"},{"@type":"ListItem","position":2,"name":"La derni\u00e8re danse pour \u00ab\u00a0les Quartiers d&rsquo;\u00e9t\u00e9\u00a0\u00bb \u00e0 Remiremont"}]},{"@type":"WebSite","@id":"https:\/\/vosgesinfo.fr\/remiremontinfo\/#website","url":"https:\/\/vosgesinfo.fr\/remiremontinfo\/","name":"Remiremont Info","description":"Toute l&#039;actualit\u00e9 de Remiremont","publisher":{"@id":"https:\/\/vosgesinfo.fr\/remiremontinfo\/#organization"},"alternateName":"Toute l'actualit\u00e9 de Remiremont","potentialAction":[{"@type":"SearchAction","target":{"@type":"EntryPoint","urlTemplate":"https:\/\/vosgesinfo.fr\/remiremontinfo\/?s={search_term_string}"},"query-input":"required name=search_term_string"}],"inLanguage":"fr-FR"},{"@type":"Organization","@id":"https:\/\/vosgesinfo.fr\/remiremontinfo\/#organization","name":"Remiremont Info","url":"https:\/\/vosgesinfo.fr\/remiremontinfo\/","logo":{"@type":"ImageObject","inLanguage":"fr-FR","@id":"https:\/\/vosgesinfo.fr\/remiremontinfo\/#\/schema\/logo\/image\/","url":"https:\/\/vosgesinfo.fr\/app\/uploads\/sites\/5\/2023\/08\/favicon-remiremontinfo.png","contentUrl":"https:\/\/vosgesinfo.fr\/app\/uploads\/sites\/5\/2023\/08\/favicon-remiremontinfo.png","width":512,"height":512,"caption":"Remiremont Info"},"image":{"@id":"https:\/\/vosgesinfo.fr\/remiremontinfo\/#\/schema\/logo\/image\/"},"sameAs":["https:\/\/www.facebook.com\/remiremontinfo","https:\/\/x.com\/VosgesInfo88","https:\/\/www.youtube.com\/@vosgesinfo"]},{"@type":"Person","@id":"https:\/\/vosgesinfo.fr\/remiremontinfo\/#\/schema\/person\/bec388675ce53b5a637aec04392f977e","name":"Stany Maurice","image":{"@type":"ImageObject","inLanguage":"fr-FR","@id":"https:\/\/vosgesinfo.fr\/remiremontinfo\/#\/schema\/person\/image\/","url":"https:\/\/secure.gravatar.com\/avatar\/68520b0c74251371bd10958bd19c3ce39a212093b8fff0dc3edbfcfddd089807?s=96&d=mm&r=g","contentUrl":"https:\/\/secure.gravatar.com\/avatar\/68520b0c74251371bd10958bd19c3ce39a212093b8fff0dc3edbfcfddd089807?s=96&d=mm&r=g","caption":"Stany Maurice"},"url":"https:\/\/vosgesinfo.fr\/remiremontinfo\/author\/s-maurice\/"}]}},"_links":{"self":[{"href":"https:\/\/vosgesinfo.fr\/remiremontinfo\/wp-json\/wp\/v2\/posts\/505","targetHints":{"allow":["GET"]}}],"collection":[{"href":"https:\/\/vosgesinfo.fr\/remiremontinfo\/wp-json\/wp\/v2\/posts"}],"about":[{"href":"https:\/\/vosgesinfo.fr\/remiremontinfo\/wp-json\/wp\/v2\/types\/post"}],"author":[{"embeddable":true,"href":"https:\/\/vosgesinfo.fr\/remiremontinfo\/wp-json\/wp\/v2\/users\/412"}],"replies":[{"embeddable":true,"href":"https:\/\/vosgesinfo.fr\/remiremontinfo\/wp-json\/wp\/v2\/comments?post=505"}],"version-history":[{"count":0,"href":"https:\/\/vosgesinfo.fr\/remiremontinfo\/wp-json\/wp\/v2\/posts\/505\/revisions"}],"wp:featuredmedia":[{"embeddable":true,"href":"https:\/\/vosgesinfo.fr\/remiremontinfo\/wp-json\/wp\/v2\/media\/501"}],"wp:attachment":[{"href":"https:\/\/vosgesinfo.fr\/remiremontinfo\/wp-json\/wp\/v2\/media?parent=505"}],"wp:term":[{"taxonomy":"category","embeddable":true,"href":"https:\/\/vosgesinfo.fr\/remiremontinfo\/wp-json\/wp\/v2\/categories?post=505"},{"taxonomy":"post_tag","embeddable":true,"href":"https:\/\/vosgesinfo.fr\/remiremontinfo\/wp-json\/wp\/v2\/tags?post=505"}],"curies":[{"name":"wp","href":"https:\/\/api.w.org\/{rel}","templated":true}]}}