{"id":50838,"date":"2022-01-13T16:35:25","date_gmt":"2022-01-13T15:35:25","guid":{"rendered":"https:\/\/vosgesinfo.fr\/remiremontinfo\/2022\/01\/interdiction-de-vente-fleurs-de-cbd-lincomprehension-commercants\/"},"modified":"2022-01-13T16:35:25","modified_gmt":"2022-01-13T15:35:25","slug":"interdiction-de-vente-fleurs-de-cbd-lincomprehension-commercants","status":"publish","type":"post","link":"https:\/\/vosgesinfo.fr\/remiremontinfo\/2022\/01\/interdiction-de-vente-fleurs-de-cbd-lincomprehension-commercants\/","title":{"rendered":"Interdiction de la vente des fleurs de CBD : l\u2019incompr\u00e9hension des commer\u00e7ants"},"content":{"rendered":"<p style=\"text-align: center;\" align=\"left\"><a href=\"\/2022\/01\/123.png\"><img decoding=\"async\" class=\"alignnone size-full wp-image-335375\" src=\"\/2022\/01\/123.png\" alt=\"123\" width=\"927\" height=\"685\" \/><\/a><\/p>\n<h2 align=\"left\"><span style=\"font-size: 12pt;\"><strong>L\u2019an dernier, plusieurs boutiques de produits \u00e0 base de CBD ont \u00e9t\u00e9 ouverte \u00e0 Remiremont et dans le secteur. Un arr\u00eat\u00e9 pris le 30 d\u00e9cembre met ces commer\u00e7ants de cannabidiol en difficult\u00e9. La vente des fleurs et des feuilles brutes est en effet interdite. Des acteurs de la fili\u00e8re expriment leur incompr\u00e9hension et leur d\u00e9sapprobation.\u00a0<\/strong><\/span><\/h2>\n<p align=\"left\">Une commer\u00e7ante \u00e0 Vagney, qui a ouvert sa boutique de CBD en septembre dernier, se dit \u00ab\u00a0choqu\u00e9e\u00a0\u00bb par la d\u00e9cision. Au d\u00e9part, elle a m\u00eame cru \u00e0 une blague. La nouvelle r\u00e9glementation impacte \u00e9norm\u00e9ment son activit\u00e9. \u00ab\u00a0Ca repr\u00e9sente la moiti\u00e9 de mon chiffre d\u2019affaire\u00a0\u00bb. Les tisanes, qui contiennent des fleurs s\u00e9ch\u00e9es, sont \u00e9galement concern\u00e9es par l\u2019arr\u00eat\u00e9. \u00ab\u00a0Du jour au lendemain, ne plus pouvoir en vendre, je trouve \u00e7a lamentable\u00a0\u00bb. Le cannabidiol, ou CBD, est en fait une mol\u00e9cule extraite du chanvre. Contrairement \u00e0 la seconde mol\u00e9cule pr\u00e9sente dans la plante, le Tetra Hydro Cannabinol (THC), le CBD n\u2019a pas d\u2019effet stup\u00e9fiant et n\u2019engendrerait pas de d\u00e9pendance physique. Ce sont les vertus apaisantes qui sont recherch\u00e9es, notamment en ce qui concerne la lutte contre les douleurs musculaires ou articulaires, les troubles du sommeil, etc. \u00ab\u00a0Je suis loin de vouloir arr\u00eater\u00a0\u00bb, affirme la commer\u00e7ante. L\u2019id\u00e9e de ne plus pouvoir vendre \u00e0 ces clients, notamment des habitu\u00e9s de ces produits, ne lui pla\u00eet pas. Reste \u00e0 voir comment la l\u00e9gislation \u00e9voluera \u00e0 l\u2019avenir.<\/p>\n","protected":false},"excerpt":{"rendered":"<p>L\u2019an dernier, plusieurs boutiques de produits \u00e0 base de CBD ont \u00e9t\u00e9 ouverte \u00e0 Remiremont et dans le secteur. Un [&hellip;]<\/p>\n","protected":false},"author":407,"featured_media":50839,"comment_status":"open","ping_status":"open","sticky":false,"template":"","format":"standard","meta":{"footnotes":""},"categories":[26,25,36,18],"tags":[],"class_list":["post-50838","post","type-post","status-publish","format-standard","has-post-thumbnail","hentry","category-a-la-une","category-la-bresse-son-canton","category-vagney","category-vosges"],"acf":[],"yoast_head":"<!-- This site is optimized with the Yoast SEO plugin v22.5 - https:\/\/yoast.com\/wordpress\/plugins\/seo\/ -->\n<title>Interdiction de la vente des fleurs de CBD : l\u2019incompr\u00e9hension des commer\u00e7ants - Remiremont Info<\/title>\n<meta name=\"robots\" content=\"index, follow, max-snippet:-1, max-image-preview:large, max-video-preview:-1\" \/>\n<link rel=\"canonical\" href=\"https:\/\/vosgesinfo.fr\/remiremontinfo\/2022\/01\/interdiction-de-vente-fleurs-de-cbd-lincomprehension-commercants\/\" \/>\n<meta name=\"twitter:card\" content=\"summary_large_image\" \/>\n<meta name=\"twitter:title\" content=\"Interdiction de la vente des fleurs de CBD : l\u2019incompr\u00e9hension des commer\u00e7ants - Remiremont Info\" \/>\n<meta name=\"twitter:description\" content=\"L\u2019an dernier, plusieurs boutiques de produits \u00e0 base de CBD ont \u00e9t\u00e9 ouverte \u00e0 Remiremont et dans le secteur. Un [&hellip;]\" \/>\n<meta name=\"twitter:image\" content=\"https:\/\/vosgesinfo.fr\/app\/uploads\/sites\/5\/2024\/09\/202201123.png\" \/>\n<meta name=\"twitter:creator\" content=\"@VosgesInfo88\" \/>\n<meta name=\"twitter:site\" content=\"@VosgesInfo88\" \/>\n<meta name=\"twitter:label1\" content=\"\u00c9crit par\" \/>\n\t<meta name=\"twitter:data1\" content=\"C D\" \/>\n\t<meta name=\"twitter:label2\" content=\"Dur\u00e9e de lecture estim\u00e9e\" \/>\n\t<meta name=\"twitter:data2\" content=\"1 minute\" \/>\n<script type=\"application\/ld+json\" class=\"yoast-schema-graph\">{\"@context\":\"https:\/\/schema.org\",\"@graph\":[{\"@type\":\"Article\",\"@id\":\"https:\/\/vosgesinfo.fr\/remiremontinfo\/2022\/01\/interdiction-de-vente-fleurs-de-cbd-lincomprehension-commercants\/#article\",\"isPartOf\":{\"@id\":\"https:\/\/vosgesinfo.fr\/remiremontinfo\/2022\/01\/interdiction-de-vente-fleurs-de-cbd-lincomprehension-commercants\/\"},\"author\":{\"name\":\"C D\",\"@id\":\"https:\/\/vosgesinfo.fr\/remiremontinfo\/#\/schema\/person\/3bfd164d5218a185b1db68655a265316\"},\"headline\":\"Interdiction de la vente des fleurs de CBD : l\u2019incompr\u00e9hension des commer\u00e7ants\",\"datePublished\":\"2022-01-13T15:35:25+00:00\",\"dateModified\":\"2022-01-13T15:35:25+00:00\",\"mainEntityOfPage\":{\"@id\":\"https:\/\/vosgesinfo.fr\/remiremontinfo\/2022\/01\/interdiction-de-vente-fleurs-de-cbd-lincomprehension-commercants\/\"},\"wordCount\":268,\"commentCount\":0,\"publisher\":{\"@id\":\"https:\/\/vosgesinfo.fr\/remiremontinfo\/#organization\"},\"image\":{\"@id\":\"https:\/\/vosgesinfo.fr\/remiremontinfo\/2022\/01\/interdiction-de-vente-fleurs-de-cbd-lincomprehension-commercants\/#primaryimage\"},\"thumbnailUrl\":\"https:\/\/vosgesinfo.fr\/app\/uploads\/sites\/5\/2024\/09\/202201123.png\",\"articleSection\":[\"A la Une\",\"La Bresse &amp; son canton\",\"Vagney\",\"Vosges\"],\"inLanguage\":\"fr-FR\",\"potentialAction\":[{\"@type\":\"CommentAction\",\"name\":\"Comment\",\"target\":[\"https:\/\/vosgesinfo.fr\/remiremontinfo\/2022\/01\/interdiction-de-vente-fleurs-de-cbd-lincomprehension-commercants\/#respond\"]}]},{\"@type\":\"WebPage\",\"@id\":\"https:\/\/vosgesinfo.fr\/remiremontinfo\/2022\/01\/interdiction-de-vente-fleurs-de-cbd-lincomprehension-commercants\/\",\"url\":\"https:\/\/vosgesinfo.fr\/remiremontinfo\/2022\/01\/interdiction-de-vente-fleurs-de-cbd-lincomprehension-commercants\/\",\"name\":\"Interdiction de la vente des fleurs de CBD : l\u2019incompr\u00e9hension des commer\u00e7ants - Remiremont Info\",\"isPartOf\":{\"@id\":\"https:\/\/vosgesinfo.fr\/remiremontinfo\/#website\"},\"primaryImageOfPage\":{\"@id\":\"https:\/\/vosgesinfo.fr\/remiremontinfo\/2022\/01\/interdiction-de-vente-fleurs-de-cbd-lincomprehension-commercants\/#primaryimage\"},\"image\":{\"@id\":\"https:\/\/vosgesinfo.fr\/remiremontinfo\/2022\/01\/interdiction-de-vente-fleurs-de-cbd-lincomprehension-commercants\/#primaryimage\"},\"thumbnailUrl\":\"https:\/\/vosgesinfo.fr\/app\/uploads\/sites\/5\/2024\/09\/202201123.png\",\"datePublished\":\"2022-01-13T15:35:25+00:00\",\"dateModified\":\"2022-01-13T15:35:25+00:00\",\"breadcrumb\":{\"@id\":\"https:\/\/vosgesinfo.fr\/remiremontinfo\/2022\/01\/interdiction-de-vente-fleurs-de-cbd-lincomprehension-commercants\/#breadcrumb\"},\"inLanguage\":\"fr-FR\",\"potentialAction\":[{\"@type\":\"ReadAction\",\"target\":[\"https:\/\/vosgesinfo.fr\/remiremontinfo\/2022\/01\/interdiction-de-vente-fleurs-de-cbd-lincomprehension-commercants\/\"]}]},{\"@type\":\"ImageObject\",\"inLanguage\":\"fr-FR\",\"@id\":\"https:\/\/vosgesinfo.fr\/remiremontinfo\/2022\/01\/interdiction-de-vente-fleurs-de-cbd-lincomprehension-commercants\/#primaryimage\",\"url\":\"https:\/\/vosgesinfo.fr\/app\/uploads\/sites\/5\/2024\/09\/202201123.png\",\"contentUrl\":\"https:\/\/vosgesinfo.fr\/app\/uploads\/sites\/5\/2024\/09\/202201123.png\",\"width\":927,\"height\":685},{\"@type\":\"BreadcrumbList\",\"@id\":\"https:\/\/vosgesinfo.fr\/remiremontinfo\/2022\/01\/interdiction-de-vente-fleurs-de-cbd-lincomprehension-commercants\/#breadcrumb\",\"itemListElement\":[{\"@type\":\"ListItem\",\"position\":1,\"name\":\"Home\",\"item\":\"https:\/\/vosgesinfo.fr\/remiremontinfo\/\"},{\"@type\":\"ListItem\",\"position\":2,\"name\":\"Interdiction de la vente des fleurs de CBD : l\u2019incompr\u00e9hension des commer\u00e7ants\"}]},{\"@type\":\"WebSite\",\"@id\":\"https:\/\/vosgesinfo.fr\/remiremontinfo\/#website\",\"url\":\"https:\/\/vosgesinfo.fr\/remiremontinfo\/\",\"name\":\"Remiremont Info\",\"description\":\"Toute l&#039;actualit\u00e9 de Remiremont\",\"publisher\":{\"@id\":\"https:\/\/vosgesinfo.fr\/remiremontinfo\/#organization\"},\"alternateName\":\"Toute l'actualit\u00e9 de Remiremont\",\"potentialAction\":[{\"@type\":\"SearchAction\",\"target\":{\"@type\":\"EntryPoint\",\"urlTemplate\":\"https:\/\/vosgesinfo.fr\/remiremontinfo\/?s={search_term_string}\"},\"query-input\":\"required name=search_term_string\"}],\"inLanguage\":\"fr-FR\"},{\"@type\":\"Organization\",\"@id\":\"https:\/\/vosgesinfo.fr\/remiremontinfo\/#organization\",\"name\":\"Remiremont Info\",\"url\":\"https:\/\/vosgesinfo.fr\/remiremontinfo\/\",\"logo\":{\"@type\":\"ImageObject\",\"inLanguage\":\"fr-FR\",\"@id\":\"https:\/\/vosgesinfo.fr\/remiremontinfo\/#\/schema\/logo\/image\/\",\"url\":\"https:\/\/vosgesinfo.fr\/app\/uploads\/sites\/5\/2023\/08\/favicon-remiremontinfo.png\",\"contentUrl\":\"https:\/\/vosgesinfo.fr\/app\/uploads\/sites\/5\/2023\/08\/favicon-remiremontinfo.png\",\"width\":512,\"height\":512,\"caption\":\"Remiremont Info\"},\"image\":{\"@id\":\"https:\/\/vosgesinfo.fr\/remiremontinfo\/#\/schema\/logo\/image\/\"},\"sameAs\":[\"https:\/\/www.facebook.com\/remiremontinfo\",\"https:\/\/x.com\/VosgesInfo88\",\"https:\/\/www.youtube.com\/@vosgesinfo\"]},{\"@type\":\"Person\",\"@id\":\"https:\/\/vosgesinfo.fr\/remiremontinfo\/#\/schema\/person\/3bfd164d5218a185b1db68655a265316\",\"name\":\"C D\",\"image\":{\"@type\":\"ImageObject\",\"inLanguage\":\"fr-FR\",\"@id\":\"https:\/\/vosgesinfo.fr\/remiremontinfo\/#\/schema\/person\/image\/\",\"url\":\"https:\/\/secure.gravatar.com\/avatar\/1f9a70007336511a47468b8f1c66f922b8b7cf617b02a31149ada43893a5d48f?s=96&d=mm&r=g\",\"contentUrl\":\"https:\/\/secure.gravatar.com\/avatar\/1f9a70007336511a47468b8f1c66f922b8b7cf617b02a31149ada43893a5d48f?s=96&d=mm&r=g\",\"caption\":\"C D\"},\"url\":\"https:\/\/vosgesinfo.fr\/remiremontinfo\/author\/cedric-drevet\/\"}]}<\/script>\n<!-- \/ Yoast SEO plugin. -->","yoast_head_json":{"title":"Interdiction de la vente des fleurs de CBD : l\u2019incompr\u00e9hension des commer\u00e7ants - Remiremont Info","robots":{"index":"index","follow":"follow","max-snippet":"max-snippet:-1","max-image-preview":"max-image-preview:large","max-video-preview":"max-video-preview:-1"},"canonical":"https:\/\/vosgesinfo.fr\/remiremontinfo\/2022\/01\/interdiction-de-vente-fleurs-de-cbd-lincomprehension-commercants\/","twitter_card":"summary_large_image","twitter_title":"Interdiction de la vente des fleurs de CBD : l\u2019incompr\u00e9hension des commer\u00e7ants - Remiremont Info","twitter_description":"L\u2019an dernier, plusieurs boutiques de produits \u00e0 base de CBD ont \u00e9t\u00e9 ouverte \u00e0 Remiremont et dans le secteur. Un [&hellip;]","twitter_image":"https:\/\/vosgesinfo.fr\/app\/uploads\/sites\/5\/2024\/09\/202201123.png","twitter_creator":"@VosgesInfo88","twitter_site":"@VosgesInfo88","twitter_misc":{"\u00c9crit par":"C D","Dur\u00e9e de lecture estim\u00e9e":"1 minute"},"schema":{"@context":"https:\/\/schema.org","@graph":[{"@type":"Article","@id":"https:\/\/vosgesinfo.fr\/remiremontinfo\/2022\/01\/interdiction-de-vente-fleurs-de-cbd-lincomprehension-commercants\/#article","isPartOf":{"@id":"https:\/\/vosgesinfo.fr\/remiremontinfo\/2022\/01\/interdiction-de-vente-fleurs-de-cbd-lincomprehension-commercants\/"},"author":{"name":"C D","@id":"https:\/\/vosgesinfo.fr\/remiremontinfo\/#\/schema\/person\/3bfd164d5218a185b1db68655a265316"},"headline":"Interdiction de la vente des fleurs de CBD : l\u2019incompr\u00e9hension des commer\u00e7ants","datePublished":"2022-01-13T15:35:25+00:00","dateModified":"2022-01-13T15:35:25+00:00","mainEntityOfPage":{"@id":"https:\/\/vosgesinfo.fr\/remiremontinfo\/2022\/01\/interdiction-de-vente-fleurs-de-cbd-lincomprehension-commercants\/"},"wordCount":268,"commentCount":0,"publisher":{"@id":"https:\/\/vosgesinfo.fr\/remiremontinfo\/#organization"},"image":{"@id":"https:\/\/vosgesinfo.fr\/remiremontinfo\/2022\/01\/interdiction-de-vente-fleurs-de-cbd-lincomprehension-commercants\/#primaryimage"},"thumbnailUrl":"https:\/\/vosgesinfo.fr\/app\/uploads\/sites\/5\/2024\/09\/202201123.png","articleSection":["A la Une","La Bresse &amp; son canton","Vagney","Vosges"],"inLanguage":"fr-FR","potentialAction":[{"@type":"CommentAction","name":"Comment","target":["https:\/\/vosgesinfo.fr\/remiremontinfo\/2022\/01\/interdiction-de-vente-fleurs-de-cbd-lincomprehension-commercants\/#respond"]}]},{"@type":"WebPage","@id":"https:\/\/vosgesinfo.fr\/remiremontinfo\/2022\/01\/interdiction-de-vente-fleurs-de-cbd-lincomprehension-commercants\/","url":"https:\/\/vosgesinfo.fr\/remiremontinfo\/2022\/01\/interdiction-de-vente-fleurs-de-cbd-lincomprehension-commercants\/","name":"Interdiction de la vente des fleurs de CBD : l\u2019incompr\u00e9hension des commer\u00e7ants - Remiremont Info","isPartOf":{"@id":"https:\/\/vosgesinfo.fr\/remiremontinfo\/#website"},"primaryImageOfPage":{"@id":"https:\/\/vosgesinfo.fr\/remiremontinfo\/2022\/01\/interdiction-de-vente-fleurs-de-cbd-lincomprehension-commercants\/#primaryimage"},"image":{"@id":"https:\/\/vosgesinfo.fr\/remiremontinfo\/2022\/01\/interdiction-de-vente-fleurs-de-cbd-lincomprehension-commercants\/#primaryimage"},"thumbnailUrl":"https:\/\/vosgesinfo.fr\/app\/uploads\/sites\/5\/2024\/09\/202201123.png","datePublished":"2022-01-13T15:35:25+00:00","dateModified":"2022-01-13T15:35:25+00:00","breadcrumb":{"@id":"https:\/\/vosgesinfo.fr\/remiremontinfo\/2022\/01\/interdiction-de-vente-fleurs-de-cbd-lincomprehension-commercants\/#breadcrumb"},"inLanguage":"fr-FR","potentialAction":[{"@type":"ReadAction","target":["https:\/\/vosgesinfo.fr\/remiremontinfo\/2022\/01\/interdiction-de-vente-fleurs-de-cbd-lincomprehension-commercants\/"]}]},{"@type":"ImageObject","inLanguage":"fr-FR","@id":"https:\/\/vosgesinfo.fr\/remiremontinfo\/2022\/01\/interdiction-de-vente-fleurs-de-cbd-lincomprehension-commercants\/#primaryimage","url":"https:\/\/vosgesinfo.fr\/app\/uploads\/sites\/5\/2024\/09\/202201123.png","contentUrl":"https:\/\/vosgesinfo.fr\/app\/uploads\/sites\/5\/2024\/09\/202201123.png","width":927,"height":685},{"@type":"BreadcrumbList","@id":"https:\/\/vosgesinfo.fr\/remiremontinfo\/2022\/01\/interdiction-de-vente-fleurs-de-cbd-lincomprehension-commercants\/#breadcrumb","itemListElement":[{"@type":"ListItem","position":1,"name":"Home","item":"https:\/\/vosgesinfo.fr\/remiremontinfo\/"},{"@type":"ListItem","position":2,"name":"Interdiction de la vente des fleurs de CBD : l\u2019incompr\u00e9hension des commer\u00e7ants"}]},{"@type":"WebSite","@id":"https:\/\/vosgesinfo.fr\/remiremontinfo\/#website","url":"https:\/\/vosgesinfo.fr\/remiremontinfo\/","name":"Remiremont Info","description":"Toute l&#039;actualit\u00e9 de Remiremont","publisher":{"@id":"https:\/\/vosgesinfo.fr\/remiremontinfo\/#organization"},"alternateName":"Toute l'actualit\u00e9 de Remiremont","potentialAction":[{"@type":"SearchAction","target":{"@type":"EntryPoint","urlTemplate":"https:\/\/vosgesinfo.fr\/remiremontinfo\/?s={search_term_string}"},"query-input":"required name=search_term_string"}],"inLanguage":"fr-FR"},{"@type":"Organization","@id":"https:\/\/vosgesinfo.fr\/remiremontinfo\/#organization","name":"Remiremont Info","url":"https:\/\/vosgesinfo.fr\/remiremontinfo\/","logo":{"@type":"ImageObject","inLanguage":"fr-FR","@id":"https:\/\/vosgesinfo.fr\/remiremontinfo\/#\/schema\/logo\/image\/","url":"https:\/\/vosgesinfo.fr\/app\/uploads\/sites\/5\/2023\/08\/favicon-remiremontinfo.png","contentUrl":"https:\/\/vosgesinfo.fr\/app\/uploads\/sites\/5\/2023\/08\/favicon-remiremontinfo.png","width":512,"height":512,"caption":"Remiremont Info"},"image":{"@id":"https:\/\/vosgesinfo.fr\/remiremontinfo\/#\/schema\/logo\/image\/"},"sameAs":["https:\/\/www.facebook.com\/remiremontinfo","https:\/\/x.com\/VosgesInfo88","https:\/\/www.youtube.com\/@vosgesinfo"]},{"@type":"Person","@id":"https:\/\/vosgesinfo.fr\/remiremontinfo\/#\/schema\/person\/3bfd164d5218a185b1db68655a265316","name":"C D","image":{"@type":"ImageObject","inLanguage":"fr-FR","@id":"https:\/\/vosgesinfo.fr\/remiremontinfo\/#\/schema\/person\/image\/","url":"https:\/\/secure.gravatar.com\/avatar\/1f9a70007336511a47468b8f1c66f922b8b7cf617b02a31149ada43893a5d48f?s=96&d=mm&r=g","contentUrl":"https:\/\/secure.gravatar.com\/avatar\/1f9a70007336511a47468b8f1c66f922b8b7cf617b02a31149ada43893a5d48f?s=96&d=mm&r=g","caption":"C D"},"url":"https:\/\/vosgesinfo.fr\/remiremontinfo\/author\/cedric-drevet\/"}]}},"_links":{"self":[{"href":"https:\/\/vosgesinfo.fr\/remiremontinfo\/wp-json\/wp\/v2\/posts\/50838","targetHints":{"allow":["GET"]}}],"collection":[{"href":"https:\/\/vosgesinfo.fr\/remiremontinfo\/wp-json\/wp\/v2\/posts"}],"about":[{"href":"https:\/\/vosgesinfo.fr\/remiremontinfo\/wp-json\/wp\/v2\/types\/post"}],"author":[{"embeddable":true,"href":"https:\/\/vosgesinfo.fr\/remiremontinfo\/wp-json\/wp\/v2\/users\/407"}],"replies":[{"embeddable":true,"href":"https:\/\/vosgesinfo.fr\/remiremontinfo\/wp-json\/wp\/v2\/comments?post=50838"}],"version-history":[{"count":0,"href":"https:\/\/vosgesinfo.fr\/remiremontinfo\/wp-json\/wp\/v2\/posts\/50838\/revisions"}],"wp:featuredmedia":[{"embeddable":true,"href":"https:\/\/vosgesinfo.fr\/remiremontinfo\/wp-json\/wp\/v2\/media\/50839"}],"wp:attachment":[{"href":"https:\/\/vosgesinfo.fr\/remiremontinfo\/wp-json\/wp\/v2\/media?parent=50838"}],"wp:term":[{"taxonomy":"category","embeddable":true,"href":"https:\/\/vosgesinfo.fr\/remiremontinfo\/wp-json\/wp\/v2\/categories?post=50838"},{"taxonomy":"post_tag","embeddable":true,"href":"https:\/\/vosgesinfo.fr\/remiremontinfo\/wp-json\/wp\/v2\/tags?post=50838"}],"curies":[{"name":"wp","href":"https:\/\/api.w.org\/{rel}","templated":true}]}}