{"id":50861,"date":"2022-01-14T08:05:27","date_gmt":"2022-01-14T07:05:27","guid":{"rendered":"https:\/\/vosgesinfo.fr\/remiremontinfo\/2022\/01\/saint-nabord-8eme-salon-producteurs-vins-saveurs\/"},"modified":"2022-01-14T08:05:27","modified_gmt":"2022-01-14T07:05:27","slug":"saint-nabord-8eme-salon-producteurs-vins-saveurs","status":"publish","type":"post","link":"https:\/\/vosgesinfo.fr\/remiremontinfo\/2022\/01\/saint-nabord-8eme-salon-producteurs-vins-saveurs\/","title":{"rendered":"Saint-Nabord : 8\u00e8me salon des Producteurs \u00ab Vins et Saveurs \u00bb"},"content":{"rendered":"<h2 style=\"text-align: center;\"><a href=\"\/2022\/01\/FLY_A5_2022_V3_VERSO-1-page-001.jpg\"><img decoding=\"async\" class=\"alignnone size-large wp-image-335415\" src=\"\/2022\/01\/FLY_A5_2022_V3_VERSO-1-page-001-727x1024.jpg\" alt=\"FLY_A5_2022_V3_VERSO (1)-page-001\" width=\"727\" height=\"1024\" \/><\/a><\/h2>\n<h2><span style=\"font-size: 12pt;\"><strong>Les 4, 5 et 6 f\u00e9vrier 2022, le club Kiwanis de Remiremont organise son 8\u00e8me Salon des Producteurs \u00ab Vins et Saveurs \u00bb au Centre socio-culturel, 6 rue du Centre \u00e0 Saint-Nabord. 31 exposants vous accueilleront pour vous pr\u00e9senter leurs productions de vins, mais aussi des produits sucr\u00e9s et sal\u00e9s du terroir pour les accompagner.<\/strong><\/span><\/h2>\n<p>Horaires d\u2019ouverture :<\/p>\n<p>Vendredi 4 f\u00e9vrier : 17 H 00 \u00e0 21 H 00<br \/>\nSamedi 5 f\u00e9vrier : 10 H 00 \u00e0 20 H 00<br \/>\nDimanche 6 f\u00e9vrier : 10 H 00 \u00e0 18 H 00<\/p>\n<p>L\u2019entr\u00e9e est de 1 \u20ac donnant droit \u00e0 deux billets de tombola. Vente de verres de d\u00e9gustation 2 \u20ac.<\/p>\n<p>Pass vaccinal obligatoire<\/p>\n<p>Possibilit\u00e9 de restauration le midi et le soir, sur r\u00e9servation<\/p>\n<p>Tous les b\u00e9n\u00e9fices des manifestations organis\u00e9es par le club sont int\u00e9gralement affect\u00e9s \u00e0 des \u0153uvres sociales, \u00e0 destination de familles d&rsquo;enfants en situation de handicap, et aussi en soutien \u00e0 des instituts sp\u00e9cialis\u00e9s locaux<\/p>\n<p>Plus d&rsquo;infos\u00a0sur <a href=\"http:\/\/site.kiwanis-remiremont.fr\/\">www.kiwanis-remiremont.fr<\/a> ou\u00a0sur <a href=\"https:\/\/www.facebook.com\/kiwanisremiremont88\/\">la page Facebook<\/a>\u00a0du club.<\/p>\n<p>Renseignements, r\u00e9servations : t\u00e9l 06 08 01 74 24 ou 07 83 86 55 17<\/p>\n<p>&nbsp;<\/p>\n","protected":false},"excerpt":{"rendered":"<p>Les 4, 5 et 6 f\u00e9vrier 2022, le club Kiwanis de Remiremont organise son 8\u00e8me Salon des Producteurs \u00ab Vins [&hellip;]<\/p>\n","protected":false},"author":407,"featured_media":50862,"comment_status":"open","ping_status":"open","sticky":false,"template":"","format":"standard","meta":{"footnotes":""},"categories":[26,35,100],"tags":[42],"class_list":["post-50861","post","type-post","status-publish","format-standard","has-post-thumbnail","hentry","category-a-la-une","category-remiremont-son-canton","category-saint-nabord","tag-saint-nabord"],"acf":[],"yoast_head":"<!-- This site is optimized with the Yoast SEO plugin v22.5 - https:\/\/yoast.com\/wordpress\/plugins\/seo\/ -->\n<title>Saint-Nabord : 8\u00e8me salon des Producteurs \u00ab Vins et Saveurs \u00bb - Remiremont Info<\/title>\n<meta name=\"robots\" content=\"index, follow, max-snippet:-1, max-image-preview:large, max-video-preview:-1\" \/>\n<link rel=\"canonical\" href=\"https:\/\/vosgesinfo.fr\/remiremontinfo\/2022\/01\/saint-nabord-8eme-salon-producteurs-vins-saveurs\/\" \/>\n<meta name=\"twitter:card\" content=\"summary_large_image\" \/>\n<meta name=\"twitter:title\" content=\"Saint-Nabord : 8\u00e8me salon des Producteurs \u00ab Vins et Saveurs \u00bb - Remiremont Info\" \/>\n<meta name=\"twitter:description\" content=\"Les 4, 5 et 6 f\u00e9vrier 2022, le club Kiwanis de Remiremont organise son 8\u00e8me Salon des Producteurs \u00ab Vins [&hellip;]\" \/>\n<meta name=\"twitter:image\" content=\"https:\/\/vosgesinfo.fr\/app\/uploads\/sites\/5\/2024\/09\/202201img-9457-scaled.jpg\" \/>\n<meta name=\"twitter:creator\" content=\"@VosgesInfo88\" \/>\n<meta name=\"twitter:site\" content=\"@VosgesInfo88\" \/>\n<meta name=\"twitter:label1\" content=\"\u00c9crit par\" \/>\n\t<meta name=\"twitter:data1\" content=\"C D\" \/>\n\t<meta name=\"twitter:label2\" content=\"Dur\u00e9e de lecture estim\u00e9e\" \/>\n\t<meta name=\"twitter:data2\" content=\"1 minute\" \/>\n<script type=\"application\/ld+json\" class=\"yoast-schema-graph\">{\"@context\":\"https:\/\/schema.org\",\"@graph\":[{\"@type\":\"Article\",\"@id\":\"https:\/\/vosgesinfo.fr\/remiremontinfo\/2022\/01\/saint-nabord-8eme-salon-producteurs-vins-saveurs\/#article\",\"isPartOf\":{\"@id\":\"https:\/\/vosgesinfo.fr\/remiremontinfo\/2022\/01\/saint-nabord-8eme-salon-producteurs-vins-saveurs\/\"},\"author\":{\"name\":\"C D\",\"@id\":\"https:\/\/vosgesinfo.fr\/remiremontinfo\/#\/schema\/person\/3bfd164d5218a185b1db68655a265316\"},\"headline\":\"Saint-Nabord : 8\u00e8me salon des Producteurs \u00ab Vins et Saveurs \u00bb\",\"datePublished\":\"2022-01-14T07:05:27+00:00\",\"dateModified\":\"2022-01-14T07:05:27+00:00\",\"mainEntityOfPage\":{\"@id\":\"https:\/\/vosgesinfo.fr\/remiremontinfo\/2022\/01\/saint-nabord-8eme-salon-producteurs-vins-saveurs\/\"},\"wordCount\":167,\"commentCount\":0,\"publisher\":{\"@id\":\"https:\/\/vosgesinfo.fr\/remiremontinfo\/#organization\"},\"image\":{\"@id\":\"https:\/\/vosgesinfo.fr\/remiremontinfo\/2022\/01\/saint-nabord-8eme-salon-producteurs-vins-saveurs\/#primaryimage\"},\"thumbnailUrl\":\"https:\/\/vosgesinfo.fr\/app\/uploads\/sites\/5\/2024\/09\/202201img-9457-scaled.jpg\",\"keywords\":[\"saint-nabord\"],\"articleSection\":[\"A la Une\",\"Remiremont &amp; son canton\",\"Saint-Nabord\"],\"inLanguage\":\"fr-FR\",\"potentialAction\":[{\"@type\":\"CommentAction\",\"name\":\"Comment\",\"target\":[\"https:\/\/vosgesinfo.fr\/remiremontinfo\/2022\/01\/saint-nabord-8eme-salon-producteurs-vins-saveurs\/#respond\"]}]},{\"@type\":\"WebPage\",\"@id\":\"https:\/\/vosgesinfo.fr\/remiremontinfo\/2022\/01\/saint-nabord-8eme-salon-producteurs-vins-saveurs\/\",\"url\":\"https:\/\/vosgesinfo.fr\/remiremontinfo\/2022\/01\/saint-nabord-8eme-salon-producteurs-vins-saveurs\/\",\"name\":\"Saint-Nabord : 8\u00e8me salon des Producteurs \u00ab Vins et Saveurs \u00bb - Remiremont Info\",\"isPartOf\":{\"@id\":\"https:\/\/vosgesinfo.fr\/remiremontinfo\/#website\"},\"primaryImageOfPage\":{\"@id\":\"https:\/\/vosgesinfo.fr\/remiremontinfo\/2022\/01\/saint-nabord-8eme-salon-producteurs-vins-saveurs\/#primaryimage\"},\"image\":{\"@id\":\"https:\/\/vosgesinfo.fr\/remiremontinfo\/2022\/01\/saint-nabord-8eme-salon-producteurs-vins-saveurs\/#primaryimage\"},\"thumbnailUrl\":\"https:\/\/vosgesinfo.fr\/app\/uploads\/sites\/5\/2024\/09\/202201img-9457-scaled.jpg\",\"datePublished\":\"2022-01-14T07:05:27+00:00\",\"dateModified\":\"2022-01-14T07:05:27+00:00\",\"breadcrumb\":{\"@id\":\"https:\/\/vosgesinfo.fr\/remiremontinfo\/2022\/01\/saint-nabord-8eme-salon-producteurs-vins-saveurs\/#breadcrumb\"},\"inLanguage\":\"fr-FR\",\"potentialAction\":[{\"@type\":\"ReadAction\",\"target\":[\"https:\/\/vosgesinfo.fr\/remiremontinfo\/2022\/01\/saint-nabord-8eme-salon-producteurs-vins-saveurs\/\"]}]},{\"@type\":\"ImageObject\",\"inLanguage\":\"fr-FR\",\"@id\":\"https:\/\/vosgesinfo.fr\/remiremontinfo\/2022\/01\/saint-nabord-8eme-salon-producteurs-vins-saveurs\/#primaryimage\",\"url\":\"https:\/\/vosgesinfo.fr\/app\/uploads\/sites\/5\/2024\/09\/202201img-9457-scaled.jpg\",\"contentUrl\":\"https:\/\/vosgesinfo.fr\/app\/uploads\/sites\/5\/2024\/09\/202201img-9457-scaled.jpg\",\"width\":2560,\"height\":1923},{\"@type\":\"BreadcrumbList\",\"@id\":\"https:\/\/vosgesinfo.fr\/remiremontinfo\/2022\/01\/saint-nabord-8eme-salon-producteurs-vins-saveurs\/#breadcrumb\",\"itemListElement\":[{\"@type\":\"ListItem\",\"position\":1,\"name\":\"Home\",\"item\":\"https:\/\/vosgesinfo.fr\/remiremontinfo\/\"},{\"@type\":\"ListItem\",\"position\":2,\"name\":\"Saint-Nabord : 8\u00e8me salon des Producteurs \u00ab Vins et Saveurs \u00bb\"}]},{\"@type\":\"WebSite\",\"@id\":\"https:\/\/vosgesinfo.fr\/remiremontinfo\/#website\",\"url\":\"https:\/\/vosgesinfo.fr\/remiremontinfo\/\",\"name\":\"Remiremont Info\",\"description\":\"Toute l&#039;actualit\u00e9 de Remiremont\",\"publisher\":{\"@id\":\"https:\/\/vosgesinfo.fr\/remiremontinfo\/#organization\"},\"alternateName\":\"Toute l'actualit\u00e9 de Remiremont\",\"potentialAction\":[{\"@type\":\"SearchAction\",\"target\":{\"@type\":\"EntryPoint\",\"urlTemplate\":\"https:\/\/vosgesinfo.fr\/remiremontinfo\/?s={search_term_string}\"},\"query-input\":\"required name=search_term_string\"}],\"inLanguage\":\"fr-FR\"},{\"@type\":\"Organization\",\"@id\":\"https:\/\/vosgesinfo.fr\/remiremontinfo\/#organization\",\"name\":\"Remiremont Info\",\"url\":\"https:\/\/vosgesinfo.fr\/remiremontinfo\/\",\"logo\":{\"@type\":\"ImageObject\",\"inLanguage\":\"fr-FR\",\"@id\":\"https:\/\/vosgesinfo.fr\/remiremontinfo\/#\/schema\/logo\/image\/\",\"url\":\"https:\/\/vosgesinfo.fr\/app\/uploads\/sites\/5\/2023\/08\/favicon-remiremontinfo.png\",\"contentUrl\":\"https:\/\/vosgesinfo.fr\/app\/uploads\/sites\/5\/2023\/08\/favicon-remiremontinfo.png\",\"width\":512,\"height\":512,\"caption\":\"Remiremont Info\"},\"image\":{\"@id\":\"https:\/\/vosgesinfo.fr\/remiremontinfo\/#\/schema\/logo\/image\/\"},\"sameAs\":[\"https:\/\/www.facebook.com\/remiremontinfo\",\"https:\/\/x.com\/VosgesInfo88\",\"https:\/\/www.youtube.com\/@vosgesinfo\"]},{\"@type\":\"Person\",\"@id\":\"https:\/\/vosgesinfo.fr\/remiremontinfo\/#\/schema\/person\/3bfd164d5218a185b1db68655a265316\",\"name\":\"C D\",\"image\":{\"@type\":\"ImageObject\",\"inLanguage\":\"fr-FR\",\"@id\":\"https:\/\/vosgesinfo.fr\/remiremontinfo\/#\/schema\/person\/image\/\",\"url\":\"https:\/\/secure.gravatar.com\/avatar\/1f9a70007336511a47468b8f1c66f922b8b7cf617b02a31149ada43893a5d48f?s=96&d=mm&r=g\",\"contentUrl\":\"https:\/\/secure.gravatar.com\/avatar\/1f9a70007336511a47468b8f1c66f922b8b7cf617b02a31149ada43893a5d48f?s=96&d=mm&r=g\",\"caption\":\"C D\"},\"url\":\"https:\/\/vosgesinfo.fr\/remiremontinfo\/author\/cedric-drevet\/\"}]}<\/script>\n<!-- \/ Yoast SEO plugin. -->","yoast_head_json":{"title":"Saint-Nabord : 8\u00e8me salon des Producteurs \u00ab Vins et Saveurs \u00bb - Remiremont Info","robots":{"index":"index","follow":"follow","max-snippet":"max-snippet:-1","max-image-preview":"max-image-preview:large","max-video-preview":"max-video-preview:-1"},"canonical":"https:\/\/vosgesinfo.fr\/remiremontinfo\/2022\/01\/saint-nabord-8eme-salon-producteurs-vins-saveurs\/","twitter_card":"summary_large_image","twitter_title":"Saint-Nabord : 8\u00e8me salon des Producteurs \u00ab Vins et Saveurs \u00bb - Remiremont Info","twitter_description":"Les 4, 5 et 6 f\u00e9vrier 2022, le club Kiwanis de Remiremont organise son 8\u00e8me Salon des Producteurs \u00ab Vins [&hellip;]","twitter_image":"https:\/\/vosgesinfo.fr\/app\/uploads\/sites\/5\/2024\/09\/202201img-9457-scaled.jpg","twitter_creator":"@VosgesInfo88","twitter_site":"@VosgesInfo88","twitter_misc":{"\u00c9crit par":"C D","Dur\u00e9e de lecture estim\u00e9e":"1 minute"},"schema":{"@context":"https:\/\/schema.org","@graph":[{"@type":"Article","@id":"https:\/\/vosgesinfo.fr\/remiremontinfo\/2022\/01\/saint-nabord-8eme-salon-producteurs-vins-saveurs\/#article","isPartOf":{"@id":"https:\/\/vosgesinfo.fr\/remiremontinfo\/2022\/01\/saint-nabord-8eme-salon-producteurs-vins-saveurs\/"},"author":{"name":"C D","@id":"https:\/\/vosgesinfo.fr\/remiremontinfo\/#\/schema\/person\/3bfd164d5218a185b1db68655a265316"},"headline":"Saint-Nabord : 8\u00e8me salon des Producteurs \u00ab Vins et Saveurs \u00bb","datePublished":"2022-01-14T07:05:27+00:00","dateModified":"2022-01-14T07:05:27+00:00","mainEntityOfPage":{"@id":"https:\/\/vosgesinfo.fr\/remiremontinfo\/2022\/01\/saint-nabord-8eme-salon-producteurs-vins-saveurs\/"},"wordCount":167,"commentCount":0,"publisher":{"@id":"https:\/\/vosgesinfo.fr\/remiremontinfo\/#organization"},"image":{"@id":"https:\/\/vosgesinfo.fr\/remiremontinfo\/2022\/01\/saint-nabord-8eme-salon-producteurs-vins-saveurs\/#primaryimage"},"thumbnailUrl":"https:\/\/vosgesinfo.fr\/app\/uploads\/sites\/5\/2024\/09\/202201img-9457-scaled.jpg","keywords":["saint-nabord"],"articleSection":["A la Une","Remiremont &amp; son canton","Saint-Nabord"],"inLanguage":"fr-FR","potentialAction":[{"@type":"CommentAction","name":"Comment","target":["https:\/\/vosgesinfo.fr\/remiremontinfo\/2022\/01\/saint-nabord-8eme-salon-producteurs-vins-saveurs\/#respond"]}]},{"@type":"WebPage","@id":"https:\/\/vosgesinfo.fr\/remiremontinfo\/2022\/01\/saint-nabord-8eme-salon-producteurs-vins-saveurs\/","url":"https:\/\/vosgesinfo.fr\/remiremontinfo\/2022\/01\/saint-nabord-8eme-salon-producteurs-vins-saveurs\/","name":"Saint-Nabord : 8\u00e8me salon des Producteurs \u00ab Vins et Saveurs \u00bb - Remiremont Info","isPartOf":{"@id":"https:\/\/vosgesinfo.fr\/remiremontinfo\/#website"},"primaryImageOfPage":{"@id":"https:\/\/vosgesinfo.fr\/remiremontinfo\/2022\/01\/saint-nabord-8eme-salon-producteurs-vins-saveurs\/#primaryimage"},"image":{"@id":"https:\/\/vosgesinfo.fr\/remiremontinfo\/2022\/01\/saint-nabord-8eme-salon-producteurs-vins-saveurs\/#primaryimage"},"thumbnailUrl":"https:\/\/vosgesinfo.fr\/app\/uploads\/sites\/5\/2024\/09\/202201img-9457-scaled.jpg","datePublished":"2022-01-14T07:05:27+00:00","dateModified":"2022-01-14T07:05:27+00:00","breadcrumb":{"@id":"https:\/\/vosgesinfo.fr\/remiremontinfo\/2022\/01\/saint-nabord-8eme-salon-producteurs-vins-saveurs\/#breadcrumb"},"inLanguage":"fr-FR","potentialAction":[{"@type":"ReadAction","target":["https:\/\/vosgesinfo.fr\/remiremontinfo\/2022\/01\/saint-nabord-8eme-salon-producteurs-vins-saveurs\/"]}]},{"@type":"ImageObject","inLanguage":"fr-FR","@id":"https:\/\/vosgesinfo.fr\/remiremontinfo\/2022\/01\/saint-nabord-8eme-salon-producteurs-vins-saveurs\/#primaryimage","url":"https:\/\/vosgesinfo.fr\/app\/uploads\/sites\/5\/2024\/09\/202201img-9457-scaled.jpg","contentUrl":"https:\/\/vosgesinfo.fr\/app\/uploads\/sites\/5\/2024\/09\/202201img-9457-scaled.jpg","width":2560,"height":1923},{"@type":"BreadcrumbList","@id":"https:\/\/vosgesinfo.fr\/remiremontinfo\/2022\/01\/saint-nabord-8eme-salon-producteurs-vins-saveurs\/#breadcrumb","itemListElement":[{"@type":"ListItem","position":1,"name":"Home","item":"https:\/\/vosgesinfo.fr\/remiremontinfo\/"},{"@type":"ListItem","position":2,"name":"Saint-Nabord : 8\u00e8me salon des Producteurs \u00ab Vins et Saveurs \u00bb"}]},{"@type":"WebSite","@id":"https:\/\/vosgesinfo.fr\/remiremontinfo\/#website","url":"https:\/\/vosgesinfo.fr\/remiremontinfo\/","name":"Remiremont Info","description":"Toute l&#039;actualit\u00e9 de Remiremont","publisher":{"@id":"https:\/\/vosgesinfo.fr\/remiremontinfo\/#organization"},"alternateName":"Toute l'actualit\u00e9 de Remiremont","potentialAction":[{"@type":"SearchAction","target":{"@type":"EntryPoint","urlTemplate":"https:\/\/vosgesinfo.fr\/remiremontinfo\/?s={search_term_string}"},"query-input":"required name=search_term_string"}],"inLanguage":"fr-FR"},{"@type":"Organization","@id":"https:\/\/vosgesinfo.fr\/remiremontinfo\/#organization","name":"Remiremont Info","url":"https:\/\/vosgesinfo.fr\/remiremontinfo\/","logo":{"@type":"ImageObject","inLanguage":"fr-FR","@id":"https:\/\/vosgesinfo.fr\/remiremontinfo\/#\/schema\/logo\/image\/","url":"https:\/\/vosgesinfo.fr\/app\/uploads\/sites\/5\/2023\/08\/favicon-remiremontinfo.png","contentUrl":"https:\/\/vosgesinfo.fr\/app\/uploads\/sites\/5\/2023\/08\/favicon-remiremontinfo.png","width":512,"height":512,"caption":"Remiremont Info"},"image":{"@id":"https:\/\/vosgesinfo.fr\/remiremontinfo\/#\/schema\/logo\/image\/"},"sameAs":["https:\/\/www.facebook.com\/remiremontinfo","https:\/\/x.com\/VosgesInfo88","https:\/\/www.youtube.com\/@vosgesinfo"]},{"@type":"Person","@id":"https:\/\/vosgesinfo.fr\/remiremontinfo\/#\/schema\/person\/3bfd164d5218a185b1db68655a265316","name":"C D","image":{"@type":"ImageObject","inLanguage":"fr-FR","@id":"https:\/\/vosgesinfo.fr\/remiremontinfo\/#\/schema\/person\/image\/","url":"https:\/\/secure.gravatar.com\/avatar\/1f9a70007336511a47468b8f1c66f922b8b7cf617b02a31149ada43893a5d48f?s=96&d=mm&r=g","contentUrl":"https:\/\/secure.gravatar.com\/avatar\/1f9a70007336511a47468b8f1c66f922b8b7cf617b02a31149ada43893a5d48f?s=96&d=mm&r=g","caption":"C D"},"url":"https:\/\/vosgesinfo.fr\/remiremontinfo\/author\/cedric-drevet\/"}]}},"_links":{"self":[{"href":"https:\/\/vosgesinfo.fr\/remiremontinfo\/wp-json\/wp\/v2\/posts\/50861","targetHints":{"allow":["GET"]}}],"collection":[{"href":"https:\/\/vosgesinfo.fr\/remiremontinfo\/wp-json\/wp\/v2\/posts"}],"about":[{"href":"https:\/\/vosgesinfo.fr\/remiremontinfo\/wp-json\/wp\/v2\/types\/post"}],"author":[{"embeddable":true,"href":"https:\/\/vosgesinfo.fr\/remiremontinfo\/wp-json\/wp\/v2\/users\/407"}],"replies":[{"embeddable":true,"href":"https:\/\/vosgesinfo.fr\/remiremontinfo\/wp-json\/wp\/v2\/comments?post=50861"}],"version-history":[{"count":0,"href":"https:\/\/vosgesinfo.fr\/remiremontinfo\/wp-json\/wp\/v2\/posts\/50861\/revisions"}],"wp:featuredmedia":[{"embeddable":true,"href":"https:\/\/vosgesinfo.fr\/remiremontinfo\/wp-json\/wp\/v2\/media\/50862"}],"wp:attachment":[{"href":"https:\/\/vosgesinfo.fr\/remiremontinfo\/wp-json\/wp\/v2\/media?parent=50861"}],"wp:term":[{"taxonomy":"category","embeddable":true,"href":"https:\/\/vosgesinfo.fr\/remiremontinfo\/wp-json\/wp\/v2\/categories?post=50861"},{"taxonomy":"post_tag","embeddable":true,"href":"https:\/\/vosgesinfo.fr\/remiremontinfo\/wp-json\/wp\/v2\/tags?post=50861"}],"curies":[{"name":"wp","href":"https:\/\/api.w.org\/{rel}","templated":true}]}}