{"id":50869,"date":"2022-01-14T07:16:11","date_gmt":"2022-01-14T06:16:11","guid":{"rendered":"https:\/\/vosgesinfo.fr\/remiremontinfo\/2022\/01\/syndicat-ccas-organise-voyage-a-ambleteuse-cote-dopale\/"},"modified":"2022-01-14T07:16:11","modified_gmt":"2022-01-14T06:16:11","slug":"syndicat-ccas-organise-voyage-a-ambleteuse-cote-dopale","status":"publish","type":"post","link":"https:\/\/vosgesinfo.fr\/remiremontinfo\/2022\/01\/syndicat-ccas-organise-voyage-a-ambleteuse-cote-dopale\/","title":{"rendered":"Le Syndicat : le CCAS organise un voyage \u00e0 Ambleteuse, sur la C\u00f4te d&rsquo;Opale"},"content":{"rendered":"<p><a href=\"\/2022\/01\/1280px-Ambleteuse_plage.jpg\"><img decoding=\"async\" class=\"alignnone size-large wp-image-335426\" src=\"\/2022\/01\/1280px-Ambleteuse_plage-1024x752.jpg\" alt=\"1280px-Ambleteuse_plage\" width=\"960\" height=\"705\" \/><\/a><\/p>\n<p><span style=\"font-size: 10pt;\"><em>Photo de\u00a0<a title=\"User:Velvet\" href=\"https:\/\/commons.wikimedia.org\/wiki\/User:Velvet\">Velvet<\/a>,\u00a0<a class=\"mw-mmv-license\" href=\"https:\/\/creativecommons.org\/licenses\/by-sa\/3.0\" target=\"_blank\" rel=\"noopener\">CC BY-SA 3.0<\/a>,\u00a0<a href=\"https:\/\/fr.wikipedia.org\/wiki\/Ambleteuse#\/media\/Fichier:Ambleteuse_plage.JPG\">Ambleteuse plage &#8211; Ambleteuse \u2014 Wikip\u00e9dia (wikipedia.org)<\/a>\u00a0<\/em><\/span><\/p>\n<h2><span style=\"font-size: 12pt;\"><strong>Le CCAS de la commune de Le Syndicat organise un voyage \u00e0 Ambleteuse (Cap d&rsquo;Opale) dans le Pas-de-Calais, du samedi 20 ao\u00fbt au samedi 27 ao\u00fbt 2022. Le trajet se fera en bus.<\/strong><\/span><\/h2>\n<div><span style=\"font-size: 12pt;\">Pour en b\u00e9n\u00e9ficier, vous devez :<\/span><\/div>\n<div><span style=\"font-size: 12pt;\">&#8211; \u00eatre \u00e2g\u00e9 de plus de 60 ans (55 ans pour les personnes en situation de handicap)<\/span><\/div>\n<div><span style=\"font-size: 12pt;\">&#8211; \u00eatre retrait\u00e9 ou sans activit\u00e9 professionnelle (pas de conditions d&rsquo;\u00e2ge ou d&rsquo;activit\u00e9 professionnelle pour le conjoint).<\/span><\/div>\n<div><span style=\"font-size: 12pt;\">\u00a0<\/span><\/div>\n<div><span style=\"font-size: 12pt;\">Documents \u00e0 fournir lors de l&rsquo;inscription :<\/span><\/div>\n<div><span style=\"font-size: 12pt;\">&#8211; Photocopie de la derni\u00e8re feuille d&rsquo;imposition,<br \/>\n<\/span><\/div>\n<div><span style=\"font-size: 12pt;\">&#8211; Photocopie carte d&rsquo;identit\u00e9<\/span><\/div>\n<div><span style=\"font-size: 12pt;\">&#8211; Photocopie de la carte vitale,<br \/>\n<\/span><\/div>\n<div><span style=\"font-size: 12pt;\">&#8211;\u00a0Coordonn\u00e9es (adresse postale, num\u00e9ro de t\u00e9l\u00e9phone portable, adresse mail),<br \/>\n<\/span><\/div>\n<div><span style=\"font-size: 12pt;\">\u00a0<\/span><\/div>\n<div><span style=\"font-size: 12pt;\">Concernant l&rsquo;\u00e9ligibilit\u00e9 \u00e0 l&rsquo;aide ANCV, se renseigner aupr\u00e8s du secr\u00e9tariat de mairie, 03 29 61 21 18.\u00a0<\/span><\/div>\n<div><\/div>\n<div><span style=\"font-size: 12pt;\"><em>Commune du Syndicat\u00a0<\/em><\/span><\/div>\n","protected":false},"excerpt":{"rendered":"<p>Photo de\u00a0Velvet,\u00a0CC BY-SA 3.0,\u00a0Ambleteuse plage &#8211; Ambleteuse \u2014 Wikip\u00e9dia (wikipedia.org)\u00a0 Le CCAS de la commune de Le Syndicat organise un [&hellip;]<\/p>\n","protected":false},"author":407,"featured_media":50870,"comment_status":"open","ping_status":"open","sticky":false,"template":"","format":"standard","meta":{"footnotes":""},"categories":[26,25,1579,54],"tags":[3300,1205,2816],"class_list":["post-50869","post","type-post","status-publish","format-standard","has-post-thumbnail","hentry","category-a-la-une","category-la-bresse-son-canton","category-le-syndicat-la-bresse-son-canton","category-loisirs","tag-ambleteuse","tag-le-syndicat","tag-voyage"],"acf":[],"yoast_head":"<!-- This site is optimized with the Yoast SEO plugin v22.5 - https:\/\/yoast.com\/wordpress\/plugins\/seo\/ -->\n<title>Le Syndicat : le CCAS organise un voyage \u00e0 Ambleteuse, sur la C\u00f4te d&#039;Opale - Remiremont Info<\/title>\n<meta name=\"robots\" content=\"index, follow, max-snippet:-1, max-image-preview:large, max-video-preview:-1\" \/>\n<link rel=\"canonical\" href=\"https:\/\/vosgesinfo.fr\/remiremontinfo\/2022\/01\/syndicat-ccas-organise-voyage-a-ambleteuse-cote-dopale\/\" \/>\n<meta name=\"twitter:card\" content=\"summary_large_image\" \/>\n<meta name=\"twitter:title\" content=\"Le Syndicat : le CCAS organise un voyage \u00e0 Ambleteuse, sur la C\u00f4te d&#039;Opale - Remiremont Info\" \/>\n<meta name=\"twitter:description\" content=\"Photo de\u00a0Velvet,\u00a0CC BY-SA 3.0,\u00a0Ambleteuse plage &#8211; Ambleteuse \u2014 Wikip\u00e9dia (wikipedia.org)\u00a0 Le CCAS de la commune de Le Syndicat organise un [&hellip;]\" \/>\n<meta name=\"twitter:image\" content=\"https:\/\/vosgesinfo.fr\/app\/uploads\/sites\/5\/2024\/09\/2022011280px-ambleteuse-plage.jpg\" \/>\n<meta name=\"twitter:creator\" content=\"@VosgesInfo88\" \/>\n<meta name=\"twitter:site\" content=\"@VosgesInfo88\" \/>\n<meta name=\"twitter:label1\" content=\"\u00c9crit par\" \/>\n\t<meta name=\"twitter:data1\" content=\"C D\" \/>\n\t<meta name=\"twitter:label2\" content=\"Dur\u00e9e de lecture estim\u00e9e\" \/>\n\t<meta name=\"twitter:data2\" content=\"1 minute\" \/>\n<script type=\"application\/ld+json\" class=\"yoast-schema-graph\">{\"@context\":\"https:\/\/schema.org\",\"@graph\":[{\"@type\":\"Article\",\"@id\":\"https:\/\/vosgesinfo.fr\/remiremontinfo\/2022\/01\/syndicat-ccas-organise-voyage-a-ambleteuse-cote-dopale\/#article\",\"isPartOf\":{\"@id\":\"https:\/\/vosgesinfo.fr\/remiremontinfo\/2022\/01\/syndicat-ccas-organise-voyage-a-ambleteuse-cote-dopale\/\"},\"author\":{\"name\":\"C D\",\"@id\":\"https:\/\/vosgesinfo.fr\/remiremontinfo\/#\/schema\/person\/3bfd164d5218a185b1db68655a265316\"},\"headline\":\"Le Syndicat : le CCAS organise un voyage \u00e0 Ambleteuse, sur la C\u00f4te d&rsquo;Opale\",\"datePublished\":\"2022-01-14T06:16:11+00:00\",\"dateModified\":\"2022-01-14T06:16:11+00:00\",\"mainEntityOfPage\":{\"@id\":\"https:\/\/vosgesinfo.fr\/remiremontinfo\/2022\/01\/syndicat-ccas-organise-voyage-a-ambleteuse-cote-dopale\/\"},\"wordCount\":158,\"commentCount\":0,\"publisher\":{\"@id\":\"https:\/\/vosgesinfo.fr\/remiremontinfo\/#organization\"},\"image\":{\"@id\":\"https:\/\/vosgesinfo.fr\/remiremontinfo\/2022\/01\/syndicat-ccas-organise-voyage-a-ambleteuse-cote-dopale\/#primaryimage\"},\"thumbnailUrl\":\"https:\/\/vosgesinfo.fr\/app\/uploads\/sites\/5\/2024\/09\/2022011280px-ambleteuse-plage.jpg\",\"keywords\":[\"Ambleteuse\",\"Le Syndicat\",\"Voyage\"],\"articleSection\":[\"A la Une\",\"La Bresse &amp; son canton\",\"Le Syndicat\",\"Loisirs\"],\"inLanguage\":\"fr-FR\",\"potentialAction\":[{\"@type\":\"CommentAction\",\"name\":\"Comment\",\"target\":[\"https:\/\/vosgesinfo.fr\/remiremontinfo\/2022\/01\/syndicat-ccas-organise-voyage-a-ambleteuse-cote-dopale\/#respond\"]}]},{\"@type\":\"WebPage\",\"@id\":\"https:\/\/vosgesinfo.fr\/remiremontinfo\/2022\/01\/syndicat-ccas-organise-voyage-a-ambleteuse-cote-dopale\/\",\"url\":\"https:\/\/vosgesinfo.fr\/remiremontinfo\/2022\/01\/syndicat-ccas-organise-voyage-a-ambleteuse-cote-dopale\/\",\"name\":\"Le Syndicat : le CCAS organise un voyage \u00e0 Ambleteuse, sur la C\u00f4te d'Opale - Remiremont Info\",\"isPartOf\":{\"@id\":\"https:\/\/vosgesinfo.fr\/remiremontinfo\/#website\"},\"primaryImageOfPage\":{\"@id\":\"https:\/\/vosgesinfo.fr\/remiremontinfo\/2022\/01\/syndicat-ccas-organise-voyage-a-ambleteuse-cote-dopale\/#primaryimage\"},\"image\":{\"@id\":\"https:\/\/vosgesinfo.fr\/remiremontinfo\/2022\/01\/syndicat-ccas-organise-voyage-a-ambleteuse-cote-dopale\/#primaryimage\"},\"thumbnailUrl\":\"https:\/\/vosgesinfo.fr\/app\/uploads\/sites\/5\/2024\/09\/2022011280px-ambleteuse-plage.jpg\",\"datePublished\":\"2022-01-14T06:16:11+00:00\",\"dateModified\":\"2022-01-14T06:16:11+00:00\",\"breadcrumb\":{\"@id\":\"https:\/\/vosgesinfo.fr\/remiremontinfo\/2022\/01\/syndicat-ccas-organise-voyage-a-ambleteuse-cote-dopale\/#breadcrumb\"},\"inLanguage\":\"fr-FR\",\"potentialAction\":[{\"@type\":\"ReadAction\",\"target\":[\"https:\/\/vosgesinfo.fr\/remiremontinfo\/2022\/01\/syndicat-ccas-organise-voyage-a-ambleteuse-cote-dopale\/\"]}]},{\"@type\":\"ImageObject\",\"inLanguage\":\"fr-FR\",\"@id\":\"https:\/\/vosgesinfo.fr\/remiremontinfo\/2022\/01\/syndicat-ccas-organise-voyage-a-ambleteuse-cote-dopale\/#primaryimage\",\"url\":\"https:\/\/vosgesinfo.fr\/app\/uploads\/sites\/5\/2024\/09\/2022011280px-ambleteuse-plage.jpg\",\"contentUrl\":\"https:\/\/vosgesinfo.fr\/app\/uploads\/sites\/5\/2024\/09\/2022011280px-ambleteuse-plage.jpg\",\"width\":1280,\"height\":940},{\"@type\":\"BreadcrumbList\",\"@id\":\"https:\/\/vosgesinfo.fr\/remiremontinfo\/2022\/01\/syndicat-ccas-organise-voyage-a-ambleteuse-cote-dopale\/#breadcrumb\",\"itemListElement\":[{\"@type\":\"ListItem\",\"position\":1,\"name\":\"Home\",\"item\":\"https:\/\/vosgesinfo.fr\/remiremontinfo\/\"},{\"@type\":\"ListItem\",\"position\":2,\"name\":\"Le Syndicat : le CCAS organise un voyage \u00e0 Ambleteuse, sur la C\u00f4te d&rsquo;Opale\"}]},{\"@type\":\"WebSite\",\"@id\":\"https:\/\/vosgesinfo.fr\/remiremontinfo\/#website\",\"url\":\"https:\/\/vosgesinfo.fr\/remiremontinfo\/\",\"name\":\"Remiremont Info\",\"description\":\"Toute l&#039;actualit\u00e9 de Remiremont\",\"publisher\":{\"@id\":\"https:\/\/vosgesinfo.fr\/remiremontinfo\/#organization\"},\"alternateName\":\"Toute l'actualit\u00e9 de Remiremont\",\"potentialAction\":[{\"@type\":\"SearchAction\",\"target\":{\"@type\":\"EntryPoint\",\"urlTemplate\":\"https:\/\/vosgesinfo.fr\/remiremontinfo\/?s={search_term_string}\"},\"query-input\":\"required name=search_term_string\"}],\"inLanguage\":\"fr-FR\"},{\"@type\":\"Organization\",\"@id\":\"https:\/\/vosgesinfo.fr\/remiremontinfo\/#organization\",\"name\":\"Remiremont Info\",\"url\":\"https:\/\/vosgesinfo.fr\/remiremontinfo\/\",\"logo\":{\"@type\":\"ImageObject\",\"inLanguage\":\"fr-FR\",\"@id\":\"https:\/\/vosgesinfo.fr\/remiremontinfo\/#\/schema\/logo\/image\/\",\"url\":\"https:\/\/vosgesinfo.fr\/app\/uploads\/sites\/5\/2023\/08\/favicon-remiremontinfo.png\",\"contentUrl\":\"https:\/\/vosgesinfo.fr\/app\/uploads\/sites\/5\/2023\/08\/favicon-remiremontinfo.png\",\"width\":512,\"height\":512,\"caption\":\"Remiremont Info\"},\"image\":{\"@id\":\"https:\/\/vosgesinfo.fr\/remiremontinfo\/#\/schema\/logo\/image\/\"},\"sameAs\":[\"https:\/\/www.facebook.com\/remiremontinfo\",\"https:\/\/x.com\/VosgesInfo88\",\"https:\/\/www.youtube.com\/@vosgesinfo\"]},{\"@type\":\"Person\",\"@id\":\"https:\/\/vosgesinfo.fr\/remiremontinfo\/#\/schema\/person\/3bfd164d5218a185b1db68655a265316\",\"name\":\"C D\",\"image\":{\"@type\":\"ImageObject\",\"inLanguage\":\"fr-FR\",\"@id\":\"https:\/\/vosgesinfo.fr\/remiremontinfo\/#\/schema\/person\/image\/\",\"url\":\"https:\/\/secure.gravatar.com\/avatar\/1f9a70007336511a47468b8f1c66f922b8b7cf617b02a31149ada43893a5d48f?s=96&d=mm&r=g\",\"contentUrl\":\"https:\/\/secure.gravatar.com\/avatar\/1f9a70007336511a47468b8f1c66f922b8b7cf617b02a31149ada43893a5d48f?s=96&d=mm&r=g\",\"caption\":\"C D\"},\"url\":\"https:\/\/vosgesinfo.fr\/remiremontinfo\/author\/cedric-drevet\/\"}]}<\/script>\n<!-- \/ Yoast SEO plugin. -->","yoast_head_json":{"title":"Le Syndicat : le CCAS organise un voyage \u00e0 Ambleteuse, sur la C\u00f4te d'Opale - Remiremont Info","robots":{"index":"index","follow":"follow","max-snippet":"max-snippet:-1","max-image-preview":"max-image-preview:large","max-video-preview":"max-video-preview:-1"},"canonical":"https:\/\/vosgesinfo.fr\/remiremontinfo\/2022\/01\/syndicat-ccas-organise-voyage-a-ambleteuse-cote-dopale\/","twitter_card":"summary_large_image","twitter_title":"Le Syndicat : le CCAS organise un voyage \u00e0 Ambleteuse, sur la C\u00f4te d'Opale - Remiremont Info","twitter_description":"Photo de\u00a0Velvet,\u00a0CC BY-SA 3.0,\u00a0Ambleteuse plage &#8211; Ambleteuse \u2014 Wikip\u00e9dia (wikipedia.org)\u00a0 Le CCAS de la commune de Le Syndicat organise un [&hellip;]","twitter_image":"https:\/\/vosgesinfo.fr\/app\/uploads\/sites\/5\/2024\/09\/2022011280px-ambleteuse-plage.jpg","twitter_creator":"@VosgesInfo88","twitter_site":"@VosgesInfo88","twitter_misc":{"\u00c9crit par":"C D","Dur\u00e9e de lecture estim\u00e9e":"1 minute"},"schema":{"@context":"https:\/\/schema.org","@graph":[{"@type":"Article","@id":"https:\/\/vosgesinfo.fr\/remiremontinfo\/2022\/01\/syndicat-ccas-organise-voyage-a-ambleteuse-cote-dopale\/#article","isPartOf":{"@id":"https:\/\/vosgesinfo.fr\/remiremontinfo\/2022\/01\/syndicat-ccas-organise-voyage-a-ambleteuse-cote-dopale\/"},"author":{"name":"C D","@id":"https:\/\/vosgesinfo.fr\/remiremontinfo\/#\/schema\/person\/3bfd164d5218a185b1db68655a265316"},"headline":"Le Syndicat : le CCAS organise un voyage \u00e0 Ambleteuse, sur la C\u00f4te d&rsquo;Opale","datePublished":"2022-01-14T06:16:11+00:00","dateModified":"2022-01-14T06:16:11+00:00","mainEntityOfPage":{"@id":"https:\/\/vosgesinfo.fr\/remiremontinfo\/2022\/01\/syndicat-ccas-organise-voyage-a-ambleteuse-cote-dopale\/"},"wordCount":158,"commentCount":0,"publisher":{"@id":"https:\/\/vosgesinfo.fr\/remiremontinfo\/#organization"},"image":{"@id":"https:\/\/vosgesinfo.fr\/remiremontinfo\/2022\/01\/syndicat-ccas-organise-voyage-a-ambleteuse-cote-dopale\/#primaryimage"},"thumbnailUrl":"https:\/\/vosgesinfo.fr\/app\/uploads\/sites\/5\/2024\/09\/2022011280px-ambleteuse-plage.jpg","keywords":["Ambleteuse","Le Syndicat","Voyage"],"articleSection":["A la Une","La Bresse &amp; son canton","Le Syndicat","Loisirs"],"inLanguage":"fr-FR","potentialAction":[{"@type":"CommentAction","name":"Comment","target":["https:\/\/vosgesinfo.fr\/remiremontinfo\/2022\/01\/syndicat-ccas-organise-voyage-a-ambleteuse-cote-dopale\/#respond"]}]},{"@type":"WebPage","@id":"https:\/\/vosgesinfo.fr\/remiremontinfo\/2022\/01\/syndicat-ccas-organise-voyage-a-ambleteuse-cote-dopale\/","url":"https:\/\/vosgesinfo.fr\/remiremontinfo\/2022\/01\/syndicat-ccas-organise-voyage-a-ambleteuse-cote-dopale\/","name":"Le Syndicat : le CCAS organise un voyage \u00e0 Ambleteuse, sur la C\u00f4te d'Opale - Remiremont Info","isPartOf":{"@id":"https:\/\/vosgesinfo.fr\/remiremontinfo\/#website"},"primaryImageOfPage":{"@id":"https:\/\/vosgesinfo.fr\/remiremontinfo\/2022\/01\/syndicat-ccas-organise-voyage-a-ambleteuse-cote-dopale\/#primaryimage"},"image":{"@id":"https:\/\/vosgesinfo.fr\/remiremontinfo\/2022\/01\/syndicat-ccas-organise-voyage-a-ambleteuse-cote-dopale\/#primaryimage"},"thumbnailUrl":"https:\/\/vosgesinfo.fr\/app\/uploads\/sites\/5\/2024\/09\/2022011280px-ambleteuse-plage.jpg","datePublished":"2022-01-14T06:16:11+00:00","dateModified":"2022-01-14T06:16:11+00:00","breadcrumb":{"@id":"https:\/\/vosgesinfo.fr\/remiremontinfo\/2022\/01\/syndicat-ccas-organise-voyage-a-ambleteuse-cote-dopale\/#breadcrumb"},"inLanguage":"fr-FR","potentialAction":[{"@type":"ReadAction","target":["https:\/\/vosgesinfo.fr\/remiremontinfo\/2022\/01\/syndicat-ccas-organise-voyage-a-ambleteuse-cote-dopale\/"]}]},{"@type":"ImageObject","inLanguage":"fr-FR","@id":"https:\/\/vosgesinfo.fr\/remiremontinfo\/2022\/01\/syndicat-ccas-organise-voyage-a-ambleteuse-cote-dopale\/#primaryimage","url":"https:\/\/vosgesinfo.fr\/app\/uploads\/sites\/5\/2024\/09\/2022011280px-ambleteuse-plage.jpg","contentUrl":"https:\/\/vosgesinfo.fr\/app\/uploads\/sites\/5\/2024\/09\/2022011280px-ambleteuse-plage.jpg","width":1280,"height":940},{"@type":"BreadcrumbList","@id":"https:\/\/vosgesinfo.fr\/remiremontinfo\/2022\/01\/syndicat-ccas-organise-voyage-a-ambleteuse-cote-dopale\/#breadcrumb","itemListElement":[{"@type":"ListItem","position":1,"name":"Home","item":"https:\/\/vosgesinfo.fr\/remiremontinfo\/"},{"@type":"ListItem","position":2,"name":"Le Syndicat : le CCAS organise un voyage \u00e0 Ambleteuse, sur la C\u00f4te d&rsquo;Opale"}]},{"@type":"WebSite","@id":"https:\/\/vosgesinfo.fr\/remiremontinfo\/#website","url":"https:\/\/vosgesinfo.fr\/remiremontinfo\/","name":"Remiremont Info","description":"Toute l&#039;actualit\u00e9 de Remiremont","publisher":{"@id":"https:\/\/vosgesinfo.fr\/remiremontinfo\/#organization"},"alternateName":"Toute l'actualit\u00e9 de Remiremont","potentialAction":[{"@type":"SearchAction","target":{"@type":"EntryPoint","urlTemplate":"https:\/\/vosgesinfo.fr\/remiremontinfo\/?s={search_term_string}"},"query-input":"required name=search_term_string"}],"inLanguage":"fr-FR"},{"@type":"Organization","@id":"https:\/\/vosgesinfo.fr\/remiremontinfo\/#organization","name":"Remiremont Info","url":"https:\/\/vosgesinfo.fr\/remiremontinfo\/","logo":{"@type":"ImageObject","inLanguage":"fr-FR","@id":"https:\/\/vosgesinfo.fr\/remiremontinfo\/#\/schema\/logo\/image\/","url":"https:\/\/vosgesinfo.fr\/app\/uploads\/sites\/5\/2023\/08\/favicon-remiremontinfo.png","contentUrl":"https:\/\/vosgesinfo.fr\/app\/uploads\/sites\/5\/2023\/08\/favicon-remiremontinfo.png","width":512,"height":512,"caption":"Remiremont Info"},"image":{"@id":"https:\/\/vosgesinfo.fr\/remiremontinfo\/#\/schema\/logo\/image\/"},"sameAs":["https:\/\/www.facebook.com\/remiremontinfo","https:\/\/x.com\/VosgesInfo88","https:\/\/www.youtube.com\/@vosgesinfo"]},{"@type":"Person","@id":"https:\/\/vosgesinfo.fr\/remiremontinfo\/#\/schema\/person\/3bfd164d5218a185b1db68655a265316","name":"C D","image":{"@type":"ImageObject","inLanguage":"fr-FR","@id":"https:\/\/vosgesinfo.fr\/remiremontinfo\/#\/schema\/person\/image\/","url":"https:\/\/secure.gravatar.com\/avatar\/1f9a70007336511a47468b8f1c66f922b8b7cf617b02a31149ada43893a5d48f?s=96&d=mm&r=g","contentUrl":"https:\/\/secure.gravatar.com\/avatar\/1f9a70007336511a47468b8f1c66f922b8b7cf617b02a31149ada43893a5d48f?s=96&d=mm&r=g","caption":"C D"},"url":"https:\/\/vosgesinfo.fr\/remiremontinfo\/author\/cedric-drevet\/"}]}},"_links":{"self":[{"href":"https:\/\/vosgesinfo.fr\/remiremontinfo\/wp-json\/wp\/v2\/posts\/50869","targetHints":{"allow":["GET"]}}],"collection":[{"href":"https:\/\/vosgesinfo.fr\/remiremontinfo\/wp-json\/wp\/v2\/posts"}],"about":[{"href":"https:\/\/vosgesinfo.fr\/remiremontinfo\/wp-json\/wp\/v2\/types\/post"}],"author":[{"embeddable":true,"href":"https:\/\/vosgesinfo.fr\/remiremontinfo\/wp-json\/wp\/v2\/users\/407"}],"replies":[{"embeddable":true,"href":"https:\/\/vosgesinfo.fr\/remiremontinfo\/wp-json\/wp\/v2\/comments?post=50869"}],"version-history":[{"count":0,"href":"https:\/\/vosgesinfo.fr\/remiremontinfo\/wp-json\/wp\/v2\/posts\/50869\/revisions"}],"wp:featuredmedia":[{"embeddable":true,"href":"https:\/\/vosgesinfo.fr\/remiremontinfo\/wp-json\/wp\/v2\/media\/50870"}],"wp:attachment":[{"href":"https:\/\/vosgesinfo.fr\/remiremontinfo\/wp-json\/wp\/v2\/media?parent=50869"}],"wp:term":[{"taxonomy":"category","embeddable":true,"href":"https:\/\/vosgesinfo.fr\/remiremontinfo\/wp-json\/wp\/v2\/categories?post=50869"},{"taxonomy":"post_tag","embeddable":true,"href":"https:\/\/vosgesinfo.fr\/remiremontinfo\/wp-json\/wp\/v2\/tags?post=50869"}],"curies":[{"name":"wp","href":"https:\/\/api.w.org\/{rel}","templated":true}]}}