{"id":51004,"date":"2022-01-18T16:27:56","date_gmt":"2022-01-18T15:27:56","guid":{"rendered":"https:\/\/vosgesinfo.fr\/remiremontinfo\/2022\/01\/station-de-ski-de-ventron-tribunal-de-commerce-etudie-offres-de-reprise\/"},"modified":"2022-01-18T16:27:56","modified_gmt":"2022-01-18T15:27:56","slug":"station-de-ski-de-ventron-tribunal-de-commerce-etudie-offres-de-reprise","status":"publish","type":"post","link":"https:\/\/vosgesinfo.fr\/remiremontinfo\/2022\/01\/station-de-ski-de-ventron-tribunal-de-commerce-etudie-offres-de-reprise\/","title":{"rendered":"Station de ski de Ventron : le tribunal de commerce \u00e9tudie les offres de reprise"},"content":{"rendered":"<p><a href=\"\/2022\/01\/station-de-ski-frere-joseph-ventron-800x393.jpg\"><img decoding=\"async\" class=\"alignnone size-full wp-image-335731\" src=\"\/2022\/01\/station-de-ski-frere-joseph-ventron-800x393.jpg\" alt=\"station-de-ski-frere-joseph-ventron-800x393\" width=\"800\" height=\"393\" \/><\/a><\/p>\n<h2><span style=\"font-size: 12pt;\">C\u2019est l\u2019avenir de la station de l\u2019Ermitage Fr\u00e8re Joseph de Ventron qui se joue aujourd\u2019hui. Le 7 d\u00e9cembre dernier, le tribunal de commerce d\u2019Epinal avait prononc\u00e9\u00a0la liquidation judiciaire\u00a0de la SAS Leduc. Ce mardi, le tribunal examine les offres des deux candidats \u00e0 la reprise de la station.\u00a0<\/span><\/h2>\n<p>Deux repreneurs se sont manifest\u00e9s pour reprendre la gestion de la station\u00a0de l\u2019Ermitage Fr\u00e8re Joseph de Ventron. Le tribunal de commerce d\u2019Epinal doit livrer sa d\u00e9cision ce mardi 18 janvier 2022.<\/p>\n<p>La SAS Leduc avait \u00e9t\u00e9 fond\u00e9e en 1961. En cessation de payement depuis le 2 novembre, la soci\u00e9t\u00e9 Leduc qui g\u00e8re l\u2019h\u00f4tel-restaurant l\u2019Ermitage Fr\u00e8re Joseph de Ventron a \u00e9t\u00e9 plac\u00e9e en redressement judiciaire le 7 d\u00e9cembre dernier, puis, par jugement du 7 d\u00e9cembre 2021, plac\u00e9e en liquidation judiciaire.<\/p>\n<p>Le 12 mai 2021, Thibaut Leduc, le patron de la station est d\u00e9c\u00e9d\u00e9 \u00e0 l\u2019\u00e2ge de 56 ans. Il s\u2019\u00e9tait investit dans un projet de reconversion de la station, mais quelques mois apr\u00e8s sa disparition, la station familiale est liquid\u00e9e. La famille Leduc\u00a0souhaitait, depuis plusieurs ann\u00e9es, une r\u00e9orientation vers un projet h\u00f4telier quatre saisons bas\u00e9 sur le bien \u00eatre.\u00a0Avec le manque de neige, le co\u00fbt \u00e9tait trop important. Les remont\u00e9es m\u00e9caniques sont \u00e0 l\u2019arr\u00eat.<\/p>\n<p>On attend d\u00e9sormais la d\u00e9cision du tribunal de commerce d\u2019Epinal.<\/p>\n<p>C.K.N.<\/p>\n<p>&nbsp;<\/p>\n","protected":false},"excerpt":{"rendered":"<p>C\u2019est l\u2019avenir de la station de l\u2019Ermitage Fr\u00e8re Joseph de Ventron qui se joue aujourd\u2019hui. Le 7 d\u00e9cembre dernier, le [&hellip;]<\/p>\n","protected":false},"author":407,"featured_media":51005,"comment_status":"open","ping_status":"open","sticky":false,"template":"","format":"standard","meta":{"footnotes":""},"categories":[26,5,25,298],"tags":[],"class_list":["post-51004","post","type-post","status-publish","format-standard","has-post-thumbnail","hentry","category-a-la-une","category-economie","category-la-bresse-son-canton","category-ventron"],"acf":[],"yoast_head":"<!-- This site is optimized with the Yoast SEO plugin v22.5 - https:\/\/yoast.com\/wordpress\/plugins\/seo\/ -->\n<title>Station de ski de Ventron : le tribunal de commerce \u00e9tudie les offres de reprise - Remiremont Info<\/title>\n<meta name=\"robots\" content=\"index, follow, max-snippet:-1, max-image-preview:large, max-video-preview:-1\" \/>\n<link rel=\"canonical\" href=\"https:\/\/vosgesinfo.fr\/remiremontinfo\/2022\/01\/station-de-ski-de-ventron-tribunal-de-commerce-etudie-offres-de-reprise\/\" \/>\n<meta name=\"twitter:card\" content=\"summary_large_image\" \/>\n<meta name=\"twitter:title\" content=\"Station de ski de Ventron : le tribunal de commerce \u00e9tudie les offres de reprise - Remiremont Info\" \/>\n<meta name=\"twitter:description\" content=\"C\u2019est l\u2019avenir de la station de l\u2019Ermitage Fr\u00e8re Joseph de Ventron qui se joue aujourd\u2019hui. Le 7 d\u00e9cembre dernier, le [&hellip;]\" \/>\n<meta name=\"twitter:image\" content=\"https:\/\/vosgesinfo.fr\/app\/uploads\/sites\/5\/2024\/09\/202201station-de-ski-frere-joseph-ventron-800x393-1.jpg\" \/>\n<meta name=\"twitter:creator\" content=\"@VosgesInfo88\" \/>\n<meta name=\"twitter:site\" content=\"@VosgesInfo88\" \/>\n<meta name=\"twitter:label1\" content=\"\u00c9crit par\" \/>\n\t<meta name=\"twitter:data1\" content=\"C D\" \/>\n\t<meta name=\"twitter:label2\" content=\"Dur\u00e9e de lecture estim\u00e9e\" \/>\n\t<meta name=\"twitter:data2\" content=\"1 minute\" \/>\n<script type=\"application\/ld+json\" class=\"yoast-schema-graph\">{\"@context\":\"https:\/\/schema.org\",\"@graph\":[{\"@type\":\"Article\",\"@id\":\"https:\/\/vosgesinfo.fr\/remiremontinfo\/2022\/01\/station-de-ski-de-ventron-tribunal-de-commerce-etudie-offres-de-reprise\/#article\",\"isPartOf\":{\"@id\":\"https:\/\/vosgesinfo.fr\/remiremontinfo\/2022\/01\/station-de-ski-de-ventron-tribunal-de-commerce-etudie-offres-de-reprise\/\"},\"author\":{\"name\":\"C D\",\"@id\":\"https:\/\/vosgesinfo.fr\/remiremontinfo\/#\/schema\/person\/3bfd164d5218a185b1db68655a265316\"},\"headline\":\"Station de ski de Ventron : le tribunal de commerce \u00e9tudie les offres de reprise\",\"datePublished\":\"2022-01-18T15:27:56+00:00\",\"dateModified\":\"2022-01-18T15:27:56+00:00\",\"mainEntityOfPage\":{\"@id\":\"https:\/\/vosgesinfo.fr\/remiremontinfo\/2022\/01\/station-de-ski-de-ventron-tribunal-de-commerce-etudie-offres-de-reprise\/\"},\"wordCount\":259,\"commentCount\":0,\"publisher\":{\"@id\":\"https:\/\/vosgesinfo.fr\/remiremontinfo\/#organization\"},\"image\":{\"@id\":\"https:\/\/vosgesinfo.fr\/remiremontinfo\/2022\/01\/station-de-ski-de-ventron-tribunal-de-commerce-etudie-offres-de-reprise\/#primaryimage\"},\"thumbnailUrl\":\"https:\/\/vosgesinfo.fr\/app\/uploads\/sites\/5\/2024\/09\/202201station-de-ski-frere-joseph-ventron-800x393-1.jpg\",\"articleSection\":[\"A la Une\",\"\u00c9conomie\",\"La Bresse &amp; son canton\",\"Ventron\"],\"inLanguage\":\"fr-FR\",\"potentialAction\":[{\"@type\":\"CommentAction\",\"name\":\"Comment\",\"target\":[\"https:\/\/vosgesinfo.fr\/remiremontinfo\/2022\/01\/station-de-ski-de-ventron-tribunal-de-commerce-etudie-offres-de-reprise\/#respond\"]}]},{\"@type\":\"WebPage\",\"@id\":\"https:\/\/vosgesinfo.fr\/remiremontinfo\/2022\/01\/station-de-ski-de-ventron-tribunal-de-commerce-etudie-offres-de-reprise\/\",\"url\":\"https:\/\/vosgesinfo.fr\/remiremontinfo\/2022\/01\/station-de-ski-de-ventron-tribunal-de-commerce-etudie-offres-de-reprise\/\",\"name\":\"Station de ski de Ventron : le tribunal de commerce \u00e9tudie les offres de reprise - Remiremont Info\",\"isPartOf\":{\"@id\":\"https:\/\/vosgesinfo.fr\/remiremontinfo\/#website\"},\"primaryImageOfPage\":{\"@id\":\"https:\/\/vosgesinfo.fr\/remiremontinfo\/2022\/01\/station-de-ski-de-ventron-tribunal-de-commerce-etudie-offres-de-reprise\/#primaryimage\"},\"image\":{\"@id\":\"https:\/\/vosgesinfo.fr\/remiremontinfo\/2022\/01\/station-de-ski-de-ventron-tribunal-de-commerce-etudie-offres-de-reprise\/#primaryimage\"},\"thumbnailUrl\":\"https:\/\/vosgesinfo.fr\/app\/uploads\/sites\/5\/2024\/09\/202201station-de-ski-frere-joseph-ventron-800x393-1.jpg\",\"datePublished\":\"2022-01-18T15:27:56+00:00\",\"dateModified\":\"2022-01-18T15:27:56+00:00\",\"breadcrumb\":{\"@id\":\"https:\/\/vosgesinfo.fr\/remiremontinfo\/2022\/01\/station-de-ski-de-ventron-tribunal-de-commerce-etudie-offres-de-reprise\/#breadcrumb\"},\"inLanguage\":\"fr-FR\",\"potentialAction\":[{\"@type\":\"ReadAction\",\"target\":[\"https:\/\/vosgesinfo.fr\/remiremontinfo\/2022\/01\/station-de-ski-de-ventron-tribunal-de-commerce-etudie-offres-de-reprise\/\"]}]},{\"@type\":\"ImageObject\",\"inLanguage\":\"fr-FR\",\"@id\":\"https:\/\/vosgesinfo.fr\/remiremontinfo\/2022\/01\/station-de-ski-de-ventron-tribunal-de-commerce-etudie-offres-de-reprise\/#primaryimage\",\"url\":\"https:\/\/vosgesinfo.fr\/app\/uploads\/sites\/5\/2024\/09\/202201station-de-ski-frere-joseph-ventron-800x393-1.jpg\",\"contentUrl\":\"https:\/\/vosgesinfo.fr\/app\/uploads\/sites\/5\/2024\/09\/202201station-de-ski-frere-joseph-ventron-800x393-1.jpg\",\"width\":800,\"height\":393},{\"@type\":\"BreadcrumbList\",\"@id\":\"https:\/\/vosgesinfo.fr\/remiremontinfo\/2022\/01\/station-de-ski-de-ventron-tribunal-de-commerce-etudie-offres-de-reprise\/#breadcrumb\",\"itemListElement\":[{\"@type\":\"ListItem\",\"position\":1,\"name\":\"Home\",\"item\":\"https:\/\/vosgesinfo.fr\/remiremontinfo\/\"},{\"@type\":\"ListItem\",\"position\":2,\"name\":\"Station de ski de Ventron : le tribunal de commerce \u00e9tudie les offres de reprise\"}]},{\"@type\":\"WebSite\",\"@id\":\"https:\/\/vosgesinfo.fr\/remiremontinfo\/#website\",\"url\":\"https:\/\/vosgesinfo.fr\/remiremontinfo\/\",\"name\":\"Remiremont Info\",\"description\":\"Toute l&#039;actualit\u00e9 de Remiremont\",\"publisher\":{\"@id\":\"https:\/\/vosgesinfo.fr\/remiremontinfo\/#organization\"},\"alternateName\":\"Toute l'actualit\u00e9 de Remiremont\",\"potentialAction\":[{\"@type\":\"SearchAction\",\"target\":{\"@type\":\"EntryPoint\",\"urlTemplate\":\"https:\/\/vosgesinfo.fr\/remiremontinfo\/?s={search_term_string}\"},\"query-input\":\"required name=search_term_string\"}],\"inLanguage\":\"fr-FR\"},{\"@type\":\"Organization\",\"@id\":\"https:\/\/vosgesinfo.fr\/remiremontinfo\/#organization\",\"name\":\"Remiremont Info\",\"url\":\"https:\/\/vosgesinfo.fr\/remiremontinfo\/\",\"logo\":{\"@type\":\"ImageObject\",\"inLanguage\":\"fr-FR\",\"@id\":\"https:\/\/vosgesinfo.fr\/remiremontinfo\/#\/schema\/logo\/image\/\",\"url\":\"https:\/\/vosgesinfo.fr\/app\/uploads\/sites\/5\/2023\/08\/favicon-remiremontinfo.png\",\"contentUrl\":\"https:\/\/vosgesinfo.fr\/app\/uploads\/sites\/5\/2023\/08\/favicon-remiremontinfo.png\",\"width\":512,\"height\":512,\"caption\":\"Remiremont Info\"},\"image\":{\"@id\":\"https:\/\/vosgesinfo.fr\/remiremontinfo\/#\/schema\/logo\/image\/\"},\"sameAs\":[\"https:\/\/www.facebook.com\/remiremontinfo\",\"https:\/\/x.com\/VosgesInfo88\",\"https:\/\/www.youtube.com\/@vosgesinfo\"]},{\"@type\":\"Person\",\"@id\":\"https:\/\/vosgesinfo.fr\/remiremontinfo\/#\/schema\/person\/3bfd164d5218a185b1db68655a265316\",\"name\":\"C D\",\"image\":{\"@type\":\"ImageObject\",\"inLanguage\":\"fr-FR\",\"@id\":\"https:\/\/vosgesinfo.fr\/remiremontinfo\/#\/schema\/person\/image\/\",\"url\":\"https:\/\/secure.gravatar.com\/avatar\/1f9a70007336511a47468b8f1c66f922b8b7cf617b02a31149ada43893a5d48f?s=96&d=mm&r=g\",\"contentUrl\":\"https:\/\/secure.gravatar.com\/avatar\/1f9a70007336511a47468b8f1c66f922b8b7cf617b02a31149ada43893a5d48f?s=96&d=mm&r=g\",\"caption\":\"C D\"},\"url\":\"https:\/\/vosgesinfo.fr\/remiremontinfo\/author\/cedric-drevet\/\"}]}<\/script>\n<!-- \/ Yoast SEO plugin. -->","yoast_head_json":{"title":"Station de ski de Ventron : le tribunal de commerce \u00e9tudie les offres de reprise - Remiremont Info","robots":{"index":"index","follow":"follow","max-snippet":"max-snippet:-1","max-image-preview":"max-image-preview:large","max-video-preview":"max-video-preview:-1"},"canonical":"https:\/\/vosgesinfo.fr\/remiremontinfo\/2022\/01\/station-de-ski-de-ventron-tribunal-de-commerce-etudie-offres-de-reprise\/","twitter_card":"summary_large_image","twitter_title":"Station de ski de Ventron : le tribunal de commerce \u00e9tudie les offres de reprise - Remiremont Info","twitter_description":"C\u2019est l\u2019avenir de la station de l\u2019Ermitage Fr\u00e8re Joseph de Ventron qui se joue aujourd\u2019hui. Le 7 d\u00e9cembre dernier, le [&hellip;]","twitter_image":"https:\/\/vosgesinfo.fr\/app\/uploads\/sites\/5\/2024\/09\/202201station-de-ski-frere-joseph-ventron-800x393-1.jpg","twitter_creator":"@VosgesInfo88","twitter_site":"@VosgesInfo88","twitter_misc":{"\u00c9crit par":"C D","Dur\u00e9e de lecture estim\u00e9e":"1 minute"},"schema":{"@context":"https:\/\/schema.org","@graph":[{"@type":"Article","@id":"https:\/\/vosgesinfo.fr\/remiremontinfo\/2022\/01\/station-de-ski-de-ventron-tribunal-de-commerce-etudie-offres-de-reprise\/#article","isPartOf":{"@id":"https:\/\/vosgesinfo.fr\/remiremontinfo\/2022\/01\/station-de-ski-de-ventron-tribunal-de-commerce-etudie-offres-de-reprise\/"},"author":{"name":"C D","@id":"https:\/\/vosgesinfo.fr\/remiremontinfo\/#\/schema\/person\/3bfd164d5218a185b1db68655a265316"},"headline":"Station de ski de Ventron : le tribunal de commerce \u00e9tudie les offres de reprise","datePublished":"2022-01-18T15:27:56+00:00","dateModified":"2022-01-18T15:27:56+00:00","mainEntityOfPage":{"@id":"https:\/\/vosgesinfo.fr\/remiremontinfo\/2022\/01\/station-de-ski-de-ventron-tribunal-de-commerce-etudie-offres-de-reprise\/"},"wordCount":259,"commentCount":0,"publisher":{"@id":"https:\/\/vosgesinfo.fr\/remiremontinfo\/#organization"},"image":{"@id":"https:\/\/vosgesinfo.fr\/remiremontinfo\/2022\/01\/station-de-ski-de-ventron-tribunal-de-commerce-etudie-offres-de-reprise\/#primaryimage"},"thumbnailUrl":"https:\/\/vosgesinfo.fr\/app\/uploads\/sites\/5\/2024\/09\/202201station-de-ski-frere-joseph-ventron-800x393-1.jpg","articleSection":["A la Une","\u00c9conomie","La Bresse &amp; son canton","Ventron"],"inLanguage":"fr-FR","potentialAction":[{"@type":"CommentAction","name":"Comment","target":["https:\/\/vosgesinfo.fr\/remiremontinfo\/2022\/01\/station-de-ski-de-ventron-tribunal-de-commerce-etudie-offres-de-reprise\/#respond"]}]},{"@type":"WebPage","@id":"https:\/\/vosgesinfo.fr\/remiremontinfo\/2022\/01\/station-de-ski-de-ventron-tribunal-de-commerce-etudie-offres-de-reprise\/","url":"https:\/\/vosgesinfo.fr\/remiremontinfo\/2022\/01\/station-de-ski-de-ventron-tribunal-de-commerce-etudie-offres-de-reprise\/","name":"Station de ski de Ventron : le tribunal de commerce \u00e9tudie les offres de reprise - Remiremont Info","isPartOf":{"@id":"https:\/\/vosgesinfo.fr\/remiremontinfo\/#website"},"primaryImageOfPage":{"@id":"https:\/\/vosgesinfo.fr\/remiremontinfo\/2022\/01\/station-de-ski-de-ventron-tribunal-de-commerce-etudie-offres-de-reprise\/#primaryimage"},"image":{"@id":"https:\/\/vosgesinfo.fr\/remiremontinfo\/2022\/01\/station-de-ski-de-ventron-tribunal-de-commerce-etudie-offres-de-reprise\/#primaryimage"},"thumbnailUrl":"https:\/\/vosgesinfo.fr\/app\/uploads\/sites\/5\/2024\/09\/202201station-de-ski-frere-joseph-ventron-800x393-1.jpg","datePublished":"2022-01-18T15:27:56+00:00","dateModified":"2022-01-18T15:27:56+00:00","breadcrumb":{"@id":"https:\/\/vosgesinfo.fr\/remiremontinfo\/2022\/01\/station-de-ski-de-ventron-tribunal-de-commerce-etudie-offres-de-reprise\/#breadcrumb"},"inLanguage":"fr-FR","potentialAction":[{"@type":"ReadAction","target":["https:\/\/vosgesinfo.fr\/remiremontinfo\/2022\/01\/station-de-ski-de-ventron-tribunal-de-commerce-etudie-offres-de-reprise\/"]}]},{"@type":"ImageObject","inLanguage":"fr-FR","@id":"https:\/\/vosgesinfo.fr\/remiremontinfo\/2022\/01\/station-de-ski-de-ventron-tribunal-de-commerce-etudie-offres-de-reprise\/#primaryimage","url":"https:\/\/vosgesinfo.fr\/app\/uploads\/sites\/5\/2024\/09\/202201station-de-ski-frere-joseph-ventron-800x393-1.jpg","contentUrl":"https:\/\/vosgesinfo.fr\/app\/uploads\/sites\/5\/2024\/09\/202201station-de-ski-frere-joseph-ventron-800x393-1.jpg","width":800,"height":393},{"@type":"BreadcrumbList","@id":"https:\/\/vosgesinfo.fr\/remiremontinfo\/2022\/01\/station-de-ski-de-ventron-tribunal-de-commerce-etudie-offres-de-reprise\/#breadcrumb","itemListElement":[{"@type":"ListItem","position":1,"name":"Home","item":"https:\/\/vosgesinfo.fr\/remiremontinfo\/"},{"@type":"ListItem","position":2,"name":"Station de ski de Ventron : le tribunal de commerce \u00e9tudie les offres de reprise"}]},{"@type":"WebSite","@id":"https:\/\/vosgesinfo.fr\/remiremontinfo\/#website","url":"https:\/\/vosgesinfo.fr\/remiremontinfo\/","name":"Remiremont Info","description":"Toute l&#039;actualit\u00e9 de Remiremont","publisher":{"@id":"https:\/\/vosgesinfo.fr\/remiremontinfo\/#organization"},"alternateName":"Toute l'actualit\u00e9 de Remiremont","potentialAction":[{"@type":"SearchAction","target":{"@type":"EntryPoint","urlTemplate":"https:\/\/vosgesinfo.fr\/remiremontinfo\/?s={search_term_string}"},"query-input":"required name=search_term_string"}],"inLanguage":"fr-FR"},{"@type":"Organization","@id":"https:\/\/vosgesinfo.fr\/remiremontinfo\/#organization","name":"Remiremont Info","url":"https:\/\/vosgesinfo.fr\/remiremontinfo\/","logo":{"@type":"ImageObject","inLanguage":"fr-FR","@id":"https:\/\/vosgesinfo.fr\/remiremontinfo\/#\/schema\/logo\/image\/","url":"https:\/\/vosgesinfo.fr\/app\/uploads\/sites\/5\/2023\/08\/favicon-remiremontinfo.png","contentUrl":"https:\/\/vosgesinfo.fr\/app\/uploads\/sites\/5\/2023\/08\/favicon-remiremontinfo.png","width":512,"height":512,"caption":"Remiremont Info"},"image":{"@id":"https:\/\/vosgesinfo.fr\/remiremontinfo\/#\/schema\/logo\/image\/"},"sameAs":["https:\/\/www.facebook.com\/remiremontinfo","https:\/\/x.com\/VosgesInfo88","https:\/\/www.youtube.com\/@vosgesinfo"]},{"@type":"Person","@id":"https:\/\/vosgesinfo.fr\/remiremontinfo\/#\/schema\/person\/3bfd164d5218a185b1db68655a265316","name":"C D","image":{"@type":"ImageObject","inLanguage":"fr-FR","@id":"https:\/\/vosgesinfo.fr\/remiremontinfo\/#\/schema\/person\/image\/","url":"https:\/\/secure.gravatar.com\/avatar\/1f9a70007336511a47468b8f1c66f922b8b7cf617b02a31149ada43893a5d48f?s=96&d=mm&r=g","contentUrl":"https:\/\/secure.gravatar.com\/avatar\/1f9a70007336511a47468b8f1c66f922b8b7cf617b02a31149ada43893a5d48f?s=96&d=mm&r=g","caption":"C D"},"url":"https:\/\/vosgesinfo.fr\/remiremontinfo\/author\/cedric-drevet\/"}]}},"_links":{"self":[{"href":"https:\/\/vosgesinfo.fr\/remiremontinfo\/wp-json\/wp\/v2\/posts\/51004","targetHints":{"allow":["GET"]}}],"collection":[{"href":"https:\/\/vosgesinfo.fr\/remiremontinfo\/wp-json\/wp\/v2\/posts"}],"about":[{"href":"https:\/\/vosgesinfo.fr\/remiremontinfo\/wp-json\/wp\/v2\/types\/post"}],"author":[{"embeddable":true,"href":"https:\/\/vosgesinfo.fr\/remiremontinfo\/wp-json\/wp\/v2\/users\/407"}],"replies":[{"embeddable":true,"href":"https:\/\/vosgesinfo.fr\/remiremontinfo\/wp-json\/wp\/v2\/comments?post=51004"}],"version-history":[{"count":0,"href":"https:\/\/vosgesinfo.fr\/remiremontinfo\/wp-json\/wp\/v2\/posts\/51004\/revisions"}],"wp:featuredmedia":[{"embeddable":true,"href":"https:\/\/vosgesinfo.fr\/remiremontinfo\/wp-json\/wp\/v2\/media\/51005"}],"wp:attachment":[{"href":"https:\/\/vosgesinfo.fr\/remiremontinfo\/wp-json\/wp\/v2\/media?parent=51004"}],"wp:term":[{"taxonomy":"category","embeddable":true,"href":"https:\/\/vosgesinfo.fr\/remiremontinfo\/wp-json\/wp\/v2\/categories?post=51004"},{"taxonomy":"post_tag","embeddable":true,"href":"https:\/\/vosgesinfo.fr\/remiremontinfo\/wp-json\/wp\/v2\/tags?post=51004"}],"curies":[{"name":"wp","href":"https:\/\/api.w.org\/{rel}","templated":true}]}}