{"id":51015,"date":"2022-01-19T08:15:49","date_gmt":"2022-01-19T07:15:49","guid":{"rendered":"https:\/\/vosgesinfo.fr\/remiremontinfo\/2022\/01\/saint-ame-representations-petit-theatre-de-vecoux-reportees-a-fin-fevrier\/"},"modified":"2022-01-19T08:15:49","modified_gmt":"2022-01-19T07:15:49","slug":"saint-ame-representations-petit-theatre-de-vecoux-reportees-a-fin-fevrier","status":"publish","type":"post","link":"https:\/\/vosgesinfo.fr\/remiremontinfo\/2022\/01\/saint-ame-representations-petit-theatre-de-vecoux-reportees-a-fin-fevrier\/","title":{"rendered":"Saint Am\u00e9 : les repr\u00e9sentations du Petit th\u00e9\u00e2tre de Vecoux report\u00e9es \u00e0 fin f\u00e9vrier"},"content":{"rendered":"<div style=\"text-align: center;\"><a href=\"\/2022\/01\/Capture-d\u2019\u00e9cran-2022-01-19-093556.png\"><img decoding=\"async\" class=\"alignnone size-full wp-image-335756\" src=\"\/2022\/01\/Capture-d\u2019\u00e9cran-2022-01-19-093556.png\" alt=\"Capture d\u2019\u00e9cran 2022-01-19 093556\" width=\"577\" height=\"796\" \/><\/a><\/div>\n<h2><span style=\"font-size: 12pt;\"><strong>En raison du contexte sanitaire, l&rsquo;\u00e9quipe du Petit th\u00e9\u00e2tre de Vecoux a pr\u00e9f\u00e9r\u00e9 d\u00e9caler ses repr\u00e9sentations du mois de janvier. Les personnes ayant d\u00e9j\u00e0 r\u00e9serv\u00e9 leurs places peuvent contacter le 07 83 35 13 01.<\/strong><\/span><\/h2>\n<div>La troupe se produira \u00e0 la salle paroissiale de Saint Am\u00e9 :<\/div>\n<div><\/div>\n<div>&#8211; les vendredi 25 f\u00e9vrier, 04,11 et 18 mars<\/div>\n<div>&#8211; les samedis 26 f\u00e9vrier, 05 12 et 19 mars<\/div>\n<div>&#8211; les dimanches 27 f\u00e9vrier, 06 et 13 mars<\/div>\n<div class=\"yj6qo\"><\/div>\n<div class=\"adL\"><\/div>\n","protected":false},"excerpt":{"rendered":"<p>En raison du contexte sanitaire, l&rsquo;\u00e9quipe du Petit th\u00e9\u00e2tre de Vecoux a pr\u00e9f\u00e9r\u00e9 d\u00e9caler ses repr\u00e9sentations du mois de janvier. [&hellip;]<\/p>\n","protected":false},"author":407,"featured_media":51016,"comment_status":"open","ping_status":"open","sticky":false,"template":"","format":"standard","meta":{"footnotes":""},"categories":[26,4,35,223],"tags":[770,225,56],"class_list":["post-51015","post","type-post","status-publish","format-standard","has-post-thumbnail","hentry","category-a-la-une","category-culture","category-remiremont-son-canton","category-saint-ame","tag-petit-theatre-de-vecoux","tag-saint-ame","tag-theatre"],"acf":[],"yoast_head":"<!-- This site is optimized with the Yoast SEO plugin v22.5 - https:\/\/yoast.com\/wordpress\/plugins\/seo\/ -->\n<title>Saint Am\u00e9 : les repr\u00e9sentations du Petit th\u00e9\u00e2tre de Vecoux report\u00e9es \u00e0 fin f\u00e9vrier - Remiremont Info<\/title>\n<meta name=\"robots\" content=\"index, follow, max-snippet:-1, max-image-preview:large, max-video-preview:-1\" \/>\n<link rel=\"canonical\" href=\"https:\/\/vosgesinfo.fr\/remiremontinfo\/2022\/01\/saint-ame-representations-petit-theatre-de-vecoux-reportees-a-fin-fevrier\/\" \/>\n<meta name=\"twitter:card\" content=\"summary_large_image\" \/>\n<meta name=\"twitter:title\" content=\"Saint Am\u00e9 : les repr\u00e9sentations du Petit th\u00e9\u00e2tre de Vecoux report\u00e9es \u00e0 fin f\u00e9vrier - Remiremont Info\" \/>\n<meta name=\"twitter:description\" content=\"En raison du contexte sanitaire, l&rsquo;\u00e9quipe du Petit th\u00e9\u00e2tre de Vecoux a pr\u00e9f\u00e9r\u00e9 d\u00e9caler ses repr\u00e9sentations du mois de janvier. [&hellip;]\" \/>\n<meta name=\"twitter:image\" content=\"https:\/\/vosgesinfo.fr\/app\/uploads\/sites\/5\/2024\/09\/202201capture-decran-2022-01-19-0936301.png\" \/>\n<meta name=\"twitter:creator\" content=\"@VosgesInfo88\" \/>\n<meta name=\"twitter:site\" content=\"@VosgesInfo88\" \/>\n<meta name=\"twitter:label1\" content=\"\u00c9crit par\" \/>\n\t<meta name=\"twitter:data1\" content=\"C D\" \/>\n<script type=\"application\/ld+json\" class=\"yoast-schema-graph\">{\"@context\":\"https:\/\/schema.org\",\"@graph\":[{\"@type\":\"Article\",\"@id\":\"https:\/\/vosgesinfo.fr\/remiremontinfo\/2022\/01\/saint-ame-representations-petit-theatre-de-vecoux-reportees-a-fin-fevrier\/#article\",\"isPartOf\":{\"@id\":\"https:\/\/vosgesinfo.fr\/remiremontinfo\/2022\/01\/saint-ame-representations-petit-theatre-de-vecoux-reportees-a-fin-fevrier\/\"},\"author\":{\"name\":\"C D\",\"@id\":\"https:\/\/vosgesinfo.fr\/remiremontinfo\/#\/schema\/person\/3bfd164d5218a185b1db68655a265316\"},\"headline\":\"Saint Am\u00e9 : les repr\u00e9sentations du Petit th\u00e9\u00e2tre de Vecoux report\u00e9es \u00e0 fin f\u00e9vrier\",\"datePublished\":\"2022-01-19T07:15:49+00:00\",\"dateModified\":\"2022-01-19T07:15:49+00:00\",\"mainEntityOfPage\":{\"@id\":\"https:\/\/vosgesinfo.fr\/remiremontinfo\/2022\/01\/saint-ame-representations-petit-theatre-de-vecoux-reportees-a-fin-fevrier\/\"},\"wordCount\":85,\"commentCount\":0,\"publisher\":{\"@id\":\"https:\/\/vosgesinfo.fr\/remiremontinfo\/#organization\"},\"image\":{\"@id\":\"https:\/\/vosgesinfo.fr\/remiremontinfo\/2022\/01\/saint-ame-representations-petit-theatre-de-vecoux-reportees-a-fin-fevrier\/#primaryimage\"},\"thumbnailUrl\":\"https:\/\/vosgesinfo.fr\/app\/uploads\/sites\/5\/2024\/09\/202201capture-decran-2022-01-19-0936301.png\",\"keywords\":[\"Petit the\u00e2tre de Vecoux\",\"saint-am\u00e9\",\"th\u00e9\u00e2tre\"],\"articleSection\":[\"A la Une\",\"Culture\",\"Remiremont &amp; son canton\",\"Saint-Am\u00e9\"],\"inLanguage\":\"fr-FR\",\"potentialAction\":[{\"@type\":\"CommentAction\",\"name\":\"Comment\",\"target\":[\"https:\/\/vosgesinfo.fr\/remiremontinfo\/2022\/01\/saint-ame-representations-petit-theatre-de-vecoux-reportees-a-fin-fevrier\/#respond\"]}]},{\"@type\":\"WebPage\",\"@id\":\"https:\/\/vosgesinfo.fr\/remiremontinfo\/2022\/01\/saint-ame-representations-petit-theatre-de-vecoux-reportees-a-fin-fevrier\/\",\"url\":\"https:\/\/vosgesinfo.fr\/remiremontinfo\/2022\/01\/saint-ame-representations-petit-theatre-de-vecoux-reportees-a-fin-fevrier\/\",\"name\":\"Saint Am\u00e9 : les repr\u00e9sentations du Petit th\u00e9\u00e2tre de Vecoux report\u00e9es \u00e0 fin f\u00e9vrier - Remiremont Info\",\"isPartOf\":{\"@id\":\"https:\/\/vosgesinfo.fr\/remiremontinfo\/#website\"},\"primaryImageOfPage\":{\"@id\":\"https:\/\/vosgesinfo.fr\/remiremontinfo\/2022\/01\/saint-ame-representations-petit-theatre-de-vecoux-reportees-a-fin-fevrier\/#primaryimage\"},\"image\":{\"@id\":\"https:\/\/vosgesinfo.fr\/remiremontinfo\/2022\/01\/saint-ame-representations-petit-theatre-de-vecoux-reportees-a-fin-fevrier\/#primaryimage\"},\"thumbnailUrl\":\"https:\/\/vosgesinfo.fr\/app\/uploads\/sites\/5\/2024\/09\/202201capture-decran-2022-01-19-0936301.png\",\"datePublished\":\"2022-01-19T07:15:49+00:00\",\"dateModified\":\"2022-01-19T07:15:49+00:00\",\"breadcrumb\":{\"@id\":\"https:\/\/vosgesinfo.fr\/remiremontinfo\/2022\/01\/saint-ame-representations-petit-theatre-de-vecoux-reportees-a-fin-fevrier\/#breadcrumb\"},\"inLanguage\":\"fr-FR\",\"potentialAction\":[{\"@type\":\"ReadAction\",\"target\":[\"https:\/\/vosgesinfo.fr\/remiremontinfo\/2022\/01\/saint-ame-representations-petit-theatre-de-vecoux-reportees-a-fin-fevrier\/\"]}]},{\"@type\":\"ImageObject\",\"inLanguage\":\"fr-FR\",\"@id\":\"https:\/\/vosgesinfo.fr\/remiremontinfo\/2022\/01\/saint-ame-representations-petit-theatre-de-vecoux-reportees-a-fin-fevrier\/#primaryimage\",\"url\":\"https:\/\/vosgesinfo.fr\/app\/uploads\/sites\/5\/2024\/09\/202201capture-decran-2022-01-19-0936301.png\",\"contentUrl\":\"https:\/\/vosgesinfo.fr\/app\/uploads\/sites\/5\/2024\/09\/202201capture-decran-2022-01-19-0936301.png\",\"width\":843,\"height\":525},{\"@type\":\"BreadcrumbList\",\"@id\":\"https:\/\/vosgesinfo.fr\/remiremontinfo\/2022\/01\/saint-ame-representations-petit-theatre-de-vecoux-reportees-a-fin-fevrier\/#breadcrumb\",\"itemListElement\":[{\"@type\":\"ListItem\",\"position\":1,\"name\":\"Home\",\"item\":\"https:\/\/vosgesinfo.fr\/remiremontinfo\/\"},{\"@type\":\"ListItem\",\"position\":2,\"name\":\"Saint Am\u00e9 : les repr\u00e9sentations du Petit th\u00e9\u00e2tre de Vecoux report\u00e9es \u00e0 fin f\u00e9vrier\"}]},{\"@type\":\"WebSite\",\"@id\":\"https:\/\/vosgesinfo.fr\/remiremontinfo\/#website\",\"url\":\"https:\/\/vosgesinfo.fr\/remiremontinfo\/\",\"name\":\"Remiremont Info\",\"description\":\"Toute l&#039;actualit\u00e9 de Remiremont\",\"publisher\":{\"@id\":\"https:\/\/vosgesinfo.fr\/remiremontinfo\/#organization\"},\"alternateName\":\"Toute l'actualit\u00e9 de Remiremont\",\"potentialAction\":[{\"@type\":\"SearchAction\",\"target\":{\"@type\":\"EntryPoint\",\"urlTemplate\":\"https:\/\/vosgesinfo.fr\/remiremontinfo\/?s={search_term_string}\"},\"query-input\":\"required name=search_term_string\"}],\"inLanguage\":\"fr-FR\"},{\"@type\":\"Organization\",\"@id\":\"https:\/\/vosgesinfo.fr\/remiremontinfo\/#organization\",\"name\":\"Remiremont Info\",\"url\":\"https:\/\/vosgesinfo.fr\/remiremontinfo\/\",\"logo\":{\"@type\":\"ImageObject\",\"inLanguage\":\"fr-FR\",\"@id\":\"https:\/\/vosgesinfo.fr\/remiremontinfo\/#\/schema\/logo\/image\/\",\"url\":\"https:\/\/vosgesinfo.fr\/app\/uploads\/sites\/5\/2023\/08\/favicon-remiremontinfo.png\",\"contentUrl\":\"https:\/\/vosgesinfo.fr\/app\/uploads\/sites\/5\/2023\/08\/favicon-remiremontinfo.png\",\"width\":512,\"height\":512,\"caption\":\"Remiremont Info\"},\"image\":{\"@id\":\"https:\/\/vosgesinfo.fr\/remiremontinfo\/#\/schema\/logo\/image\/\"},\"sameAs\":[\"https:\/\/www.facebook.com\/remiremontinfo\",\"https:\/\/x.com\/VosgesInfo88\",\"https:\/\/www.youtube.com\/@vosgesinfo\"]},{\"@type\":\"Person\",\"@id\":\"https:\/\/vosgesinfo.fr\/remiremontinfo\/#\/schema\/person\/3bfd164d5218a185b1db68655a265316\",\"name\":\"C D\",\"image\":{\"@type\":\"ImageObject\",\"inLanguage\":\"fr-FR\",\"@id\":\"https:\/\/vosgesinfo.fr\/remiremontinfo\/#\/schema\/person\/image\/\",\"url\":\"https:\/\/secure.gravatar.com\/avatar\/1f9a70007336511a47468b8f1c66f922b8b7cf617b02a31149ada43893a5d48f?s=96&d=mm&r=g\",\"contentUrl\":\"https:\/\/secure.gravatar.com\/avatar\/1f9a70007336511a47468b8f1c66f922b8b7cf617b02a31149ada43893a5d48f?s=96&d=mm&r=g\",\"caption\":\"C D\"},\"url\":\"https:\/\/vosgesinfo.fr\/remiremontinfo\/author\/cedric-drevet\/\"}]}<\/script>\n<!-- \/ Yoast SEO plugin. -->","yoast_head_json":{"title":"Saint Am\u00e9 : les repr\u00e9sentations du Petit th\u00e9\u00e2tre de Vecoux report\u00e9es \u00e0 fin f\u00e9vrier - Remiremont Info","robots":{"index":"index","follow":"follow","max-snippet":"max-snippet:-1","max-image-preview":"max-image-preview:large","max-video-preview":"max-video-preview:-1"},"canonical":"https:\/\/vosgesinfo.fr\/remiremontinfo\/2022\/01\/saint-ame-representations-petit-theatre-de-vecoux-reportees-a-fin-fevrier\/","twitter_card":"summary_large_image","twitter_title":"Saint Am\u00e9 : les repr\u00e9sentations du Petit th\u00e9\u00e2tre de Vecoux report\u00e9es \u00e0 fin f\u00e9vrier - Remiremont Info","twitter_description":"En raison du contexte sanitaire, l&rsquo;\u00e9quipe du Petit th\u00e9\u00e2tre de Vecoux a pr\u00e9f\u00e9r\u00e9 d\u00e9caler ses repr\u00e9sentations du mois de janvier. [&hellip;]","twitter_image":"https:\/\/vosgesinfo.fr\/app\/uploads\/sites\/5\/2024\/09\/202201capture-decran-2022-01-19-0936301.png","twitter_creator":"@VosgesInfo88","twitter_site":"@VosgesInfo88","twitter_misc":{"\u00c9crit par":"C D"},"schema":{"@context":"https:\/\/schema.org","@graph":[{"@type":"Article","@id":"https:\/\/vosgesinfo.fr\/remiremontinfo\/2022\/01\/saint-ame-representations-petit-theatre-de-vecoux-reportees-a-fin-fevrier\/#article","isPartOf":{"@id":"https:\/\/vosgesinfo.fr\/remiremontinfo\/2022\/01\/saint-ame-representations-petit-theatre-de-vecoux-reportees-a-fin-fevrier\/"},"author":{"name":"C D","@id":"https:\/\/vosgesinfo.fr\/remiremontinfo\/#\/schema\/person\/3bfd164d5218a185b1db68655a265316"},"headline":"Saint Am\u00e9 : les repr\u00e9sentations du Petit th\u00e9\u00e2tre de Vecoux report\u00e9es \u00e0 fin f\u00e9vrier","datePublished":"2022-01-19T07:15:49+00:00","dateModified":"2022-01-19T07:15:49+00:00","mainEntityOfPage":{"@id":"https:\/\/vosgesinfo.fr\/remiremontinfo\/2022\/01\/saint-ame-representations-petit-theatre-de-vecoux-reportees-a-fin-fevrier\/"},"wordCount":85,"commentCount":0,"publisher":{"@id":"https:\/\/vosgesinfo.fr\/remiremontinfo\/#organization"},"image":{"@id":"https:\/\/vosgesinfo.fr\/remiremontinfo\/2022\/01\/saint-ame-representations-petit-theatre-de-vecoux-reportees-a-fin-fevrier\/#primaryimage"},"thumbnailUrl":"https:\/\/vosgesinfo.fr\/app\/uploads\/sites\/5\/2024\/09\/202201capture-decran-2022-01-19-0936301.png","keywords":["Petit the\u00e2tre de Vecoux","saint-am\u00e9","th\u00e9\u00e2tre"],"articleSection":["A la Une","Culture","Remiremont &amp; son canton","Saint-Am\u00e9"],"inLanguage":"fr-FR","potentialAction":[{"@type":"CommentAction","name":"Comment","target":["https:\/\/vosgesinfo.fr\/remiremontinfo\/2022\/01\/saint-ame-representations-petit-theatre-de-vecoux-reportees-a-fin-fevrier\/#respond"]}]},{"@type":"WebPage","@id":"https:\/\/vosgesinfo.fr\/remiremontinfo\/2022\/01\/saint-ame-representations-petit-theatre-de-vecoux-reportees-a-fin-fevrier\/","url":"https:\/\/vosgesinfo.fr\/remiremontinfo\/2022\/01\/saint-ame-representations-petit-theatre-de-vecoux-reportees-a-fin-fevrier\/","name":"Saint Am\u00e9 : les repr\u00e9sentations du Petit th\u00e9\u00e2tre de Vecoux report\u00e9es \u00e0 fin f\u00e9vrier - Remiremont Info","isPartOf":{"@id":"https:\/\/vosgesinfo.fr\/remiremontinfo\/#website"},"primaryImageOfPage":{"@id":"https:\/\/vosgesinfo.fr\/remiremontinfo\/2022\/01\/saint-ame-representations-petit-theatre-de-vecoux-reportees-a-fin-fevrier\/#primaryimage"},"image":{"@id":"https:\/\/vosgesinfo.fr\/remiremontinfo\/2022\/01\/saint-ame-representations-petit-theatre-de-vecoux-reportees-a-fin-fevrier\/#primaryimage"},"thumbnailUrl":"https:\/\/vosgesinfo.fr\/app\/uploads\/sites\/5\/2024\/09\/202201capture-decran-2022-01-19-0936301.png","datePublished":"2022-01-19T07:15:49+00:00","dateModified":"2022-01-19T07:15:49+00:00","breadcrumb":{"@id":"https:\/\/vosgesinfo.fr\/remiremontinfo\/2022\/01\/saint-ame-representations-petit-theatre-de-vecoux-reportees-a-fin-fevrier\/#breadcrumb"},"inLanguage":"fr-FR","potentialAction":[{"@type":"ReadAction","target":["https:\/\/vosgesinfo.fr\/remiremontinfo\/2022\/01\/saint-ame-representations-petit-theatre-de-vecoux-reportees-a-fin-fevrier\/"]}]},{"@type":"ImageObject","inLanguage":"fr-FR","@id":"https:\/\/vosgesinfo.fr\/remiremontinfo\/2022\/01\/saint-ame-representations-petit-theatre-de-vecoux-reportees-a-fin-fevrier\/#primaryimage","url":"https:\/\/vosgesinfo.fr\/app\/uploads\/sites\/5\/2024\/09\/202201capture-decran-2022-01-19-0936301.png","contentUrl":"https:\/\/vosgesinfo.fr\/app\/uploads\/sites\/5\/2024\/09\/202201capture-decran-2022-01-19-0936301.png","width":843,"height":525},{"@type":"BreadcrumbList","@id":"https:\/\/vosgesinfo.fr\/remiremontinfo\/2022\/01\/saint-ame-representations-petit-theatre-de-vecoux-reportees-a-fin-fevrier\/#breadcrumb","itemListElement":[{"@type":"ListItem","position":1,"name":"Home","item":"https:\/\/vosgesinfo.fr\/remiremontinfo\/"},{"@type":"ListItem","position":2,"name":"Saint Am\u00e9 : les repr\u00e9sentations du Petit th\u00e9\u00e2tre de Vecoux report\u00e9es \u00e0 fin f\u00e9vrier"}]},{"@type":"WebSite","@id":"https:\/\/vosgesinfo.fr\/remiremontinfo\/#website","url":"https:\/\/vosgesinfo.fr\/remiremontinfo\/","name":"Remiremont Info","description":"Toute l&#039;actualit\u00e9 de Remiremont","publisher":{"@id":"https:\/\/vosgesinfo.fr\/remiremontinfo\/#organization"},"alternateName":"Toute l'actualit\u00e9 de Remiremont","potentialAction":[{"@type":"SearchAction","target":{"@type":"EntryPoint","urlTemplate":"https:\/\/vosgesinfo.fr\/remiremontinfo\/?s={search_term_string}"},"query-input":"required name=search_term_string"}],"inLanguage":"fr-FR"},{"@type":"Organization","@id":"https:\/\/vosgesinfo.fr\/remiremontinfo\/#organization","name":"Remiremont Info","url":"https:\/\/vosgesinfo.fr\/remiremontinfo\/","logo":{"@type":"ImageObject","inLanguage":"fr-FR","@id":"https:\/\/vosgesinfo.fr\/remiremontinfo\/#\/schema\/logo\/image\/","url":"https:\/\/vosgesinfo.fr\/app\/uploads\/sites\/5\/2023\/08\/favicon-remiremontinfo.png","contentUrl":"https:\/\/vosgesinfo.fr\/app\/uploads\/sites\/5\/2023\/08\/favicon-remiremontinfo.png","width":512,"height":512,"caption":"Remiremont Info"},"image":{"@id":"https:\/\/vosgesinfo.fr\/remiremontinfo\/#\/schema\/logo\/image\/"},"sameAs":["https:\/\/www.facebook.com\/remiremontinfo","https:\/\/x.com\/VosgesInfo88","https:\/\/www.youtube.com\/@vosgesinfo"]},{"@type":"Person","@id":"https:\/\/vosgesinfo.fr\/remiremontinfo\/#\/schema\/person\/3bfd164d5218a185b1db68655a265316","name":"C D","image":{"@type":"ImageObject","inLanguage":"fr-FR","@id":"https:\/\/vosgesinfo.fr\/remiremontinfo\/#\/schema\/person\/image\/","url":"https:\/\/secure.gravatar.com\/avatar\/1f9a70007336511a47468b8f1c66f922b8b7cf617b02a31149ada43893a5d48f?s=96&d=mm&r=g","contentUrl":"https:\/\/secure.gravatar.com\/avatar\/1f9a70007336511a47468b8f1c66f922b8b7cf617b02a31149ada43893a5d48f?s=96&d=mm&r=g","caption":"C D"},"url":"https:\/\/vosgesinfo.fr\/remiremontinfo\/author\/cedric-drevet\/"}]}},"_links":{"self":[{"href":"https:\/\/vosgesinfo.fr\/remiremontinfo\/wp-json\/wp\/v2\/posts\/51015","targetHints":{"allow":["GET"]}}],"collection":[{"href":"https:\/\/vosgesinfo.fr\/remiremontinfo\/wp-json\/wp\/v2\/posts"}],"about":[{"href":"https:\/\/vosgesinfo.fr\/remiremontinfo\/wp-json\/wp\/v2\/types\/post"}],"author":[{"embeddable":true,"href":"https:\/\/vosgesinfo.fr\/remiremontinfo\/wp-json\/wp\/v2\/users\/407"}],"replies":[{"embeddable":true,"href":"https:\/\/vosgesinfo.fr\/remiremontinfo\/wp-json\/wp\/v2\/comments?post=51015"}],"version-history":[{"count":0,"href":"https:\/\/vosgesinfo.fr\/remiremontinfo\/wp-json\/wp\/v2\/posts\/51015\/revisions"}],"wp:featuredmedia":[{"embeddable":true,"href":"https:\/\/vosgesinfo.fr\/remiremontinfo\/wp-json\/wp\/v2\/media\/51016"}],"wp:attachment":[{"href":"https:\/\/vosgesinfo.fr\/remiremontinfo\/wp-json\/wp\/v2\/media?parent=51015"}],"wp:term":[{"taxonomy":"category","embeddable":true,"href":"https:\/\/vosgesinfo.fr\/remiremontinfo\/wp-json\/wp\/v2\/categories?post=51015"},{"taxonomy":"post_tag","embeddable":true,"href":"https:\/\/vosgesinfo.fr\/remiremontinfo\/wp-json\/wp\/v2\/tags?post=51015"}],"curies":[{"name":"wp","href":"https:\/\/api.w.org\/{rel}","templated":true}]}}