{"id":51114,"date":"2022-01-22T08:13:21","date_gmt":"2022-01-22T07:13:21","guid":{"rendered":"https:\/\/vosgesinfo.fr\/remiremontinfo\/2022\/01\/senateur-jean-hingray-evoque-linsuffisance-dons-de-moelle-osseuse\/"},"modified":"2022-01-22T08:13:21","modified_gmt":"2022-01-22T07:13:21","slug":"senateur-jean-hingray-evoque-linsuffisance-dons-de-moelle-osseuse","status":"publish","type":"post","link":"https:\/\/vosgesinfo.fr\/remiremontinfo\/2022\/01\/senateur-jean-hingray-evoque-linsuffisance-dons-de-moelle-osseuse\/","title":{"rendered":"Le s\u00e9nateur Jean Hingray \u00e9voque l&rsquo;insuffisance des dons de moelle osseuse"},"content":{"rendered":"<p><a href=\"\/2022\/01\/Capture-d\u2019\u00e9cran-2021-12-16-101839.png\"><img decoding=\"async\" class=\"alignnone size-full wp-image-335964\" src=\"\/2022\/01\/Capture-d\u2019\u00e9cran-2021-12-16-101839.png\" alt=\"Capture-d\u2019\u00e9cran-2021-12-16-101839\" width=\"739\" height=\"542\" \/><\/a><\/p>\n<p><span style=\"font-size: 10pt;\"><em>Photo d&rsquo;archive\u00a0<\/em><\/span><\/p>\n<h2><span style=\"font-size: 12pt;\"><strong>Tr\u00e8s touch\u00e9\u00a0par le sort du jeune Joseph, \u00e2g\u00e9 de 3 ans et atteint d\u2019une leuc\u00e9mie n\u00e9cessitant une greffe d\u2019urgence, le s\u00e9nateur des Vosges Jean Hingray a remis en lumi\u00e8re, lors de la s\u00e9ance des Questions Au Gouvernement du 19 janvier dernier, la trop faible notori\u00e9t\u00e9 dont souffre le don de moelle osseuse interpellant avec \u00e9motion et d\u00e9termination Monsieur le secr\u00e9taire d&rsquo;\u00c9tat Secr\u00e9taire d&rsquo;\u00c9tat aupr\u00e8s du ministre des Solidarit\u00e9s et de la Sant\u00e9, charg\u00e9 de l&rsquo;Enfance et des Familles.\u00a0<\/strong><\/span><\/h2>\n<p>En voici le texte int\u00e9gral\u00a0de l&rsquo;intervention :<\/p>\n<p><em>\u00ab\u00a0Joseph, 3 ans, est atteint d&rsquo;une leuc\u00e9mie. Plus de 100 jours d&rsquo;hospitalisation, 793 s\u00e9ances de chimioth\u00e9rapie, 1 chance sur 1 million de gu\u00e9rir. Courageux face \u00e0 la maladie, tout comme sa famille, ce petit gar\u00e7on est depuis quelques jours au c\u0153ur de l&rsquo;actualit\u00e9. Alors que le processus m\u00e9dical touchait \u00e0 sa fin et qu&rsquo;on esp\u00e9rait une issue heureuse, le petit Joseph a fait une rechute. Les parents, d\u00e9sesp\u00e9r\u00e9s, lancent un appel aux donneurs de moelle osseuse via les r\u00e9seaux sociaux. Sans ce don, Joseph ne survivra pas. Cet appel a largement \u00e9t\u00e9 repris par les m\u00e9dias. Monsieur le secr\u00e9taire d&rsquo;\u00c9tat, \u00e0 votre tour, allez-vous le relayer avec les moyens de la puissance publique ?<\/em><\/p>\n<p><em>Au-del\u00e0 du drame v\u00e9cu par Joseph et sa famille, cette question pose le probl\u00e8me de la raret\u00e9 des donneurs volontaires inscrits au registre international d\u00e9di\u00e9. La p\u00e9nurie est end\u00e9mique : l&rsquo;Agence de la biom\u00e9decine recherche en permanence de nouveaux donneurs. Certains freins administratifs sont incompr\u00e9hensibles : alors que l&rsquo;on peut donner sa moelle osseuse jusqu&rsquo;\u00e0 60 ans, on ne peut s&rsquo;inscrire sur ce registre qu&rsquo;entre 18 et 35 ans. Pourquoi pas plus tard, alors que c&rsquo;est le cas dans d&rsquo;autres pays ? Mais le principal obstacle au d\u00e9veloppement du fichier des donneurs est le manque d&rsquo;information. Les gens ignorent l&rsquo;\u00e9tendue des besoins et de nombreuses id\u00e9es re\u00e7ues perdurent. \u00c0 titre d&rsquo;exemple, pour \u00eatre inscrit dans le fichier des donneurs, il suffit de proc\u00e9der \u00e0 un pr\u00e9l\u00e8vement salivaire ou sanguin. <\/em><\/p>\n<p><em>Monsieur le secr\u00e9taire d&rsquo;\u00c9tat, le Gouvernement va-t-il prendre les mesures n\u00e9cessaires pour, enfin, faciliter le don de moelle osseuse et lancer une campagne d&rsquo;information pour d\u00e9velopper le fichier des donneurs ?\u00a0\u00bb\u00a0<\/em><\/p>\n<p>Dans sa r\u00e9ponse, le ministre Adrien Taquet a notamment rappel\u00e9 le contexte et le r\u00f4le central du site internet www.dondemoelleosseuse.fr. Retrouvez les deux prises de parole ici :\u00a0<a href=\"http:\/\/videos.senat.fr\/video.2729182_61e80ad0ba6f5.seance-publique-du-19-janvier-2022-apres-midi?timecode=5107000\">S\u00e9ance publique du 19 janvier 2022 (apr\u00e8s-midi) (senat.fr)<\/a><\/p>\n<p>&nbsp;<\/p>\n","protected":false},"excerpt":{"rendered":"<p>Photo d&rsquo;archive\u00a0 Tr\u00e8s touch\u00e9\u00a0par le sort du jeune Joseph, \u00e2g\u00e9 de 3 ans et atteint d\u2019une leuc\u00e9mie n\u00e9cessitant une greffe [&hellip;]<\/p>\n","protected":false},"author":407,"featured_media":51115,"comment_status":"open","ping_status":"open","sticky":false,"template":"","format":"standard","meta":{"footnotes":""},"categories":[26,10,18],"tags":[740,2614,3320],"class_list":["post-51114","post","type-post","status-publish","format-standard","has-post-thumbnail","hentry","category-a-la-une","category-politique","category-vosges","tag-jean-hingray","tag-senat","tag-son-de-moelle-osseuse"],"acf":[],"yoast_head":"<!-- This site is optimized with the Yoast SEO plugin v22.5 - https:\/\/yoast.com\/wordpress\/plugins\/seo\/ -->\n<title>Le s\u00e9nateur Jean Hingray \u00e9voque l&#039;insuffisance des dons de moelle osseuse - Remiremont Info<\/title>\n<meta name=\"robots\" content=\"index, follow, max-snippet:-1, max-image-preview:large, max-video-preview:-1\" \/>\n<link rel=\"canonical\" href=\"https:\/\/vosgesinfo.fr\/remiremontinfo\/2022\/01\/senateur-jean-hingray-evoque-linsuffisance-dons-de-moelle-osseuse\/\" \/>\n<meta name=\"twitter:card\" content=\"summary_large_image\" \/>\n<meta name=\"twitter:title\" content=\"Le s\u00e9nateur Jean Hingray \u00e9voque l&#039;insuffisance des dons de moelle osseuse - Remiremont Info\" \/>\n<meta name=\"twitter:description\" content=\"Photo d&rsquo;archive\u00a0 Tr\u00e8s touch\u00e9\u00a0par le sort du jeune Joseph, \u00e2g\u00e9 de 3 ans et atteint d\u2019une leuc\u00e9mie n\u00e9cessitant une greffe [&hellip;]\" \/>\n<meta name=\"twitter:image\" content=\"https:\/\/vosgesinfo.fr\/app\/uploads\/sites\/5\/2024\/09\/202201capture-decran-2021-12-16-101839.png\" \/>\n<meta name=\"twitter:creator\" content=\"@VosgesInfo88\" \/>\n<meta name=\"twitter:site\" content=\"@VosgesInfo88\" \/>\n<meta name=\"twitter:label1\" content=\"\u00c9crit par\" \/>\n\t<meta name=\"twitter:data1\" content=\"C D\" \/>\n\t<meta name=\"twitter:label2\" content=\"Dur\u00e9e de lecture estim\u00e9e\" \/>\n\t<meta name=\"twitter:data2\" content=\"2 minutes\" \/>\n<script type=\"application\/ld+json\" class=\"yoast-schema-graph\">{\"@context\":\"https:\/\/schema.org\",\"@graph\":[{\"@type\":\"Article\",\"@id\":\"https:\/\/vosgesinfo.fr\/remiremontinfo\/2022\/01\/senateur-jean-hingray-evoque-linsuffisance-dons-de-moelle-osseuse\/#article\",\"isPartOf\":{\"@id\":\"https:\/\/vosgesinfo.fr\/remiremontinfo\/2022\/01\/senateur-jean-hingray-evoque-linsuffisance-dons-de-moelle-osseuse\/\"},\"author\":{\"name\":\"C D\",\"@id\":\"https:\/\/vosgesinfo.fr\/remiremontinfo\/#\/schema\/person\/3bfd164d5218a185b1db68655a265316\"},\"headline\":\"Le s\u00e9nateur Jean Hingray \u00e9voque l&rsquo;insuffisance des dons de moelle osseuse\",\"datePublished\":\"2022-01-22T07:13:21+00:00\",\"dateModified\":\"2022-01-22T07:13:21+00:00\",\"mainEntityOfPage\":{\"@id\":\"https:\/\/vosgesinfo.fr\/remiremontinfo\/2022\/01\/senateur-jean-hingray-evoque-linsuffisance-dons-de-moelle-osseuse\/\"},\"wordCount\":462,\"commentCount\":0,\"publisher\":{\"@id\":\"https:\/\/vosgesinfo.fr\/remiremontinfo\/#organization\"},\"image\":{\"@id\":\"https:\/\/vosgesinfo.fr\/remiremontinfo\/2022\/01\/senateur-jean-hingray-evoque-linsuffisance-dons-de-moelle-osseuse\/#primaryimage\"},\"thumbnailUrl\":\"https:\/\/vosgesinfo.fr\/app\/uploads\/sites\/5\/2024\/09\/202201capture-decran-2021-12-16-101839.png\",\"keywords\":[\"Jean Hingray\",\"S\u00e9nat\",\"son de moelle osseuse\"],\"articleSection\":[\"A la Une\",\"Politique\",\"Vosges\"],\"inLanguage\":\"fr-FR\",\"potentialAction\":[{\"@type\":\"CommentAction\",\"name\":\"Comment\",\"target\":[\"https:\/\/vosgesinfo.fr\/remiremontinfo\/2022\/01\/senateur-jean-hingray-evoque-linsuffisance-dons-de-moelle-osseuse\/#respond\"]}]},{\"@type\":\"WebPage\",\"@id\":\"https:\/\/vosgesinfo.fr\/remiremontinfo\/2022\/01\/senateur-jean-hingray-evoque-linsuffisance-dons-de-moelle-osseuse\/\",\"url\":\"https:\/\/vosgesinfo.fr\/remiremontinfo\/2022\/01\/senateur-jean-hingray-evoque-linsuffisance-dons-de-moelle-osseuse\/\",\"name\":\"Le s\u00e9nateur Jean Hingray \u00e9voque l'insuffisance des dons de moelle osseuse - Remiremont Info\",\"isPartOf\":{\"@id\":\"https:\/\/vosgesinfo.fr\/remiremontinfo\/#website\"},\"primaryImageOfPage\":{\"@id\":\"https:\/\/vosgesinfo.fr\/remiremontinfo\/2022\/01\/senateur-jean-hingray-evoque-linsuffisance-dons-de-moelle-osseuse\/#primaryimage\"},\"image\":{\"@id\":\"https:\/\/vosgesinfo.fr\/remiremontinfo\/2022\/01\/senateur-jean-hingray-evoque-linsuffisance-dons-de-moelle-osseuse\/#primaryimage\"},\"thumbnailUrl\":\"https:\/\/vosgesinfo.fr\/app\/uploads\/sites\/5\/2024\/09\/202201capture-decran-2021-12-16-101839.png\",\"datePublished\":\"2022-01-22T07:13:21+00:00\",\"dateModified\":\"2022-01-22T07:13:21+00:00\",\"breadcrumb\":{\"@id\":\"https:\/\/vosgesinfo.fr\/remiremontinfo\/2022\/01\/senateur-jean-hingray-evoque-linsuffisance-dons-de-moelle-osseuse\/#breadcrumb\"},\"inLanguage\":\"fr-FR\",\"potentialAction\":[{\"@type\":\"ReadAction\",\"target\":[\"https:\/\/vosgesinfo.fr\/remiremontinfo\/2022\/01\/senateur-jean-hingray-evoque-linsuffisance-dons-de-moelle-osseuse\/\"]}]},{\"@type\":\"ImageObject\",\"inLanguage\":\"fr-FR\",\"@id\":\"https:\/\/vosgesinfo.fr\/remiremontinfo\/2022\/01\/senateur-jean-hingray-evoque-linsuffisance-dons-de-moelle-osseuse\/#primaryimage\",\"url\":\"https:\/\/vosgesinfo.fr\/app\/uploads\/sites\/5\/2024\/09\/202201capture-decran-2021-12-16-101839.png\",\"contentUrl\":\"https:\/\/vosgesinfo.fr\/app\/uploads\/sites\/5\/2024\/09\/202201capture-decran-2021-12-16-101839.png\",\"width\":739,\"height\":542},{\"@type\":\"BreadcrumbList\",\"@id\":\"https:\/\/vosgesinfo.fr\/remiremontinfo\/2022\/01\/senateur-jean-hingray-evoque-linsuffisance-dons-de-moelle-osseuse\/#breadcrumb\",\"itemListElement\":[{\"@type\":\"ListItem\",\"position\":1,\"name\":\"Home\",\"item\":\"https:\/\/vosgesinfo.fr\/remiremontinfo\/\"},{\"@type\":\"ListItem\",\"position\":2,\"name\":\"Le s\u00e9nateur Jean Hingray \u00e9voque l&rsquo;insuffisance des dons de moelle osseuse\"}]},{\"@type\":\"WebSite\",\"@id\":\"https:\/\/vosgesinfo.fr\/remiremontinfo\/#website\",\"url\":\"https:\/\/vosgesinfo.fr\/remiremontinfo\/\",\"name\":\"Remiremont Info\",\"description\":\"Toute l&#039;actualit\u00e9 de Remiremont\",\"publisher\":{\"@id\":\"https:\/\/vosgesinfo.fr\/remiremontinfo\/#organization\"},\"alternateName\":\"Toute l'actualit\u00e9 de Remiremont\",\"potentialAction\":[{\"@type\":\"SearchAction\",\"target\":{\"@type\":\"EntryPoint\",\"urlTemplate\":\"https:\/\/vosgesinfo.fr\/remiremontinfo\/?s={search_term_string}\"},\"query-input\":\"required name=search_term_string\"}],\"inLanguage\":\"fr-FR\"},{\"@type\":\"Organization\",\"@id\":\"https:\/\/vosgesinfo.fr\/remiremontinfo\/#organization\",\"name\":\"Remiremont Info\",\"url\":\"https:\/\/vosgesinfo.fr\/remiremontinfo\/\",\"logo\":{\"@type\":\"ImageObject\",\"inLanguage\":\"fr-FR\",\"@id\":\"https:\/\/vosgesinfo.fr\/remiremontinfo\/#\/schema\/logo\/image\/\",\"url\":\"https:\/\/vosgesinfo.fr\/app\/uploads\/sites\/5\/2023\/08\/favicon-remiremontinfo.png\",\"contentUrl\":\"https:\/\/vosgesinfo.fr\/app\/uploads\/sites\/5\/2023\/08\/favicon-remiremontinfo.png\",\"width\":512,\"height\":512,\"caption\":\"Remiremont Info\"},\"image\":{\"@id\":\"https:\/\/vosgesinfo.fr\/remiremontinfo\/#\/schema\/logo\/image\/\"},\"sameAs\":[\"https:\/\/www.facebook.com\/remiremontinfo\",\"https:\/\/x.com\/VosgesInfo88\",\"https:\/\/www.youtube.com\/@vosgesinfo\"]},{\"@type\":\"Person\",\"@id\":\"https:\/\/vosgesinfo.fr\/remiremontinfo\/#\/schema\/person\/3bfd164d5218a185b1db68655a265316\",\"name\":\"C D\",\"image\":{\"@type\":\"ImageObject\",\"inLanguage\":\"fr-FR\",\"@id\":\"https:\/\/vosgesinfo.fr\/remiremontinfo\/#\/schema\/person\/image\/\",\"url\":\"https:\/\/secure.gravatar.com\/avatar\/1f9a70007336511a47468b8f1c66f922b8b7cf617b02a31149ada43893a5d48f?s=96&d=mm&r=g\",\"contentUrl\":\"https:\/\/secure.gravatar.com\/avatar\/1f9a70007336511a47468b8f1c66f922b8b7cf617b02a31149ada43893a5d48f?s=96&d=mm&r=g\",\"caption\":\"C D\"},\"url\":\"https:\/\/vosgesinfo.fr\/remiremontinfo\/author\/cedric-drevet\/\"}]}<\/script>\n<!-- \/ Yoast SEO plugin. -->","yoast_head_json":{"title":"Le s\u00e9nateur Jean Hingray \u00e9voque l'insuffisance des dons de moelle osseuse - Remiremont Info","robots":{"index":"index","follow":"follow","max-snippet":"max-snippet:-1","max-image-preview":"max-image-preview:large","max-video-preview":"max-video-preview:-1"},"canonical":"https:\/\/vosgesinfo.fr\/remiremontinfo\/2022\/01\/senateur-jean-hingray-evoque-linsuffisance-dons-de-moelle-osseuse\/","twitter_card":"summary_large_image","twitter_title":"Le s\u00e9nateur Jean Hingray \u00e9voque l'insuffisance des dons de moelle osseuse - Remiremont Info","twitter_description":"Photo d&rsquo;archive\u00a0 Tr\u00e8s touch\u00e9\u00a0par le sort du jeune Joseph, \u00e2g\u00e9 de 3 ans et atteint d\u2019une leuc\u00e9mie n\u00e9cessitant une greffe [&hellip;]","twitter_image":"https:\/\/vosgesinfo.fr\/app\/uploads\/sites\/5\/2024\/09\/202201capture-decran-2021-12-16-101839.png","twitter_creator":"@VosgesInfo88","twitter_site":"@VosgesInfo88","twitter_misc":{"\u00c9crit par":"C D","Dur\u00e9e de lecture estim\u00e9e":"2 minutes"},"schema":{"@context":"https:\/\/schema.org","@graph":[{"@type":"Article","@id":"https:\/\/vosgesinfo.fr\/remiremontinfo\/2022\/01\/senateur-jean-hingray-evoque-linsuffisance-dons-de-moelle-osseuse\/#article","isPartOf":{"@id":"https:\/\/vosgesinfo.fr\/remiremontinfo\/2022\/01\/senateur-jean-hingray-evoque-linsuffisance-dons-de-moelle-osseuse\/"},"author":{"name":"C D","@id":"https:\/\/vosgesinfo.fr\/remiremontinfo\/#\/schema\/person\/3bfd164d5218a185b1db68655a265316"},"headline":"Le s\u00e9nateur Jean Hingray \u00e9voque l&rsquo;insuffisance des dons de moelle osseuse","datePublished":"2022-01-22T07:13:21+00:00","dateModified":"2022-01-22T07:13:21+00:00","mainEntityOfPage":{"@id":"https:\/\/vosgesinfo.fr\/remiremontinfo\/2022\/01\/senateur-jean-hingray-evoque-linsuffisance-dons-de-moelle-osseuse\/"},"wordCount":462,"commentCount":0,"publisher":{"@id":"https:\/\/vosgesinfo.fr\/remiremontinfo\/#organization"},"image":{"@id":"https:\/\/vosgesinfo.fr\/remiremontinfo\/2022\/01\/senateur-jean-hingray-evoque-linsuffisance-dons-de-moelle-osseuse\/#primaryimage"},"thumbnailUrl":"https:\/\/vosgesinfo.fr\/app\/uploads\/sites\/5\/2024\/09\/202201capture-decran-2021-12-16-101839.png","keywords":["Jean Hingray","S\u00e9nat","son de moelle osseuse"],"articleSection":["A la Une","Politique","Vosges"],"inLanguage":"fr-FR","potentialAction":[{"@type":"CommentAction","name":"Comment","target":["https:\/\/vosgesinfo.fr\/remiremontinfo\/2022\/01\/senateur-jean-hingray-evoque-linsuffisance-dons-de-moelle-osseuse\/#respond"]}]},{"@type":"WebPage","@id":"https:\/\/vosgesinfo.fr\/remiremontinfo\/2022\/01\/senateur-jean-hingray-evoque-linsuffisance-dons-de-moelle-osseuse\/","url":"https:\/\/vosgesinfo.fr\/remiremontinfo\/2022\/01\/senateur-jean-hingray-evoque-linsuffisance-dons-de-moelle-osseuse\/","name":"Le s\u00e9nateur Jean Hingray \u00e9voque l'insuffisance des dons de moelle osseuse - Remiremont Info","isPartOf":{"@id":"https:\/\/vosgesinfo.fr\/remiremontinfo\/#website"},"primaryImageOfPage":{"@id":"https:\/\/vosgesinfo.fr\/remiremontinfo\/2022\/01\/senateur-jean-hingray-evoque-linsuffisance-dons-de-moelle-osseuse\/#primaryimage"},"image":{"@id":"https:\/\/vosgesinfo.fr\/remiremontinfo\/2022\/01\/senateur-jean-hingray-evoque-linsuffisance-dons-de-moelle-osseuse\/#primaryimage"},"thumbnailUrl":"https:\/\/vosgesinfo.fr\/app\/uploads\/sites\/5\/2024\/09\/202201capture-decran-2021-12-16-101839.png","datePublished":"2022-01-22T07:13:21+00:00","dateModified":"2022-01-22T07:13:21+00:00","breadcrumb":{"@id":"https:\/\/vosgesinfo.fr\/remiremontinfo\/2022\/01\/senateur-jean-hingray-evoque-linsuffisance-dons-de-moelle-osseuse\/#breadcrumb"},"inLanguage":"fr-FR","potentialAction":[{"@type":"ReadAction","target":["https:\/\/vosgesinfo.fr\/remiremontinfo\/2022\/01\/senateur-jean-hingray-evoque-linsuffisance-dons-de-moelle-osseuse\/"]}]},{"@type":"ImageObject","inLanguage":"fr-FR","@id":"https:\/\/vosgesinfo.fr\/remiremontinfo\/2022\/01\/senateur-jean-hingray-evoque-linsuffisance-dons-de-moelle-osseuse\/#primaryimage","url":"https:\/\/vosgesinfo.fr\/app\/uploads\/sites\/5\/2024\/09\/202201capture-decran-2021-12-16-101839.png","contentUrl":"https:\/\/vosgesinfo.fr\/app\/uploads\/sites\/5\/2024\/09\/202201capture-decran-2021-12-16-101839.png","width":739,"height":542},{"@type":"BreadcrumbList","@id":"https:\/\/vosgesinfo.fr\/remiremontinfo\/2022\/01\/senateur-jean-hingray-evoque-linsuffisance-dons-de-moelle-osseuse\/#breadcrumb","itemListElement":[{"@type":"ListItem","position":1,"name":"Home","item":"https:\/\/vosgesinfo.fr\/remiremontinfo\/"},{"@type":"ListItem","position":2,"name":"Le s\u00e9nateur Jean Hingray \u00e9voque l&rsquo;insuffisance des dons de moelle osseuse"}]},{"@type":"WebSite","@id":"https:\/\/vosgesinfo.fr\/remiremontinfo\/#website","url":"https:\/\/vosgesinfo.fr\/remiremontinfo\/","name":"Remiremont Info","description":"Toute l&#039;actualit\u00e9 de Remiremont","publisher":{"@id":"https:\/\/vosgesinfo.fr\/remiremontinfo\/#organization"},"alternateName":"Toute l'actualit\u00e9 de Remiremont","potentialAction":[{"@type":"SearchAction","target":{"@type":"EntryPoint","urlTemplate":"https:\/\/vosgesinfo.fr\/remiremontinfo\/?s={search_term_string}"},"query-input":"required name=search_term_string"}],"inLanguage":"fr-FR"},{"@type":"Organization","@id":"https:\/\/vosgesinfo.fr\/remiremontinfo\/#organization","name":"Remiremont Info","url":"https:\/\/vosgesinfo.fr\/remiremontinfo\/","logo":{"@type":"ImageObject","inLanguage":"fr-FR","@id":"https:\/\/vosgesinfo.fr\/remiremontinfo\/#\/schema\/logo\/image\/","url":"https:\/\/vosgesinfo.fr\/app\/uploads\/sites\/5\/2023\/08\/favicon-remiremontinfo.png","contentUrl":"https:\/\/vosgesinfo.fr\/app\/uploads\/sites\/5\/2023\/08\/favicon-remiremontinfo.png","width":512,"height":512,"caption":"Remiremont Info"},"image":{"@id":"https:\/\/vosgesinfo.fr\/remiremontinfo\/#\/schema\/logo\/image\/"},"sameAs":["https:\/\/www.facebook.com\/remiremontinfo","https:\/\/x.com\/VosgesInfo88","https:\/\/www.youtube.com\/@vosgesinfo"]},{"@type":"Person","@id":"https:\/\/vosgesinfo.fr\/remiremontinfo\/#\/schema\/person\/3bfd164d5218a185b1db68655a265316","name":"C D","image":{"@type":"ImageObject","inLanguage":"fr-FR","@id":"https:\/\/vosgesinfo.fr\/remiremontinfo\/#\/schema\/person\/image\/","url":"https:\/\/secure.gravatar.com\/avatar\/1f9a70007336511a47468b8f1c66f922b8b7cf617b02a31149ada43893a5d48f?s=96&d=mm&r=g","contentUrl":"https:\/\/secure.gravatar.com\/avatar\/1f9a70007336511a47468b8f1c66f922b8b7cf617b02a31149ada43893a5d48f?s=96&d=mm&r=g","caption":"C D"},"url":"https:\/\/vosgesinfo.fr\/remiremontinfo\/author\/cedric-drevet\/"}]}},"_links":{"self":[{"href":"https:\/\/vosgesinfo.fr\/remiremontinfo\/wp-json\/wp\/v2\/posts\/51114","targetHints":{"allow":["GET"]}}],"collection":[{"href":"https:\/\/vosgesinfo.fr\/remiremontinfo\/wp-json\/wp\/v2\/posts"}],"about":[{"href":"https:\/\/vosgesinfo.fr\/remiremontinfo\/wp-json\/wp\/v2\/types\/post"}],"author":[{"embeddable":true,"href":"https:\/\/vosgesinfo.fr\/remiremontinfo\/wp-json\/wp\/v2\/users\/407"}],"replies":[{"embeddable":true,"href":"https:\/\/vosgesinfo.fr\/remiremontinfo\/wp-json\/wp\/v2\/comments?post=51114"}],"version-history":[{"count":0,"href":"https:\/\/vosgesinfo.fr\/remiremontinfo\/wp-json\/wp\/v2\/posts\/51114\/revisions"}],"wp:featuredmedia":[{"embeddable":true,"href":"https:\/\/vosgesinfo.fr\/remiremontinfo\/wp-json\/wp\/v2\/media\/51115"}],"wp:attachment":[{"href":"https:\/\/vosgesinfo.fr\/remiremontinfo\/wp-json\/wp\/v2\/media?parent=51114"}],"wp:term":[{"taxonomy":"category","embeddable":true,"href":"https:\/\/vosgesinfo.fr\/remiremontinfo\/wp-json\/wp\/v2\/categories?post=51114"},{"taxonomy":"post_tag","embeddable":true,"href":"https:\/\/vosgesinfo.fr\/remiremontinfo\/wp-json\/wp\/v2\/tags?post=51114"}],"curies":[{"name":"wp","href":"https:\/\/api.w.org\/{rel}","templated":true}]}}