{"id":51124,"date":"2022-01-22T07:39:43","date_gmt":"2022-01-22T06:39:43","guid":{"rendered":"https:\/\/vosgesinfo.fr\/remiremontinfo\/2022\/01\/saint-nabord-jean-pierre-calmels-conseillers-municipaux-presentent-leurs-voeux-2022\/"},"modified":"2022-01-22T07:39:43","modified_gmt":"2022-01-22T06:39:43","slug":"saint-nabord-jean-pierre-calmels-conseillers-municipaux-presentent-leurs-voeux-2022","status":"publish","type":"post","link":"https:\/\/vosgesinfo.fr\/remiremontinfo\/2022\/01\/saint-nabord-jean-pierre-calmels-conseillers-municipaux-presentent-leurs-voeux-2022\/","title":{"rendered":"Saint-Nabord\u00a0: Jean-Pierre Calmels et les conseillers municipaux pr\u00e9sentent leurs v\u0153ux pour 2022"},"content":{"rendered":"<p style=\"text-align: center;\" align=\"left\"><a href=\"\/2022\/01\/Capture-d\u2019\u00e9cran-2022-01-22-093932.png\"><img decoding=\"async\" class=\"alignnone size-full wp-image-335976\" src=\"\/2022\/01\/Capture-d\u2019\u00e9cran-2022-01-22-093932.png\" alt=\"Capture d\u2019\u00e9cran 2022-01-22 093932\" width=\"922\" height=\"621\" \/><\/a><\/p>\n<h2 align=\"left\"><span style=\"font-size: 12pt;\"><strong><span style=\"color: #050505;\"><span style=\"font-family: 'Times New Roman', serif;\">Pas de c\u00e9r\u00e9monie des v\u0153ux en ce d\u00e9but d\u2019ann\u00e9e, du fait de la crise de la Covid-19, qui commence \u00e0 s\u2019installer s\u00e9rieusement comme la toile de fond de l\u2019actualit\u00e9 vosgienne et nationale. Les v\u0153ux sont en g\u00e9n\u00e9ral l\u2019occasion pour la municipalit\u00e9 de pr\u00e9senter le bilan de l\u2019ann\u00e9e \u00e9coul\u00e9e et les projets pour l\u2019ann\u00e9e qui d\u00e9bute. <\/span><\/span><\/strong><\/span><\/h2>\n<p align=\"left\"><span style=\"color: #050505;\"><span style=\"font-family: 'Times New Roman', serif;\"><span style=\"font-size: medium;\">A Saint-Nabord, c\u2019est par le moyen d\u2019une vid\u00e9o, diffus\u00e9e sur internet, que le maire Jean-Pierre Calmels et des conseillers municipaux pr\u00e9sentent aux habitants leurs meilleurs v\u0153ux pour 2022, depuis le jardin de lumi\u00e8res.\u00a0<\/span><\/span><\/span><\/p>\n<p align=\"left\"><iframe loading=\"lazy\" src=\"\/\/www.youtube.com\/embed\/cdKID1BMZnU\" width=\"425\" height=\"350\" allowfullscreen=\"allowfullscreen\"><\/iframe><\/p>\n","protected":false},"excerpt":{"rendered":"<p>Pas de c\u00e9r\u00e9monie des v\u0153ux en ce d\u00e9but d\u2019ann\u00e9e, du fait de la crise de la Covid-19, qui commence \u00e0 [&hellip;]<\/p>\n","protected":false},"author":407,"featured_media":51125,"comment_status":"open","ping_status":"open","sticky":false,"template":"","format":"standard","meta":{"footnotes":""},"categories":[26,35,100],"tags":[2238,42,655],"class_list":["post-51124","post","type-post","status-publish","format-standard","has-post-thumbnail","hentry","category-a-la-une","category-remiremont-son-canton","category-saint-nabord","tag-2238","tag-saint-nabord","tag-voeux"],"acf":[],"yoast_head":"<!-- This site is optimized with the Yoast SEO plugin v22.5 - https:\/\/yoast.com\/wordpress\/plugins\/seo\/ -->\n<title>Saint-Nabord\u00a0: Jean-Pierre Calmels et les conseillers municipaux pr\u00e9sentent leurs v\u0153ux pour 2022 - Remiremont Info<\/title>\n<meta name=\"robots\" content=\"index, follow, max-snippet:-1, max-image-preview:large, max-video-preview:-1\" \/>\n<link rel=\"canonical\" href=\"https:\/\/vosgesinfo.fr\/remiremontinfo\/2022\/01\/saint-nabord-jean-pierre-calmels-conseillers-municipaux-presentent-leurs-voeux-2022\/\" \/>\n<meta name=\"twitter:card\" content=\"summary_large_image\" \/>\n<meta name=\"twitter:title\" content=\"Saint-Nabord\u00a0: Jean-Pierre Calmels et les conseillers municipaux pr\u00e9sentent leurs v\u0153ux pour 2022 - Remiremont Info\" \/>\n<meta name=\"twitter:description\" content=\"Pas de c\u00e9r\u00e9monie des v\u0153ux en ce d\u00e9but d\u2019ann\u00e9e, du fait de la crise de la Covid-19, qui commence \u00e0 [&hellip;]\" \/>\n<meta name=\"twitter:image\" content=\"https:\/\/vosgesinfo.fr\/app\/uploads\/sites\/5\/2024\/09\/202201capture-decran-2022-01-22-093932.png\" \/>\n<meta name=\"twitter:creator\" content=\"@VosgesInfo88\" \/>\n<meta name=\"twitter:site\" content=\"@VosgesInfo88\" \/>\n<meta name=\"twitter:label1\" content=\"\u00c9crit par\" \/>\n\t<meta name=\"twitter:data1\" content=\"C D\" \/>\n\t<meta name=\"twitter:label2\" content=\"Dur\u00e9e de lecture estim\u00e9e\" \/>\n\t<meta name=\"twitter:data2\" content=\"1 minute\" \/>\n<script type=\"application\/ld+json\" class=\"yoast-schema-graph\">{\"@context\":\"https:\/\/schema.org\",\"@graph\":[{\"@type\":\"Article\",\"@id\":\"https:\/\/vosgesinfo.fr\/remiremontinfo\/2022\/01\/saint-nabord-jean-pierre-calmels-conseillers-municipaux-presentent-leurs-voeux-2022\/#article\",\"isPartOf\":{\"@id\":\"https:\/\/vosgesinfo.fr\/remiremontinfo\/2022\/01\/saint-nabord-jean-pierre-calmels-conseillers-municipaux-presentent-leurs-voeux-2022\/\"},\"author\":{\"name\":\"C D\",\"@id\":\"https:\/\/vosgesinfo.fr\/remiremontinfo\/#\/schema\/person\/3bfd164d5218a185b1db68655a265316\"},\"headline\":\"Saint-Nabord\u00a0: Jean-Pierre Calmels et les conseillers municipaux pr\u00e9sentent leurs v\u0153ux pour 2022\",\"datePublished\":\"2022-01-22T06:39:43+00:00\",\"dateModified\":\"2022-01-22T06:39:43+00:00\",\"mainEntityOfPage\":{\"@id\":\"https:\/\/vosgesinfo.fr\/remiremontinfo\/2022\/01\/saint-nabord-jean-pierre-calmels-conseillers-municipaux-presentent-leurs-voeux-2022\/\"},\"wordCount\":126,\"commentCount\":0,\"publisher\":{\"@id\":\"https:\/\/vosgesinfo.fr\/remiremontinfo\/#organization\"},\"image\":{\"@id\":\"https:\/\/vosgesinfo.fr\/remiremontinfo\/2022\/01\/saint-nabord-jean-pierre-calmels-conseillers-municipaux-presentent-leurs-voeux-2022\/#primaryimage\"},\"thumbnailUrl\":\"https:\/\/vosgesinfo.fr\/app\/uploads\/sites\/5\/2024\/09\/202201capture-decran-2022-01-22-093932.png\",\"keywords\":[\"2022\",\"saint-nabord\",\"Voeux\"],\"articleSection\":[\"A la Une\",\"Remiremont &amp; son canton\",\"Saint-Nabord\"],\"inLanguage\":\"fr-FR\",\"potentialAction\":[{\"@type\":\"CommentAction\",\"name\":\"Comment\",\"target\":[\"https:\/\/vosgesinfo.fr\/remiremontinfo\/2022\/01\/saint-nabord-jean-pierre-calmels-conseillers-municipaux-presentent-leurs-voeux-2022\/#respond\"]}]},{\"@type\":\"WebPage\",\"@id\":\"https:\/\/vosgesinfo.fr\/remiremontinfo\/2022\/01\/saint-nabord-jean-pierre-calmels-conseillers-municipaux-presentent-leurs-voeux-2022\/\",\"url\":\"https:\/\/vosgesinfo.fr\/remiremontinfo\/2022\/01\/saint-nabord-jean-pierre-calmels-conseillers-municipaux-presentent-leurs-voeux-2022\/\",\"name\":\"Saint-Nabord\u00a0: Jean-Pierre Calmels et les conseillers municipaux pr\u00e9sentent leurs v\u0153ux pour 2022 - Remiremont Info\",\"isPartOf\":{\"@id\":\"https:\/\/vosgesinfo.fr\/remiremontinfo\/#website\"},\"primaryImageOfPage\":{\"@id\":\"https:\/\/vosgesinfo.fr\/remiremontinfo\/2022\/01\/saint-nabord-jean-pierre-calmels-conseillers-municipaux-presentent-leurs-voeux-2022\/#primaryimage\"},\"image\":{\"@id\":\"https:\/\/vosgesinfo.fr\/remiremontinfo\/2022\/01\/saint-nabord-jean-pierre-calmels-conseillers-municipaux-presentent-leurs-voeux-2022\/#primaryimage\"},\"thumbnailUrl\":\"https:\/\/vosgesinfo.fr\/app\/uploads\/sites\/5\/2024\/09\/202201capture-decran-2022-01-22-093932.png\",\"datePublished\":\"2022-01-22T06:39:43+00:00\",\"dateModified\":\"2022-01-22T06:39:43+00:00\",\"breadcrumb\":{\"@id\":\"https:\/\/vosgesinfo.fr\/remiremontinfo\/2022\/01\/saint-nabord-jean-pierre-calmels-conseillers-municipaux-presentent-leurs-voeux-2022\/#breadcrumb\"},\"inLanguage\":\"fr-FR\",\"potentialAction\":[{\"@type\":\"ReadAction\",\"target\":[\"https:\/\/vosgesinfo.fr\/remiremontinfo\/2022\/01\/saint-nabord-jean-pierre-calmels-conseillers-municipaux-presentent-leurs-voeux-2022\/\"]}]},{\"@type\":\"ImageObject\",\"inLanguage\":\"fr-FR\",\"@id\":\"https:\/\/vosgesinfo.fr\/remiremontinfo\/2022\/01\/saint-nabord-jean-pierre-calmels-conseillers-municipaux-presentent-leurs-voeux-2022\/#primaryimage\",\"url\":\"https:\/\/vosgesinfo.fr\/app\/uploads\/sites\/5\/2024\/09\/202201capture-decran-2022-01-22-093932.png\",\"contentUrl\":\"https:\/\/vosgesinfo.fr\/app\/uploads\/sites\/5\/2024\/09\/202201capture-decran-2022-01-22-093932.png\",\"width\":922,\"height\":621},{\"@type\":\"BreadcrumbList\",\"@id\":\"https:\/\/vosgesinfo.fr\/remiremontinfo\/2022\/01\/saint-nabord-jean-pierre-calmels-conseillers-municipaux-presentent-leurs-voeux-2022\/#breadcrumb\",\"itemListElement\":[{\"@type\":\"ListItem\",\"position\":1,\"name\":\"Home\",\"item\":\"https:\/\/vosgesinfo.fr\/remiremontinfo\/\"},{\"@type\":\"ListItem\",\"position\":2,\"name\":\"Saint-Nabord\u00a0: Jean-Pierre Calmels et les conseillers municipaux pr\u00e9sentent leurs v\u0153ux pour 2022\"}]},{\"@type\":\"WebSite\",\"@id\":\"https:\/\/vosgesinfo.fr\/remiremontinfo\/#website\",\"url\":\"https:\/\/vosgesinfo.fr\/remiremontinfo\/\",\"name\":\"Remiremont Info\",\"description\":\"Toute l&#039;actualit\u00e9 de Remiremont\",\"publisher\":{\"@id\":\"https:\/\/vosgesinfo.fr\/remiremontinfo\/#organization\"},\"alternateName\":\"Toute l'actualit\u00e9 de Remiremont\",\"potentialAction\":[{\"@type\":\"SearchAction\",\"target\":{\"@type\":\"EntryPoint\",\"urlTemplate\":\"https:\/\/vosgesinfo.fr\/remiremontinfo\/?s={search_term_string}\"},\"query-input\":\"required name=search_term_string\"}],\"inLanguage\":\"fr-FR\"},{\"@type\":\"Organization\",\"@id\":\"https:\/\/vosgesinfo.fr\/remiremontinfo\/#organization\",\"name\":\"Remiremont Info\",\"url\":\"https:\/\/vosgesinfo.fr\/remiremontinfo\/\",\"logo\":{\"@type\":\"ImageObject\",\"inLanguage\":\"fr-FR\",\"@id\":\"https:\/\/vosgesinfo.fr\/remiremontinfo\/#\/schema\/logo\/image\/\",\"url\":\"https:\/\/vosgesinfo.fr\/app\/uploads\/sites\/5\/2023\/08\/favicon-remiremontinfo.png\",\"contentUrl\":\"https:\/\/vosgesinfo.fr\/app\/uploads\/sites\/5\/2023\/08\/favicon-remiremontinfo.png\",\"width\":512,\"height\":512,\"caption\":\"Remiremont Info\"},\"image\":{\"@id\":\"https:\/\/vosgesinfo.fr\/remiremontinfo\/#\/schema\/logo\/image\/\"},\"sameAs\":[\"https:\/\/www.facebook.com\/remiremontinfo\",\"https:\/\/x.com\/VosgesInfo88\",\"https:\/\/www.youtube.com\/@vosgesinfo\"]},{\"@type\":\"Person\",\"@id\":\"https:\/\/vosgesinfo.fr\/remiremontinfo\/#\/schema\/person\/3bfd164d5218a185b1db68655a265316\",\"name\":\"C D\",\"image\":{\"@type\":\"ImageObject\",\"inLanguage\":\"fr-FR\",\"@id\":\"https:\/\/vosgesinfo.fr\/remiremontinfo\/#\/schema\/person\/image\/\",\"url\":\"https:\/\/secure.gravatar.com\/avatar\/1f9a70007336511a47468b8f1c66f922b8b7cf617b02a31149ada43893a5d48f?s=96&d=mm&r=g\",\"contentUrl\":\"https:\/\/secure.gravatar.com\/avatar\/1f9a70007336511a47468b8f1c66f922b8b7cf617b02a31149ada43893a5d48f?s=96&d=mm&r=g\",\"caption\":\"C D\"},\"url\":\"https:\/\/vosgesinfo.fr\/remiremontinfo\/author\/cedric-drevet\/\"}]}<\/script>\n<!-- \/ Yoast SEO plugin. -->","yoast_head_json":{"title":"Saint-Nabord\u00a0: Jean-Pierre Calmels et les conseillers municipaux pr\u00e9sentent leurs v\u0153ux pour 2022 - Remiremont Info","robots":{"index":"index","follow":"follow","max-snippet":"max-snippet:-1","max-image-preview":"max-image-preview:large","max-video-preview":"max-video-preview:-1"},"canonical":"https:\/\/vosgesinfo.fr\/remiremontinfo\/2022\/01\/saint-nabord-jean-pierre-calmels-conseillers-municipaux-presentent-leurs-voeux-2022\/","twitter_card":"summary_large_image","twitter_title":"Saint-Nabord\u00a0: Jean-Pierre Calmels et les conseillers municipaux pr\u00e9sentent leurs v\u0153ux pour 2022 - Remiremont Info","twitter_description":"Pas de c\u00e9r\u00e9monie des v\u0153ux en ce d\u00e9but d\u2019ann\u00e9e, du fait de la crise de la Covid-19, qui commence \u00e0 [&hellip;]","twitter_image":"https:\/\/vosgesinfo.fr\/app\/uploads\/sites\/5\/2024\/09\/202201capture-decran-2022-01-22-093932.png","twitter_creator":"@VosgesInfo88","twitter_site":"@VosgesInfo88","twitter_misc":{"\u00c9crit par":"C D","Dur\u00e9e de lecture estim\u00e9e":"1 minute"},"schema":{"@context":"https:\/\/schema.org","@graph":[{"@type":"Article","@id":"https:\/\/vosgesinfo.fr\/remiremontinfo\/2022\/01\/saint-nabord-jean-pierre-calmels-conseillers-municipaux-presentent-leurs-voeux-2022\/#article","isPartOf":{"@id":"https:\/\/vosgesinfo.fr\/remiremontinfo\/2022\/01\/saint-nabord-jean-pierre-calmels-conseillers-municipaux-presentent-leurs-voeux-2022\/"},"author":{"name":"C D","@id":"https:\/\/vosgesinfo.fr\/remiremontinfo\/#\/schema\/person\/3bfd164d5218a185b1db68655a265316"},"headline":"Saint-Nabord\u00a0: Jean-Pierre Calmels et les conseillers municipaux pr\u00e9sentent leurs v\u0153ux pour 2022","datePublished":"2022-01-22T06:39:43+00:00","dateModified":"2022-01-22T06:39:43+00:00","mainEntityOfPage":{"@id":"https:\/\/vosgesinfo.fr\/remiremontinfo\/2022\/01\/saint-nabord-jean-pierre-calmels-conseillers-municipaux-presentent-leurs-voeux-2022\/"},"wordCount":126,"commentCount":0,"publisher":{"@id":"https:\/\/vosgesinfo.fr\/remiremontinfo\/#organization"},"image":{"@id":"https:\/\/vosgesinfo.fr\/remiremontinfo\/2022\/01\/saint-nabord-jean-pierre-calmels-conseillers-municipaux-presentent-leurs-voeux-2022\/#primaryimage"},"thumbnailUrl":"https:\/\/vosgesinfo.fr\/app\/uploads\/sites\/5\/2024\/09\/202201capture-decran-2022-01-22-093932.png","keywords":["2022","saint-nabord","Voeux"],"articleSection":["A la Une","Remiremont &amp; son canton","Saint-Nabord"],"inLanguage":"fr-FR","potentialAction":[{"@type":"CommentAction","name":"Comment","target":["https:\/\/vosgesinfo.fr\/remiremontinfo\/2022\/01\/saint-nabord-jean-pierre-calmels-conseillers-municipaux-presentent-leurs-voeux-2022\/#respond"]}]},{"@type":"WebPage","@id":"https:\/\/vosgesinfo.fr\/remiremontinfo\/2022\/01\/saint-nabord-jean-pierre-calmels-conseillers-municipaux-presentent-leurs-voeux-2022\/","url":"https:\/\/vosgesinfo.fr\/remiremontinfo\/2022\/01\/saint-nabord-jean-pierre-calmels-conseillers-municipaux-presentent-leurs-voeux-2022\/","name":"Saint-Nabord\u00a0: Jean-Pierre Calmels et les conseillers municipaux pr\u00e9sentent leurs v\u0153ux pour 2022 - Remiremont Info","isPartOf":{"@id":"https:\/\/vosgesinfo.fr\/remiremontinfo\/#website"},"primaryImageOfPage":{"@id":"https:\/\/vosgesinfo.fr\/remiremontinfo\/2022\/01\/saint-nabord-jean-pierre-calmels-conseillers-municipaux-presentent-leurs-voeux-2022\/#primaryimage"},"image":{"@id":"https:\/\/vosgesinfo.fr\/remiremontinfo\/2022\/01\/saint-nabord-jean-pierre-calmels-conseillers-municipaux-presentent-leurs-voeux-2022\/#primaryimage"},"thumbnailUrl":"https:\/\/vosgesinfo.fr\/app\/uploads\/sites\/5\/2024\/09\/202201capture-decran-2022-01-22-093932.png","datePublished":"2022-01-22T06:39:43+00:00","dateModified":"2022-01-22T06:39:43+00:00","breadcrumb":{"@id":"https:\/\/vosgesinfo.fr\/remiremontinfo\/2022\/01\/saint-nabord-jean-pierre-calmels-conseillers-municipaux-presentent-leurs-voeux-2022\/#breadcrumb"},"inLanguage":"fr-FR","potentialAction":[{"@type":"ReadAction","target":["https:\/\/vosgesinfo.fr\/remiremontinfo\/2022\/01\/saint-nabord-jean-pierre-calmels-conseillers-municipaux-presentent-leurs-voeux-2022\/"]}]},{"@type":"ImageObject","inLanguage":"fr-FR","@id":"https:\/\/vosgesinfo.fr\/remiremontinfo\/2022\/01\/saint-nabord-jean-pierre-calmels-conseillers-municipaux-presentent-leurs-voeux-2022\/#primaryimage","url":"https:\/\/vosgesinfo.fr\/app\/uploads\/sites\/5\/2024\/09\/202201capture-decran-2022-01-22-093932.png","contentUrl":"https:\/\/vosgesinfo.fr\/app\/uploads\/sites\/5\/2024\/09\/202201capture-decran-2022-01-22-093932.png","width":922,"height":621},{"@type":"BreadcrumbList","@id":"https:\/\/vosgesinfo.fr\/remiremontinfo\/2022\/01\/saint-nabord-jean-pierre-calmels-conseillers-municipaux-presentent-leurs-voeux-2022\/#breadcrumb","itemListElement":[{"@type":"ListItem","position":1,"name":"Home","item":"https:\/\/vosgesinfo.fr\/remiremontinfo\/"},{"@type":"ListItem","position":2,"name":"Saint-Nabord\u00a0: Jean-Pierre Calmels et les conseillers municipaux pr\u00e9sentent leurs v\u0153ux pour 2022"}]},{"@type":"WebSite","@id":"https:\/\/vosgesinfo.fr\/remiremontinfo\/#website","url":"https:\/\/vosgesinfo.fr\/remiremontinfo\/","name":"Remiremont Info","description":"Toute l&#039;actualit\u00e9 de Remiremont","publisher":{"@id":"https:\/\/vosgesinfo.fr\/remiremontinfo\/#organization"},"alternateName":"Toute l'actualit\u00e9 de Remiremont","potentialAction":[{"@type":"SearchAction","target":{"@type":"EntryPoint","urlTemplate":"https:\/\/vosgesinfo.fr\/remiremontinfo\/?s={search_term_string}"},"query-input":"required name=search_term_string"}],"inLanguage":"fr-FR"},{"@type":"Organization","@id":"https:\/\/vosgesinfo.fr\/remiremontinfo\/#organization","name":"Remiremont Info","url":"https:\/\/vosgesinfo.fr\/remiremontinfo\/","logo":{"@type":"ImageObject","inLanguage":"fr-FR","@id":"https:\/\/vosgesinfo.fr\/remiremontinfo\/#\/schema\/logo\/image\/","url":"https:\/\/vosgesinfo.fr\/app\/uploads\/sites\/5\/2023\/08\/favicon-remiremontinfo.png","contentUrl":"https:\/\/vosgesinfo.fr\/app\/uploads\/sites\/5\/2023\/08\/favicon-remiremontinfo.png","width":512,"height":512,"caption":"Remiremont Info"},"image":{"@id":"https:\/\/vosgesinfo.fr\/remiremontinfo\/#\/schema\/logo\/image\/"},"sameAs":["https:\/\/www.facebook.com\/remiremontinfo","https:\/\/x.com\/VosgesInfo88","https:\/\/www.youtube.com\/@vosgesinfo"]},{"@type":"Person","@id":"https:\/\/vosgesinfo.fr\/remiremontinfo\/#\/schema\/person\/3bfd164d5218a185b1db68655a265316","name":"C D","image":{"@type":"ImageObject","inLanguage":"fr-FR","@id":"https:\/\/vosgesinfo.fr\/remiremontinfo\/#\/schema\/person\/image\/","url":"https:\/\/secure.gravatar.com\/avatar\/1f9a70007336511a47468b8f1c66f922b8b7cf617b02a31149ada43893a5d48f?s=96&d=mm&r=g","contentUrl":"https:\/\/secure.gravatar.com\/avatar\/1f9a70007336511a47468b8f1c66f922b8b7cf617b02a31149ada43893a5d48f?s=96&d=mm&r=g","caption":"C D"},"url":"https:\/\/vosgesinfo.fr\/remiremontinfo\/author\/cedric-drevet\/"}]}},"_links":{"self":[{"href":"https:\/\/vosgesinfo.fr\/remiremontinfo\/wp-json\/wp\/v2\/posts\/51124","targetHints":{"allow":["GET"]}}],"collection":[{"href":"https:\/\/vosgesinfo.fr\/remiremontinfo\/wp-json\/wp\/v2\/posts"}],"about":[{"href":"https:\/\/vosgesinfo.fr\/remiremontinfo\/wp-json\/wp\/v2\/types\/post"}],"author":[{"embeddable":true,"href":"https:\/\/vosgesinfo.fr\/remiremontinfo\/wp-json\/wp\/v2\/users\/407"}],"replies":[{"embeddable":true,"href":"https:\/\/vosgesinfo.fr\/remiremontinfo\/wp-json\/wp\/v2\/comments?post=51124"}],"version-history":[{"count":0,"href":"https:\/\/vosgesinfo.fr\/remiremontinfo\/wp-json\/wp\/v2\/posts\/51124\/revisions"}],"wp:featuredmedia":[{"embeddable":true,"href":"https:\/\/vosgesinfo.fr\/remiremontinfo\/wp-json\/wp\/v2\/media\/51125"}],"wp:attachment":[{"href":"https:\/\/vosgesinfo.fr\/remiremontinfo\/wp-json\/wp\/v2\/media?parent=51124"}],"wp:term":[{"taxonomy":"category","embeddable":true,"href":"https:\/\/vosgesinfo.fr\/remiremontinfo\/wp-json\/wp\/v2\/categories?post=51124"},{"taxonomy":"post_tag","embeddable":true,"href":"https:\/\/vosgesinfo.fr\/remiremontinfo\/wp-json\/wp\/v2\/tags?post=51124"}],"curies":[{"name":"wp","href":"https:\/\/api.w.org\/{rel}","templated":true}]}}