{"id":515,"date":"2023-08-27T13:26:33","date_gmt":"2023-08-27T11:26:33","guid":{"rendered":"https:\/\/vosgesinfo.fr\/remiremontinfo\/2023\/08\/retour-arriere-que-sest-il-passe-un-28-aout\/"},"modified":"2023-08-27T13:26:33","modified_gmt":"2023-08-27T11:26:33","slug":"retour-arriere-que-sest-il-passe-un-28-aout","status":"publish","type":"post","link":"https:\/\/vosgesinfo.fr\/remiremontinfo\/2023\/08\/retour-arriere-que-sest-il-passe-un-28-aout\/","title":{"rendered":"Retour arri\u00e8re : Que s&rsquo;est-il pass\u00e9 un 28 ao\u00fbt ?"},"content":{"rendered":"<p><span style=\"background-color: #ffffff;\">Nous f\u00eatons les Augustin, Agostino, Austin, Augustina, Augustine le 28 ao\u00fbt de chaque ann\u00e9e. Bonne f\u00eate \u00e9galement aux Elouan, Luan, Loan, Loann,<a href=\"https:\/\/remiremontinfo.fr\/wp-content\/uploads\/2023\/08\/Max-Sim\u00e9oni.jpg\"><img decoding=\"async\" class=\"alignright size-medium wp-image-375561\" src=\"https:\/\/vosgesinfo.fr\/app\/uploads\/sites\/5\/2023\/08\/max-simeoni.jpg\" alt=\"Max Sim\u00e9oni\" width=\"382\" height=\"255\" \/><\/a> Loane, Loana, Lohane, Lohanah, Lou-Anne, Louane et Louanne<\/span><\/p>\n<p><span style=\"background-color: #ffffff;\">Les dictons du jour : Fine pluie \u00e0 Saint-Augustin, c\u2019est comme s\u2019il pleuvait du vin. A\u00a0la Saint-Augustin, le soleil a grill\u00e9 le serpolet et le thym.<\/span><\/p>\n<p>Ils sont n\u00e9s un 28 ao\u00fbt :\u00a0Louis Aim\u00e9e Augustin Le Prince (inventeur fran\u00e7ais) 1841.\u00a0Charles Boyer (acteur fran\u00e7ais) 1899.\u00a0Robert Merle (\u00e9crivain fran\u00e7ais) 1908.\u00a0Max Simeoni (m\u00e9decin corse) 1929.\u00a0Fran\u00e7ois B\u00e9ranger (chanteur fran\u00e7ais) 1937.\u00a0Philippe L\u00e9otard (com\u00e9dien fran\u00e7ais) 1940.\u00a0Jason Priestley (acteur canadien) 1969.\u00a0Lo\u00efc Leferme (apn\u00e9iste fran\u00e7ais) 1970 (d\u00e9c\u00e9d\u00e9 le 11 avril 2007).\u00a0Jack Black (acteur am\u00e9ricain) 1969.\u00a0Florence Welch (chanteuse britannique) 1986.\u00a0Samuel Larsen (chanteur am\u00e9ricain) 1991&#8230;<\/p>\n<p><span style=\"background-color: #ffffff;\">1909 : En Gr\u00e8ce, un coup d\u2019Etat militaire est lanc\u00e9, le coup de Goudi, du nom des casernes \u00e0 partir desquelles il est parti.Suite \u00e0 ce dernier, de nouvelles \u00e9lections auront lieu dans le pays. 1914 :\u00a0Lors de la Premi\u00e8re Guerre mondiale, la bataille de Heligoland en fut la premi\u00e8re bataille navale. Opposant les deux plus grandes flottes mondiales, la Grand Fleet britannique et la Kaiserliche Marine allemande, elle a influenc\u00e9 toute la strat\u00e9gie de la guerre en mer par la suite. Elle se soldera par une victoire britannique. 1924 :\u00a0En G\u00e9orgie, le<a href=\"https:\/\/remiremontinfo.fr\/wp-content\/uploads\/2023\/08\/Philippe-L\u00e9otard.jpg\"><img decoding=\"async\" class=\"alignright size-medium wp-image-375563\" src=\"https:\/\/vosgesinfo.fr\/app\/uploads\/sites\/5\/2023\/08\/philippe-leotard.jpg\" alt=\"Philippe L\u00e9otard\" width=\"161\" height=\"255\" \/><\/a><a href=\"https:\/\/remiremontinfo.fr\/wp-content\/uploads\/2023\/08\/Martin-Luther-King.jpg\"><img decoding=\"async\" class=\"alignright size-medium wp-image-375562\" src=\"https:\/\/vosgesinfo.fr\/app\/uploads\/sites\/5\/2023\/08\/martin-luther-king.jpg\" alt=\"Martin Luther King\" width=\"230\" height=\"255\" \/><\/a> soul\u00e8vement d\u2019ao\u00fbt, une tentative d\u2019insurrection contre la domination sovi\u00e9tique. 1963 :\u00a0Martin Luther King prononce son fameux disc<\/span>ours \u00ab\u00a0<em><strong>I have\u00a0a dream<\/strong>\u00a0<\/em>\u00bb sur les marches du Lincoln Memorial pendant la marche vers Washington pour le travail et la libert\u00e9.\u00a01988 :\u00a0Sur la base am\u00e9ricaine de Ramstein en Rh\u00e9nanie-Palatinat (Allemagne) lors d\u2019un meeting a\u00e9rien, le pilote d\u2019un avion d\u2019une formation italienne fait une erreur de pilotage et percute deux autres avions de sa formation, et part s\u2019\u00e9craser sur l\u2019\u00e9choppe d\u2019un marchand de glaces. Le bilan est de soixante-dix victimes et pr\u00e8s de 350 bless\u00e9s. 2014 :\u00a0Le nouveau Pr\u00e9sident de la R\u00e9publique de Turquie est Recept Tayyip Erdogan, qui succ\u00e8de \u00e0 Abullah G\u00fcl. Il nomme comme Premier ministre Ahmet Davutoglu. 2017 :\u00a0Retrait de l\u2019Etat islamique du Liban suite \u00e0 l\u2019offensive du Jouroud de Qaa et Ras Baalbeck, \u00e9galement appel\u00e9e op\u00e9ration l\u2019aube du Jouroud.<\/p>\n<p>&nbsp;<\/p>\n","protected":false},"excerpt":{"rendered":"<p>Nous f\u00eatons les Augustin, Agostino, Austin, Augustina, Augustine le 28 ao\u00fbt de chaque ann\u00e9e. Bonne f\u00eate \u00e9galement aux Elouan, Luan, [&hellip;]<\/p>\n","protected":false},"author":412,"featured_media":516,"comment_status":"open","ping_status":"open","sticky":false,"template":"","format":"standard","meta":{"footnotes":""},"categories":[26,86,43,35,18],"tags":[75,44,32],"class_list":["post-515","post","type-post","status-publish","format-standard","has-post-thumbnail","hentry","category-a-la-une","category-histoire","category-remiremont-remiremont-son-canton","category-remiremont-son-canton","category-vosges","tag-histoire","tag-remiremont","tag-vosges"],"acf":[],"yoast_head":"<!-- This site is optimized with the Yoast SEO plugin v22.5 - https:\/\/yoast.com\/wordpress\/plugins\/seo\/ -->\n<title>Retour arri\u00e8re : Que s&#039;est-il pass\u00e9 un 28 ao\u00fbt ? - Remiremont Info<\/title>\n<meta name=\"robots\" content=\"index, follow, max-snippet:-1, max-image-preview:large, max-video-preview:-1\" \/>\n<link rel=\"canonical\" href=\"https:\/\/vosgesinfo.fr\/remiremontinfo\/2023\/08\/retour-arriere-que-sest-il-passe-un-28-aout\/\" \/>\n<meta name=\"twitter:card\" content=\"summary_large_image\" \/>\n<meta name=\"twitter:title\" content=\"Retour arri\u00e8re : Que s&#039;est-il pass\u00e9 un 28 ao\u00fbt ? - Remiremont Info\" \/>\n<meta name=\"twitter:description\" content=\"Nous f\u00eatons les Augustin, Agostino, Austin, Augustina, Augustine le 28 ao\u00fbt de chaque ann\u00e9e. Bonne f\u00eate \u00e9galement aux Elouan, Luan, [&hellip;]\" \/>\n<meta name=\"twitter:image\" content=\"https:\/\/vosgesinfo.fr\/app\/uploads\/sites\/5\/2023\/08\/28-aout.jpg\" \/>\n<meta name=\"twitter:creator\" content=\"@VosgesInfo88\" \/>\n<meta name=\"twitter:site\" content=\"@VosgesInfo88\" \/>\n<meta name=\"twitter:label1\" content=\"\u00c9crit par\" \/>\n\t<meta name=\"twitter:data1\" content=\"Stany Maurice\" \/>\n\t<meta name=\"twitter:label2\" content=\"Dur\u00e9e de lecture estim\u00e9e\" \/>\n\t<meta name=\"twitter:data2\" content=\"2 minutes\" \/>\n<script type=\"application\/ld+json\" class=\"yoast-schema-graph\">{\"@context\":\"https:\/\/schema.org\",\"@graph\":[{\"@type\":\"Article\",\"@id\":\"https:\/\/vosgesinfo.fr\/remiremontinfo\/2023\/08\/retour-arriere-que-sest-il-passe-un-28-aout\/#article\",\"isPartOf\":{\"@id\":\"https:\/\/vosgesinfo.fr\/remiremontinfo\/2023\/08\/retour-arriere-que-sest-il-passe-un-28-aout\/\"},\"author\":{\"name\":\"Stany Maurice\",\"@id\":\"https:\/\/vosgesinfo.fr\/remiremontinfo\/#\/schema\/person\/bec388675ce53b5a637aec04392f977e\"},\"headline\":\"Retour arri\u00e8re : Que s&rsquo;est-il pass\u00e9 un 28 ao\u00fbt ?\",\"datePublished\":\"2023-08-27T11:26:33+00:00\",\"dateModified\":\"2023-08-27T11:26:33+00:00\",\"mainEntityOfPage\":{\"@id\":\"https:\/\/vosgesinfo.fr\/remiremontinfo\/2023\/08\/retour-arriere-que-sest-il-passe-un-28-aout\/\"},\"wordCount\":398,\"commentCount\":0,\"publisher\":{\"@id\":\"https:\/\/vosgesinfo.fr\/remiremontinfo\/#organization\"},\"image\":{\"@id\":\"https:\/\/vosgesinfo.fr\/remiremontinfo\/2023\/08\/retour-arriere-que-sest-il-passe-un-28-aout\/#primaryimage\"},\"thumbnailUrl\":\"https:\/\/vosgesinfo.fr\/app\/uploads\/sites\/5\/2023\/08\/28-aout.jpg\",\"keywords\":[\"Histoire\",\"remiremont\",\"Vosges\"],\"articleSection\":[\"A la Une\",\"Histoire\",\"Remiremont\",\"Remiremont &amp; son canton\",\"Vosges\"],\"inLanguage\":\"fr-FR\",\"potentialAction\":[{\"@type\":\"CommentAction\",\"name\":\"Comment\",\"target\":[\"https:\/\/vosgesinfo.fr\/remiremontinfo\/2023\/08\/retour-arriere-que-sest-il-passe-un-28-aout\/#respond\"]}]},{\"@type\":\"WebPage\",\"@id\":\"https:\/\/vosgesinfo.fr\/remiremontinfo\/2023\/08\/retour-arriere-que-sest-il-passe-un-28-aout\/\",\"url\":\"https:\/\/vosgesinfo.fr\/remiremontinfo\/2023\/08\/retour-arriere-que-sest-il-passe-un-28-aout\/\",\"name\":\"Retour arri\u00e8re : Que s'est-il pass\u00e9 un 28 ao\u00fbt ? - Remiremont Info\",\"isPartOf\":{\"@id\":\"https:\/\/vosgesinfo.fr\/remiremontinfo\/#website\"},\"primaryImageOfPage\":{\"@id\":\"https:\/\/vosgesinfo.fr\/remiremontinfo\/2023\/08\/retour-arriere-que-sest-il-passe-un-28-aout\/#primaryimage\"},\"image\":{\"@id\":\"https:\/\/vosgesinfo.fr\/remiremontinfo\/2023\/08\/retour-arriere-que-sest-il-passe-un-28-aout\/#primaryimage\"},\"thumbnailUrl\":\"https:\/\/vosgesinfo.fr\/app\/uploads\/sites\/5\/2023\/08\/28-aout.jpg\",\"datePublished\":\"2023-08-27T11:26:33+00:00\",\"dateModified\":\"2023-08-27T11:26:33+00:00\",\"breadcrumb\":{\"@id\":\"https:\/\/vosgesinfo.fr\/remiremontinfo\/2023\/08\/retour-arriere-que-sest-il-passe-un-28-aout\/#breadcrumb\"},\"inLanguage\":\"fr-FR\",\"potentialAction\":[{\"@type\":\"ReadAction\",\"target\":[\"https:\/\/vosgesinfo.fr\/remiremontinfo\/2023\/08\/retour-arriere-que-sest-il-passe-un-28-aout\/\"]}]},{\"@type\":\"ImageObject\",\"inLanguage\":\"fr-FR\",\"@id\":\"https:\/\/vosgesinfo.fr\/remiremontinfo\/2023\/08\/retour-arriere-que-sest-il-passe-un-28-aout\/#primaryimage\",\"url\":\"https:\/\/vosgesinfo.fr\/app\/uploads\/sites\/5\/2023\/08\/28-aout.jpg\",\"contentUrl\":\"https:\/\/vosgesinfo.fr\/app\/uploads\/sites\/5\/2023\/08\/28-aout.jpg\",\"width\":700,\"height\":562},{\"@type\":\"BreadcrumbList\",\"@id\":\"https:\/\/vosgesinfo.fr\/remiremontinfo\/2023\/08\/retour-arriere-que-sest-il-passe-un-28-aout\/#breadcrumb\",\"itemListElement\":[{\"@type\":\"ListItem\",\"position\":1,\"name\":\"Home\",\"item\":\"https:\/\/vosgesinfo.fr\/remiremontinfo\/\"},{\"@type\":\"ListItem\",\"position\":2,\"name\":\"Retour arri\u00e8re : Que s&rsquo;est-il pass\u00e9 un 28 ao\u00fbt ?\"}]},{\"@type\":\"WebSite\",\"@id\":\"https:\/\/vosgesinfo.fr\/remiremontinfo\/#website\",\"url\":\"https:\/\/vosgesinfo.fr\/remiremontinfo\/\",\"name\":\"Remiremont Info\",\"description\":\"Toute l&#039;actualit\u00e9 de Remiremont\",\"publisher\":{\"@id\":\"https:\/\/vosgesinfo.fr\/remiremontinfo\/#organization\"},\"alternateName\":\"Toute l'actualit\u00e9 de Remiremont\",\"potentialAction\":[{\"@type\":\"SearchAction\",\"target\":{\"@type\":\"EntryPoint\",\"urlTemplate\":\"https:\/\/vosgesinfo.fr\/remiremontinfo\/?s={search_term_string}\"},\"query-input\":\"required name=search_term_string\"}],\"inLanguage\":\"fr-FR\"},{\"@type\":\"Organization\",\"@id\":\"https:\/\/vosgesinfo.fr\/remiremontinfo\/#organization\",\"name\":\"Remiremont Info\",\"url\":\"https:\/\/vosgesinfo.fr\/remiremontinfo\/\",\"logo\":{\"@type\":\"ImageObject\",\"inLanguage\":\"fr-FR\",\"@id\":\"https:\/\/vosgesinfo.fr\/remiremontinfo\/#\/schema\/logo\/image\/\",\"url\":\"https:\/\/vosgesinfo.fr\/app\/uploads\/sites\/5\/2023\/08\/favicon-remiremontinfo.png\",\"contentUrl\":\"https:\/\/vosgesinfo.fr\/app\/uploads\/sites\/5\/2023\/08\/favicon-remiremontinfo.png\",\"width\":512,\"height\":512,\"caption\":\"Remiremont Info\"},\"image\":{\"@id\":\"https:\/\/vosgesinfo.fr\/remiremontinfo\/#\/schema\/logo\/image\/\"},\"sameAs\":[\"https:\/\/www.facebook.com\/remiremontinfo\",\"https:\/\/x.com\/VosgesInfo88\",\"https:\/\/www.youtube.com\/@vosgesinfo\"]},{\"@type\":\"Person\",\"@id\":\"https:\/\/vosgesinfo.fr\/remiremontinfo\/#\/schema\/person\/bec388675ce53b5a637aec04392f977e\",\"name\":\"Stany Maurice\",\"image\":{\"@type\":\"ImageObject\",\"inLanguage\":\"fr-FR\",\"@id\":\"https:\/\/vosgesinfo.fr\/remiremontinfo\/#\/schema\/person\/image\/\",\"url\":\"https:\/\/secure.gravatar.com\/avatar\/68520b0c74251371bd10958bd19c3ce39a212093b8fff0dc3edbfcfddd089807?s=96&d=mm&r=g\",\"contentUrl\":\"https:\/\/secure.gravatar.com\/avatar\/68520b0c74251371bd10958bd19c3ce39a212093b8fff0dc3edbfcfddd089807?s=96&d=mm&r=g\",\"caption\":\"Stany Maurice\"},\"url\":\"https:\/\/vosgesinfo.fr\/remiremontinfo\/author\/s-maurice\/\"}]}<\/script>\n<!-- \/ Yoast SEO plugin. -->","yoast_head_json":{"title":"Retour arri\u00e8re : Que s'est-il pass\u00e9 un 28 ao\u00fbt ? - Remiremont Info","robots":{"index":"index","follow":"follow","max-snippet":"max-snippet:-1","max-image-preview":"max-image-preview:large","max-video-preview":"max-video-preview:-1"},"canonical":"https:\/\/vosgesinfo.fr\/remiremontinfo\/2023\/08\/retour-arriere-que-sest-il-passe-un-28-aout\/","twitter_card":"summary_large_image","twitter_title":"Retour arri\u00e8re : Que s'est-il pass\u00e9 un 28 ao\u00fbt ? - Remiremont Info","twitter_description":"Nous f\u00eatons les Augustin, Agostino, Austin, Augustina, Augustine le 28 ao\u00fbt de chaque ann\u00e9e. Bonne f\u00eate \u00e9galement aux Elouan, Luan, [&hellip;]","twitter_image":"https:\/\/vosgesinfo.fr\/app\/uploads\/sites\/5\/2023\/08\/28-aout.jpg","twitter_creator":"@VosgesInfo88","twitter_site":"@VosgesInfo88","twitter_misc":{"\u00c9crit par":"Stany Maurice","Dur\u00e9e de lecture estim\u00e9e":"2 minutes"},"schema":{"@context":"https:\/\/schema.org","@graph":[{"@type":"Article","@id":"https:\/\/vosgesinfo.fr\/remiremontinfo\/2023\/08\/retour-arriere-que-sest-il-passe-un-28-aout\/#article","isPartOf":{"@id":"https:\/\/vosgesinfo.fr\/remiremontinfo\/2023\/08\/retour-arriere-que-sest-il-passe-un-28-aout\/"},"author":{"name":"Stany Maurice","@id":"https:\/\/vosgesinfo.fr\/remiremontinfo\/#\/schema\/person\/bec388675ce53b5a637aec04392f977e"},"headline":"Retour arri\u00e8re : Que s&rsquo;est-il pass\u00e9 un 28 ao\u00fbt ?","datePublished":"2023-08-27T11:26:33+00:00","dateModified":"2023-08-27T11:26:33+00:00","mainEntityOfPage":{"@id":"https:\/\/vosgesinfo.fr\/remiremontinfo\/2023\/08\/retour-arriere-que-sest-il-passe-un-28-aout\/"},"wordCount":398,"commentCount":0,"publisher":{"@id":"https:\/\/vosgesinfo.fr\/remiremontinfo\/#organization"},"image":{"@id":"https:\/\/vosgesinfo.fr\/remiremontinfo\/2023\/08\/retour-arriere-que-sest-il-passe-un-28-aout\/#primaryimage"},"thumbnailUrl":"https:\/\/vosgesinfo.fr\/app\/uploads\/sites\/5\/2023\/08\/28-aout.jpg","keywords":["Histoire","remiremont","Vosges"],"articleSection":["A la Une","Histoire","Remiremont","Remiremont &amp; son canton","Vosges"],"inLanguage":"fr-FR","potentialAction":[{"@type":"CommentAction","name":"Comment","target":["https:\/\/vosgesinfo.fr\/remiremontinfo\/2023\/08\/retour-arriere-que-sest-il-passe-un-28-aout\/#respond"]}]},{"@type":"WebPage","@id":"https:\/\/vosgesinfo.fr\/remiremontinfo\/2023\/08\/retour-arriere-que-sest-il-passe-un-28-aout\/","url":"https:\/\/vosgesinfo.fr\/remiremontinfo\/2023\/08\/retour-arriere-que-sest-il-passe-un-28-aout\/","name":"Retour arri\u00e8re : Que s'est-il pass\u00e9 un 28 ao\u00fbt ? - Remiremont Info","isPartOf":{"@id":"https:\/\/vosgesinfo.fr\/remiremontinfo\/#website"},"primaryImageOfPage":{"@id":"https:\/\/vosgesinfo.fr\/remiremontinfo\/2023\/08\/retour-arriere-que-sest-il-passe-un-28-aout\/#primaryimage"},"image":{"@id":"https:\/\/vosgesinfo.fr\/remiremontinfo\/2023\/08\/retour-arriere-que-sest-il-passe-un-28-aout\/#primaryimage"},"thumbnailUrl":"https:\/\/vosgesinfo.fr\/app\/uploads\/sites\/5\/2023\/08\/28-aout.jpg","datePublished":"2023-08-27T11:26:33+00:00","dateModified":"2023-08-27T11:26:33+00:00","breadcrumb":{"@id":"https:\/\/vosgesinfo.fr\/remiremontinfo\/2023\/08\/retour-arriere-que-sest-il-passe-un-28-aout\/#breadcrumb"},"inLanguage":"fr-FR","potentialAction":[{"@type":"ReadAction","target":["https:\/\/vosgesinfo.fr\/remiremontinfo\/2023\/08\/retour-arriere-que-sest-il-passe-un-28-aout\/"]}]},{"@type":"ImageObject","inLanguage":"fr-FR","@id":"https:\/\/vosgesinfo.fr\/remiremontinfo\/2023\/08\/retour-arriere-que-sest-il-passe-un-28-aout\/#primaryimage","url":"https:\/\/vosgesinfo.fr\/app\/uploads\/sites\/5\/2023\/08\/28-aout.jpg","contentUrl":"https:\/\/vosgesinfo.fr\/app\/uploads\/sites\/5\/2023\/08\/28-aout.jpg","width":700,"height":562},{"@type":"BreadcrumbList","@id":"https:\/\/vosgesinfo.fr\/remiremontinfo\/2023\/08\/retour-arriere-que-sest-il-passe-un-28-aout\/#breadcrumb","itemListElement":[{"@type":"ListItem","position":1,"name":"Home","item":"https:\/\/vosgesinfo.fr\/remiremontinfo\/"},{"@type":"ListItem","position":2,"name":"Retour arri\u00e8re : Que s&rsquo;est-il pass\u00e9 un 28 ao\u00fbt ?"}]},{"@type":"WebSite","@id":"https:\/\/vosgesinfo.fr\/remiremontinfo\/#website","url":"https:\/\/vosgesinfo.fr\/remiremontinfo\/","name":"Remiremont Info","description":"Toute l&#039;actualit\u00e9 de Remiremont","publisher":{"@id":"https:\/\/vosgesinfo.fr\/remiremontinfo\/#organization"},"alternateName":"Toute l'actualit\u00e9 de Remiremont","potentialAction":[{"@type":"SearchAction","target":{"@type":"EntryPoint","urlTemplate":"https:\/\/vosgesinfo.fr\/remiremontinfo\/?s={search_term_string}"},"query-input":"required name=search_term_string"}],"inLanguage":"fr-FR"},{"@type":"Organization","@id":"https:\/\/vosgesinfo.fr\/remiremontinfo\/#organization","name":"Remiremont Info","url":"https:\/\/vosgesinfo.fr\/remiremontinfo\/","logo":{"@type":"ImageObject","inLanguage":"fr-FR","@id":"https:\/\/vosgesinfo.fr\/remiremontinfo\/#\/schema\/logo\/image\/","url":"https:\/\/vosgesinfo.fr\/app\/uploads\/sites\/5\/2023\/08\/favicon-remiremontinfo.png","contentUrl":"https:\/\/vosgesinfo.fr\/app\/uploads\/sites\/5\/2023\/08\/favicon-remiremontinfo.png","width":512,"height":512,"caption":"Remiremont Info"},"image":{"@id":"https:\/\/vosgesinfo.fr\/remiremontinfo\/#\/schema\/logo\/image\/"},"sameAs":["https:\/\/www.facebook.com\/remiremontinfo","https:\/\/x.com\/VosgesInfo88","https:\/\/www.youtube.com\/@vosgesinfo"]},{"@type":"Person","@id":"https:\/\/vosgesinfo.fr\/remiremontinfo\/#\/schema\/person\/bec388675ce53b5a637aec04392f977e","name":"Stany Maurice","image":{"@type":"ImageObject","inLanguage":"fr-FR","@id":"https:\/\/vosgesinfo.fr\/remiremontinfo\/#\/schema\/person\/image\/","url":"https:\/\/secure.gravatar.com\/avatar\/68520b0c74251371bd10958bd19c3ce39a212093b8fff0dc3edbfcfddd089807?s=96&d=mm&r=g","contentUrl":"https:\/\/secure.gravatar.com\/avatar\/68520b0c74251371bd10958bd19c3ce39a212093b8fff0dc3edbfcfddd089807?s=96&d=mm&r=g","caption":"Stany Maurice"},"url":"https:\/\/vosgesinfo.fr\/remiremontinfo\/author\/s-maurice\/"}]}},"_links":{"self":[{"href":"https:\/\/vosgesinfo.fr\/remiremontinfo\/wp-json\/wp\/v2\/posts\/515","targetHints":{"allow":["GET"]}}],"collection":[{"href":"https:\/\/vosgesinfo.fr\/remiremontinfo\/wp-json\/wp\/v2\/posts"}],"about":[{"href":"https:\/\/vosgesinfo.fr\/remiremontinfo\/wp-json\/wp\/v2\/types\/post"}],"author":[{"embeddable":true,"href":"https:\/\/vosgesinfo.fr\/remiremontinfo\/wp-json\/wp\/v2\/users\/412"}],"replies":[{"embeddable":true,"href":"https:\/\/vosgesinfo.fr\/remiremontinfo\/wp-json\/wp\/v2\/comments?post=515"}],"version-history":[{"count":0,"href":"https:\/\/vosgesinfo.fr\/remiremontinfo\/wp-json\/wp\/v2\/posts\/515\/revisions"}],"wp:featuredmedia":[{"embeddable":true,"href":"https:\/\/vosgesinfo.fr\/remiremontinfo\/wp-json\/wp\/v2\/media\/516"}],"wp:attachment":[{"href":"https:\/\/vosgesinfo.fr\/remiremontinfo\/wp-json\/wp\/v2\/media?parent=515"}],"wp:term":[{"taxonomy":"category","embeddable":true,"href":"https:\/\/vosgesinfo.fr\/remiremontinfo\/wp-json\/wp\/v2\/categories?post=515"},{"taxonomy":"post_tag","embeddable":true,"href":"https:\/\/vosgesinfo.fr\/remiremontinfo\/wp-json\/wp\/v2\/tags?post=515"}],"curies":[{"name":"wp","href":"https:\/\/api.w.org\/{rel}","templated":true}]}}