{"id":51728,"date":"2022-02-11T11:39:30","date_gmt":"2022-02-11T10:39:30","guid":{"rendered":"https:\/\/vosgesinfo.fr\/remiremontinfo\/2022\/02\/action-coup-de-poing-agriculteurs-devant-lhypermarche-e-leclerc\/"},"modified":"2022-02-11T11:39:30","modified_gmt":"2022-02-11T10:39:30","slug":"action-coup-de-poing-agriculteurs-devant-lhypermarche-e-leclerc","status":"publish","type":"post","link":"https:\/\/vosgesinfo.fr\/remiremontinfo\/2022\/02\/action-coup-de-poing-agriculteurs-devant-lhypermarche-e-leclerc\/","title":{"rendered":"Action coup de poing des agriculteurs devant l\u2019hypermarch\u00e9 E.Leclerc"},"content":{"rendered":"<h2><span style=\"font-size: 14pt;\"><strong><a href=\"https:\/\/saintdieinfo.fr\/2022\/02\/action-coup-de-poing-agriculteurs-devant-lhypermarche-e-leclerc\/manifestation_agriculteurs_sddv-17-1024x771\/\" rel=\"attachment wp-att-337244\"><img decoding=\"async\" class=\"aligncenter size-full wp-image-337244\" src=\"\/2022\/02\/Manifestation_Agriculteurs_SDDV-17-1024x771.jpg\" alt=\"Manifestation_Agriculteurs_SDDV-17-1024x771\" width=\"1024\" height=\"771\" \/><\/a>La F\u00e9d\u00e9ration D\u00e9partementale des Syndicats d\u2019Exploitants Agricoles \u2013 FDSEA \u2013 et les Jeunes Agriculteurs des Vosges \u2013 JA88 \u2013 ont men\u00e9 une action coup de poing ce vendredi matin \u00e0 Saint-Di\u00e9-des-Vosges.<\/strong><\/span><\/h2>\n<p>Les agriculteurs se sont rassembl\u00e9s du c\u00f4t\u00e9 de la d\u00e9chetterie de l\u2019avenue de Verdun, pour prendre la direction de la zone Hellieule. Le cort\u00e8ge de tracteurs s\u2019est rendu devant l\u2019hypermarch\u00e9 E. Leclerc, o\u00f9 des vaches ont \u00e9t\u00e9 lib\u00e9r\u00e9es dans un parc install\u00e9 devant l\u2019entr\u00e9e principale de la grande surface. Du fumiers et du foin a \u00e9t\u00e9 d\u00e9pos\u00e9 au niveau de l\u2019une des autres entr\u00e9es du magasin. Les agriculteurs bloquaient \u00e9galement l\u2019entr\u00e9e aux clients.<\/p>\n<p>Le motif de cette action coup de poing\u00a0? <em>\u00ab\u00a0Mettre la pression sur les grandes et moyennes surfaces, avec qui nous sommes actuellement en n\u00e9gociations commerciales. La loi Egalim 2 n\u2019est absolument pas respect\u00e9e, sauf sur quelques produits commerciaux. Les prix du lait et de la viande sont par exemple trop bas. La loi Egalim 2 doit \u00eatre mise en application, avec des contrats cens\u00e9s qui rappellent le co\u00fbt de production des produits. Mais les grandes et moyennes surfaces ne jouent pas le jeu. La guerre des prix sur le seul et unique th\u00e8me du pouvoir d\u2019achat est inacceptable pour nous, surtout que nos charges ont augment\u00e9 de plus<\/em><\/p>\n","protected":false},"excerpt":{"rendered":"<p>La F\u00e9d\u00e9ration D\u00e9partementale des Syndicats d\u2019Exploitants Agricoles \u2013 FDSEA \u2013 et les Jeunes Agriculteurs des Vosges \u2013 JA88 \u2013 ont [&hellip;]<\/p>\n","protected":false},"author":391,"featured_media":51729,"comment_status":"open","ping_status":"open","sticky":false,"template":"","format":"standard","meta":{"footnotes":""},"categories":[26,18],"tags":[],"class_list":["post-51728","post","type-post","status-publish","format-standard","has-post-thumbnail","hentry","category-a-la-une","category-vosges"],"acf":[],"yoast_head":"<!-- This site is optimized with the Yoast SEO plugin v22.5 - https:\/\/yoast.com\/wordpress\/plugins\/seo\/ -->\n<title>Action coup de poing des agriculteurs devant l\u2019hypermarch\u00e9 E.Leclerc - Remiremont Info<\/title>\n<meta name=\"robots\" content=\"index, follow, max-snippet:-1, max-image-preview:large, max-video-preview:-1\" \/>\n<link rel=\"canonical\" href=\"https:\/\/vosgesinfo.fr\/remiremontinfo\/2022\/02\/action-coup-de-poing-agriculteurs-devant-lhypermarche-e-leclerc\/\" \/>\n<meta name=\"twitter:card\" content=\"summary_large_image\" \/>\n<meta name=\"twitter:title\" content=\"Action coup de poing des agriculteurs devant l\u2019hypermarch\u00e9 E.Leclerc - Remiremont Info\" \/>\n<meta name=\"twitter:description\" content=\"La F\u00e9d\u00e9ration D\u00e9partementale des Syndicats d\u2019Exploitants Agricoles \u2013 FDSEA \u2013 et les Jeunes Agriculteurs des Vosges \u2013 JA88 \u2013 ont [&hellip;]\" \/>\n<meta name=\"twitter:image\" content=\"https:\/\/vosgesinfo.fr\/app\/uploads\/sites\/5\/2024\/09\/202202manifestation-agriculteurs-sddv-17-1024x771-1.jpg\" \/>\n<meta name=\"twitter:creator\" content=\"@VosgesInfo88\" \/>\n<meta name=\"twitter:site\" content=\"@VosgesInfo88\" \/>\n<meta name=\"twitter:label1\" content=\"\u00c9crit par\" \/>\n\t<meta name=\"twitter:data1\" content=\"La redaction\" \/>\n\t<meta name=\"twitter:label2\" content=\"Dur\u00e9e de lecture estim\u00e9e\" \/>\n\t<meta name=\"twitter:data2\" content=\"1 minute\" \/>\n<script type=\"application\/ld+json\" class=\"yoast-schema-graph\">{\"@context\":\"https:\/\/schema.org\",\"@graph\":[{\"@type\":\"Article\",\"@id\":\"https:\/\/vosgesinfo.fr\/remiremontinfo\/2022\/02\/action-coup-de-poing-agriculteurs-devant-lhypermarche-e-leclerc\/#article\",\"isPartOf\":{\"@id\":\"https:\/\/vosgesinfo.fr\/remiremontinfo\/2022\/02\/action-coup-de-poing-agriculteurs-devant-lhypermarche-e-leclerc\/\"},\"author\":{\"name\":\"La redaction\",\"@id\":\"https:\/\/vosgesinfo.fr\/remiremontinfo\/#\/schema\/person\/27a3695b06db98895b354c0765cdfc31\"},\"headline\":\"Action coup de poing des agriculteurs devant l\u2019hypermarch\u00e9 E.Leclerc\",\"datePublished\":\"2022-02-11T10:39:30+00:00\",\"dateModified\":\"2022-02-11T10:39:30+00:00\",\"mainEntityOfPage\":{\"@id\":\"https:\/\/vosgesinfo.fr\/remiremontinfo\/2022\/02\/action-coup-de-poing-agriculteurs-devant-lhypermarche-e-leclerc\/\"},\"wordCount\":244,\"commentCount\":0,\"publisher\":{\"@id\":\"https:\/\/vosgesinfo.fr\/remiremontinfo\/#organization\"},\"image\":{\"@id\":\"https:\/\/vosgesinfo.fr\/remiremontinfo\/2022\/02\/action-coup-de-poing-agriculteurs-devant-lhypermarche-e-leclerc\/#primaryimage\"},\"thumbnailUrl\":\"https:\/\/vosgesinfo.fr\/app\/uploads\/sites\/5\/2024\/09\/202202manifestation-agriculteurs-sddv-17-1024x771-1.jpg\",\"articleSection\":[\"A la Une\",\"Vosges\"],\"inLanguage\":\"fr-FR\",\"potentialAction\":[{\"@type\":\"CommentAction\",\"name\":\"Comment\",\"target\":[\"https:\/\/vosgesinfo.fr\/remiremontinfo\/2022\/02\/action-coup-de-poing-agriculteurs-devant-lhypermarche-e-leclerc\/#respond\"]}]},{\"@type\":\"WebPage\",\"@id\":\"https:\/\/vosgesinfo.fr\/remiremontinfo\/2022\/02\/action-coup-de-poing-agriculteurs-devant-lhypermarche-e-leclerc\/\",\"url\":\"https:\/\/vosgesinfo.fr\/remiremontinfo\/2022\/02\/action-coup-de-poing-agriculteurs-devant-lhypermarche-e-leclerc\/\",\"name\":\"Action coup de poing des agriculteurs devant l\u2019hypermarch\u00e9 E.Leclerc - Remiremont Info\",\"isPartOf\":{\"@id\":\"https:\/\/vosgesinfo.fr\/remiremontinfo\/#website\"},\"primaryImageOfPage\":{\"@id\":\"https:\/\/vosgesinfo.fr\/remiremontinfo\/2022\/02\/action-coup-de-poing-agriculteurs-devant-lhypermarche-e-leclerc\/#primaryimage\"},\"image\":{\"@id\":\"https:\/\/vosgesinfo.fr\/remiremontinfo\/2022\/02\/action-coup-de-poing-agriculteurs-devant-lhypermarche-e-leclerc\/#primaryimage\"},\"thumbnailUrl\":\"https:\/\/vosgesinfo.fr\/app\/uploads\/sites\/5\/2024\/09\/202202manifestation-agriculteurs-sddv-17-1024x771-1.jpg\",\"datePublished\":\"2022-02-11T10:39:30+00:00\",\"dateModified\":\"2022-02-11T10:39:30+00:00\",\"breadcrumb\":{\"@id\":\"https:\/\/vosgesinfo.fr\/remiremontinfo\/2022\/02\/action-coup-de-poing-agriculteurs-devant-lhypermarche-e-leclerc\/#breadcrumb\"},\"inLanguage\":\"fr-FR\",\"potentialAction\":[{\"@type\":\"ReadAction\",\"target\":[\"https:\/\/vosgesinfo.fr\/remiremontinfo\/2022\/02\/action-coup-de-poing-agriculteurs-devant-lhypermarche-e-leclerc\/\"]}]},{\"@type\":\"ImageObject\",\"inLanguage\":\"fr-FR\",\"@id\":\"https:\/\/vosgesinfo.fr\/remiremontinfo\/2022\/02\/action-coup-de-poing-agriculteurs-devant-lhypermarche-e-leclerc\/#primaryimage\",\"url\":\"https:\/\/vosgesinfo.fr\/app\/uploads\/sites\/5\/2024\/09\/202202manifestation-agriculteurs-sddv-17-1024x771-1.jpg\",\"contentUrl\":\"https:\/\/vosgesinfo.fr\/app\/uploads\/sites\/5\/2024\/09\/202202manifestation-agriculteurs-sddv-17-1024x771-1.jpg\",\"width\":1024,\"height\":771},{\"@type\":\"BreadcrumbList\",\"@id\":\"https:\/\/vosgesinfo.fr\/remiremontinfo\/2022\/02\/action-coup-de-poing-agriculteurs-devant-lhypermarche-e-leclerc\/#breadcrumb\",\"itemListElement\":[{\"@type\":\"ListItem\",\"position\":1,\"name\":\"Home\",\"item\":\"https:\/\/vosgesinfo.fr\/remiremontinfo\/\"},{\"@type\":\"ListItem\",\"position\":2,\"name\":\"Action coup de poing des agriculteurs devant l\u2019hypermarch\u00e9 E.Leclerc\"}]},{\"@type\":\"WebSite\",\"@id\":\"https:\/\/vosgesinfo.fr\/remiremontinfo\/#website\",\"url\":\"https:\/\/vosgesinfo.fr\/remiremontinfo\/\",\"name\":\"Remiremont Info\",\"description\":\"Toute l&#039;actualit\u00e9 de Remiremont\",\"publisher\":{\"@id\":\"https:\/\/vosgesinfo.fr\/remiremontinfo\/#organization\"},\"alternateName\":\"Toute l'actualit\u00e9 de Remiremont\",\"potentialAction\":[{\"@type\":\"SearchAction\",\"target\":{\"@type\":\"EntryPoint\",\"urlTemplate\":\"https:\/\/vosgesinfo.fr\/remiremontinfo\/?s={search_term_string}\"},\"query-input\":\"required name=search_term_string\"}],\"inLanguage\":\"fr-FR\"},{\"@type\":\"Organization\",\"@id\":\"https:\/\/vosgesinfo.fr\/remiremontinfo\/#organization\",\"name\":\"Remiremont Info\",\"url\":\"https:\/\/vosgesinfo.fr\/remiremontinfo\/\",\"logo\":{\"@type\":\"ImageObject\",\"inLanguage\":\"fr-FR\",\"@id\":\"https:\/\/vosgesinfo.fr\/remiremontinfo\/#\/schema\/logo\/image\/\",\"url\":\"https:\/\/vosgesinfo.fr\/app\/uploads\/sites\/5\/2023\/08\/favicon-remiremontinfo.png\",\"contentUrl\":\"https:\/\/vosgesinfo.fr\/app\/uploads\/sites\/5\/2023\/08\/favicon-remiremontinfo.png\",\"width\":512,\"height\":512,\"caption\":\"Remiremont Info\"},\"image\":{\"@id\":\"https:\/\/vosgesinfo.fr\/remiremontinfo\/#\/schema\/logo\/image\/\"},\"sameAs\":[\"https:\/\/www.facebook.com\/remiremontinfo\",\"https:\/\/x.com\/VosgesInfo88\",\"https:\/\/www.youtube.com\/@vosgesinfo\"]},{\"@type\":\"Person\",\"@id\":\"https:\/\/vosgesinfo.fr\/remiremontinfo\/#\/schema\/person\/27a3695b06db98895b354c0765cdfc31\",\"name\":\"La redaction\",\"image\":{\"@type\":\"ImageObject\",\"inLanguage\":\"fr-FR\",\"@id\":\"https:\/\/vosgesinfo.fr\/remiremontinfo\/#\/schema\/person\/image\/\",\"url\":\"https:\/\/secure.gravatar.com\/avatar\/64c76a78e501cedee55736f43f332df901e1896ae9cd8fad269ae2236dd0e8b6?s=96&d=mm&r=g\",\"contentUrl\":\"https:\/\/secure.gravatar.com\/avatar\/64c76a78e501cedee55736f43f332df901e1896ae9cd8fad269ae2236dd0e8b6?s=96&d=mm&r=g\",\"caption\":\"La redaction\"},\"url\":\"https:\/\/vosgesinfo.fr\/remiremontinfo\/author\/la-redaction\/\"}]}<\/script>\n<!-- \/ Yoast SEO plugin. -->","yoast_head_json":{"title":"Action coup de poing des agriculteurs devant l\u2019hypermarch\u00e9 E.Leclerc - Remiremont Info","robots":{"index":"index","follow":"follow","max-snippet":"max-snippet:-1","max-image-preview":"max-image-preview:large","max-video-preview":"max-video-preview:-1"},"canonical":"https:\/\/vosgesinfo.fr\/remiremontinfo\/2022\/02\/action-coup-de-poing-agriculteurs-devant-lhypermarche-e-leclerc\/","twitter_card":"summary_large_image","twitter_title":"Action coup de poing des agriculteurs devant l\u2019hypermarch\u00e9 E.Leclerc - Remiremont Info","twitter_description":"La F\u00e9d\u00e9ration D\u00e9partementale des Syndicats d\u2019Exploitants Agricoles \u2013 FDSEA \u2013 et les Jeunes Agriculteurs des Vosges \u2013 JA88 \u2013 ont [&hellip;]","twitter_image":"https:\/\/vosgesinfo.fr\/app\/uploads\/sites\/5\/2024\/09\/202202manifestation-agriculteurs-sddv-17-1024x771-1.jpg","twitter_creator":"@VosgesInfo88","twitter_site":"@VosgesInfo88","twitter_misc":{"\u00c9crit par":"La redaction","Dur\u00e9e de lecture estim\u00e9e":"1 minute"},"schema":{"@context":"https:\/\/schema.org","@graph":[{"@type":"Article","@id":"https:\/\/vosgesinfo.fr\/remiremontinfo\/2022\/02\/action-coup-de-poing-agriculteurs-devant-lhypermarche-e-leclerc\/#article","isPartOf":{"@id":"https:\/\/vosgesinfo.fr\/remiremontinfo\/2022\/02\/action-coup-de-poing-agriculteurs-devant-lhypermarche-e-leclerc\/"},"author":{"name":"La redaction","@id":"https:\/\/vosgesinfo.fr\/remiremontinfo\/#\/schema\/person\/27a3695b06db98895b354c0765cdfc31"},"headline":"Action coup de poing des agriculteurs devant l\u2019hypermarch\u00e9 E.Leclerc","datePublished":"2022-02-11T10:39:30+00:00","dateModified":"2022-02-11T10:39:30+00:00","mainEntityOfPage":{"@id":"https:\/\/vosgesinfo.fr\/remiremontinfo\/2022\/02\/action-coup-de-poing-agriculteurs-devant-lhypermarche-e-leclerc\/"},"wordCount":244,"commentCount":0,"publisher":{"@id":"https:\/\/vosgesinfo.fr\/remiremontinfo\/#organization"},"image":{"@id":"https:\/\/vosgesinfo.fr\/remiremontinfo\/2022\/02\/action-coup-de-poing-agriculteurs-devant-lhypermarche-e-leclerc\/#primaryimage"},"thumbnailUrl":"https:\/\/vosgesinfo.fr\/app\/uploads\/sites\/5\/2024\/09\/202202manifestation-agriculteurs-sddv-17-1024x771-1.jpg","articleSection":["A la Une","Vosges"],"inLanguage":"fr-FR","potentialAction":[{"@type":"CommentAction","name":"Comment","target":["https:\/\/vosgesinfo.fr\/remiremontinfo\/2022\/02\/action-coup-de-poing-agriculteurs-devant-lhypermarche-e-leclerc\/#respond"]}]},{"@type":"WebPage","@id":"https:\/\/vosgesinfo.fr\/remiremontinfo\/2022\/02\/action-coup-de-poing-agriculteurs-devant-lhypermarche-e-leclerc\/","url":"https:\/\/vosgesinfo.fr\/remiremontinfo\/2022\/02\/action-coup-de-poing-agriculteurs-devant-lhypermarche-e-leclerc\/","name":"Action coup de poing des agriculteurs devant l\u2019hypermarch\u00e9 E.Leclerc - Remiremont Info","isPartOf":{"@id":"https:\/\/vosgesinfo.fr\/remiremontinfo\/#website"},"primaryImageOfPage":{"@id":"https:\/\/vosgesinfo.fr\/remiremontinfo\/2022\/02\/action-coup-de-poing-agriculteurs-devant-lhypermarche-e-leclerc\/#primaryimage"},"image":{"@id":"https:\/\/vosgesinfo.fr\/remiremontinfo\/2022\/02\/action-coup-de-poing-agriculteurs-devant-lhypermarche-e-leclerc\/#primaryimage"},"thumbnailUrl":"https:\/\/vosgesinfo.fr\/app\/uploads\/sites\/5\/2024\/09\/202202manifestation-agriculteurs-sddv-17-1024x771-1.jpg","datePublished":"2022-02-11T10:39:30+00:00","dateModified":"2022-02-11T10:39:30+00:00","breadcrumb":{"@id":"https:\/\/vosgesinfo.fr\/remiremontinfo\/2022\/02\/action-coup-de-poing-agriculteurs-devant-lhypermarche-e-leclerc\/#breadcrumb"},"inLanguage":"fr-FR","potentialAction":[{"@type":"ReadAction","target":["https:\/\/vosgesinfo.fr\/remiremontinfo\/2022\/02\/action-coup-de-poing-agriculteurs-devant-lhypermarche-e-leclerc\/"]}]},{"@type":"ImageObject","inLanguage":"fr-FR","@id":"https:\/\/vosgesinfo.fr\/remiremontinfo\/2022\/02\/action-coup-de-poing-agriculteurs-devant-lhypermarche-e-leclerc\/#primaryimage","url":"https:\/\/vosgesinfo.fr\/app\/uploads\/sites\/5\/2024\/09\/202202manifestation-agriculteurs-sddv-17-1024x771-1.jpg","contentUrl":"https:\/\/vosgesinfo.fr\/app\/uploads\/sites\/5\/2024\/09\/202202manifestation-agriculteurs-sddv-17-1024x771-1.jpg","width":1024,"height":771},{"@type":"BreadcrumbList","@id":"https:\/\/vosgesinfo.fr\/remiremontinfo\/2022\/02\/action-coup-de-poing-agriculteurs-devant-lhypermarche-e-leclerc\/#breadcrumb","itemListElement":[{"@type":"ListItem","position":1,"name":"Home","item":"https:\/\/vosgesinfo.fr\/remiremontinfo\/"},{"@type":"ListItem","position":2,"name":"Action coup de poing des agriculteurs devant l\u2019hypermarch\u00e9 E.Leclerc"}]},{"@type":"WebSite","@id":"https:\/\/vosgesinfo.fr\/remiremontinfo\/#website","url":"https:\/\/vosgesinfo.fr\/remiremontinfo\/","name":"Remiremont Info","description":"Toute l&#039;actualit\u00e9 de Remiremont","publisher":{"@id":"https:\/\/vosgesinfo.fr\/remiremontinfo\/#organization"},"alternateName":"Toute l'actualit\u00e9 de Remiremont","potentialAction":[{"@type":"SearchAction","target":{"@type":"EntryPoint","urlTemplate":"https:\/\/vosgesinfo.fr\/remiremontinfo\/?s={search_term_string}"},"query-input":"required name=search_term_string"}],"inLanguage":"fr-FR"},{"@type":"Organization","@id":"https:\/\/vosgesinfo.fr\/remiremontinfo\/#organization","name":"Remiremont Info","url":"https:\/\/vosgesinfo.fr\/remiremontinfo\/","logo":{"@type":"ImageObject","inLanguage":"fr-FR","@id":"https:\/\/vosgesinfo.fr\/remiremontinfo\/#\/schema\/logo\/image\/","url":"https:\/\/vosgesinfo.fr\/app\/uploads\/sites\/5\/2023\/08\/favicon-remiremontinfo.png","contentUrl":"https:\/\/vosgesinfo.fr\/app\/uploads\/sites\/5\/2023\/08\/favicon-remiremontinfo.png","width":512,"height":512,"caption":"Remiremont Info"},"image":{"@id":"https:\/\/vosgesinfo.fr\/remiremontinfo\/#\/schema\/logo\/image\/"},"sameAs":["https:\/\/www.facebook.com\/remiremontinfo","https:\/\/x.com\/VosgesInfo88","https:\/\/www.youtube.com\/@vosgesinfo"]},{"@type":"Person","@id":"https:\/\/vosgesinfo.fr\/remiremontinfo\/#\/schema\/person\/27a3695b06db98895b354c0765cdfc31","name":"La redaction","image":{"@type":"ImageObject","inLanguage":"fr-FR","@id":"https:\/\/vosgesinfo.fr\/remiremontinfo\/#\/schema\/person\/image\/","url":"https:\/\/secure.gravatar.com\/avatar\/64c76a78e501cedee55736f43f332df901e1896ae9cd8fad269ae2236dd0e8b6?s=96&d=mm&r=g","contentUrl":"https:\/\/secure.gravatar.com\/avatar\/64c76a78e501cedee55736f43f332df901e1896ae9cd8fad269ae2236dd0e8b6?s=96&d=mm&r=g","caption":"La redaction"},"url":"https:\/\/vosgesinfo.fr\/remiremontinfo\/author\/la-redaction\/"}]}},"_links":{"self":[{"href":"https:\/\/vosgesinfo.fr\/remiremontinfo\/wp-json\/wp\/v2\/posts\/51728","targetHints":{"allow":["GET"]}}],"collection":[{"href":"https:\/\/vosgesinfo.fr\/remiremontinfo\/wp-json\/wp\/v2\/posts"}],"about":[{"href":"https:\/\/vosgesinfo.fr\/remiremontinfo\/wp-json\/wp\/v2\/types\/post"}],"author":[{"embeddable":true,"href":"https:\/\/vosgesinfo.fr\/remiremontinfo\/wp-json\/wp\/v2\/users\/391"}],"replies":[{"embeddable":true,"href":"https:\/\/vosgesinfo.fr\/remiremontinfo\/wp-json\/wp\/v2\/comments?post=51728"}],"version-history":[{"count":0,"href":"https:\/\/vosgesinfo.fr\/remiremontinfo\/wp-json\/wp\/v2\/posts\/51728\/revisions"}],"wp:featuredmedia":[{"embeddable":true,"href":"https:\/\/vosgesinfo.fr\/remiremontinfo\/wp-json\/wp\/v2\/media\/51729"}],"wp:attachment":[{"href":"https:\/\/vosgesinfo.fr\/remiremontinfo\/wp-json\/wp\/v2\/media?parent=51728"}],"wp:term":[{"taxonomy":"category","embeddable":true,"href":"https:\/\/vosgesinfo.fr\/remiremontinfo\/wp-json\/wp\/v2\/categories?post=51728"},{"taxonomy":"post_tag","embeddable":true,"href":"https:\/\/vosgesinfo.fr\/remiremontinfo\/wp-json\/wp\/v2\/tags?post=51728"}],"curies":[{"name":"wp","href":"https:\/\/api.w.org\/{rel}","templated":true}]}}