{"id":5175,"date":"2024-03-20T06:01:49","date_gmt":"2024-03-20T05:01:49","guid":{"rendered":"https:\/\/vosgesinfo.fr\/remiremontinfo\/?p=5175"},"modified":"2024-03-20T17:25:49","modified_gmt":"2024-03-20T16:25:49","slug":"une-27eme-feerie-venitienne-promettant-lenchantement","status":"publish","type":"post","link":"https:\/\/vosgesinfo.fr\/remiremontinfo\/2024\/03\/une-27eme-feerie-venitienne-promettant-lenchantement\/","title":{"rendered":"Une 27\u00e8me f\u00e9erie v\u00e9nitienne promettant l\u2019enchantement !"},"content":{"rendered":"<div id=\"attachment_5177\" style=\"width: 1034px\" class=\"wp-caption aligncenter\"><a href=\"https:\/\/vosgesinfo.fr\/app\/uploads\/sites\/5\/2024\/03\/la-deambulation-dans-les-rues-de-remiremont-pleinement-partagee-par-une-foule-de-spectateurs.-.jpg\"><img decoding=\"async\" aria-describedby=\"caption-attachment-5177\" class=\"size-large wp-image-5177\" src=\"https:\/\/vosgesinfo.fr\/app\/uploads\/sites\/5\/2024\/03\/la-deambulation-dans-les-rues-de-remiremont-pleinement-partagee-par-une-foule-de-spectateurs.--1024x768.jpg\" alt=\"\" width=\"1024\" height=\"768\" srcset=\"https:\/\/vosgesinfo.fr\/app\/uploads\/sites\/5\/2024\/03\/la-deambulation-dans-les-rues-de-remiremont-pleinement-partagee-par-une-foule-de-spectateurs.--1024x768.jpg 1024w, https:\/\/vosgesinfo.fr\/app\/uploads\/sites\/5\/2024\/03\/la-deambulation-dans-les-rues-de-remiremont-pleinement-partagee-par-une-foule-de-spectateurs.--300x225.jpg 300w, https:\/\/vosgesinfo.fr\/app\/uploads\/sites\/5\/2024\/03\/la-deambulation-dans-les-rues-de-remiremont-pleinement-partagee-par-une-foule-de-spectateurs.--768x576.jpg 768w, https:\/\/vosgesinfo.fr\/app\/uploads\/sites\/5\/2024\/03\/la-deambulation-dans-les-rues-de-remiremont-pleinement-partagee-par-une-foule-de-spectateurs.--1536x1152.jpg 1536w, https:\/\/vosgesinfo.fr\/app\/uploads\/sites\/5\/2024\/03\/la-deambulation-dans-les-rues-de-remiremont-pleinement-partagee-par-une-foule-de-spectateurs.-.jpg 1600w\" sizes=\"(max-width: 1024px) 100vw, 1024px\" \/><\/a><p id=\"caption-attachment-5177\" class=\"wp-caption-text\">La d\u00e9ambulation dans les rues de Remiremont pleinement partag\u00e9e par une foule de spectateurs.<\/p><\/div>\n<p>&nbsp;<\/p>\n<h3 class=\"western\"><b>De jeudi soir 21 mars jusqu\u2019au dimanche 24 en fin d\u2019apr\u00e8s-midi, la f\u00e9erie v\u00e9nitienne va envahir les rues et places de la cit\u00e9 des chanoinesses. Un \u00e9v\u00e9nement toujours aussi enchanteur invitant une foule de visiteurs \u00e0 venir admirer des costumes color\u00e9s et scintillants. El\u00e9gance, gr\u00e2ce et myst\u00e8re seront \u00e0 l\u2019honneur. Des moments magiques \u00e0 partager aussi bien en nocturne qu\u2019en journ\u00e9e\u2026 <\/b><\/h3>\n<p class=\"western\">Tout d\u00e9butera <b>jeudi 21 d\u00e8s 20 h 00 <\/b>pour une entr\u00e9e dans l\u2019univers envo\u00fbtant du carnaval v\u00e9nitien. De la place de Lattre<b> <\/b>pour rejoindre la rue Charles de Gaulle et le quartier abbatial, de nombreux costum\u00e9s offriront un spectacle m\u00ealant s\u00e9duction et ambiance \u00e0 la fois intimiste et romantique.<\/p>\n<div id=\"attachment_5176\" style=\"width: 235px\" class=\"wp-caption alignright\"><a href=\"https:\/\/vosgesinfo.fr\/app\/uploads\/sites\/5\/2024\/03\/des-costumes-faisant-preuve-dune-imagination-debordante.--rotated.jpg\"><img decoding=\"async\" aria-describedby=\"caption-attachment-5176\" class=\"size-medium wp-image-5176\" src=\"https:\/\/vosgesinfo.fr\/app\/uploads\/sites\/5\/2024\/03\/des-costumes-faisant-preuve-dune-imagination-debordante.--225x300.jpg\" alt=\"\" width=\"225\" height=\"300\" srcset=\"https:\/\/vosgesinfo.fr\/app\/uploads\/sites\/5\/2024\/03\/des-costumes-faisant-preuve-dune-imagination-debordante.--225x300.jpg 225w, https:\/\/vosgesinfo.fr\/app\/uploads\/sites\/5\/2024\/03\/des-costumes-faisant-preuve-dune-imagination-debordante.--768x1024.jpg 768w, https:\/\/vosgesinfo.fr\/app\/uploads\/sites\/5\/2024\/03\/des-costumes-faisant-preuve-dune-imagination-debordante.--1152x1536.jpg 1152w, https:\/\/vosgesinfo.fr\/app\/uploads\/sites\/5\/2024\/03\/des-costumes-faisant-preuve-dune-imagination-debordante.--rotated.jpg 1200w\" sizes=\"(max-width: 225px) 100vw, 225px\" \/><\/a><p id=\"caption-attachment-5176\" class=\"wp-caption-text\">Des costum\u00e9s faisant preuve d&rsquo;une imagination d\u00e9bordante&#8230;<\/p><\/div>\n<p class=\"western\">Puis au fil de la journ\u00e9e du <b>vendredi 22, <\/b>c\u2019est tout un ensemble de rues et places de la ville qui se transformeront en v\u00e9ritables sc\u00e8nes de th\u00e9\u00e2tre \u00e0 ciel ouvert. C\u2019est dans une atmosph\u00e8re de f\u00eate et de l\u00e9g\u00e8ret\u00e9 que se d\u00e9roulera la d\u00e9ambulation libre des costum\u00e9s. <b>Le soir, \u00e0 20 h 30, <\/b>aura lieu la langoureuse promenade aux lanternes des costum\u00e9s, au rythme d\u2019une musique douce. Puis apr\u00e8s la pr\u00e9sentation th\u00e9\u00e2trale par les Casanovas <b>devant l\u2019\u00e9glise abbatiale, <\/b>les costum\u00e9s suivront leurs chevaliers servants <b>jusqu\u2019\u00e0 la place Christian Poncelet (<\/b>H\u00f4tel de Ville).<\/p>\n<p class=\"western\">Dans une ambiance feutr\u00e9e, les spectateurs pourront admirer, <b>sur les estrades, <\/b>la diversit\u00e9 des personnages v\u00e9nitiens, chacun apportant sa propre histoire et sa propre personnalit\u00e9. <b> <\/b><\/p>\n<p class=\"western\"><b>Une f\u00e9erie \u00e9tendue aux quartiers pittoresques de la ville <\/b><\/p>\n<p class=\"western\">La magie v\u00e9nitienne va op\u00e9rer en diff\u00e9rents lieux. <b>Samedi 23, \u00e0 partir de 9 h 00, <\/b>des s\u00e9ances photos auront lieu dans les lieux pittoresques de la ville. Parmi ces s\u00e9ances, un rendez-vous incontournable se situera <b>dans la cour de la M\u00e9diath\u00e8que <\/b>o\u00f9 un 1<sup>er<\/sup> concert sera donn\u00e9 <b>\u00e0 11 h 00 <\/b>par l\u2019orchestre invit\u00e9 cette ann\u00e9e, s\u2019agissant de <b>Tous en Trad, <\/b>formation venant de Belfort et compos\u00e9e de 23 musiciens. L\u2019orchestre assurera un second concert l\u2019apr\u00e8s-midi <b>\u00e0 15 h 00 place de la Lib\u00e9ration <\/b>(fontaine du Cygne). Les costum\u00e9s poursuivront leur d\u00e9ambulation en c\u0153ur de ville.<\/p>\n<div id=\"attachment_5182\" style=\"width: 310px\" class=\"wp-caption alignright\"><a href=\"https:\/\/vosgesinfo.fr\/app\/uploads\/sites\/5\/2024\/03\/la-magie-des-lumieres-sallie-a-celle-des-costumes-lors-de-la-parade-nocturne-sur-les-estrades-autour-du-quartier-abbatial.-.jpg\"><img decoding=\"async\" aria-describedby=\"caption-attachment-5182\" class=\"size-medium wp-image-5182\" src=\"https:\/\/vosgesinfo.fr\/app\/uploads\/sites\/5\/2024\/03\/la-magie-des-lumieres-sallie-a-celle-des-costumes-lors-de-la-parade-nocturne-sur-les-estrades-autour-du-quartier-abbatial.--300x225.jpg\" alt=\"\" width=\"300\" height=\"225\" srcset=\"https:\/\/vosgesinfo.fr\/app\/uploads\/sites\/5\/2024\/03\/la-magie-des-lumieres-sallie-a-celle-des-costumes-lors-de-la-parade-nocturne-sur-les-estrades-autour-du-quartier-abbatial.--300x225.jpg 300w, https:\/\/vosgesinfo.fr\/app\/uploads\/sites\/5\/2024\/03\/la-magie-des-lumieres-sallie-a-celle-des-costumes-lors-de-la-parade-nocturne-sur-les-estrades-autour-du-quartier-abbatial.--1024x768.jpg 1024w, https:\/\/vosgesinfo.fr\/app\/uploads\/sites\/5\/2024\/03\/la-magie-des-lumieres-sallie-a-celle-des-costumes-lors-de-la-parade-nocturne-sur-les-estrades-autour-du-quartier-abbatial.--768x576.jpg 768w, https:\/\/vosgesinfo.fr\/app\/uploads\/sites\/5\/2024\/03\/la-magie-des-lumieres-sallie-a-celle-des-costumes-lors-de-la-parade-nocturne-sur-les-estrades-autour-du-quartier-abbatial.--1536x1152.jpg 1536w, https:\/\/vosgesinfo.fr\/app\/uploads\/sites\/5\/2024\/03\/la-magie-des-lumieres-sallie-a-celle-des-costumes-lors-de-la-parade-nocturne-sur-les-estrades-autour-du-quartier-abbatial.-.jpg 1600w\" sizes=\"(max-width: 300px) 100vw, 300px\" \/><\/a><p id=\"caption-attachment-5182\" class=\"wp-caption-text\">La magie des lumi\u00e8res s&rsquo;allie \u00e0 celle des costumes lors de la parade nocturne sur les estrades autour du quartier abbatial.<\/p><\/div>\n<p class=\"western\"><b>Le soir, \u00e0 20 h 30, <\/b>sous les lumi\u00e8res des projecteurs, aura lieu la parade nocturne des costum\u00e9s sur les estrades <b>autour du quartier abbatial. <\/b>Un grand moment pour admirer autrement les d\u00e9tails des costumes port\u00e9s\u00a0: plumes flamboyantes, paillettes scintillantes et masques myst\u00e9rieux. Marquis et marquises, cr\u00e9atures fantastiques offriront un spectacle fascinant.<\/p>\n<p class=\"western\">A leur guise, les costum\u00e9s d\u00e9ambuleront \u00e0 nouveau <b>dimanche 24 dans la ville <\/b>pour rejoindre <b>\u00e0 11 h 00 la place de Mesdames <\/b>afin d\u2019assister au 3\u00e8me concert de l\u2019orchestre <b>Tous en Trad. <\/b>Le public pourra se m\u00ealer aux costum\u00e9s v\u00e9nitiens afin d\u2019immortaliser un moment unique.<\/p>\n<p class=\"western\">L\u2019apr\u00e8s-midi <b>\u00e0 15 h 00, <\/b>les spectateurs pourront assister <b>au l\u00e9gendaire d\u00e9fil\u00e9 <\/b>dans la partie sup\u00e9rieure de la rue Charles de Gaulle. Une majestueuse parade dans une ambiance musicale, empreinte de courtoisie et d\u2019\u00e9l\u00e9gance, avant de rejoindre <b>\u00e0 16 h 00 les estrades du quartier abbatial<\/b> pour un nouveau passage.<\/p>\n<p class=\"western\"><b>Vers 17 h 30 et c\u2019est une nouveaut\u00e9 cette ann\u00e9e, <\/b>au son entra\u00eenant de l\u2019hymne du carnaval v\u00e9nitien de Remiremont, <b>les Casanovas <\/b>feront leurs adieux, donnant rendez-vous \u00e0 l\u2019ann\u00e9e prochaine. Afin de les remercier pour leur aide pr\u00e9cieuse, <b>un spectaculaire hommage <\/b> leur sera rendu d\u2019une mani\u00e8re innovante, <b>les costum\u00e9s venant leur tenir la main tendrement. <\/b>Un dernier moment de gr\u00e2ce et de reconnaissance venant conclure cette 27\u00e8me \u00e9dition.<\/p>\n<p class=\"western\">Tout a \u00e9t\u00e9 pens\u00e9 dans les moindres d\u00e9tails. Le carnaval v\u00e9nitien romarimontain est en droit d\u2019afficher ses belles lettres de noblesse. Une nouvelle \u00e9dition \u00e0 vivre et \u00e0 partager\u00a0!<\/p>\n","protected":false},"excerpt":{"rendered":"<p>&nbsp; De jeudi soir 21 mars jusqu\u2019au dimanche 24 en fin d\u2019apr\u00e8s-midi, la f\u00e9erie v\u00e9nitienne va envahir les rues et [&hellip;]<\/p>\n","protected":false},"author":392,"featured_media":5177,"comment_status":"open","ping_status":"open","sticky":false,"template":"","format":"standard","meta":{"footnotes":""},"categories":[26,64,18],"tags":[909],"class_list":["post-5175","post","type-post","status-publish","format-standard","has-post-thumbnail","hentry","category-a-la-une","category-evenements","category-vosges","tag-carnaval-venitien"],"acf":[],"yoast_head":"<!-- This site is optimized with the Yoast SEO plugin v22.5 - https:\/\/yoast.com\/wordpress\/plugins\/seo\/ -->\n<title>Une 27\u00e8me f\u00e9erie v\u00e9nitienne promettant l\u2019enchantement ! - Remiremont Info<\/title>\n<meta name=\"robots\" content=\"index, follow, max-snippet:-1, max-image-preview:large, max-video-preview:-1\" \/>\n<link rel=\"canonical\" href=\"https:\/\/vosgesinfo.fr\/remiremontinfo\/2024\/03\/une-27eme-feerie-venitienne-promettant-lenchantement\/\" \/>\n<meta name=\"twitter:card\" content=\"summary_large_image\" \/>\n<meta name=\"twitter:title\" content=\"Une 27\u00e8me f\u00e9erie v\u00e9nitienne promettant l\u2019enchantement ! - Remiremont Info\" \/>\n<meta name=\"twitter:description\" content=\"&nbsp; De jeudi soir 21 mars jusqu\u2019au dimanche 24 en fin d\u2019apr\u00e8s-midi, la f\u00e9erie v\u00e9nitienne va envahir les rues et [&hellip;]\" \/>\n<meta name=\"twitter:image\" content=\"https:\/\/vosgesinfo.fr\/app\/uploads\/sites\/5\/2024\/03\/la-deambulation-dans-les-rues-de-remiremont-pleinement-partagee-par-une-foule-de-spectateurs.-.jpg\" \/>\n<meta name=\"twitter:creator\" content=\"@VosgesInfo88\" \/>\n<meta name=\"twitter:site\" content=\"@VosgesInfo88\" \/>\n<meta name=\"twitter:label1\" content=\"\u00c9crit par\" \/>\n\t<meta name=\"twitter:data1\" content=\"La redaction\" \/>\n\t<meta name=\"twitter:label2\" content=\"Dur\u00e9e de lecture estim\u00e9e\" \/>\n\t<meta name=\"twitter:data2\" content=\"4 minutes\" \/>\n<script type=\"application\/ld+json\" class=\"yoast-schema-graph\">{\"@context\":\"https:\/\/schema.org\",\"@graph\":[{\"@type\":\"Article\",\"@id\":\"https:\/\/vosgesinfo.fr\/remiremontinfo\/2024\/03\/une-27eme-feerie-venitienne-promettant-lenchantement\/#article\",\"isPartOf\":{\"@id\":\"https:\/\/vosgesinfo.fr\/remiremontinfo\/2024\/03\/une-27eme-feerie-venitienne-promettant-lenchantement\/\"},\"author\":{\"name\":\"La redaction\",\"@id\":\"https:\/\/vosgesinfo.fr\/remiremontinfo\/#\/schema\/person\/80c6ea85ff4afefe81dceaf949954c76\"},\"headline\":\"Une 27\u00e8me f\u00e9erie v\u00e9nitienne promettant l\u2019enchantement !\",\"datePublished\":\"2024-03-20T05:01:49+00:00\",\"dateModified\":\"2024-03-20T16:25:49+00:00\",\"mainEntityOfPage\":{\"@id\":\"https:\/\/vosgesinfo.fr\/remiremontinfo\/2024\/03\/une-27eme-feerie-venitienne-promettant-lenchantement\/\"},\"wordCount\":714,\"commentCount\":0,\"publisher\":{\"@id\":\"https:\/\/vosgesinfo.fr\/remiremontinfo\/#organization\"},\"image\":{\"@id\":\"https:\/\/vosgesinfo.fr\/remiremontinfo\/2024\/03\/une-27eme-feerie-venitienne-promettant-lenchantement\/#primaryimage\"},\"thumbnailUrl\":\"https:\/\/vosgesinfo.fr\/app\/uploads\/sites\/5\/2024\/03\/la-deambulation-dans-les-rues-de-remiremont-pleinement-partagee-par-une-foule-de-spectateurs.-.jpg\",\"keywords\":[\"carnaval v\u00e9nitien\"],\"articleSection\":[\"A la Une\",\"Ev\u00e8nements\",\"Vosges\"],\"inLanguage\":\"fr-FR\",\"potentialAction\":[{\"@type\":\"CommentAction\",\"name\":\"Comment\",\"target\":[\"https:\/\/vosgesinfo.fr\/remiremontinfo\/2024\/03\/une-27eme-feerie-venitienne-promettant-lenchantement\/#respond\"]}]},{\"@type\":\"WebPage\",\"@id\":\"https:\/\/vosgesinfo.fr\/remiremontinfo\/2024\/03\/une-27eme-feerie-venitienne-promettant-lenchantement\/\",\"url\":\"https:\/\/vosgesinfo.fr\/remiremontinfo\/2024\/03\/une-27eme-feerie-venitienne-promettant-lenchantement\/\",\"name\":\"Une 27\u00e8me f\u00e9erie v\u00e9nitienne promettant l\u2019enchantement ! - Remiremont Info\",\"isPartOf\":{\"@id\":\"https:\/\/vosgesinfo.fr\/remiremontinfo\/#website\"},\"primaryImageOfPage\":{\"@id\":\"https:\/\/vosgesinfo.fr\/remiremontinfo\/2024\/03\/une-27eme-feerie-venitienne-promettant-lenchantement\/#primaryimage\"},\"image\":{\"@id\":\"https:\/\/vosgesinfo.fr\/remiremontinfo\/2024\/03\/une-27eme-feerie-venitienne-promettant-lenchantement\/#primaryimage\"},\"thumbnailUrl\":\"https:\/\/vosgesinfo.fr\/app\/uploads\/sites\/5\/2024\/03\/la-deambulation-dans-les-rues-de-remiremont-pleinement-partagee-par-une-foule-de-spectateurs.-.jpg\",\"datePublished\":\"2024-03-20T05:01:49+00:00\",\"dateModified\":\"2024-03-20T16:25:49+00:00\",\"breadcrumb\":{\"@id\":\"https:\/\/vosgesinfo.fr\/remiremontinfo\/2024\/03\/une-27eme-feerie-venitienne-promettant-lenchantement\/#breadcrumb\"},\"inLanguage\":\"fr-FR\",\"potentialAction\":[{\"@type\":\"ReadAction\",\"target\":[\"https:\/\/vosgesinfo.fr\/remiremontinfo\/2024\/03\/une-27eme-feerie-venitienne-promettant-lenchantement\/\"]}]},{\"@type\":\"ImageObject\",\"inLanguage\":\"fr-FR\",\"@id\":\"https:\/\/vosgesinfo.fr\/remiremontinfo\/2024\/03\/une-27eme-feerie-venitienne-promettant-lenchantement\/#primaryimage\",\"url\":\"https:\/\/vosgesinfo.fr\/app\/uploads\/sites\/5\/2024\/03\/la-deambulation-dans-les-rues-de-remiremont-pleinement-partagee-par-une-foule-de-spectateurs.-.jpg\",\"contentUrl\":\"https:\/\/vosgesinfo.fr\/app\/uploads\/sites\/5\/2024\/03\/la-deambulation-dans-les-rues-de-remiremont-pleinement-partagee-par-une-foule-de-spectateurs.-.jpg\",\"width\":1600,\"height\":1200,\"caption\":\"La d\u00e9ambulation dans les rues de Remiremont pleinement partag\u00e9e par une foule de spectateurs.\"},{\"@type\":\"BreadcrumbList\",\"@id\":\"https:\/\/vosgesinfo.fr\/remiremontinfo\/2024\/03\/une-27eme-feerie-venitienne-promettant-lenchantement\/#breadcrumb\",\"itemListElement\":[{\"@type\":\"ListItem\",\"position\":1,\"name\":\"Home\",\"item\":\"https:\/\/vosgesinfo.fr\/remiremontinfo\/\"},{\"@type\":\"ListItem\",\"position\":2,\"name\":\"Une 27\u00e8me f\u00e9erie v\u00e9nitienne promettant l\u2019enchantement !\"}]},{\"@type\":\"WebSite\",\"@id\":\"https:\/\/vosgesinfo.fr\/remiremontinfo\/#website\",\"url\":\"https:\/\/vosgesinfo.fr\/remiremontinfo\/\",\"name\":\"Remiremont Info\",\"description\":\"Toute l&#039;actualit\u00e9 de Remiremont\",\"publisher\":{\"@id\":\"https:\/\/vosgesinfo.fr\/remiremontinfo\/#organization\"},\"alternateName\":\"Toute l'actualit\u00e9 de Remiremont\",\"potentialAction\":[{\"@type\":\"SearchAction\",\"target\":{\"@type\":\"EntryPoint\",\"urlTemplate\":\"https:\/\/vosgesinfo.fr\/remiremontinfo\/?s={search_term_string}\"},\"query-input\":\"required name=search_term_string\"}],\"inLanguage\":\"fr-FR\"},{\"@type\":\"Organization\",\"@id\":\"https:\/\/vosgesinfo.fr\/remiremontinfo\/#organization\",\"name\":\"Remiremont Info\",\"url\":\"https:\/\/vosgesinfo.fr\/remiremontinfo\/\",\"logo\":{\"@type\":\"ImageObject\",\"inLanguage\":\"fr-FR\",\"@id\":\"https:\/\/vosgesinfo.fr\/remiremontinfo\/#\/schema\/logo\/image\/\",\"url\":\"https:\/\/vosgesinfo.fr\/app\/uploads\/sites\/5\/2023\/08\/favicon-remiremontinfo.png\",\"contentUrl\":\"https:\/\/vosgesinfo.fr\/app\/uploads\/sites\/5\/2023\/08\/favicon-remiremontinfo.png\",\"width\":512,\"height\":512,\"caption\":\"Remiremont Info\"},\"image\":{\"@id\":\"https:\/\/vosgesinfo.fr\/remiremontinfo\/#\/schema\/logo\/image\/\"},\"sameAs\":[\"https:\/\/www.facebook.com\/remiremontinfo\",\"https:\/\/x.com\/VosgesInfo88\",\"https:\/\/www.youtube.com\/@vosgesinfo\"]},{\"@type\":\"Person\",\"@id\":\"https:\/\/vosgesinfo.fr\/remiremontinfo\/#\/schema\/person\/80c6ea85ff4afefe81dceaf949954c76\",\"name\":\"La redaction\",\"image\":{\"@type\":\"ImageObject\",\"inLanguage\":\"fr-FR\",\"@id\":\"https:\/\/vosgesinfo.fr\/remiremontinfo\/#\/schema\/person\/image\/\",\"url\":\"https:\/\/secure.gravatar.com\/avatar\/fa684fed8c27e631d40f39d17520286009f89cf7526728ea4e58b5a8c426c16a?s=96&d=mm&r=g\",\"contentUrl\":\"https:\/\/secure.gravatar.com\/avatar\/fa684fed8c27e631d40f39d17520286009f89cf7526728ea4e58b5a8c426c16a?s=96&d=mm&r=g\",\"caption\":\"La redaction\"},\"url\":\"https:\/\/vosgesinfo.fr\/remiremontinfo\/author\/d-p\/\"}]}<\/script>\n<!-- \/ Yoast SEO plugin. -->","yoast_head_json":{"title":"Une 27\u00e8me f\u00e9erie v\u00e9nitienne promettant l\u2019enchantement ! - Remiremont Info","robots":{"index":"index","follow":"follow","max-snippet":"max-snippet:-1","max-image-preview":"max-image-preview:large","max-video-preview":"max-video-preview:-1"},"canonical":"https:\/\/vosgesinfo.fr\/remiremontinfo\/2024\/03\/une-27eme-feerie-venitienne-promettant-lenchantement\/","twitter_card":"summary_large_image","twitter_title":"Une 27\u00e8me f\u00e9erie v\u00e9nitienne promettant l\u2019enchantement ! - Remiremont Info","twitter_description":"&nbsp; De jeudi soir 21 mars jusqu\u2019au dimanche 24 en fin d\u2019apr\u00e8s-midi, la f\u00e9erie v\u00e9nitienne va envahir les rues et [&hellip;]","twitter_image":"https:\/\/vosgesinfo.fr\/app\/uploads\/sites\/5\/2024\/03\/la-deambulation-dans-les-rues-de-remiremont-pleinement-partagee-par-une-foule-de-spectateurs.-.jpg","twitter_creator":"@VosgesInfo88","twitter_site":"@VosgesInfo88","twitter_misc":{"\u00c9crit par":"La redaction","Dur\u00e9e de lecture estim\u00e9e":"4 minutes"},"schema":{"@context":"https:\/\/schema.org","@graph":[{"@type":"Article","@id":"https:\/\/vosgesinfo.fr\/remiremontinfo\/2024\/03\/une-27eme-feerie-venitienne-promettant-lenchantement\/#article","isPartOf":{"@id":"https:\/\/vosgesinfo.fr\/remiremontinfo\/2024\/03\/une-27eme-feerie-venitienne-promettant-lenchantement\/"},"author":{"name":"La redaction","@id":"https:\/\/vosgesinfo.fr\/remiremontinfo\/#\/schema\/person\/80c6ea85ff4afefe81dceaf949954c76"},"headline":"Une 27\u00e8me f\u00e9erie v\u00e9nitienne promettant l\u2019enchantement !","datePublished":"2024-03-20T05:01:49+00:00","dateModified":"2024-03-20T16:25:49+00:00","mainEntityOfPage":{"@id":"https:\/\/vosgesinfo.fr\/remiremontinfo\/2024\/03\/une-27eme-feerie-venitienne-promettant-lenchantement\/"},"wordCount":714,"commentCount":0,"publisher":{"@id":"https:\/\/vosgesinfo.fr\/remiremontinfo\/#organization"},"image":{"@id":"https:\/\/vosgesinfo.fr\/remiremontinfo\/2024\/03\/une-27eme-feerie-venitienne-promettant-lenchantement\/#primaryimage"},"thumbnailUrl":"https:\/\/vosgesinfo.fr\/app\/uploads\/sites\/5\/2024\/03\/la-deambulation-dans-les-rues-de-remiremont-pleinement-partagee-par-une-foule-de-spectateurs.-.jpg","keywords":["carnaval v\u00e9nitien"],"articleSection":["A la Une","Ev\u00e8nements","Vosges"],"inLanguage":"fr-FR","potentialAction":[{"@type":"CommentAction","name":"Comment","target":["https:\/\/vosgesinfo.fr\/remiremontinfo\/2024\/03\/une-27eme-feerie-venitienne-promettant-lenchantement\/#respond"]}]},{"@type":"WebPage","@id":"https:\/\/vosgesinfo.fr\/remiremontinfo\/2024\/03\/une-27eme-feerie-venitienne-promettant-lenchantement\/","url":"https:\/\/vosgesinfo.fr\/remiremontinfo\/2024\/03\/une-27eme-feerie-venitienne-promettant-lenchantement\/","name":"Une 27\u00e8me f\u00e9erie v\u00e9nitienne promettant l\u2019enchantement ! - Remiremont Info","isPartOf":{"@id":"https:\/\/vosgesinfo.fr\/remiremontinfo\/#website"},"primaryImageOfPage":{"@id":"https:\/\/vosgesinfo.fr\/remiremontinfo\/2024\/03\/une-27eme-feerie-venitienne-promettant-lenchantement\/#primaryimage"},"image":{"@id":"https:\/\/vosgesinfo.fr\/remiremontinfo\/2024\/03\/une-27eme-feerie-venitienne-promettant-lenchantement\/#primaryimage"},"thumbnailUrl":"https:\/\/vosgesinfo.fr\/app\/uploads\/sites\/5\/2024\/03\/la-deambulation-dans-les-rues-de-remiremont-pleinement-partagee-par-une-foule-de-spectateurs.-.jpg","datePublished":"2024-03-20T05:01:49+00:00","dateModified":"2024-03-20T16:25:49+00:00","breadcrumb":{"@id":"https:\/\/vosgesinfo.fr\/remiremontinfo\/2024\/03\/une-27eme-feerie-venitienne-promettant-lenchantement\/#breadcrumb"},"inLanguage":"fr-FR","potentialAction":[{"@type":"ReadAction","target":["https:\/\/vosgesinfo.fr\/remiremontinfo\/2024\/03\/une-27eme-feerie-venitienne-promettant-lenchantement\/"]}]},{"@type":"ImageObject","inLanguage":"fr-FR","@id":"https:\/\/vosgesinfo.fr\/remiremontinfo\/2024\/03\/une-27eme-feerie-venitienne-promettant-lenchantement\/#primaryimage","url":"https:\/\/vosgesinfo.fr\/app\/uploads\/sites\/5\/2024\/03\/la-deambulation-dans-les-rues-de-remiremont-pleinement-partagee-par-une-foule-de-spectateurs.-.jpg","contentUrl":"https:\/\/vosgesinfo.fr\/app\/uploads\/sites\/5\/2024\/03\/la-deambulation-dans-les-rues-de-remiremont-pleinement-partagee-par-une-foule-de-spectateurs.-.jpg","width":1600,"height":1200,"caption":"La d\u00e9ambulation dans les rues de Remiremont pleinement partag\u00e9e par une foule de spectateurs."},{"@type":"BreadcrumbList","@id":"https:\/\/vosgesinfo.fr\/remiremontinfo\/2024\/03\/une-27eme-feerie-venitienne-promettant-lenchantement\/#breadcrumb","itemListElement":[{"@type":"ListItem","position":1,"name":"Home","item":"https:\/\/vosgesinfo.fr\/remiremontinfo\/"},{"@type":"ListItem","position":2,"name":"Une 27\u00e8me f\u00e9erie v\u00e9nitienne promettant l\u2019enchantement !"}]},{"@type":"WebSite","@id":"https:\/\/vosgesinfo.fr\/remiremontinfo\/#website","url":"https:\/\/vosgesinfo.fr\/remiremontinfo\/","name":"Remiremont Info","description":"Toute l&#039;actualit\u00e9 de Remiremont","publisher":{"@id":"https:\/\/vosgesinfo.fr\/remiremontinfo\/#organization"},"alternateName":"Toute l'actualit\u00e9 de Remiremont","potentialAction":[{"@type":"SearchAction","target":{"@type":"EntryPoint","urlTemplate":"https:\/\/vosgesinfo.fr\/remiremontinfo\/?s={search_term_string}"},"query-input":"required name=search_term_string"}],"inLanguage":"fr-FR"},{"@type":"Organization","@id":"https:\/\/vosgesinfo.fr\/remiremontinfo\/#organization","name":"Remiremont Info","url":"https:\/\/vosgesinfo.fr\/remiremontinfo\/","logo":{"@type":"ImageObject","inLanguage":"fr-FR","@id":"https:\/\/vosgesinfo.fr\/remiremontinfo\/#\/schema\/logo\/image\/","url":"https:\/\/vosgesinfo.fr\/app\/uploads\/sites\/5\/2023\/08\/favicon-remiremontinfo.png","contentUrl":"https:\/\/vosgesinfo.fr\/app\/uploads\/sites\/5\/2023\/08\/favicon-remiremontinfo.png","width":512,"height":512,"caption":"Remiremont Info"},"image":{"@id":"https:\/\/vosgesinfo.fr\/remiremontinfo\/#\/schema\/logo\/image\/"},"sameAs":["https:\/\/www.facebook.com\/remiremontinfo","https:\/\/x.com\/VosgesInfo88","https:\/\/www.youtube.com\/@vosgesinfo"]},{"@type":"Person","@id":"https:\/\/vosgesinfo.fr\/remiremontinfo\/#\/schema\/person\/80c6ea85ff4afefe81dceaf949954c76","name":"La redaction","image":{"@type":"ImageObject","inLanguage":"fr-FR","@id":"https:\/\/vosgesinfo.fr\/remiremontinfo\/#\/schema\/person\/image\/","url":"https:\/\/secure.gravatar.com\/avatar\/fa684fed8c27e631d40f39d17520286009f89cf7526728ea4e58b5a8c426c16a?s=96&d=mm&r=g","contentUrl":"https:\/\/secure.gravatar.com\/avatar\/fa684fed8c27e631d40f39d17520286009f89cf7526728ea4e58b5a8c426c16a?s=96&d=mm&r=g","caption":"La redaction"},"url":"https:\/\/vosgesinfo.fr\/remiremontinfo\/author\/d-p\/"}]}},"_links":{"self":[{"href":"https:\/\/vosgesinfo.fr\/remiremontinfo\/wp-json\/wp\/v2\/posts\/5175","targetHints":{"allow":["GET"]}}],"collection":[{"href":"https:\/\/vosgesinfo.fr\/remiremontinfo\/wp-json\/wp\/v2\/posts"}],"about":[{"href":"https:\/\/vosgesinfo.fr\/remiremontinfo\/wp-json\/wp\/v2\/types\/post"}],"author":[{"embeddable":true,"href":"https:\/\/vosgesinfo.fr\/remiremontinfo\/wp-json\/wp\/v2\/users\/392"}],"replies":[{"embeddable":true,"href":"https:\/\/vosgesinfo.fr\/remiremontinfo\/wp-json\/wp\/v2\/comments?post=5175"}],"version-history":[{"count":3,"href":"https:\/\/vosgesinfo.fr\/remiremontinfo\/wp-json\/wp\/v2\/posts\/5175\/revisions"}],"predecessor-version":[{"id":5183,"href":"https:\/\/vosgesinfo.fr\/remiremontinfo\/wp-json\/wp\/v2\/posts\/5175\/revisions\/5183"}],"wp:featuredmedia":[{"embeddable":true,"href":"https:\/\/vosgesinfo.fr\/remiremontinfo\/wp-json\/wp\/v2\/media\/5177"}],"wp:attachment":[{"href":"https:\/\/vosgesinfo.fr\/remiremontinfo\/wp-json\/wp\/v2\/media?parent=5175"}],"wp:term":[{"taxonomy":"category","embeddable":true,"href":"https:\/\/vosgesinfo.fr\/remiremontinfo\/wp-json\/wp\/v2\/categories?post=5175"},{"taxonomy":"post_tag","embeddable":true,"href":"https:\/\/vosgesinfo.fr\/remiremontinfo\/wp-json\/wp\/v2\/tags?post=5175"}],"curies":[{"name":"wp","href":"https:\/\/api.w.org\/{rel}","templated":true}]}}