{"id":51753,"date":"2022-02-12T05:04:51","date_gmt":"2022-02-12T04:04:51","guid":{"rendered":"https:\/\/vosgesinfo.fr\/remiremontinfo\/2022\/02\/val-dajol-habitants-invites-a-reunions-de-quartier\/"},"modified":"2022-02-12T05:04:51","modified_gmt":"2022-02-12T04:04:51","slug":"val-dajol-habitants-invites-a-reunions-de-quartier","status":"publish","type":"post","link":"https:\/\/vosgesinfo.fr\/remiremontinfo\/2022\/02\/val-dajol-habitants-invites-a-reunions-de-quartier\/","title":{"rendered":"Le Val d\u2019Ajol : les habitants invit\u00e9s \u00e0 des r\u00e9unions de quartier"},"content":{"rendered":"<div class=\"kvgmc6g5 cxmmr5t8 oygrvhab hcukyx3x c1et5uql ii04i59q\">\n<p dir=\"auto\"><a href=\"\/2022\/02\/Capture-d\u2019\u00e9cran-2022-02-12-121337.png\"><img decoding=\"async\" class=\"alignnone size-full wp-image-337302\" src=\"\/2022\/02\/Capture-d\u2019\u00e9cran-2022-02-12-121337.png\" alt=\"Capture d\u2019\u00e9cran 2022-02-12 121337\" width=\"768\" height=\"569\" \/><\/a><\/p>\n<p dir=\"auto\"><span style=\"font-size: 10pt;\"><em>Photo Google Maps\u00a0<\/em><\/span><\/p>\n<h2 dir=\"auto\"><span style=\"font-size: 12pt;\"><strong>La Commune de Le Val D\u2019Ajol convie les habitants \u00e0 des r\u00e9unions de quartiers. Lors de ces r\u00e9unions, les habitants des quartiers sont invit\u00e9s \u00e0 discuter et r\u00e9fl\u00e9chir sur des solutions afin d\u2019am\u00e9liorer ou conforter leur vie quotidienne. \u00ab\u00a0Nous ferons le point sur les diff\u00e9rentes dol\u00e9ances re\u00e7ues lors de la campagne municipale, nous verrons s&rsquo;il y a des probl\u00e8mes d&rsquo;adressage \u00e0 r\u00e9soudre et nous exposerons certains projets en cours de r\u00e9alisation sur la commune\u00a0\u00bb.\u00a0<\/strong><\/span><\/h2>\n<\/div>\n<div class=\"cxmmr5t8 oygrvhab hcukyx3x c1et5uql o9v6fnle ii04i59q\">\n<div dir=\"auto\">R\u00e9unions avec les quartiers d\u00e9j\u00e0 r\u00e9unis (restitution) : Salle du Conseil Municipal \u00e0 la Mairie :<\/div>\n<div dir=\"auto\">\u2022 Mardi 1er mars, 20h &#8211; Circulation Dandirand + Pomb\u00e9gouttes, Epinettes<\/div>\n<div dir=\"auto\">\u2022 Lundi 07 mars, 20h &#8211; Restitution Olichamp, Epinettes<\/div>\n<div dir=\"auto\">\u2022 Lundi 04 avril la r\u00e9union de restitution circulation de l&rsquo;avenue de la gare, rue de la brasserie et rue du champ de la cave.<\/div>\n<\/div>\n<div class=\"cxmmr5t8 oygrvhab hcukyx3x c1et5uql o9v6fnle ii04i59q\">\n<div dir=\"auto\"><\/div>\n<div dir=\"auto\">R\u00e9unions avec les quartiers sur le terrain les samedis \u00e0 9h30 :<\/div>\n<div dir=\"auto\">\u2022 12 mars :<\/div>\n<div dir=\"auto\"><\/div>\n<div dir=\"auto\">\u00c0 la Poste (ou devant la boucherie de la Battelieule?) pour les quartiers de Larri\u00e8re, le D\u00e9vau, launot, la Battelieule<\/div>\n<div dir=\"auto\">\u2022 09 avril :<\/div>\n<div dir=\"auto\"><\/div>\n<div dir=\"auto\">\u00c0 la Chapelle du Hariol (Hariol Saint-Antoine, les Etangs, etc.<\/div>\n<div dir=\"auto\">\u2022 07 mai :<\/div>\n<div dir=\"auto\"><\/div>\n<div dir=\"auto\">\u00c0 La Chaume, chalet des chasseurs (de la Pal\u00e9c\u00f4te au carrefour de la Grande C\u00f4te, la Grande C\u00f4te, Route de la chaume, Route de Saint-Bresson)<\/div>\n<div dir=\"auto\">\u2022 04 juin :<\/div>\n<div dir=\"auto\"><\/div>\n<div dir=\"auto\">Au Foyer rural (La Croisette, La Sentinelle, La Grange Jacques, Le Moineau, Pr\u00e9 Bosson, Pcholmey, fond de Plombi\u00e8res)<\/div>\n<div dir=\"auto\">\u2022 02 juillet :<\/div>\n<div dir=\"auto\"><\/div>\n<div dir=\"auto\">\u00c0 l\u2019ancienne \u00e9cole de Courupt Faymont et Courupt<\/div>\n<div dir=\"auto\">\u2022 03 septembre :<\/div>\n<div dir=\"auto\"><\/div>\n<div dir=\"auto\">Devant chez Parisse (Rabeaux, Bouchatel, les Ch\u00eanes, la Croix, le chemin des Epinettes, la Banvoie)<\/div>\n<div dir=\"auto\">\u2022 24 septembre :<\/div>\n<div dir=\"auto\"><\/div>\n<div dir=\"auto\">\u00c0 l\u2019abris bus d&rsquo;Outremont (Leyval, Chelmin des Roches, les Mousses, Moyenmont, les Carri\u00e8res, Outremont et Hamanxard, les Angley)<\/div>\n<div dir=\"auto\">\u2022 15 octobre :<\/div>\n<div dir=\"auto\">Sur la Place de l&rsquo;h\u00f4tel de ville (Centre)<\/div>\n<\/div>\n<div class=\"cxmmr5t8 oygrvhab hcukyx3x c1et5uql o9v6fnle ii04i59q\">\n<div dir=\"auto\"><\/div>\n<div dir=\"auto\">En plus :<\/div>\n<div dir=\"auto\">Mardi 22 mars :<\/div>\n<div dir=\"auto\">20h30, salle des F\u00eates &#8211; Fodex, Soir\u00e9e d\u00e9bats, tout public, th\u00e8me \u00ab for\u00eat \u2013 bois et soci\u00e9t\u00e9 \u00bb avec l\u2019ONF et Fibois Grand-Est.<\/div>\n<\/div>\n<div dir=\"auto\"><\/div>\n<div dir=\"auto\"><span style=\"font-size: 10pt;\"><em>Source : Mairie\u00a0<\/em><\/span><\/div>\n","protected":false},"excerpt":{"rendered":"<p>Photo Google Maps\u00a0 La Commune de Le Val D\u2019Ajol convie les habitants \u00e0 des r\u00e9unions de quartiers. Lors de ces [&hellip;]<\/p>\n","protected":false},"author":407,"featured_media":51754,"comment_status":"open","ping_status":"open","sticky":false,"template":"","format":"standard","meta":{"footnotes":""},"categories":[26,121,82],"tags":[265,3420,123],"class_list":["post-51753","post","type-post","status-publish","format-standard","has-post-thumbnail","hentry","category-a-la-une","category-le-val-dajol-le-val-dajol-son-canton","category-le-val-dajol-son-canton","tag-mairie","tag-reunion-quartier","tag-val-dajol"],"acf":[],"yoast_head":"<!-- This site is optimized with the Yoast SEO plugin v22.5 - https:\/\/yoast.com\/wordpress\/plugins\/seo\/ -->\n<title>Le Val d\u2019Ajol : les habitants invit\u00e9s \u00e0 des r\u00e9unions de quartier - Remiremont Info<\/title>\n<meta name=\"robots\" content=\"index, follow, max-snippet:-1, max-image-preview:large, max-video-preview:-1\" \/>\n<link rel=\"canonical\" href=\"https:\/\/vosgesinfo.fr\/remiremontinfo\/2022\/02\/val-dajol-habitants-invites-a-reunions-de-quartier\/\" \/>\n<meta name=\"twitter:card\" content=\"summary_large_image\" \/>\n<meta name=\"twitter:title\" content=\"Le Val d\u2019Ajol : les habitants invit\u00e9s \u00e0 des r\u00e9unions de quartier - Remiremont Info\" \/>\n<meta name=\"twitter:description\" content=\"Photo Google Maps\u00a0 La Commune de Le Val D\u2019Ajol convie les habitants \u00e0 des r\u00e9unions de quartiers. Lors de ces [&hellip;]\" \/>\n<meta name=\"twitter:image\" content=\"https:\/\/vosgesinfo.fr\/app\/uploads\/sites\/5\/2024\/09\/202202capture-decran-2022-02-12-121337.png\" \/>\n<meta name=\"twitter:creator\" content=\"@VosgesInfo88\" \/>\n<meta name=\"twitter:site\" content=\"@VosgesInfo88\" \/>\n<meta name=\"twitter:label1\" content=\"\u00c9crit par\" \/>\n\t<meta name=\"twitter:data1\" content=\"C D\" \/>\n\t<meta name=\"twitter:label2\" content=\"Dur\u00e9e de lecture estim\u00e9e\" \/>\n\t<meta name=\"twitter:data2\" content=\"2 minutes\" \/>\n<script type=\"application\/ld+json\" class=\"yoast-schema-graph\">{\"@context\":\"https:\/\/schema.org\",\"@graph\":[{\"@type\":\"Article\",\"@id\":\"https:\/\/vosgesinfo.fr\/remiremontinfo\/2022\/02\/val-dajol-habitants-invites-a-reunions-de-quartier\/#article\",\"isPartOf\":{\"@id\":\"https:\/\/vosgesinfo.fr\/remiremontinfo\/2022\/02\/val-dajol-habitants-invites-a-reunions-de-quartier\/\"},\"author\":{\"name\":\"C D\",\"@id\":\"https:\/\/vosgesinfo.fr\/remiremontinfo\/#\/schema\/person\/3bfd164d5218a185b1db68655a265316\"},\"headline\":\"Le Val d\u2019Ajol : les habitants invit\u00e9s \u00e0 des r\u00e9unions de quartier\",\"datePublished\":\"2022-02-12T04:04:51+00:00\",\"dateModified\":\"2022-02-12T04:04:51+00:00\",\"mainEntityOfPage\":{\"@id\":\"https:\/\/vosgesinfo.fr\/remiremontinfo\/2022\/02\/val-dajol-habitants-invites-a-reunions-de-quartier\/\"},\"wordCount\":344,\"commentCount\":0,\"publisher\":{\"@id\":\"https:\/\/vosgesinfo.fr\/remiremontinfo\/#organization\"},\"image\":{\"@id\":\"https:\/\/vosgesinfo.fr\/remiremontinfo\/2022\/02\/val-dajol-habitants-invites-a-reunions-de-quartier\/#primaryimage\"},\"thumbnailUrl\":\"https:\/\/vosgesinfo.fr\/app\/uploads\/sites\/5\/2024\/09\/202202capture-decran-2022-02-12-121337.png\",\"keywords\":[\"mairie\",\"r\u00e9union quartier\",\"val d'ajol\"],\"articleSection\":[\"A la Une\",\"Le Val d'Ajol\",\"Le Val-d'Ajol &amp; son canton\"],\"inLanguage\":\"fr-FR\",\"potentialAction\":[{\"@type\":\"CommentAction\",\"name\":\"Comment\",\"target\":[\"https:\/\/vosgesinfo.fr\/remiremontinfo\/2022\/02\/val-dajol-habitants-invites-a-reunions-de-quartier\/#respond\"]}]},{\"@type\":\"WebPage\",\"@id\":\"https:\/\/vosgesinfo.fr\/remiremontinfo\/2022\/02\/val-dajol-habitants-invites-a-reunions-de-quartier\/\",\"url\":\"https:\/\/vosgesinfo.fr\/remiremontinfo\/2022\/02\/val-dajol-habitants-invites-a-reunions-de-quartier\/\",\"name\":\"Le Val d\u2019Ajol : les habitants invit\u00e9s \u00e0 des r\u00e9unions de quartier - Remiremont Info\",\"isPartOf\":{\"@id\":\"https:\/\/vosgesinfo.fr\/remiremontinfo\/#website\"},\"primaryImageOfPage\":{\"@id\":\"https:\/\/vosgesinfo.fr\/remiremontinfo\/2022\/02\/val-dajol-habitants-invites-a-reunions-de-quartier\/#primaryimage\"},\"image\":{\"@id\":\"https:\/\/vosgesinfo.fr\/remiremontinfo\/2022\/02\/val-dajol-habitants-invites-a-reunions-de-quartier\/#primaryimage\"},\"thumbnailUrl\":\"https:\/\/vosgesinfo.fr\/app\/uploads\/sites\/5\/2024\/09\/202202capture-decran-2022-02-12-121337.png\",\"datePublished\":\"2022-02-12T04:04:51+00:00\",\"dateModified\":\"2022-02-12T04:04:51+00:00\",\"breadcrumb\":{\"@id\":\"https:\/\/vosgesinfo.fr\/remiremontinfo\/2022\/02\/val-dajol-habitants-invites-a-reunions-de-quartier\/#breadcrumb\"},\"inLanguage\":\"fr-FR\",\"potentialAction\":[{\"@type\":\"ReadAction\",\"target\":[\"https:\/\/vosgesinfo.fr\/remiremontinfo\/2022\/02\/val-dajol-habitants-invites-a-reunions-de-quartier\/\"]}]},{\"@type\":\"ImageObject\",\"inLanguage\":\"fr-FR\",\"@id\":\"https:\/\/vosgesinfo.fr\/remiremontinfo\/2022\/02\/val-dajol-habitants-invites-a-reunions-de-quartier\/#primaryimage\",\"url\":\"https:\/\/vosgesinfo.fr\/app\/uploads\/sites\/5\/2024\/09\/202202capture-decran-2022-02-12-121337.png\",\"contentUrl\":\"https:\/\/vosgesinfo.fr\/app\/uploads\/sites\/5\/2024\/09\/202202capture-decran-2022-02-12-121337.png\",\"width\":768,\"height\":569},{\"@type\":\"BreadcrumbList\",\"@id\":\"https:\/\/vosgesinfo.fr\/remiremontinfo\/2022\/02\/val-dajol-habitants-invites-a-reunions-de-quartier\/#breadcrumb\",\"itemListElement\":[{\"@type\":\"ListItem\",\"position\":1,\"name\":\"Home\",\"item\":\"https:\/\/vosgesinfo.fr\/remiremontinfo\/\"},{\"@type\":\"ListItem\",\"position\":2,\"name\":\"Le Val d\u2019Ajol : les habitants invit\u00e9s \u00e0 des r\u00e9unions de quartier\"}]},{\"@type\":\"WebSite\",\"@id\":\"https:\/\/vosgesinfo.fr\/remiremontinfo\/#website\",\"url\":\"https:\/\/vosgesinfo.fr\/remiremontinfo\/\",\"name\":\"Remiremont Info\",\"description\":\"Toute l&#039;actualit\u00e9 de Remiremont\",\"publisher\":{\"@id\":\"https:\/\/vosgesinfo.fr\/remiremontinfo\/#organization\"},\"alternateName\":\"Toute l'actualit\u00e9 de Remiremont\",\"potentialAction\":[{\"@type\":\"SearchAction\",\"target\":{\"@type\":\"EntryPoint\",\"urlTemplate\":\"https:\/\/vosgesinfo.fr\/remiremontinfo\/?s={search_term_string}\"},\"query-input\":\"required name=search_term_string\"}],\"inLanguage\":\"fr-FR\"},{\"@type\":\"Organization\",\"@id\":\"https:\/\/vosgesinfo.fr\/remiremontinfo\/#organization\",\"name\":\"Remiremont Info\",\"url\":\"https:\/\/vosgesinfo.fr\/remiremontinfo\/\",\"logo\":{\"@type\":\"ImageObject\",\"inLanguage\":\"fr-FR\",\"@id\":\"https:\/\/vosgesinfo.fr\/remiremontinfo\/#\/schema\/logo\/image\/\",\"url\":\"https:\/\/vosgesinfo.fr\/app\/uploads\/sites\/5\/2023\/08\/favicon-remiremontinfo.png\",\"contentUrl\":\"https:\/\/vosgesinfo.fr\/app\/uploads\/sites\/5\/2023\/08\/favicon-remiremontinfo.png\",\"width\":512,\"height\":512,\"caption\":\"Remiremont Info\"},\"image\":{\"@id\":\"https:\/\/vosgesinfo.fr\/remiremontinfo\/#\/schema\/logo\/image\/\"},\"sameAs\":[\"https:\/\/www.facebook.com\/remiremontinfo\",\"https:\/\/x.com\/VosgesInfo88\",\"https:\/\/www.youtube.com\/@vosgesinfo\"]},{\"@type\":\"Person\",\"@id\":\"https:\/\/vosgesinfo.fr\/remiremontinfo\/#\/schema\/person\/3bfd164d5218a185b1db68655a265316\",\"name\":\"C D\",\"image\":{\"@type\":\"ImageObject\",\"inLanguage\":\"fr-FR\",\"@id\":\"https:\/\/vosgesinfo.fr\/remiremontinfo\/#\/schema\/person\/image\/\",\"url\":\"https:\/\/secure.gravatar.com\/avatar\/1f9a70007336511a47468b8f1c66f922b8b7cf617b02a31149ada43893a5d48f?s=96&d=mm&r=g\",\"contentUrl\":\"https:\/\/secure.gravatar.com\/avatar\/1f9a70007336511a47468b8f1c66f922b8b7cf617b02a31149ada43893a5d48f?s=96&d=mm&r=g\",\"caption\":\"C D\"},\"url\":\"https:\/\/vosgesinfo.fr\/remiremontinfo\/author\/cedric-drevet\/\"}]}<\/script>\n<!-- \/ Yoast SEO plugin. -->","yoast_head_json":{"title":"Le Val d\u2019Ajol : les habitants invit\u00e9s \u00e0 des r\u00e9unions de quartier - Remiremont Info","robots":{"index":"index","follow":"follow","max-snippet":"max-snippet:-1","max-image-preview":"max-image-preview:large","max-video-preview":"max-video-preview:-1"},"canonical":"https:\/\/vosgesinfo.fr\/remiremontinfo\/2022\/02\/val-dajol-habitants-invites-a-reunions-de-quartier\/","twitter_card":"summary_large_image","twitter_title":"Le Val d\u2019Ajol : les habitants invit\u00e9s \u00e0 des r\u00e9unions de quartier - Remiremont Info","twitter_description":"Photo Google Maps\u00a0 La Commune de Le Val D\u2019Ajol convie les habitants \u00e0 des r\u00e9unions de quartiers. Lors de ces [&hellip;]","twitter_image":"https:\/\/vosgesinfo.fr\/app\/uploads\/sites\/5\/2024\/09\/202202capture-decran-2022-02-12-121337.png","twitter_creator":"@VosgesInfo88","twitter_site":"@VosgesInfo88","twitter_misc":{"\u00c9crit par":"C D","Dur\u00e9e de lecture estim\u00e9e":"2 minutes"},"schema":{"@context":"https:\/\/schema.org","@graph":[{"@type":"Article","@id":"https:\/\/vosgesinfo.fr\/remiremontinfo\/2022\/02\/val-dajol-habitants-invites-a-reunions-de-quartier\/#article","isPartOf":{"@id":"https:\/\/vosgesinfo.fr\/remiremontinfo\/2022\/02\/val-dajol-habitants-invites-a-reunions-de-quartier\/"},"author":{"name":"C D","@id":"https:\/\/vosgesinfo.fr\/remiremontinfo\/#\/schema\/person\/3bfd164d5218a185b1db68655a265316"},"headline":"Le Val d\u2019Ajol : les habitants invit\u00e9s \u00e0 des r\u00e9unions de quartier","datePublished":"2022-02-12T04:04:51+00:00","dateModified":"2022-02-12T04:04:51+00:00","mainEntityOfPage":{"@id":"https:\/\/vosgesinfo.fr\/remiremontinfo\/2022\/02\/val-dajol-habitants-invites-a-reunions-de-quartier\/"},"wordCount":344,"commentCount":0,"publisher":{"@id":"https:\/\/vosgesinfo.fr\/remiremontinfo\/#organization"},"image":{"@id":"https:\/\/vosgesinfo.fr\/remiremontinfo\/2022\/02\/val-dajol-habitants-invites-a-reunions-de-quartier\/#primaryimage"},"thumbnailUrl":"https:\/\/vosgesinfo.fr\/app\/uploads\/sites\/5\/2024\/09\/202202capture-decran-2022-02-12-121337.png","keywords":["mairie","r\u00e9union quartier","val d'ajol"],"articleSection":["A la Une","Le Val d'Ajol","Le Val-d'Ajol &amp; son canton"],"inLanguage":"fr-FR","potentialAction":[{"@type":"CommentAction","name":"Comment","target":["https:\/\/vosgesinfo.fr\/remiremontinfo\/2022\/02\/val-dajol-habitants-invites-a-reunions-de-quartier\/#respond"]}]},{"@type":"WebPage","@id":"https:\/\/vosgesinfo.fr\/remiremontinfo\/2022\/02\/val-dajol-habitants-invites-a-reunions-de-quartier\/","url":"https:\/\/vosgesinfo.fr\/remiremontinfo\/2022\/02\/val-dajol-habitants-invites-a-reunions-de-quartier\/","name":"Le Val d\u2019Ajol : les habitants invit\u00e9s \u00e0 des r\u00e9unions de quartier - Remiremont Info","isPartOf":{"@id":"https:\/\/vosgesinfo.fr\/remiremontinfo\/#website"},"primaryImageOfPage":{"@id":"https:\/\/vosgesinfo.fr\/remiremontinfo\/2022\/02\/val-dajol-habitants-invites-a-reunions-de-quartier\/#primaryimage"},"image":{"@id":"https:\/\/vosgesinfo.fr\/remiremontinfo\/2022\/02\/val-dajol-habitants-invites-a-reunions-de-quartier\/#primaryimage"},"thumbnailUrl":"https:\/\/vosgesinfo.fr\/app\/uploads\/sites\/5\/2024\/09\/202202capture-decran-2022-02-12-121337.png","datePublished":"2022-02-12T04:04:51+00:00","dateModified":"2022-02-12T04:04:51+00:00","breadcrumb":{"@id":"https:\/\/vosgesinfo.fr\/remiremontinfo\/2022\/02\/val-dajol-habitants-invites-a-reunions-de-quartier\/#breadcrumb"},"inLanguage":"fr-FR","potentialAction":[{"@type":"ReadAction","target":["https:\/\/vosgesinfo.fr\/remiremontinfo\/2022\/02\/val-dajol-habitants-invites-a-reunions-de-quartier\/"]}]},{"@type":"ImageObject","inLanguage":"fr-FR","@id":"https:\/\/vosgesinfo.fr\/remiremontinfo\/2022\/02\/val-dajol-habitants-invites-a-reunions-de-quartier\/#primaryimage","url":"https:\/\/vosgesinfo.fr\/app\/uploads\/sites\/5\/2024\/09\/202202capture-decran-2022-02-12-121337.png","contentUrl":"https:\/\/vosgesinfo.fr\/app\/uploads\/sites\/5\/2024\/09\/202202capture-decran-2022-02-12-121337.png","width":768,"height":569},{"@type":"BreadcrumbList","@id":"https:\/\/vosgesinfo.fr\/remiremontinfo\/2022\/02\/val-dajol-habitants-invites-a-reunions-de-quartier\/#breadcrumb","itemListElement":[{"@type":"ListItem","position":1,"name":"Home","item":"https:\/\/vosgesinfo.fr\/remiremontinfo\/"},{"@type":"ListItem","position":2,"name":"Le Val d\u2019Ajol : les habitants invit\u00e9s \u00e0 des r\u00e9unions de quartier"}]},{"@type":"WebSite","@id":"https:\/\/vosgesinfo.fr\/remiremontinfo\/#website","url":"https:\/\/vosgesinfo.fr\/remiremontinfo\/","name":"Remiremont Info","description":"Toute l&#039;actualit\u00e9 de Remiremont","publisher":{"@id":"https:\/\/vosgesinfo.fr\/remiremontinfo\/#organization"},"alternateName":"Toute l'actualit\u00e9 de Remiremont","potentialAction":[{"@type":"SearchAction","target":{"@type":"EntryPoint","urlTemplate":"https:\/\/vosgesinfo.fr\/remiremontinfo\/?s={search_term_string}"},"query-input":"required name=search_term_string"}],"inLanguage":"fr-FR"},{"@type":"Organization","@id":"https:\/\/vosgesinfo.fr\/remiremontinfo\/#organization","name":"Remiremont Info","url":"https:\/\/vosgesinfo.fr\/remiremontinfo\/","logo":{"@type":"ImageObject","inLanguage":"fr-FR","@id":"https:\/\/vosgesinfo.fr\/remiremontinfo\/#\/schema\/logo\/image\/","url":"https:\/\/vosgesinfo.fr\/app\/uploads\/sites\/5\/2023\/08\/favicon-remiremontinfo.png","contentUrl":"https:\/\/vosgesinfo.fr\/app\/uploads\/sites\/5\/2023\/08\/favicon-remiremontinfo.png","width":512,"height":512,"caption":"Remiremont Info"},"image":{"@id":"https:\/\/vosgesinfo.fr\/remiremontinfo\/#\/schema\/logo\/image\/"},"sameAs":["https:\/\/www.facebook.com\/remiremontinfo","https:\/\/x.com\/VosgesInfo88","https:\/\/www.youtube.com\/@vosgesinfo"]},{"@type":"Person","@id":"https:\/\/vosgesinfo.fr\/remiremontinfo\/#\/schema\/person\/3bfd164d5218a185b1db68655a265316","name":"C D","image":{"@type":"ImageObject","inLanguage":"fr-FR","@id":"https:\/\/vosgesinfo.fr\/remiremontinfo\/#\/schema\/person\/image\/","url":"https:\/\/secure.gravatar.com\/avatar\/1f9a70007336511a47468b8f1c66f922b8b7cf617b02a31149ada43893a5d48f?s=96&d=mm&r=g","contentUrl":"https:\/\/secure.gravatar.com\/avatar\/1f9a70007336511a47468b8f1c66f922b8b7cf617b02a31149ada43893a5d48f?s=96&d=mm&r=g","caption":"C D"},"url":"https:\/\/vosgesinfo.fr\/remiremontinfo\/author\/cedric-drevet\/"}]}},"_links":{"self":[{"href":"https:\/\/vosgesinfo.fr\/remiremontinfo\/wp-json\/wp\/v2\/posts\/51753","targetHints":{"allow":["GET"]}}],"collection":[{"href":"https:\/\/vosgesinfo.fr\/remiremontinfo\/wp-json\/wp\/v2\/posts"}],"about":[{"href":"https:\/\/vosgesinfo.fr\/remiremontinfo\/wp-json\/wp\/v2\/types\/post"}],"author":[{"embeddable":true,"href":"https:\/\/vosgesinfo.fr\/remiremontinfo\/wp-json\/wp\/v2\/users\/407"}],"replies":[{"embeddable":true,"href":"https:\/\/vosgesinfo.fr\/remiremontinfo\/wp-json\/wp\/v2\/comments?post=51753"}],"version-history":[{"count":0,"href":"https:\/\/vosgesinfo.fr\/remiremontinfo\/wp-json\/wp\/v2\/posts\/51753\/revisions"}],"wp:featuredmedia":[{"embeddable":true,"href":"https:\/\/vosgesinfo.fr\/remiremontinfo\/wp-json\/wp\/v2\/media\/51754"}],"wp:attachment":[{"href":"https:\/\/vosgesinfo.fr\/remiremontinfo\/wp-json\/wp\/v2\/media?parent=51753"}],"wp:term":[{"taxonomy":"category","embeddable":true,"href":"https:\/\/vosgesinfo.fr\/remiremontinfo\/wp-json\/wp\/v2\/categories?post=51753"},{"taxonomy":"post_tag","embeddable":true,"href":"https:\/\/vosgesinfo.fr\/remiremontinfo\/wp-json\/wp\/v2\/tags?post=51753"}],"curies":[{"name":"wp","href":"https:\/\/api.w.org\/{rel}","templated":true}]}}