{"id":51835,"date":"2022-02-17T12:02:14","date_gmt":"2022-02-17T11:02:14","guid":{"rendered":"https:\/\/vosgesinfo.fr\/remiremontinfo\/2022\/02\/remiremont-scoutisme-fete-2-3-juillet-prochain\/"},"modified":"2022-02-17T12:02:14","modified_gmt":"2022-02-17T11:02:14","slug":"remiremont-scoutisme-fete-2-3-juillet-prochain","status":"publish","type":"post","link":"https:\/\/vosgesinfo.fr\/remiremontinfo\/2022\/02\/remiremont-scoutisme-fete-2-3-juillet-prochain\/","title":{"rendered":"Remiremont &#8211; Le scoutisme en f\u00eate les 2 et 3 Juillet prochain"},"content":{"rendered":"<p><a href=\"\/2022\/02\/100-ans-scoutisme.jpg\"><img decoding=\"async\" class=\"aligncenter size-medium wp-image-337478\" src=\"\/2022\/02\/100-ans-scoutisme-315x255.jpg\" alt=\"100 ans scoutisme\" width=\"315\" height=\"255\" \/><\/a><\/p>\n<p><span style=\"text-decoration: underline;\"><strong>Communiqu\u00e9 de presse<\/strong><\/span><\/p>\n<p><strong>Le scoutisme en f\u00eate les 2 et 3 Juillet 2022<\/strong><\/p>\n<p><strong>Report\u00e9 pour cause de crise sanitaire, les festivit\u00e9s pr\u00e9vues pour le centenaire du scoutisme \u00e0 Remiremont se d\u00e9rouleront les 2 et 3 Juillet prochains.<\/strong><\/p>\n<p>Une brochure sera \u00e9dit\u00e9e reprenant 100 ans de scoutisme \u00e0 Remiremont<\/p>\n<p>Les Scouts et Guides de France (SGDF), les Eclaireuses Eclaireurs de France (EEDF) et les Scouts Unitaire de France (SUF), confirment la tenue des festivit\u00e9s qui se d\u00e9rouleront les 2 et 3 juillet prochains pour f\u00eater dans l\u2019all\u00e9gresse l\u2019anniversaire des 100 ans de scoutisme \u00e0 Remiremont. Les scouts d\u2019hier et d\u2019aujourd\u2019hui se sont donc mis \u00e0 l\u2019ouvrage pour organiser ces festivit\u00e9s dont voici un aper\u00e7u du programme\u00a0:<\/p>\n<p>Entre le mardi 21 Juin et le samedi 2 Juillet,\u00a0dans la Galerie des expositions du Centre Culturel Gilbert Zaug, exposition d\u00e9di\u00e9e au scoutisme avec des objets et documents historiques.<\/p>\n<p><strong>Samedi 2 juillet<\/strong>\u00a0: projections de films et diaporamas dans la salle des conf\u00e9rences du 2<sup>\u00e8me<\/sup> \u00e9tage au Centre Culturel Gilbert Zaug entre 14h et 18h. La troupe scoute actuelle organisera un apr\u00e8s-midi activit\u00e9s\/jeux au Centre \u00e9questre de la Sentinelle au Val d\u2019Ajol permettant notamment aux jeunes qui ne connaissent pas le scoutisme de le d\u00e9couvrir. Dans la soir\u00e9e sont programm\u00e9s un barbecue puis un feu de camp avec animations, chansons et instruments de musique.<\/p>\n<p><strong>Dimanche 3 juillet<\/strong>\u00a0: 9h30 d\u00e9p\u00f4t de gerbe au Monument aux Morts de Remiremont \u00e0\u00a0la m\u00e9moire des scouts des guides des \u00e9claireurs et \u00e9claireuses disparus, puis messe \u00e0 l\u2019abbatiale \u00e0 10h30, suivie d\u2019un ap\u00e9ritif dans le Grand salon de l\u2019H\u00f4tel de Ville avec la participation des autorit\u00e9s civiles et religieuses. Les participants se retrouveront ensuite au lyc\u00e9e Jeanne d\u2019Arc pour partager dans une ambiance festive un grand repas convivial. Une association loi 1901 \u00ab\u00a0100 ans de scoutisme \u00e0 Remiremont\u00a0\u00bb sera tr\u00e8s prochainement cr\u00e9\u00e9e. Une brochure de belle facture sera sp\u00e9cialement \u00e9dit\u00e9e, au terme des festivit\u00e9s, reprenant la vie du scoutisme \u00e0 Remiremont depuis l\u2019ann\u00e9e 1921, date de la cr\u00e9ation, jusqu\u2019\u00e0 nos jours. Un blog sera prochainement ouvert permettant aux anciens et jeunes scouts de t\u00e9moigner. Nous aurons l\u2019occasion de revenir sur le d\u00e9roulement de cet anniversaire du centenaire du scoutisme \u00e0 Remiremont dans l\u2019une de nos prochaines \u00e9ditions.<\/p>\n<p>Contact\u00a0par mail : 100ans.scouts.remiremont.2022@gmail.com<\/p>\n<p>&nbsp;<\/p>\n","protected":false},"excerpt":{"rendered":"<p>Communiqu\u00e9 de presse Le scoutisme en f\u00eate les 2 et 3 Juillet 2022 Report\u00e9 pour cause de crise sanitaire, les [&hellip;]<\/p>\n","protected":false},"author":408,"featured_media":51836,"comment_status":"open","ping_status":"open","sticky":false,"template":"","format":"standard","meta":{"footnotes":""},"categories":[26,1556,35,17],"tags":[3367,44,3446],"class_list":["post-51835","post","type-post","status-publish","format-standard","has-post-thumbnail","hentry","category-a-la-une","category-remiremont-remiremont-son-canton-2","category-remiremont-son-canton","category-vie-associative","tag-100-ans","tag-remiremont","tag-scouts"],"acf":[],"yoast_head":"<!-- This site is optimized with the Yoast SEO plugin v22.5 - https:\/\/yoast.com\/wordpress\/plugins\/seo\/ -->\n<title>Remiremont - Le scoutisme en f\u00eate les 2 et 3 Juillet prochain - Remiremont Info<\/title>\n<meta name=\"robots\" content=\"index, follow, max-snippet:-1, max-image-preview:large, max-video-preview:-1\" \/>\n<link rel=\"canonical\" href=\"https:\/\/vosgesinfo.fr\/remiremontinfo\/2022\/02\/remiremont-scoutisme-fete-2-3-juillet-prochain\/\" \/>\n<meta name=\"twitter:card\" content=\"summary_large_image\" \/>\n<meta name=\"twitter:title\" content=\"Remiremont - Le scoutisme en f\u00eate les 2 et 3 Juillet prochain - Remiremont Info\" \/>\n<meta name=\"twitter:description\" content=\"Communiqu\u00e9 de presse Le scoutisme en f\u00eate les 2 et 3 Juillet 2022 Report\u00e9 pour cause de crise sanitaire, les [&hellip;]\" \/>\n<meta name=\"twitter:image\" content=\"https:\/\/vosgesinfo.fr\/app\/uploads\/sites\/5\/2024\/09\/202202jcb-n\u00b01.jpg\" \/>\n<meta name=\"twitter:creator\" content=\"@VosgesInfo88\" \/>\n<meta name=\"twitter:site\" content=\"@VosgesInfo88\" \/>\n<meta name=\"twitter:label1\" content=\"\u00c9crit par\" \/>\n\t<meta name=\"twitter:data1\" content=\"C C\" \/>\n\t<meta name=\"twitter:label2\" content=\"Dur\u00e9e de lecture estim\u00e9e\" \/>\n\t<meta name=\"twitter:data2\" content=\"2 minutes\" \/>\n<script type=\"application\/ld+json\" class=\"yoast-schema-graph\">{\"@context\":\"https:\/\/schema.org\",\"@graph\":[{\"@type\":\"Article\",\"@id\":\"https:\/\/vosgesinfo.fr\/remiremontinfo\/2022\/02\/remiremont-scoutisme-fete-2-3-juillet-prochain\/#article\",\"isPartOf\":{\"@id\":\"https:\/\/vosgesinfo.fr\/remiremontinfo\/2022\/02\/remiremont-scoutisme-fete-2-3-juillet-prochain\/\"},\"author\":{\"name\":\"C C\",\"@id\":\"https:\/\/vosgesinfo.fr\/remiremontinfo\/#\/schema\/person\/276c790faeebf411fa5a92728db1e3bf\"},\"headline\":\"Remiremont &#8211; Le scoutisme en f\u00eate les 2 et 3 Juillet prochain\",\"datePublished\":\"2022-02-17T11:02:14+00:00\",\"dateModified\":\"2022-02-17T11:02:14+00:00\",\"mainEntityOfPage\":{\"@id\":\"https:\/\/vosgesinfo.fr\/remiremontinfo\/2022\/02\/remiremont-scoutisme-fete-2-3-juillet-prochain\/\"},\"wordCount\":411,\"commentCount\":0,\"publisher\":{\"@id\":\"https:\/\/vosgesinfo.fr\/remiremontinfo\/#organization\"},\"image\":{\"@id\":\"https:\/\/vosgesinfo.fr\/remiremontinfo\/2022\/02\/remiremont-scoutisme-fete-2-3-juillet-prochain\/#primaryimage\"},\"thumbnailUrl\":\"https:\/\/vosgesinfo.fr\/app\/uploads\/sites\/5\/2024\/09\/202202jcb-n\u00b01.jpg\",\"keywords\":[\"100 ans\",\"remiremont\",\"scouts\"],\"articleSection\":[\"A la Une\",\"Remiremont\",\"Remiremont &amp; son canton\",\"Vie associative\"],\"inLanguage\":\"fr-FR\",\"potentialAction\":[{\"@type\":\"CommentAction\",\"name\":\"Comment\",\"target\":[\"https:\/\/vosgesinfo.fr\/remiremontinfo\/2022\/02\/remiremont-scoutisme-fete-2-3-juillet-prochain\/#respond\"]}]},{\"@type\":\"WebPage\",\"@id\":\"https:\/\/vosgesinfo.fr\/remiremontinfo\/2022\/02\/remiremont-scoutisme-fete-2-3-juillet-prochain\/\",\"url\":\"https:\/\/vosgesinfo.fr\/remiremontinfo\/2022\/02\/remiremont-scoutisme-fete-2-3-juillet-prochain\/\",\"name\":\"Remiremont - Le scoutisme en f\u00eate les 2 et 3 Juillet prochain - Remiremont Info\",\"isPartOf\":{\"@id\":\"https:\/\/vosgesinfo.fr\/remiremontinfo\/#website\"},\"primaryImageOfPage\":{\"@id\":\"https:\/\/vosgesinfo.fr\/remiremontinfo\/2022\/02\/remiremont-scoutisme-fete-2-3-juillet-prochain\/#primaryimage\"},\"image\":{\"@id\":\"https:\/\/vosgesinfo.fr\/remiremontinfo\/2022\/02\/remiremont-scoutisme-fete-2-3-juillet-prochain\/#primaryimage\"},\"thumbnailUrl\":\"https:\/\/vosgesinfo.fr\/app\/uploads\/sites\/5\/2024\/09\/202202jcb-n\u00b01.jpg\",\"datePublished\":\"2022-02-17T11:02:14+00:00\",\"dateModified\":\"2022-02-17T11:02:14+00:00\",\"breadcrumb\":{\"@id\":\"https:\/\/vosgesinfo.fr\/remiremontinfo\/2022\/02\/remiremont-scoutisme-fete-2-3-juillet-prochain\/#breadcrumb\"},\"inLanguage\":\"fr-FR\",\"potentialAction\":[{\"@type\":\"ReadAction\",\"target\":[\"https:\/\/vosgesinfo.fr\/remiremontinfo\/2022\/02\/remiremont-scoutisme-fete-2-3-juillet-prochain\/\"]}]},{\"@type\":\"ImageObject\",\"inLanguage\":\"fr-FR\",\"@id\":\"https:\/\/vosgesinfo.fr\/remiremontinfo\/2022\/02\/remiremont-scoutisme-fete-2-3-juillet-prochain\/#primaryimage\",\"url\":\"https:\/\/vosgesinfo.fr\/app\/uploads\/sites\/5\/2024\/09\/202202jcb-n\u00b01.jpg\",\"contentUrl\":\"https:\/\/vosgesinfo.fr\/app\/uploads\/sites\/5\/2024\/09\/202202jcb-n\u00b01.jpg\",\"width\":2200,\"height\":1329},{\"@type\":\"BreadcrumbList\",\"@id\":\"https:\/\/vosgesinfo.fr\/remiremontinfo\/2022\/02\/remiremont-scoutisme-fete-2-3-juillet-prochain\/#breadcrumb\",\"itemListElement\":[{\"@type\":\"ListItem\",\"position\":1,\"name\":\"Home\",\"item\":\"https:\/\/vosgesinfo.fr\/remiremontinfo\/\"},{\"@type\":\"ListItem\",\"position\":2,\"name\":\"Remiremont &#8211; Le scoutisme en f\u00eate les 2 et 3 Juillet prochain\"}]},{\"@type\":\"WebSite\",\"@id\":\"https:\/\/vosgesinfo.fr\/remiremontinfo\/#website\",\"url\":\"https:\/\/vosgesinfo.fr\/remiremontinfo\/\",\"name\":\"Remiremont Info\",\"description\":\"Toute l&#039;actualit\u00e9 de Remiremont\",\"publisher\":{\"@id\":\"https:\/\/vosgesinfo.fr\/remiremontinfo\/#organization\"},\"alternateName\":\"Toute l'actualit\u00e9 de Remiremont\",\"potentialAction\":[{\"@type\":\"SearchAction\",\"target\":{\"@type\":\"EntryPoint\",\"urlTemplate\":\"https:\/\/vosgesinfo.fr\/remiremontinfo\/?s={search_term_string}\"},\"query-input\":\"required name=search_term_string\"}],\"inLanguage\":\"fr-FR\"},{\"@type\":\"Organization\",\"@id\":\"https:\/\/vosgesinfo.fr\/remiremontinfo\/#organization\",\"name\":\"Remiremont Info\",\"url\":\"https:\/\/vosgesinfo.fr\/remiremontinfo\/\",\"logo\":{\"@type\":\"ImageObject\",\"inLanguage\":\"fr-FR\",\"@id\":\"https:\/\/vosgesinfo.fr\/remiremontinfo\/#\/schema\/logo\/image\/\",\"url\":\"https:\/\/vosgesinfo.fr\/app\/uploads\/sites\/5\/2023\/08\/favicon-remiremontinfo.png\",\"contentUrl\":\"https:\/\/vosgesinfo.fr\/app\/uploads\/sites\/5\/2023\/08\/favicon-remiremontinfo.png\",\"width\":512,\"height\":512,\"caption\":\"Remiremont Info\"},\"image\":{\"@id\":\"https:\/\/vosgesinfo.fr\/remiremontinfo\/#\/schema\/logo\/image\/\"},\"sameAs\":[\"https:\/\/www.facebook.com\/remiremontinfo\",\"https:\/\/x.com\/VosgesInfo88\",\"https:\/\/www.youtube.com\/@vosgesinfo\"]},{\"@type\":\"Person\",\"@id\":\"https:\/\/vosgesinfo.fr\/remiremontinfo\/#\/schema\/person\/276c790faeebf411fa5a92728db1e3bf\",\"name\":\"C C\",\"image\":{\"@type\":\"ImageObject\",\"inLanguage\":\"fr-FR\",\"@id\":\"https:\/\/vosgesinfo.fr\/remiremontinfo\/#\/schema\/person\/image\/\",\"url\":\"https:\/\/secure.gravatar.com\/avatar\/5d8cbcb33ef212815c403e7c9064550bb7745789474e538b1b1af3e5446b7c84?s=96&d=mm&r=g\",\"contentUrl\":\"https:\/\/secure.gravatar.com\/avatar\/5d8cbcb33ef212815c403e7c9064550bb7745789474e538b1b1af3e5446b7c84?s=96&d=mm&r=g\",\"caption\":\"C C\"},\"url\":\"https:\/\/vosgesinfo.fr\/remiremontinfo\/author\/cathyelisecolin\/\"}]}<\/script>\n<!-- \/ Yoast SEO plugin. -->","yoast_head_json":{"title":"Remiremont - Le scoutisme en f\u00eate les 2 et 3 Juillet prochain - Remiremont Info","robots":{"index":"index","follow":"follow","max-snippet":"max-snippet:-1","max-image-preview":"max-image-preview:large","max-video-preview":"max-video-preview:-1"},"canonical":"https:\/\/vosgesinfo.fr\/remiremontinfo\/2022\/02\/remiremont-scoutisme-fete-2-3-juillet-prochain\/","twitter_card":"summary_large_image","twitter_title":"Remiremont - Le scoutisme en f\u00eate les 2 et 3 Juillet prochain - Remiremont Info","twitter_description":"Communiqu\u00e9 de presse Le scoutisme en f\u00eate les 2 et 3 Juillet 2022 Report\u00e9 pour cause de crise sanitaire, les [&hellip;]","twitter_image":"https:\/\/vosgesinfo.fr\/app\/uploads\/sites\/5\/2024\/09\/202202jcb-n\u00b01.jpg","twitter_creator":"@VosgesInfo88","twitter_site":"@VosgesInfo88","twitter_misc":{"\u00c9crit par":"C C","Dur\u00e9e de lecture estim\u00e9e":"2 minutes"},"schema":{"@context":"https:\/\/schema.org","@graph":[{"@type":"Article","@id":"https:\/\/vosgesinfo.fr\/remiremontinfo\/2022\/02\/remiremont-scoutisme-fete-2-3-juillet-prochain\/#article","isPartOf":{"@id":"https:\/\/vosgesinfo.fr\/remiremontinfo\/2022\/02\/remiremont-scoutisme-fete-2-3-juillet-prochain\/"},"author":{"name":"C C","@id":"https:\/\/vosgesinfo.fr\/remiremontinfo\/#\/schema\/person\/276c790faeebf411fa5a92728db1e3bf"},"headline":"Remiremont &#8211; Le scoutisme en f\u00eate les 2 et 3 Juillet prochain","datePublished":"2022-02-17T11:02:14+00:00","dateModified":"2022-02-17T11:02:14+00:00","mainEntityOfPage":{"@id":"https:\/\/vosgesinfo.fr\/remiremontinfo\/2022\/02\/remiremont-scoutisme-fete-2-3-juillet-prochain\/"},"wordCount":411,"commentCount":0,"publisher":{"@id":"https:\/\/vosgesinfo.fr\/remiremontinfo\/#organization"},"image":{"@id":"https:\/\/vosgesinfo.fr\/remiremontinfo\/2022\/02\/remiremont-scoutisme-fete-2-3-juillet-prochain\/#primaryimage"},"thumbnailUrl":"https:\/\/vosgesinfo.fr\/app\/uploads\/sites\/5\/2024\/09\/202202jcb-n\u00b01.jpg","keywords":["100 ans","remiremont","scouts"],"articleSection":["A la Une","Remiremont","Remiremont &amp; son canton","Vie associative"],"inLanguage":"fr-FR","potentialAction":[{"@type":"CommentAction","name":"Comment","target":["https:\/\/vosgesinfo.fr\/remiremontinfo\/2022\/02\/remiremont-scoutisme-fete-2-3-juillet-prochain\/#respond"]}]},{"@type":"WebPage","@id":"https:\/\/vosgesinfo.fr\/remiremontinfo\/2022\/02\/remiremont-scoutisme-fete-2-3-juillet-prochain\/","url":"https:\/\/vosgesinfo.fr\/remiremontinfo\/2022\/02\/remiremont-scoutisme-fete-2-3-juillet-prochain\/","name":"Remiremont - Le scoutisme en f\u00eate les 2 et 3 Juillet prochain - Remiremont Info","isPartOf":{"@id":"https:\/\/vosgesinfo.fr\/remiremontinfo\/#website"},"primaryImageOfPage":{"@id":"https:\/\/vosgesinfo.fr\/remiremontinfo\/2022\/02\/remiremont-scoutisme-fete-2-3-juillet-prochain\/#primaryimage"},"image":{"@id":"https:\/\/vosgesinfo.fr\/remiremontinfo\/2022\/02\/remiremont-scoutisme-fete-2-3-juillet-prochain\/#primaryimage"},"thumbnailUrl":"https:\/\/vosgesinfo.fr\/app\/uploads\/sites\/5\/2024\/09\/202202jcb-n\u00b01.jpg","datePublished":"2022-02-17T11:02:14+00:00","dateModified":"2022-02-17T11:02:14+00:00","breadcrumb":{"@id":"https:\/\/vosgesinfo.fr\/remiremontinfo\/2022\/02\/remiremont-scoutisme-fete-2-3-juillet-prochain\/#breadcrumb"},"inLanguage":"fr-FR","potentialAction":[{"@type":"ReadAction","target":["https:\/\/vosgesinfo.fr\/remiremontinfo\/2022\/02\/remiremont-scoutisme-fete-2-3-juillet-prochain\/"]}]},{"@type":"ImageObject","inLanguage":"fr-FR","@id":"https:\/\/vosgesinfo.fr\/remiremontinfo\/2022\/02\/remiremont-scoutisme-fete-2-3-juillet-prochain\/#primaryimage","url":"https:\/\/vosgesinfo.fr\/app\/uploads\/sites\/5\/2024\/09\/202202jcb-n\u00b01.jpg","contentUrl":"https:\/\/vosgesinfo.fr\/app\/uploads\/sites\/5\/2024\/09\/202202jcb-n\u00b01.jpg","width":2200,"height":1329},{"@type":"BreadcrumbList","@id":"https:\/\/vosgesinfo.fr\/remiremontinfo\/2022\/02\/remiremont-scoutisme-fete-2-3-juillet-prochain\/#breadcrumb","itemListElement":[{"@type":"ListItem","position":1,"name":"Home","item":"https:\/\/vosgesinfo.fr\/remiremontinfo\/"},{"@type":"ListItem","position":2,"name":"Remiremont &#8211; Le scoutisme en f\u00eate les 2 et 3 Juillet prochain"}]},{"@type":"WebSite","@id":"https:\/\/vosgesinfo.fr\/remiremontinfo\/#website","url":"https:\/\/vosgesinfo.fr\/remiremontinfo\/","name":"Remiremont Info","description":"Toute l&#039;actualit\u00e9 de Remiremont","publisher":{"@id":"https:\/\/vosgesinfo.fr\/remiremontinfo\/#organization"},"alternateName":"Toute l'actualit\u00e9 de Remiremont","potentialAction":[{"@type":"SearchAction","target":{"@type":"EntryPoint","urlTemplate":"https:\/\/vosgesinfo.fr\/remiremontinfo\/?s={search_term_string}"},"query-input":"required name=search_term_string"}],"inLanguage":"fr-FR"},{"@type":"Organization","@id":"https:\/\/vosgesinfo.fr\/remiremontinfo\/#organization","name":"Remiremont Info","url":"https:\/\/vosgesinfo.fr\/remiremontinfo\/","logo":{"@type":"ImageObject","inLanguage":"fr-FR","@id":"https:\/\/vosgesinfo.fr\/remiremontinfo\/#\/schema\/logo\/image\/","url":"https:\/\/vosgesinfo.fr\/app\/uploads\/sites\/5\/2023\/08\/favicon-remiremontinfo.png","contentUrl":"https:\/\/vosgesinfo.fr\/app\/uploads\/sites\/5\/2023\/08\/favicon-remiremontinfo.png","width":512,"height":512,"caption":"Remiremont Info"},"image":{"@id":"https:\/\/vosgesinfo.fr\/remiremontinfo\/#\/schema\/logo\/image\/"},"sameAs":["https:\/\/www.facebook.com\/remiremontinfo","https:\/\/x.com\/VosgesInfo88","https:\/\/www.youtube.com\/@vosgesinfo"]},{"@type":"Person","@id":"https:\/\/vosgesinfo.fr\/remiremontinfo\/#\/schema\/person\/276c790faeebf411fa5a92728db1e3bf","name":"C C","image":{"@type":"ImageObject","inLanguage":"fr-FR","@id":"https:\/\/vosgesinfo.fr\/remiremontinfo\/#\/schema\/person\/image\/","url":"https:\/\/secure.gravatar.com\/avatar\/5d8cbcb33ef212815c403e7c9064550bb7745789474e538b1b1af3e5446b7c84?s=96&d=mm&r=g","contentUrl":"https:\/\/secure.gravatar.com\/avatar\/5d8cbcb33ef212815c403e7c9064550bb7745789474e538b1b1af3e5446b7c84?s=96&d=mm&r=g","caption":"C C"},"url":"https:\/\/vosgesinfo.fr\/remiremontinfo\/author\/cathyelisecolin\/"}]}},"_links":{"self":[{"href":"https:\/\/vosgesinfo.fr\/remiremontinfo\/wp-json\/wp\/v2\/posts\/51835","targetHints":{"allow":["GET"]}}],"collection":[{"href":"https:\/\/vosgesinfo.fr\/remiremontinfo\/wp-json\/wp\/v2\/posts"}],"about":[{"href":"https:\/\/vosgesinfo.fr\/remiremontinfo\/wp-json\/wp\/v2\/types\/post"}],"author":[{"embeddable":true,"href":"https:\/\/vosgesinfo.fr\/remiremontinfo\/wp-json\/wp\/v2\/users\/408"}],"replies":[{"embeddable":true,"href":"https:\/\/vosgesinfo.fr\/remiremontinfo\/wp-json\/wp\/v2\/comments?post=51835"}],"version-history":[{"count":0,"href":"https:\/\/vosgesinfo.fr\/remiremontinfo\/wp-json\/wp\/v2\/posts\/51835\/revisions"}],"wp:featuredmedia":[{"embeddable":true,"href":"https:\/\/vosgesinfo.fr\/remiremontinfo\/wp-json\/wp\/v2\/media\/51836"}],"wp:attachment":[{"href":"https:\/\/vosgesinfo.fr\/remiremontinfo\/wp-json\/wp\/v2\/media?parent=51835"}],"wp:term":[{"taxonomy":"category","embeddable":true,"href":"https:\/\/vosgesinfo.fr\/remiremontinfo\/wp-json\/wp\/v2\/categories?post=51835"},{"taxonomy":"post_tag","embeddable":true,"href":"https:\/\/vosgesinfo.fr\/remiremontinfo\/wp-json\/wp\/v2\/tags?post=51835"}],"curies":[{"name":"wp","href":"https:\/\/api.w.org\/{rel}","templated":true}]}}