{"id":5184,"date":"2024-03-21T05:49:32","date_gmt":"2024-03-21T04:49:32","guid":{"rendered":"https:\/\/vosgesinfo.fr\/remiremontinfo\/?p=5184"},"modified":"2024-03-20T18:09:04","modified_gmt":"2024-03-20T17:09:04","slug":"remiremont-aux-couleurs-du-carnaval-venitien-et-de-litalie","status":"publish","type":"post","link":"https:\/\/vosgesinfo.fr\/remiremontinfo\/2024\/03\/remiremont-aux-couleurs-du-carnaval-venitien-et-de-litalie\/","title":{"rendered":"Remiremont aux couleurs du carnaval v\u00e9nitien et de l&rsquo;Italie"},"content":{"rendered":"<p class=\"western\"><a href=\"https:\/\/vosgesinfo.fr\/app\/uploads\/sites\/5\/2024\/03\/alan-vachieri-associera-carnaval-venitien-et-menu-italien.--scaled.jpg\"><img decoding=\"async\" class=\"alignright size-medium wp-image-5185\" src=\"https:\/\/vosgesinfo.fr\/app\/uploads\/sites\/5\/2024\/03\/alan-vachieri-associera-carnaval-venitien-et-menu-italien.--224x300.jpg\" alt=\"\" width=\"224\" height=\"300\" srcset=\"https:\/\/vosgesinfo.fr\/app\/uploads\/sites\/5\/2024\/03\/alan-vachieri-associera-carnaval-venitien-et-menu-italien.--224x300.jpg 224w, https:\/\/vosgesinfo.fr\/app\/uploads\/sites\/5\/2024\/03\/alan-vachieri-associera-carnaval-venitien-et-menu-italien.--764x1024.jpg 764w, https:\/\/vosgesinfo.fr\/app\/uploads\/sites\/5\/2024\/03\/alan-vachieri-associera-carnaval-venitien-et-menu-italien.--768x1029.jpg 768w, https:\/\/vosgesinfo.fr\/app\/uploads\/sites\/5\/2024\/03\/alan-vachieri-associera-carnaval-venitien-et-menu-italien.--1147x1536.jpg 1147w, https:\/\/vosgesinfo.fr\/app\/uploads\/sites\/5\/2024\/03\/alan-vachieri-associera-carnaval-venitien-et-menu-italien.--1529x2048.jpg 1529w, https:\/\/vosgesinfo.fr\/app\/uploads\/sites\/5\/2024\/03\/alan-vachieri-associera-carnaval-venitien-et-menu-italien.--scaled.jpg 1911w\" sizes=\"(max-width: 224px) 100vw, 224px\" \/><\/a><strong>Voil\u00e0 bient\u00f4t cinq ans qu\u2019Alan Vachieri a transform\u00e9 ce bar-brasserie \u00ab Le 12\u00e8me arrondissement \u00bb situ\u00e9 au rond-point des Travailleurs.<\/strong><\/p>\n<p class=\"western\">Un lieu enti\u00e8rement r\u00e9habilit\u00e9 \u00e0 \u00ab la parisienne \u00bb, un d\u00e9cor voulu par le jeune patron, natif du 12\u00e8me arrondissement de la capitale ayant ainsi marqu\u00e9 l&rsquo;\u00e9tablissement de l\u2019empreinte de son lieu de naissance. A\u00a0 l\u2019occasion des quatre journ\u00e9es du carnaval v\u00e9nitien et \u00e0 l&rsquo;image des commerces, caf\u00e9s et restaurants de la ville, c&rsquo;est l&rsquo;Italie qui s&rsquo;invite \u00e0 la table du 12\u00e8me avec une d\u00e9co et un repas italiens afin de s\u2019associer \u00e0 l\u2019\u00e9v\u00e9nement romarimontain. Les jeudi 21, vendredi 22, samedi 23 et dimanche 24 mars, sera donc propos\u00e9 du temps de midi sur fond de grands classiques : tomates mozzarella, escalope milanaise et tiramisu !<\/p>\n","protected":false},"excerpt":{"rendered":"<p>Voil\u00e0 bient\u00f4t cinq ans qu\u2019Alan Vachieri a transform\u00e9 ce bar-brasserie \u00ab Le 12\u00e8me arrondissement \u00bb situ\u00e9 au rond-point des Travailleurs. [&hellip;]<\/p>\n","protected":false},"author":392,"featured_media":5185,"comment_status":"open","ping_status":"open","sticky":false,"template":"","format":"standard","meta":{"footnotes":""},"categories":[26,43],"tags":[],"class_list":["post-5184","post","type-post","status-publish","format-standard","has-post-thumbnail","hentry","category-a-la-une","category-remiremont-remiremont-son-canton"],"acf":[],"yoast_head":"<!-- This site is optimized with the Yoast SEO plugin v22.5 - https:\/\/yoast.com\/wordpress\/plugins\/seo\/ -->\n<title>Remiremont aux couleurs du carnaval v\u00e9nitien et de l&#039;Italie - Remiremont Info<\/title>\n<meta name=\"robots\" content=\"index, follow, max-snippet:-1, max-image-preview:large, max-video-preview:-1\" \/>\n<link rel=\"canonical\" href=\"https:\/\/vosgesinfo.fr\/remiremontinfo\/2024\/03\/remiremont-aux-couleurs-du-carnaval-venitien-et-de-litalie\/\" \/>\n<meta name=\"twitter:card\" content=\"summary_large_image\" \/>\n<meta name=\"twitter:title\" content=\"Remiremont aux couleurs du carnaval v\u00e9nitien et de l&#039;Italie - Remiremont Info\" \/>\n<meta name=\"twitter:description\" content=\"Voil\u00e0 bient\u00f4t cinq ans qu\u2019Alan Vachieri a transform\u00e9 ce bar-brasserie \u00ab Le 12\u00e8me arrondissement \u00bb situ\u00e9 au rond-point des Travailleurs. [&hellip;]\" \/>\n<meta name=\"twitter:image\" content=\"https:\/\/vosgesinfo.fr\/app\/uploads\/sites\/5\/2024\/03\/alan-vachieri-associera-carnaval-venitien-et-menu-italien.--scaled.jpg\" \/>\n<meta name=\"twitter:creator\" content=\"@VosgesInfo88\" \/>\n<meta name=\"twitter:site\" content=\"@VosgesInfo88\" \/>\n<meta name=\"twitter:label1\" content=\"\u00c9crit par\" \/>\n\t<meta name=\"twitter:data1\" content=\"La redaction\" \/>\n\t<meta name=\"twitter:label2\" content=\"Dur\u00e9e de lecture estim\u00e9e\" \/>\n\t<meta name=\"twitter:data2\" content=\"1 minute\" \/>\n<script type=\"application\/ld+json\" class=\"yoast-schema-graph\">{\"@context\":\"https:\/\/schema.org\",\"@graph\":[{\"@type\":\"Article\",\"@id\":\"https:\/\/vosgesinfo.fr\/remiremontinfo\/2024\/03\/remiremont-aux-couleurs-du-carnaval-venitien-et-de-litalie\/#article\",\"isPartOf\":{\"@id\":\"https:\/\/vosgesinfo.fr\/remiremontinfo\/2024\/03\/remiremont-aux-couleurs-du-carnaval-venitien-et-de-litalie\/\"},\"author\":{\"name\":\"La redaction\",\"@id\":\"https:\/\/vosgesinfo.fr\/remiremontinfo\/#\/schema\/person\/80c6ea85ff4afefe81dceaf949954c76\"},\"headline\":\"Remiremont aux couleurs du carnaval v\u00e9nitien et de l&rsquo;Italie\",\"datePublished\":\"2024-03-21T04:49:32+00:00\",\"dateModified\":\"2024-03-20T17:09:04+00:00\",\"mainEntityOfPage\":{\"@id\":\"https:\/\/vosgesinfo.fr\/remiremontinfo\/2024\/03\/remiremont-aux-couleurs-du-carnaval-venitien-et-de-litalie\/\"},\"wordCount\":142,\"commentCount\":0,\"publisher\":{\"@id\":\"https:\/\/vosgesinfo.fr\/remiremontinfo\/#organization\"},\"image\":{\"@id\":\"https:\/\/vosgesinfo.fr\/remiremontinfo\/2024\/03\/remiremont-aux-couleurs-du-carnaval-venitien-et-de-litalie\/#primaryimage\"},\"thumbnailUrl\":\"https:\/\/vosgesinfo.fr\/app\/uploads\/sites\/5\/2024\/03\/alan-vachieri-associera-carnaval-venitien-et-menu-italien.--scaled.jpg\",\"articleSection\":[\"A la Une\",\"Remiremont\"],\"inLanguage\":\"fr-FR\",\"potentialAction\":[{\"@type\":\"CommentAction\",\"name\":\"Comment\",\"target\":[\"https:\/\/vosgesinfo.fr\/remiremontinfo\/2024\/03\/remiremont-aux-couleurs-du-carnaval-venitien-et-de-litalie\/#respond\"]}]},{\"@type\":\"WebPage\",\"@id\":\"https:\/\/vosgesinfo.fr\/remiremontinfo\/2024\/03\/remiremont-aux-couleurs-du-carnaval-venitien-et-de-litalie\/\",\"url\":\"https:\/\/vosgesinfo.fr\/remiremontinfo\/2024\/03\/remiremont-aux-couleurs-du-carnaval-venitien-et-de-litalie\/\",\"name\":\"Remiremont aux couleurs du carnaval v\u00e9nitien et de l'Italie - Remiremont Info\",\"isPartOf\":{\"@id\":\"https:\/\/vosgesinfo.fr\/remiremontinfo\/#website\"},\"primaryImageOfPage\":{\"@id\":\"https:\/\/vosgesinfo.fr\/remiremontinfo\/2024\/03\/remiremont-aux-couleurs-du-carnaval-venitien-et-de-litalie\/#primaryimage\"},\"image\":{\"@id\":\"https:\/\/vosgesinfo.fr\/remiremontinfo\/2024\/03\/remiremont-aux-couleurs-du-carnaval-venitien-et-de-litalie\/#primaryimage\"},\"thumbnailUrl\":\"https:\/\/vosgesinfo.fr\/app\/uploads\/sites\/5\/2024\/03\/alan-vachieri-associera-carnaval-venitien-et-menu-italien.--scaled.jpg\",\"datePublished\":\"2024-03-21T04:49:32+00:00\",\"dateModified\":\"2024-03-20T17:09:04+00:00\",\"breadcrumb\":{\"@id\":\"https:\/\/vosgesinfo.fr\/remiremontinfo\/2024\/03\/remiremont-aux-couleurs-du-carnaval-venitien-et-de-litalie\/#breadcrumb\"},\"inLanguage\":\"fr-FR\",\"potentialAction\":[{\"@type\":\"ReadAction\",\"target\":[\"https:\/\/vosgesinfo.fr\/remiremontinfo\/2024\/03\/remiremont-aux-couleurs-du-carnaval-venitien-et-de-litalie\/\"]}]},{\"@type\":\"ImageObject\",\"inLanguage\":\"fr-FR\",\"@id\":\"https:\/\/vosgesinfo.fr\/remiremontinfo\/2024\/03\/remiremont-aux-couleurs-du-carnaval-venitien-et-de-litalie\/#primaryimage\",\"url\":\"https:\/\/vosgesinfo.fr\/app\/uploads\/sites\/5\/2024\/03\/alan-vachieri-associera-carnaval-venitien-et-menu-italien.--scaled.jpg\",\"contentUrl\":\"https:\/\/vosgesinfo.fr\/app\/uploads\/sites\/5\/2024\/03\/alan-vachieri-associera-carnaval-venitien-et-menu-italien.--scaled.jpg\",\"width\":1911,\"height\":2560},{\"@type\":\"BreadcrumbList\",\"@id\":\"https:\/\/vosgesinfo.fr\/remiremontinfo\/2024\/03\/remiremont-aux-couleurs-du-carnaval-venitien-et-de-litalie\/#breadcrumb\",\"itemListElement\":[{\"@type\":\"ListItem\",\"position\":1,\"name\":\"Home\",\"item\":\"https:\/\/vosgesinfo.fr\/remiremontinfo\/\"},{\"@type\":\"ListItem\",\"position\":2,\"name\":\"Remiremont aux couleurs du carnaval v\u00e9nitien et de l&rsquo;Italie\"}]},{\"@type\":\"WebSite\",\"@id\":\"https:\/\/vosgesinfo.fr\/remiremontinfo\/#website\",\"url\":\"https:\/\/vosgesinfo.fr\/remiremontinfo\/\",\"name\":\"Remiremont Info\",\"description\":\"Toute l&#039;actualit\u00e9 de Remiremont\",\"publisher\":{\"@id\":\"https:\/\/vosgesinfo.fr\/remiremontinfo\/#organization\"},\"alternateName\":\"Toute l'actualit\u00e9 de Remiremont\",\"potentialAction\":[{\"@type\":\"SearchAction\",\"target\":{\"@type\":\"EntryPoint\",\"urlTemplate\":\"https:\/\/vosgesinfo.fr\/remiremontinfo\/?s={search_term_string}\"},\"query-input\":\"required name=search_term_string\"}],\"inLanguage\":\"fr-FR\"},{\"@type\":\"Organization\",\"@id\":\"https:\/\/vosgesinfo.fr\/remiremontinfo\/#organization\",\"name\":\"Remiremont Info\",\"url\":\"https:\/\/vosgesinfo.fr\/remiremontinfo\/\",\"logo\":{\"@type\":\"ImageObject\",\"inLanguage\":\"fr-FR\",\"@id\":\"https:\/\/vosgesinfo.fr\/remiremontinfo\/#\/schema\/logo\/image\/\",\"url\":\"https:\/\/vosgesinfo.fr\/app\/uploads\/sites\/5\/2023\/08\/favicon-remiremontinfo.png\",\"contentUrl\":\"https:\/\/vosgesinfo.fr\/app\/uploads\/sites\/5\/2023\/08\/favicon-remiremontinfo.png\",\"width\":512,\"height\":512,\"caption\":\"Remiremont Info\"},\"image\":{\"@id\":\"https:\/\/vosgesinfo.fr\/remiremontinfo\/#\/schema\/logo\/image\/\"},\"sameAs\":[\"https:\/\/www.facebook.com\/remiremontinfo\",\"https:\/\/x.com\/VosgesInfo88\",\"https:\/\/www.youtube.com\/@vosgesinfo\"]},{\"@type\":\"Person\",\"@id\":\"https:\/\/vosgesinfo.fr\/remiremontinfo\/#\/schema\/person\/80c6ea85ff4afefe81dceaf949954c76\",\"name\":\"La redaction\",\"image\":{\"@type\":\"ImageObject\",\"inLanguage\":\"fr-FR\",\"@id\":\"https:\/\/vosgesinfo.fr\/remiremontinfo\/#\/schema\/person\/image\/\",\"url\":\"https:\/\/secure.gravatar.com\/avatar\/fa684fed8c27e631d40f39d17520286009f89cf7526728ea4e58b5a8c426c16a?s=96&d=mm&r=g\",\"contentUrl\":\"https:\/\/secure.gravatar.com\/avatar\/fa684fed8c27e631d40f39d17520286009f89cf7526728ea4e58b5a8c426c16a?s=96&d=mm&r=g\",\"caption\":\"La redaction\"},\"url\":\"https:\/\/vosgesinfo.fr\/remiremontinfo\/author\/d-p\/\"}]}<\/script>\n<!-- \/ Yoast SEO plugin. -->","yoast_head_json":{"title":"Remiremont aux couleurs du carnaval v\u00e9nitien et de l'Italie - Remiremont Info","robots":{"index":"index","follow":"follow","max-snippet":"max-snippet:-1","max-image-preview":"max-image-preview:large","max-video-preview":"max-video-preview:-1"},"canonical":"https:\/\/vosgesinfo.fr\/remiremontinfo\/2024\/03\/remiremont-aux-couleurs-du-carnaval-venitien-et-de-litalie\/","twitter_card":"summary_large_image","twitter_title":"Remiremont aux couleurs du carnaval v\u00e9nitien et de l'Italie - Remiremont Info","twitter_description":"Voil\u00e0 bient\u00f4t cinq ans qu\u2019Alan Vachieri a transform\u00e9 ce bar-brasserie \u00ab Le 12\u00e8me arrondissement \u00bb situ\u00e9 au rond-point des Travailleurs. [&hellip;]","twitter_image":"https:\/\/vosgesinfo.fr\/app\/uploads\/sites\/5\/2024\/03\/alan-vachieri-associera-carnaval-venitien-et-menu-italien.--scaled.jpg","twitter_creator":"@VosgesInfo88","twitter_site":"@VosgesInfo88","twitter_misc":{"\u00c9crit par":"La redaction","Dur\u00e9e de lecture estim\u00e9e":"1 minute"},"schema":{"@context":"https:\/\/schema.org","@graph":[{"@type":"Article","@id":"https:\/\/vosgesinfo.fr\/remiremontinfo\/2024\/03\/remiremont-aux-couleurs-du-carnaval-venitien-et-de-litalie\/#article","isPartOf":{"@id":"https:\/\/vosgesinfo.fr\/remiremontinfo\/2024\/03\/remiremont-aux-couleurs-du-carnaval-venitien-et-de-litalie\/"},"author":{"name":"La redaction","@id":"https:\/\/vosgesinfo.fr\/remiremontinfo\/#\/schema\/person\/80c6ea85ff4afefe81dceaf949954c76"},"headline":"Remiremont aux couleurs du carnaval v\u00e9nitien et de l&rsquo;Italie","datePublished":"2024-03-21T04:49:32+00:00","dateModified":"2024-03-20T17:09:04+00:00","mainEntityOfPage":{"@id":"https:\/\/vosgesinfo.fr\/remiremontinfo\/2024\/03\/remiremont-aux-couleurs-du-carnaval-venitien-et-de-litalie\/"},"wordCount":142,"commentCount":0,"publisher":{"@id":"https:\/\/vosgesinfo.fr\/remiremontinfo\/#organization"},"image":{"@id":"https:\/\/vosgesinfo.fr\/remiremontinfo\/2024\/03\/remiremont-aux-couleurs-du-carnaval-venitien-et-de-litalie\/#primaryimage"},"thumbnailUrl":"https:\/\/vosgesinfo.fr\/app\/uploads\/sites\/5\/2024\/03\/alan-vachieri-associera-carnaval-venitien-et-menu-italien.--scaled.jpg","articleSection":["A la Une","Remiremont"],"inLanguage":"fr-FR","potentialAction":[{"@type":"CommentAction","name":"Comment","target":["https:\/\/vosgesinfo.fr\/remiremontinfo\/2024\/03\/remiremont-aux-couleurs-du-carnaval-venitien-et-de-litalie\/#respond"]}]},{"@type":"WebPage","@id":"https:\/\/vosgesinfo.fr\/remiremontinfo\/2024\/03\/remiremont-aux-couleurs-du-carnaval-venitien-et-de-litalie\/","url":"https:\/\/vosgesinfo.fr\/remiremontinfo\/2024\/03\/remiremont-aux-couleurs-du-carnaval-venitien-et-de-litalie\/","name":"Remiremont aux couleurs du carnaval v\u00e9nitien et de l'Italie - Remiremont Info","isPartOf":{"@id":"https:\/\/vosgesinfo.fr\/remiremontinfo\/#website"},"primaryImageOfPage":{"@id":"https:\/\/vosgesinfo.fr\/remiremontinfo\/2024\/03\/remiremont-aux-couleurs-du-carnaval-venitien-et-de-litalie\/#primaryimage"},"image":{"@id":"https:\/\/vosgesinfo.fr\/remiremontinfo\/2024\/03\/remiremont-aux-couleurs-du-carnaval-venitien-et-de-litalie\/#primaryimage"},"thumbnailUrl":"https:\/\/vosgesinfo.fr\/app\/uploads\/sites\/5\/2024\/03\/alan-vachieri-associera-carnaval-venitien-et-menu-italien.--scaled.jpg","datePublished":"2024-03-21T04:49:32+00:00","dateModified":"2024-03-20T17:09:04+00:00","breadcrumb":{"@id":"https:\/\/vosgesinfo.fr\/remiremontinfo\/2024\/03\/remiremont-aux-couleurs-du-carnaval-venitien-et-de-litalie\/#breadcrumb"},"inLanguage":"fr-FR","potentialAction":[{"@type":"ReadAction","target":["https:\/\/vosgesinfo.fr\/remiremontinfo\/2024\/03\/remiremont-aux-couleurs-du-carnaval-venitien-et-de-litalie\/"]}]},{"@type":"ImageObject","inLanguage":"fr-FR","@id":"https:\/\/vosgesinfo.fr\/remiremontinfo\/2024\/03\/remiremont-aux-couleurs-du-carnaval-venitien-et-de-litalie\/#primaryimage","url":"https:\/\/vosgesinfo.fr\/app\/uploads\/sites\/5\/2024\/03\/alan-vachieri-associera-carnaval-venitien-et-menu-italien.--scaled.jpg","contentUrl":"https:\/\/vosgesinfo.fr\/app\/uploads\/sites\/5\/2024\/03\/alan-vachieri-associera-carnaval-venitien-et-menu-italien.--scaled.jpg","width":1911,"height":2560},{"@type":"BreadcrumbList","@id":"https:\/\/vosgesinfo.fr\/remiremontinfo\/2024\/03\/remiremont-aux-couleurs-du-carnaval-venitien-et-de-litalie\/#breadcrumb","itemListElement":[{"@type":"ListItem","position":1,"name":"Home","item":"https:\/\/vosgesinfo.fr\/remiremontinfo\/"},{"@type":"ListItem","position":2,"name":"Remiremont aux couleurs du carnaval v\u00e9nitien et de l&rsquo;Italie"}]},{"@type":"WebSite","@id":"https:\/\/vosgesinfo.fr\/remiremontinfo\/#website","url":"https:\/\/vosgesinfo.fr\/remiremontinfo\/","name":"Remiremont Info","description":"Toute l&#039;actualit\u00e9 de Remiremont","publisher":{"@id":"https:\/\/vosgesinfo.fr\/remiremontinfo\/#organization"},"alternateName":"Toute l'actualit\u00e9 de Remiremont","potentialAction":[{"@type":"SearchAction","target":{"@type":"EntryPoint","urlTemplate":"https:\/\/vosgesinfo.fr\/remiremontinfo\/?s={search_term_string}"},"query-input":"required name=search_term_string"}],"inLanguage":"fr-FR"},{"@type":"Organization","@id":"https:\/\/vosgesinfo.fr\/remiremontinfo\/#organization","name":"Remiremont Info","url":"https:\/\/vosgesinfo.fr\/remiremontinfo\/","logo":{"@type":"ImageObject","inLanguage":"fr-FR","@id":"https:\/\/vosgesinfo.fr\/remiremontinfo\/#\/schema\/logo\/image\/","url":"https:\/\/vosgesinfo.fr\/app\/uploads\/sites\/5\/2023\/08\/favicon-remiremontinfo.png","contentUrl":"https:\/\/vosgesinfo.fr\/app\/uploads\/sites\/5\/2023\/08\/favicon-remiremontinfo.png","width":512,"height":512,"caption":"Remiremont Info"},"image":{"@id":"https:\/\/vosgesinfo.fr\/remiremontinfo\/#\/schema\/logo\/image\/"},"sameAs":["https:\/\/www.facebook.com\/remiremontinfo","https:\/\/x.com\/VosgesInfo88","https:\/\/www.youtube.com\/@vosgesinfo"]},{"@type":"Person","@id":"https:\/\/vosgesinfo.fr\/remiremontinfo\/#\/schema\/person\/80c6ea85ff4afefe81dceaf949954c76","name":"La redaction","image":{"@type":"ImageObject","inLanguage":"fr-FR","@id":"https:\/\/vosgesinfo.fr\/remiremontinfo\/#\/schema\/person\/image\/","url":"https:\/\/secure.gravatar.com\/avatar\/fa684fed8c27e631d40f39d17520286009f89cf7526728ea4e58b5a8c426c16a?s=96&d=mm&r=g","contentUrl":"https:\/\/secure.gravatar.com\/avatar\/fa684fed8c27e631d40f39d17520286009f89cf7526728ea4e58b5a8c426c16a?s=96&d=mm&r=g","caption":"La redaction"},"url":"https:\/\/vosgesinfo.fr\/remiremontinfo\/author\/d-p\/"}]}},"_links":{"self":[{"href":"https:\/\/vosgesinfo.fr\/remiremontinfo\/wp-json\/wp\/v2\/posts\/5184","targetHints":{"allow":["GET"]}}],"collection":[{"href":"https:\/\/vosgesinfo.fr\/remiremontinfo\/wp-json\/wp\/v2\/posts"}],"about":[{"href":"https:\/\/vosgesinfo.fr\/remiremontinfo\/wp-json\/wp\/v2\/types\/post"}],"author":[{"embeddable":true,"href":"https:\/\/vosgesinfo.fr\/remiremontinfo\/wp-json\/wp\/v2\/users\/392"}],"replies":[{"embeddable":true,"href":"https:\/\/vosgesinfo.fr\/remiremontinfo\/wp-json\/wp\/v2\/comments?post=5184"}],"version-history":[{"count":4,"href":"https:\/\/vosgesinfo.fr\/remiremontinfo\/wp-json\/wp\/v2\/posts\/5184\/revisions"}],"predecessor-version":[{"id":5202,"href":"https:\/\/vosgesinfo.fr\/remiremontinfo\/wp-json\/wp\/v2\/posts\/5184\/revisions\/5202"}],"wp:featuredmedia":[{"embeddable":true,"href":"https:\/\/vosgesinfo.fr\/remiremontinfo\/wp-json\/wp\/v2\/media\/5185"}],"wp:attachment":[{"href":"https:\/\/vosgesinfo.fr\/remiremontinfo\/wp-json\/wp\/v2\/media?parent=5184"}],"wp:term":[{"taxonomy":"category","embeddable":true,"href":"https:\/\/vosgesinfo.fr\/remiremontinfo\/wp-json\/wp\/v2\/categories?post=5184"},{"taxonomy":"post_tag","embeddable":true,"href":"https:\/\/vosgesinfo.fr\/remiremontinfo\/wp-json\/wp\/v2\/tags?post=5184"}],"curies":[{"name":"wp","href":"https:\/\/api.w.org\/{rel}","templated":true}]}}